{"id":9129,"date":"2020-01-16T09:40:28","date_gmt":"2020-01-16T08:40:28","guid":{"rendered":"https:\/\/www.naturparkmagazin.de\/stechlin\/?p=9129"},"modified":"2020-01-24T09:02:18","modified_gmt":"2020-01-24T08:02:18","slug":"vivian-boellersen","status":"publish","type":"post","link":"https:\/\/www.naturparkmagazin.de\/stechlin\/vivian-boellersen\/","title":{"rendered":"Vivian B\u00f6llersen"},"content":{"rendered":"<div id=\"attachment_9220\" style=\"width: 310px\" class=\"wp-caption aligncenter\"><a href=\"https:\/\/www.naturparkmagazin.de\/stechlin\/wp-content\/uploads\/sites\/38\/Walnussmeisterei_007.jpg\"><img aria-describedby=\"caption-attachment-9220\" decoding=\"async\" loading=\"lazy\" class=\"size-thumbnail wp-image-9220\" src=\"https:\/\/www.naturparkmagazin.de\/stechlin\/wp-content\/uploads\/sites\/38\/Walnussmeisterei_007-300x180.jpg\" alt=\"Baumschule mit veredelten Walnussb\u00e4umen.\" width=\"300\" height=\"180\" srcset=\"https:\/\/www.naturparkmagazin.de\/stechlin\/wp-content\/uploads\/sites\/38\/Walnussmeisterei_007-300x180.jpg 300w, https:\/\/www.naturparkmagazin.de\/stechlin\/wp-content\/uploads\/sites\/38\/Walnussmeisterei_007.jpg 500w, https:\/\/www.naturparkmagazin.de\/stechlin\/wp-content\/uploads\/sites\/38\/Walnussmeisterei_007-200x120.jpg 200w\" sizes=\"(max-width: 300px) 100vw, 300px\" \/><\/a><p id=\"caption-attachment-9220\" class=\"wp-caption-text\">Baumschule mit veredelten Walnussb\u00e4umen.<\/p><\/div>\n<p>Vivian B\u00f6llersen ist Gesch\u00e4ftsf\u00fchrerin der Walnussmeisterei in Herzberg\/Mark. Die 32j\u00e4hrige hat an der Hochschule f\u00fcr nachhaltige Entwicklung in Eberswalde \u00d6koagrarmanagement studiert. Bereits in ihrer Masterarbeit besch\u00e4ftigte sie sich mit dem Anbau von Waln\u00fcssen in Brandenburg. Nach dem Studium gr\u00fcndete sie am s\u00fcdlichen Rand des Naturparks die Walnussmeisterei. Der Landwirtschaftsbetrieb baut Waln\u00fcsse an und verarbeitet sie. In einer Baumschule werden B\u00e4ume unterschiedlicher Walnusssorten angeboten. Dar\u00fcber hinaus bietet die Walnussmeisterei eine breite Palette an Walnussprodukten an. So k\u00f6nnen u.a. Walnuss\u00f6l, kandierte N\u00fcsse, scharfe N\u00fcsse und Nusslik\u00f6r ab Hof vor Ort oder im Internetversand gekauft werden bzw. auf M\u00e4rkten in der Region.<\/p>\n<div id=\"attachment_9145\" style=\"width: 310px\" class=\"wp-caption aligncenter\"><a href=\"https:\/\/www.naturparkmagazin.de\/stechlin\/wp-content\/uploads\/sites\/38\/Walnussmeisterei_0010.jpg\"><img aria-describedby=\"caption-attachment-9145\" decoding=\"async\" loading=\"lazy\" class=\"size-thumbnail wp-image-9145\" src=\"https:\/\/www.naturparkmagazin.de\/stechlin\/wp-content\/uploads\/sites\/38\/Walnussmeisterei_0010-300x180.jpg\" alt=\"Der &quot;Rohstoff&quot; Walnuss.\" width=\"300\" height=\"180\" srcset=\"https:\/\/www.naturparkmagazin.de\/stechlin\/wp-content\/uploads\/sites\/38\/Walnussmeisterei_0010-300x180.jpg 300w, https:\/\/www.naturparkmagazin.de\/stechlin\/wp-content\/uploads\/sites\/38\/Walnussmeisterei_0010.jpg 500w, https:\/\/www.naturparkmagazin.de\/stechlin\/wp-content\/uploads\/sites\/38\/Walnussmeisterei_0010-200x120.jpg 200w\" sizes=\"(max-width: 300px) 100vw, 300px\" \/><\/a><p id=\"caption-attachment-9145\" class=\"wp-caption-text\">Der &#8222;Rohstoff&#8220; Walnuss.<\/p><\/div>\n<div id=\"attachment_9131\" style=\"width: 310px\" class=\"wp-caption aligncenter\"><a href=\"https:\/\/www.naturparkmagazin.de\/stechlin\/wp-content\/uploads\/sites\/38\/Vivian-B\u00f6llersen_25.jpg\"><img aria-describedby=\"caption-attachment-9131\" decoding=\"async\" loading=\"lazy\" class=\"wp-image-9131 size-thumbnail\" src=\"https:\/\/www.naturparkmagazin.de\/stechlin\/wp-content\/uploads\/sites\/38\/Vivian-B\u00f6llersen_25-300x180.jpg\" alt=\"NP SRL\/Heiko Strobel\" width=\"300\" height=\"180\" srcset=\"https:\/\/www.naturparkmagazin.de\/stechlin\/wp-content\/uploads\/sites\/38\/Vivian-B\u00f6llersen_25-300x180.jpg 300w, https:\/\/www.naturparkmagazin.de\/stechlin\/wp-content\/uploads\/sites\/38\/Vivian-B\u00f6llersen_25.jpg 500w, https:\/\/www.naturparkmagazin.de\/stechlin\/wp-content\/uploads\/sites\/38\/Vivian-B\u00f6llersen_25-200x120.jpg 200w\" sizes=\"(max-width: 300px) 100vw, 300px\" \/><\/a><p id=\"caption-attachment-9131\" class=\"wp-caption-text\">Der Walnuss &#8211; Sorten-Kasten.<\/p><\/div>\n<p>Die Walnussmeisterei pr\u00e4sentierte am 22.1. am Stand der Brandenburgischen Naturlandschaften auf der Internationalen Gr\u00fcnen Woche in Berlin in der Brandenburg-Halle 21a ihre Produkte.<\/p>\n<p>Weitere Informationen unter <a href=\"http:\/\/www.walnussmeusterei.de\">www.walnussmeisterei.de<\/a><\/p>\n<div id=\"attachment_9144\" style=\"width: 190px\" class=\"wp-caption aligncenter\"><a href=\"https:\/\/www.naturparkmagazin.de\/stechlin\/wp-content\/uploads\/sites\/38\/Walnussmeisterei_0032.jpg\"><img aria-describedby=\"caption-attachment-9144\" decoding=\"async\" loading=\"lazy\" class=\"size-full wp-image-9144\" src=\"https:\/\/www.naturparkmagazin.de\/stechlin\/wp-content\/uploads\/sites\/38\/Walnussmeisterei_0032.jpg\" alt=\"Walnuss-Produkte\" width=\"180\" height=\"250\" \/><\/a><p id=\"caption-attachment-9144\" class=\"wp-caption-text\">Walnuss-Produkte<\/p><\/div>\n<p>&nbsp;<\/p>\n","protected":false},"excerpt":{"rendered":"<p>Vivian B\u00f6llersen ist Gesch\u00e4ftsf\u00fchrerin der Walnussmeisterei in Herzberg\/Mark. <\/p>\n","protected":false},"author":39,"featured_media":9130,"comment_status":"open","ping_status":"open","sticky":false,"template":"","format":"standard","meta":[],"categories":[8],"tags":[],"yoast_head":"<!-- This site is optimized with the Yoast SEO plugin v19.10 - https:\/\/yoast.com\/wordpress\/plugins\/seo\/ -->\n<title>Vivian B\u00f6llersen - Naturpark Stechlin-Ruppiner Land<\/title>\n<meta name=\"robots\" content=\"index, follow, max-snippet:-1, max-image-preview:large, max-video-preview:-1\" \/>\n<link rel=\"canonical\" href=\"https:\/\/www.naturparkmagazin.de\/stechlin\/vivian-boellersen\/\" \/>\n<meta property=\"og:locale\" content=\"de_DE\" \/>\n<meta property=\"og:type\" content=\"article\" \/>\n<meta property=\"og:title\" content=\"Vivian B\u00f6llersen - Naturpark Stechlin-Ruppiner Land\" \/>\n<meta property=\"og:description\" content=\"Vivian B\u00f6llersen ist Gesch\u00e4ftsf\u00fchrerin der Walnussmeisterei in Herzberg\/Mark.\" \/>\n<meta property=\"og:url\" content=\"https:\/\/www.naturparkmagazin.de\/stechlin\/vivian-boellersen\/\" \/>\n<meta property=\"og:site_name\" content=\"Naturpark Stechlin-Ruppiner Land\" \/>\n<meta property=\"article:published_time\" content=\"2020-01-16T08:40:28+00:00\" \/>\n<meta property=\"article:modified_time\" content=\"2020-01-24T08:02:18+00:00\" \/>\n<meta property=\"og:image\" content=\"https:\/\/www.naturparkmagazin.de\/stechlin\/wp-content\/uploads\/sites\/38\/Vivian-B\u00f6llersen_35.jpg\" \/>\n\t<meta property=\"og:image:width\" content=\"200\" \/>\n\t<meta property=\"og:image:height\" content=\"200\" \/>\n\t<meta property=\"og:image:type\" content=\"image\/jpeg\" \/>\n<meta name=\"author\" content=\"marioschrumpf\" \/>\n<meta name=\"twitter:label1\" content=\"Verfasst von\" \/>\n\t<meta name=\"twitter:data1\" content=\"marioschrumpf\" \/>\n\t<meta name=\"twitter:label2\" content=\"Gesch\u00e4tzte Lesezeit\" \/>\n\t<meta name=\"twitter:data2\" content=\"1\u00a0Minute\" \/>\n<script type=\"application\/ld+json\" class=\"yoast-schema-graph\">{\"@context\":\"https:\/\/schema.org\",\"@graph\":[{\"@type\":\"WebPage\",\"@id\":\"https:\/\/www.naturparkmagazin.de\/stechlin\/vivian-boellersen\/\",\"url\":\"https:\/\/www.naturparkmagazin.de\/stechlin\/vivian-boellersen\/\",\"name\":\"Vivian B\u00f6llersen - Naturpark Stechlin-Ruppiner Land\",\"isPartOf\":{\"@id\":\"https:\/\/www.naturparkmagazin.de\/stechlin\/#website\"},\"datePublished\":\"2020-01-16T08:40:28+00:00\",\"dateModified\":\"2020-01-24T08:02:18+00:00\",\"author\":{\"@id\":\"https:\/\/www.naturparkmagazin.de\/stechlin\/#\/schema\/person\/3f0d93203df21c806dd63c76d9bb28bc\"},\"breadcrumb\":{\"@id\":\"https:\/\/www.naturparkmagazin.de\/stechlin\/vivian-boellersen\/#breadcrumb\"},\"inLanguage\":\"de\",\"potentialAction\":[{\"@type\":\"ReadAction\",\"target\":[\"https:\/\/www.naturparkmagazin.de\/stechlin\/vivian-boellersen\/\"]}]},{\"@type\":\"BreadcrumbList\",\"@id\":\"https:\/\/www.naturparkmagazin.de\/stechlin\/vivian-boellersen\/#breadcrumb\",\"itemListElement\":[{\"@type\":\"ListItem\",\"position\":1,\"name\":\"Home\",\"item\":\"https:\/\/www.naturparkmagazin.de\/stechlin\/\"},{\"@type\":\"ListItem\",\"position\":2,\"name\":\"Vivian B\u00f6llersen\"}]},{\"@type\":\"WebSite\",\"@id\":\"https:\/\/www.naturparkmagazin.de\/stechlin\/#website\",\"url\":\"https:\/\/www.naturparkmagazin.de\/stechlin\/\",\"name\":\"Naturpark Stechlin-Ruppiner Land\",\"description\":\"\",\"potentialAction\":[{\"@type\":\"SearchAction\",\"target\":{\"@type\":\"EntryPoint\",\"urlTemplate\":\"https:\/\/www.naturparkmagazin.de\/stechlin\/?s={search_term_string}\"},\"query-input\":\"required name=search_term_string\"}],\"inLanguage\":\"de\"},{\"@type\":\"Person\",\"@id\":\"https:\/\/www.naturparkmagazin.de\/stechlin\/#\/schema\/person\/3f0d93203df21c806dd63c76d9bb28bc\",\"name\":\"marioschrumpf\",\"url\":\"https:\/\/www.naturparkmagazin.de\/stechlin\/author\/marioschrumpf\/\"}]}<\/script>\n<!-- \/ Yoast SEO plugin. -->","yoast_head_json":{"title":"Vivian B\u00f6llersen - Naturpark Stechlin-Ruppiner Land","robots":{"index":"index","follow":"follow","max-snippet":"max-snippet:-1","max-image-preview":"max-image-preview:large","max-video-preview":"max-video-preview:-1"},"canonical":"https:\/\/www.naturparkmagazin.de\/stechlin\/vivian-boellersen\/","og_locale":"de_DE","og_type":"article","og_title":"Vivian B\u00f6llersen - Naturpark Stechlin-Ruppiner Land","og_description":"Vivian B\u00f6llersen ist Gesch\u00e4ftsf\u00fchrerin der Walnussmeisterei in Herzberg\/Mark.","og_url":"https:\/\/www.naturparkmagazin.de\/stechlin\/vivian-boellersen\/","og_site_name":"Naturpark Stechlin-Ruppiner Land","article_published_time":"2020-01-16T08:40:28+00:00","article_modified_time":"2020-01-24T08:02:18+00:00","og_image":[{"width":200,"height":200,"url":"https:\/\/www.naturparkmagazin.de\/stechlin\/wp-content\/uploads\/sites\/38\/Vivian-B\u00f6llersen_35.jpg","type":"image\/jpeg"}],"author":"marioschrumpf","twitter_misc":{"Verfasst von":"marioschrumpf","Gesch\u00e4tzte Lesezeit":"1\u00a0Minute"},"schema":{"@context":"https:\/\/schema.org","@graph":[{"@type":"WebPage","@id":"https:\/\/www.naturparkmagazin.de\/stechlin\/vivian-boellersen\/","url":"https:\/\/www.naturparkmagazin.de\/stechlin\/vivian-boellersen\/","name":"Vivian B\u00f6llersen - Naturpark Stechlin-Ruppiner Land","isPartOf":{"@id":"https:\/\/www.naturparkmagazin.de\/stechlin\/#website"},"datePublished":"2020-01-16T08:40:28+00:00","dateModified":"2020-01-24T08:02:18+00:00","author":{"@id":"https:\/\/www.naturparkmagazin.de\/stechlin\/#\/schema\/person\/3f0d93203df21c806dd63c76d9bb28bc"},"breadcrumb":{"@id":"https:\/\/www.naturparkmagazin.de\/stechlin\/vivian-boellersen\/#breadcrumb"},"inLanguage":"de","potentialAction":[{"@type":"ReadAction","target":["https:\/\/www.naturparkmagazin.de\/stechlin\/vivian-boellersen\/"]}]},{"@type":"BreadcrumbList","@id":"https:\/\/www.naturparkmagazin.de\/stechlin\/vivian-boellersen\/#breadcrumb","itemListElement":[{"@type":"ListItem","position":1,"name":"Home","item":"https:\/\/www.naturparkmagazin.de\/stechlin\/"},{"@type":"ListItem","position":2,"name":"Vivian B\u00f6llersen"}]},{"@type":"WebSite","@id":"https:\/\/www.naturparkmagazin.de\/stechlin\/#website","url":"https:\/\/www.naturparkmagazin.de\/stechlin\/","name":"Naturpark Stechlin-Ruppiner Land","description":"","potentialAction":[{"@type":"SearchAction","target":{"@type":"EntryPoint","urlTemplate":"https:\/\/www.naturparkmagazin.de\/stechlin\/?s={search_term_string}"},"query-input":"required name=search_term_string"}],"inLanguage":"de"},{"@type":"Person","@id":"https:\/\/www.naturparkmagazin.de\/stechlin\/#\/schema\/person\/3f0d93203df21c806dd63c76d9bb28bc","name":"marioschrumpf","url":"https:\/\/www.naturparkmagazin.de\/stechlin\/author\/marioschrumpf\/"}]}},"_links":{"self":[{"href":"https:\/\/www.naturparkmagazin.de\/stechlin\/wp-json\/wp\/v2\/posts\/9129"}],"collection":[{"href":"https:\/\/www.naturparkmagazin.de\/stechlin\/wp-json\/wp\/v2\/posts"}],"about":[{"href":"https:\/\/www.naturparkmagazin.de\/stechlin\/wp-json\/wp\/v2\/types\/post"}],"author":[{"embeddable":true,"href":"https:\/\/www.naturparkmagazin.de\/stechlin\/wp-json\/wp\/v2\/users\/39"}],"replies":[{"embeddable":true,"href":"https:\/\/www.naturparkmagazin.de\/stechlin\/wp-json\/wp\/v2\/comments?post=9129"}],"version-history":[{"count":4,"href":"https:\/\/www.naturparkmagazin.de\/stechlin\/wp-json\/wp\/v2\/posts\/9129\/revisions"}],"predecessor-version":[{"id":9221,"href":"https:\/\/www.naturparkmagazin.de\/stechlin\/wp-json\/wp\/v2\/posts\/9129\/revisions\/9221"}],"wp:featuredmedia":[{"embeddable":true,"href":"https:\/\/www.naturparkmagazin.de\/stechlin\/wp-json\/wp\/v2\/media\/9130"}],"wp:attachment":[{"href":"https:\/\/www.naturparkmagazin.de\/stechlin\/wp-json\/wp\/v2\/media?parent=9129"}],"wp:term":[{"taxonomy":"category","embeddable":true,"href":"https:\/\/www.naturparkmagazin.de\/stechlin\/wp-json\/wp\/v2\/categories?post=9129"},{"taxonomy":"post_tag","embeddable":true,"href":"https:\/\/www.naturparkmagazin.de\/stechlin\/wp-json\/wp\/v2\/tags?post=9129"}],"curies":[{"name":"wp","href":"https:\/\/api.w.org\/{rel}","templated":true}]}}