{"id":9149,"date":"2020-01-16T07:59:46","date_gmt":"2020-01-16T06:59:46","guid":{"rendered":"https:\/\/www.naturparkmagazin.de\/stechlin\/?p=9149"},"modified":"2020-01-23T17:16:25","modified_gmt":"2020-01-23T16:16:25","slug":"ehre-wem-ehre-gebuehrt-2","status":"publish","type":"post","link":"https:\/\/www.naturparkmagazin.de\/stechlin\/ehre-wem-ehre-gebuehrt-2\/","title":{"rendered":"Ehre, wem Ehre geb\u00fchrt!"},"content":{"rendered":"<div id=\"attachment_9151\" style=\"width: 310px\" class=\"wp-caption aligncenter\"><a href=\"https:\/\/www.naturparkmagazin.de\/stechlin\/wp-content\/uploads\/sites\/38\/Bernd-Ewert2-500x300.jpg\"><img aria-describedby=\"caption-attachment-9151\" decoding=\"async\" loading=\"lazy\" class=\"size-thumbnail wp-image-9151\" src=\"https:\/\/www.naturparkmagazin.de\/stechlin\/wp-content\/uploads\/sites\/38\/Bernd-Ewert2-500x300-300x180.jpg\" alt=\"Die engagierten Ehrenamtler zusammen mit Minister Axel Vogel.\" width=\"300\" height=\"180\" srcset=\"https:\/\/www.naturparkmagazin.de\/stechlin\/wp-content\/uploads\/sites\/38\/Bernd-Ewert2-500x300-300x180.jpg 300w, https:\/\/www.naturparkmagazin.de\/stechlin\/wp-content\/uploads\/sites\/38\/Bernd-Ewert2-500x300.jpg 500w, https:\/\/www.naturparkmagazin.de\/stechlin\/wp-content\/uploads\/sites\/38\/Bernd-Ewert2-500x300-200x120.jpg 200w\" sizes=\"(max-width: 300px) 100vw, 300px\" \/><\/a><p id=\"caption-attachment-9151\" class=\"wp-caption-text\">Die engagierten Ehrenamtler zusammen mit Minister Axel Vogel.<\/p><\/div>\n<p>Brandenburg&#8217;s Ministerpr\u00e4sident Dietmar Woidke hat am 18. Januar 100 verdienstvolle Ehrenamtliche zu einem Empfang in die Staatskanzlei eingeladen. Unter ihnen Bernd Ewert, der vom Naturpark vorgeschlagen wurde. Die Eingeladenen stehen stellvertretend f\u00fcr Zehntausende, die sich im Ehrenamt in Brandenburg engagieren.<\/p>\n<div id=\"attachment_9152\" style=\"width: 310px\" class=\"wp-caption aligncenter\"><a href=\"https:\/\/www.naturparkmagazin.de\/stechlin\/wp-content\/uploads\/sites\/38\/Bernd-Ewert500x300.jpg\"><img aria-describedby=\"caption-attachment-9152\" decoding=\"async\" loading=\"lazy\" class=\"size-thumbnail wp-image-9152\" src=\"https:\/\/www.naturparkmagazin.de\/stechlin\/wp-content\/uploads\/sites\/38\/Bernd-Ewert500x300-300x180.jpg\" alt=\"Bernd Ewert neben Umweltminister Axel Vogel.\" width=\"300\" height=\"180\" srcset=\"https:\/\/www.naturparkmagazin.de\/stechlin\/wp-content\/uploads\/sites\/38\/Bernd-Ewert500x300-300x180.jpg 300w, https:\/\/www.naturparkmagazin.de\/stechlin\/wp-content\/uploads\/sites\/38\/Bernd-Ewert500x300.jpg 500w, https:\/\/www.naturparkmagazin.de\/stechlin\/wp-content\/uploads\/sites\/38\/Bernd-Ewert500x300-200x120.jpg 200w\" sizes=\"(max-width: 300px) 100vw, 300px\" \/><\/a><p id=\"caption-attachment-9152\" class=\"wp-caption-text\">Bernd Ewert neben Umweltminister Axel Vogel.<\/p><\/div>\n<p>Der Lehrer aus Zechlinerh\u00fctte ist seit vielen Jahren im NABU-Regionalverband Neuruppin aktiv. Als Horstbetreuer k\u00fcmmert er sich um Fisch- und Seeadler an den Rheinsberger Gew\u00e4ssern. Im Naturpark arbeitet er seit Gr\u00fcndung des Kuratoriums im Vorstand mit. Dar\u00fcber hinaus engagiert sich Ewert aktiv im Naturschutz-Beirat des Landkreises Ostprignitz-Ruppin. Als Gr\u00fcndungsmitglied des Landschaftspflegeverbandes Prignitz-Ruppiner Land e. V. setzt er sich f\u00fcr die Zusammenarbeit von Landwirten, Kommunalpolitikern und Natursch\u00fctzern zur Entwicklung einer arten- und strukturreichen Landschaft ein.<\/p>\n<p>Bernd wir sind stolz auf Dich!<\/p>\n<p>Dr. Mario Schrumpf<\/p>\n<p>&nbsp;<\/p>\n","protected":false},"excerpt":{"rendered":"<p>Brandenburg&#8217;s Ministerpr\u00e4sident Dietmar Woidke hat am 18. Januar 100 verdienstvolle Ehrenamtliche zu einem Empfang in die Staatskanzlei eingeladen. Unter ihnen Bernd Ewert aus dem Naturpark.<\/p>\n","protected":false},"author":39,"featured_media":9150,"comment_status":"open","ping_status":"open","sticky":false,"template":"","format":"standard","meta":[],"categories":[7],"tags":[],"yoast_head":"<!-- This site is optimized with the Yoast SEO plugin v19.10 - https:\/\/yoast.com\/wordpress\/plugins\/seo\/ -->\n<title>Ehre, wem Ehre geb\u00fchrt! - Naturpark Stechlin-Ruppiner Land<\/title>\n<meta name=\"robots\" content=\"index, follow, max-snippet:-1, max-image-preview:large, max-video-preview:-1\" \/>\n<link rel=\"canonical\" href=\"https:\/\/www.naturparkmagazin.de\/stechlin\/ehre-wem-ehre-gebuehrt-2\/\" \/>\n<meta property=\"og:locale\" content=\"de_DE\" \/>\n<meta property=\"og:type\" content=\"article\" \/>\n<meta property=\"og:title\" content=\"Ehre, wem Ehre geb\u00fchrt! - Naturpark Stechlin-Ruppiner Land\" \/>\n<meta property=\"og:description\" content=\"Brandenburg&#039;s Ministerpr\u00e4sident Dietmar Woidke hat am 18. Januar 100 verdienstvolle Ehrenamtliche zu einem Empfang in die Staatskanzlei eingeladen. Unter ihnen Bernd Ewert aus dem Naturpark.\" \/>\n<meta property=\"og:url\" content=\"https:\/\/www.naturparkmagazin.de\/stechlin\/ehre-wem-ehre-gebuehrt-2\/\" \/>\n<meta property=\"og:site_name\" content=\"Naturpark Stechlin-Ruppiner Land\" \/>\n<meta property=\"article:published_time\" content=\"2020-01-16T06:59:46+00:00\" \/>\n<meta property=\"article:modified_time\" content=\"2020-01-23T16:16:25+00:00\" \/>\n<meta property=\"og:image\" content=\"https:\/\/www.naturparkmagazin.de\/stechlin\/wp-content\/uploads\/sites\/38\/Bernd-Ewert2-200x200.jpg\" \/>\n\t<meta property=\"og:image:width\" content=\"200\" \/>\n\t<meta property=\"og:image:height\" content=\"200\" \/>\n\t<meta property=\"og:image:type\" content=\"image\/jpeg\" \/>\n<meta name=\"author\" content=\"marioschrumpf\" \/>\n<meta name=\"twitter:label1\" content=\"Verfasst von\" \/>\n\t<meta name=\"twitter:data1\" content=\"marioschrumpf\" \/>\n\t<meta name=\"twitter:label2\" content=\"Gesch\u00e4tzte Lesezeit\" \/>\n\t<meta name=\"twitter:data2\" content=\"1\u00a0Minute\" \/>\n<script type=\"application\/ld+json\" class=\"yoast-schema-graph\">{\"@context\":\"https:\/\/schema.org\",\"@graph\":[{\"@type\":\"WebPage\",\"@id\":\"https:\/\/www.naturparkmagazin.de\/stechlin\/ehre-wem-ehre-gebuehrt-2\/\",\"url\":\"https:\/\/www.naturparkmagazin.de\/stechlin\/ehre-wem-ehre-gebuehrt-2\/\",\"name\":\"Ehre, wem Ehre geb\u00fchrt! - Naturpark Stechlin-Ruppiner Land\",\"isPartOf\":{\"@id\":\"https:\/\/www.naturparkmagazin.de\/stechlin\/#website\"},\"datePublished\":\"2020-01-16T06:59:46+00:00\",\"dateModified\":\"2020-01-23T16:16:25+00:00\",\"author\":{\"@id\":\"https:\/\/www.naturparkmagazin.de\/stechlin\/#\/schema\/person\/3f0d93203df21c806dd63c76d9bb28bc\"},\"breadcrumb\":{\"@id\":\"https:\/\/www.naturparkmagazin.de\/stechlin\/ehre-wem-ehre-gebuehrt-2\/#breadcrumb\"},\"inLanguage\":\"de\",\"potentialAction\":[{\"@type\":\"ReadAction\",\"target\":[\"https:\/\/www.naturparkmagazin.de\/stechlin\/ehre-wem-ehre-gebuehrt-2\/\"]}]},{\"@type\":\"BreadcrumbList\",\"@id\":\"https:\/\/www.naturparkmagazin.de\/stechlin\/ehre-wem-ehre-gebuehrt-2\/#breadcrumb\",\"itemListElement\":[{\"@type\":\"ListItem\",\"position\":1,\"name\":\"Home\",\"item\":\"https:\/\/www.naturparkmagazin.de\/stechlin\/\"},{\"@type\":\"ListItem\",\"position\":2,\"name\":\"Ehre, wem Ehre geb\u00fchrt!\"}]},{\"@type\":\"WebSite\",\"@id\":\"https:\/\/www.naturparkmagazin.de\/stechlin\/#website\",\"url\":\"https:\/\/www.naturparkmagazin.de\/stechlin\/\",\"name\":\"Naturpark Stechlin-Ruppiner Land\",\"description\":\"\",\"potentialAction\":[{\"@type\":\"SearchAction\",\"target\":{\"@type\":\"EntryPoint\",\"urlTemplate\":\"https:\/\/www.naturparkmagazin.de\/stechlin\/?s={search_term_string}\"},\"query-input\":\"required name=search_term_string\"}],\"inLanguage\":\"de\"},{\"@type\":\"Person\",\"@id\":\"https:\/\/www.naturparkmagazin.de\/stechlin\/#\/schema\/person\/3f0d93203df21c806dd63c76d9bb28bc\",\"name\":\"marioschrumpf\",\"url\":\"https:\/\/www.naturparkmagazin.de\/stechlin\/author\/marioschrumpf\/\"}]}<\/script>\n<!-- \/ Yoast SEO plugin. -->","yoast_head_json":{"title":"Ehre, wem Ehre geb\u00fchrt! - Naturpark Stechlin-Ruppiner Land","robots":{"index":"index","follow":"follow","max-snippet":"max-snippet:-1","max-image-preview":"max-image-preview:large","max-video-preview":"max-video-preview:-1"},"canonical":"https:\/\/www.naturparkmagazin.de\/stechlin\/ehre-wem-ehre-gebuehrt-2\/","og_locale":"de_DE","og_type":"article","og_title":"Ehre, wem Ehre geb\u00fchrt! - Naturpark Stechlin-Ruppiner Land","og_description":"Brandenburg's Ministerpr\u00e4sident Dietmar Woidke hat am 18. Januar 100 verdienstvolle Ehrenamtliche zu einem Empfang in die Staatskanzlei eingeladen. Unter ihnen Bernd Ewert aus dem Naturpark.","og_url":"https:\/\/www.naturparkmagazin.de\/stechlin\/ehre-wem-ehre-gebuehrt-2\/","og_site_name":"Naturpark Stechlin-Ruppiner Land","article_published_time":"2020-01-16T06:59:46+00:00","article_modified_time":"2020-01-23T16:16:25+00:00","og_image":[{"width":200,"height":200,"url":"https:\/\/www.naturparkmagazin.de\/stechlin\/wp-content\/uploads\/sites\/38\/Bernd-Ewert2-200x200.jpg","type":"image\/jpeg"}],"author":"marioschrumpf","twitter_misc":{"Verfasst von":"marioschrumpf","Gesch\u00e4tzte Lesezeit":"1\u00a0Minute"},"schema":{"@context":"https:\/\/schema.org","@graph":[{"@type":"WebPage","@id":"https:\/\/www.naturparkmagazin.de\/stechlin\/ehre-wem-ehre-gebuehrt-2\/","url":"https:\/\/www.naturparkmagazin.de\/stechlin\/ehre-wem-ehre-gebuehrt-2\/","name":"Ehre, wem Ehre geb\u00fchrt! - Naturpark Stechlin-Ruppiner Land","isPartOf":{"@id":"https:\/\/www.naturparkmagazin.de\/stechlin\/#website"},"datePublished":"2020-01-16T06:59:46+00:00","dateModified":"2020-01-23T16:16:25+00:00","author":{"@id":"https:\/\/www.naturparkmagazin.de\/stechlin\/#\/schema\/person\/3f0d93203df21c806dd63c76d9bb28bc"},"breadcrumb":{"@id":"https:\/\/www.naturparkmagazin.de\/stechlin\/ehre-wem-ehre-gebuehrt-2\/#breadcrumb"},"inLanguage":"de","potentialAction":[{"@type":"ReadAction","target":["https:\/\/www.naturparkmagazin.de\/stechlin\/ehre-wem-ehre-gebuehrt-2\/"]}]},{"@type":"BreadcrumbList","@id":"https:\/\/www.naturparkmagazin.de\/stechlin\/ehre-wem-ehre-gebuehrt-2\/#breadcrumb","itemListElement":[{"@type":"ListItem","position":1,"name":"Home","item":"https:\/\/www.naturparkmagazin.de\/stechlin\/"},{"@type":"ListItem","position":2,"name":"Ehre, wem Ehre geb\u00fchrt!"}]},{"@type":"WebSite","@id":"https:\/\/www.naturparkmagazin.de\/stechlin\/#website","url":"https:\/\/www.naturparkmagazin.de\/stechlin\/","name":"Naturpark Stechlin-Ruppiner Land","description":"","potentialAction":[{"@type":"SearchAction","target":{"@type":"EntryPoint","urlTemplate":"https:\/\/www.naturparkmagazin.de\/stechlin\/?s={search_term_string}"},"query-input":"required name=search_term_string"}],"inLanguage":"de"},{"@type":"Person","@id":"https:\/\/www.naturparkmagazin.de\/stechlin\/#\/schema\/person\/3f0d93203df21c806dd63c76d9bb28bc","name":"marioschrumpf","url":"https:\/\/www.naturparkmagazin.de\/stechlin\/author\/marioschrumpf\/"}]}},"_links":{"self":[{"href":"https:\/\/www.naturparkmagazin.de\/stechlin\/wp-json\/wp\/v2\/posts\/9149"}],"collection":[{"href":"https:\/\/www.naturparkmagazin.de\/stechlin\/wp-json\/wp\/v2\/posts"}],"about":[{"href":"https:\/\/www.naturparkmagazin.de\/stechlin\/wp-json\/wp\/v2\/types\/post"}],"author":[{"embeddable":true,"href":"https:\/\/www.naturparkmagazin.de\/stechlin\/wp-json\/wp\/v2\/users\/39"}],"replies":[{"embeddable":true,"href":"https:\/\/www.naturparkmagazin.de\/stechlin\/wp-json\/wp\/v2\/comments?post=9149"}],"version-history":[{"count":4,"href":"https:\/\/www.naturparkmagazin.de\/stechlin\/wp-json\/wp\/v2\/posts\/9149\/revisions"}],"predecessor-version":[{"id":9208,"href":"https:\/\/www.naturparkmagazin.de\/stechlin\/wp-json\/wp\/v2\/posts\/9149\/revisions\/9208"}],"wp:featuredmedia":[{"embeddable":true,"href":"https:\/\/www.naturparkmagazin.de\/stechlin\/wp-json\/wp\/v2\/media\/9150"}],"wp:attachment":[{"href":"https:\/\/www.naturparkmagazin.de\/stechlin\/wp-json\/wp\/v2\/media?parent=9149"}],"wp:term":[{"taxonomy":"category","embeddable":true,"href":"https:\/\/www.naturparkmagazin.de\/stechlin\/wp-json\/wp\/v2\/categories?post=9149"},{"taxonomy":"post_tag","embeddable":true,"href":"https:\/\/www.naturparkmagazin.de\/stechlin\/wp-json\/wp\/v2\/tags?post=9149"}],"curies":[{"name":"wp","href":"https:\/\/api.w.org\/{rel}","templated":true}]}}