{"id":9154,"date":"2020-01-16T08:46:55","date_gmt":"2020-01-16T07:46:55","guid":{"rendered":"https:\/\/www.naturparkmagazin.de\/stechlin\/?p=9154"},"modified":"2020-01-29T14:56:07","modified_gmt":"2020-01-29T13:56:07","slug":"pflanzprojekt-offenlandschaft-menz","status":"publish","type":"post","link":"https:\/\/www.naturparkmagazin.de\/stechlin\/pflanzprojekt-offenlandschaft-menz\/","title":{"rendered":"Pflanzprojekt Offenlandschaft Menz"},"content":{"rendered":"<p>Neben alten Apfelsorten wie Geheimrat Dr. Oldenburg oder Kaiser Wilhelm wurden im Dezember und Januar zwischen Menz und Dollgow im Naturpark Stechlin-Ruppiner Land Birnenb\u00e4ume der Sorten Prinzessin Marianne und Gute Graue, Pflaumen und andere Geh\u00f6lze gepflanzt.<\/p>\n<div id=\"attachment_9158\" style=\"width: 310px\" class=\"wp-caption aligncenter\"><a href=\"https:\/\/www.naturparkmagazin.de\/stechlin\/wp-content\/uploads\/sites\/38\/Offenlandschaft_0015.jpg\"><img aria-describedby=\"caption-attachment-9158\" decoding=\"async\" loading=\"lazy\" class=\"size-thumbnail wp-image-9158\" src=\"https:\/\/www.naturparkmagazin.de\/stechlin\/wp-content\/uploads\/sites\/38\/Offenlandschaft_0015-300x180.jpg\" alt=\"Mit dem Pflanzlochbohrer wurde die Pflanzung vorbereitet.\" width=\"300\" height=\"180\" srcset=\"https:\/\/www.naturparkmagazin.de\/stechlin\/wp-content\/uploads\/sites\/38\/Offenlandschaft_0015-300x180.jpg 300w, https:\/\/www.naturparkmagazin.de\/stechlin\/wp-content\/uploads\/sites\/38\/Offenlandschaft_0015.jpg 500w, https:\/\/www.naturparkmagazin.de\/stechlin\/wp-content\/uploads\/sites\/38\/Offenlandschaft_0015-200x120.jpg 200w\" sizes=\"(max-width: 300px) 100vw, 300px\" \/><\/a><p id=\"caption-attachment-9158\" class=\"wp-caption-text\">Mit dem Pflanzlochbohrer wurden die Pflanzl\u00f6cher vorbereitet.<\/p><\/div>\n<p>Entlang der sogenannten Stege, dem Ortsverbindungsweg von Menz nach Dollgow, werden in den kommenden Jahren auf 700 Metern L\u00e4nge insgesamt 58 neue Obsthochst\u00e4mme mit alten Sorten aus dem \u201eGenressourcenprojekt Streuobst\u201c des Naturparks wachsen. Zudem wurde in unmittelbarer N\u00e4he eine 750 Meter lange und sechs Meter breite Hecke aus Str\u00e4uchern und Heistern wie zum Beispiel Hunds-Rose, Hartriegel und Hasel sowie Wildapfel und Feldahorn gepflanzt sowie ein bl\u00fcten- und insektenreicher Waldsaum neu angelegt.<\/p>\n<p>Frank Rumpe vom Biohof Kepos in Altglobsow realisiert die Pflanzungen an einem bei Spazierg\u00e4ngern beliebten Weg. Die Stiftung NaturSchutzFonds Brandenburg stellt dem Biohof hierf\u00fcr F\u00f6rdermittel in H\u00f6he von 55.222 Euro aus Ersatzzahlungen zur Verf\u00fcgung. Die F\u00f6rderung beinhaltet auch eine dreij\u00e4hrige Pflege wie zum Beispiel das Gie\u00dfen oder den Erziehungsschnitt der B\u00e4ume. Der Landschaftspflegeverein Norduckerm\u00e4rkische Seenlandschaft e.V. nimmt die Pflanzungen vor und pflegt sie.<\/p>\n<div id=\"attachment_9156\" style=\"width: 310px\" class=\"wp-caption aligncenter\"><a href=\"https:\/\/www.naturparkmagazin.de\/stechlin\/wp-content\/uploads\/sites\/38\/Offenlandschaft_014.jpg\"><img aria-describedby=\"caption-attachment-9156\" decoding=\"async\" loading=\"lazy\" class=\"size-thumbnail wp-image-9156\" src=\"https:\/\/www.naturparkmagazin.de\/stechlin\/wp-content\/uploads\/sites\/38\/Offenlandschaft_014-300x180.jpg\" alt=\"Dreireihige Hecke mit 750 m L\u00e4nge\" width=\"300\" height=\"180\" srcset=\"https:\/\/www.naturparkmagazin.de\/stechlin\/wp-content\/uploads\/sites\/38\/Offenlandschaft_014-300x180.jpg 300w, https:\/\/www.naturparkmagazin.de\/stechlin\/wp-content\/uploads\/sites\/38\/Offenlandschaft_014.jpg 500w, https:\/\/www.naturparkmagazin.de\/stechlin\/wp-content\/uploads\/sites\/38\/Offenlandschaft_014-200x120.jpg 200w\" sizes=\"(max-width: 300px) 100vw, 300px\" \/><\/a><p id=\"caption-attachment-9156\" class=\"wp-caption-text\">Dreireihige Hecke mit 750 m L\u00e4nge<\/p><\/div>\n<p>\u201e<em>Eine solche Allee aus Obstb\u00e4umen sieht besonders zur Bl\u00fctezeit einfach toll aus und bietet Lebensraum und Nahrung f\u00fcr viele bedrohte Insekten und Vogelarten<\/em>\u201c, sagt Frank Rumpe. Schon in einigen Jahren finden sich die ersten Fr\u00fcchte des Pflanzprojektes dann in der Auslage seines Hofladens in Altglobsow.<\/p>\n<p>Die neu angelegte Hecke dient Zauneidechsen und Amphibien als Unterschlupf. Sie ist au\u00dferdem Refugium f\u00fcr Kleins\u00e4uger wie Igel oder Marder, f\u00fcr V\u00f6gel wie Neunt\u00f6ter, Goldammer oder Rebhuhn und viele Insektenarten. Als Wanderkorridore haben Hecken f\u00fcr viele Tiere der Agrarlandschaft eine wichtige Bedeutung. Auch Flederm\u00e4use orientieren sich im Flug an solchen Strukturen.\u00a0Die Landwirtschaft profitiert, da die Hecke die benachbarten Ackerfl\u00e4chen vor Winderosion sch\u00fctzt. Eine Infotafel am Wanderweg erl\u00e4utert den Nutzen der Pflanzungen und die davon profitierenden Arten n\u00e4her.<\/p>\n<p>Angeregt hatte das Projekt die Verwaltung des Naturparks Stechlin-Ruppiner Land. \u201e<em>Die Pflanzungen sind Teil unserer Bem\u00fchungen, die Vielfalt alter und regional typischer Obstsorten zu erhalten und wieder zu vermehren<\/em>\u201c, erkl\u00e4rt Naturparkleiter Mario Schrumpf. Mehr als 2.500 B\u00e4ume dieser alten Streuobstsorten wurden im Naturpark inzwischen wieder in die Erde gebracht. \u201e<em>Das ist biologische Vielfalt, die man schmecken kann und die den Menschen nutzt. Viele Allergiker haben zum Beispiel Probleme mit g\u00e4ngigen Supermarktsorten. Die Forschung zeigt, dass traditionelle Sorten vertr\u00e4glicher sind<\/em>\u201c, so Schrumpf.<\/p>\n<div id=\"attachment_9157\" style=\"width: 310px\" class=\"wp-caption aligncenter\"><a href=\"https:\/\/www.naturparkmagazin.de\/stechlin\/wp-content\/uploads\/sites\/38\/Offenlandschaft_002.jpg\"><img aria-describedby=\"caption-attachment-9157\" decoding=\"async\" loading=\"lazy\" class=\"size-thumbnail wp-image-9157\" src=\"https:\/\/www.naturparkmagazin.de\/stechlin\/wp-content\/uploads\/sites\/38\/Offenlandschaft_002-300x180.jpg\" alt=\"Die Obstbaumreihe mit Hochst\u00e4mmen aus dem Genressourcenprojekt.\" width=\"300\" height=\"180\" srcset=\"https:\/\/www.naturparkmagazin.de\/stechlin\/wp-content\/uploads\/sites\/38\/Offenlandschaft_002-300x180.jpg 300w, https:\/\/www.naturparkmagazin.de\/stechlin\/wp-content\/uploads\/sites\/38\/Offenlandschaft_002.jpg 500w, https:\/\/www.naturparkmagazin.de\/stechlin\/wp-content\/uploads\/sites\/38\/Offenlandschaft_002-200x120.jpg 200w\" sizes=\"(max-width: 300px) 100vw, 300px\" \/><\/a><p id=\"caption-attachment-9157\" class=\"wp-caption-text\">Die Obstbaumreihe mit Hochst\u00e4mmen aus dem Genressourcenprojekt.<\/p><\/div>\n","protected":false},"excerpt":{"rendered":"<p>Entlang der sogenannten Stege, dem Ortsverbindungsweg von Menz nach Dollgow, werden in den kommenden Jahren auf 700 Metern L\u00e4nge insgesamt 58 neue Obsthochst\u00e4mme mit alten Sorten gepflanzt. <\/p>\n","protected":false},"author":39,"featured_media":9155,"comment_status":"open","ping_status":"open","sticky":false,"template":"","format":"standard","meta":[],"categories":[7],"tags":[],"yoast_head":"<!-- This site is optimized with the Yoast SEO plugin v19.10 - https:\/\/yoast.com\/wordpress\/plugins\/seo\/ -->\n<title>Pflanzprojekt Offenlandschaft Menz - Naturpark Stechlin-Ruppiner Land<\/title>\n<meta name=\"robots\" content=\"index, follow, max-snippet:-1, max-image-preview:large, max-video-preview:-1\" \/>\n<link rel=\"canonical\" href=\"https:\/\/www.naturparkmagazin.de\/stechlin\/pflanzprojekt-offenlandschaft-menz\/\" \/>\n<meta property=\"og:locale\" content=\"de_DE\" \/>\n<meta property=\"og:type\" content=\"article\" \/>\n<meta property=\"og:title\" content=\"Pflanzprojekt Offenlandschaft Menz - Naturpark Stechlin-Ruppiner Land\" \/>\n<meta property=\"og:description\" content=\"Entlang der sogenannten Stege, dem Ortsverbindungsweg von Menz nach Dollgow, werden in den kommenden Jahren auf 700 Metern L\u00e4nge insgesamt 58 neue Obsthochst\u00e4mme mit alten Sorten gepflanzt.\" \/>\n<meta property=\"og:url\" content=\"https:\/\/www.naturparkmagazin.de\/stechlin\/pflanzprojekt-offenlandschaft-menz\/\" \/>\n<meta property=\"og:site_name\" content=\"Naturpark Stechlin-Ruppiner Land\" \/>\n<meta property=\"article:published_time\" content=\"2020-01-16T07:46:55+00:00\" \/>\n<meta property=\"article:modified_time\" content=\"2020-01-29T13:56:07+00:00\" \/>\n<meta property=\"og:image\" content=\"https:\/\/www.naturparkmagazin.de\/stechlin\/wp-content\/uploads\/sites\/38\/Offenlandschaft_0022.jpg\" \/>\n\t<meta property=\"og:image:width\" content=\"200\" \/>\n\t<meta property=\"og:image:height\" content=\"200\" \/>\n\t<meta property=\"og:image:type\" content=\"image\/jpeg\" \/>\n<meta name=\"author\" content=\"marioschrumpf\" \/>\n<meta name=\"twitter:label1\" content=\"Verfasst von\" \/>\n\t<meta name=\"twitter:data1\" content=\"marioschrumpf\" \/>\n\t<meta name=\"twitter:label2\" content=\"Gesch\u00e4tzte Lesezeit\" \/>\n\t<meta name=\"twitter:data2\" content=\"2\u00a0Minuten\" \/>\n<script type=\"application\/ld+json\" class=\"yoast-schema-graph\">{\"@context\":\"https:\/\/schema.org\",\"@graph\":[{\"@type\":\"WebPage\",\"@id\":\"https:\/\/www.naturparkmagazin.de\/stechlin\/pflanzprojekt-offenlandschaft-menz\/\",\"url\":\"https:\/\/www.naturparkmagazin.de\/stechlin\/pflanzprojekt-offenlandschaft-menz\/\",\"name\":\"Pflanzprojekt Offenlandschaft Menz - Naturpark Stechlin-Ruppiner Land\",\"isPartOf\":{\"@id\":\"https:\/\/www.naturparkmagazin.de\/stechlin\/#website\"},\"datePublished\":\"2020-01-16T07:46:55+00:00\",\"dateModified\":\"2020-01-29T13:56:07+00:00\",\"author\":{\"@id\":\"https:\/\/www.naturparkmagazin.de\/stechlin\/#\/schema\/person\/3f0d93203df21c806dd63c76d9bb28bc\"},\"breadcrumb\":{\"@id\":\"https:\/\/www.naturparkmagazin.de\/stechlin\/pflanzprojekt-offenlandschaft-menz\/#breadcrumb\"},\"inLanguage\":\"de\",\"potentialAction\":[{\"@type\":\"ReadAction\",\"target\":[\"https:\/\/www.naturparkmagazin.de\/stechlin\/pflanzprojekt-offenlandschaft-menz\/\"]}]},{\"@type\":\"BreadcrumbList\",\"@id\":\"https:\/\/www.naturparkmagazin.de\/stechlin\/pflanzprojekt-offenlandschaft-menz\/#breadcrumb\",\"itemListElement\":[{\"@type\":\"ListItem\",\"position\":1,\"name\":\"Home\",\"item\":\"https:\/\/www.naturparkmagazin.de\/stechlin\/\"},{\"@type\":\"ListItem\",\"position\":2,\"name\":\"Pflanzprojekt Offenlandschaft Menz\"}]},{\"@type\":\"WebSite\",\"@id\":\"https:\/\/www.naturparkmagazin.de\/stechlin\/#website\",\"url\":\"https:\/\/www.naturparkmagazin.de\/stechlin\/\",\"name\":\"Naturpark Stechlin-Ruppiner Land\",\"description\":\"\",\"potentialAction\":[{\"@type\":\"SearchAction\",\"target\":{\"@type\":\"EntryPoint\",\"urlTemplate\":\"https:\/\/www.naturparkmagazin.de\/stechlin\/?s={search_term_string}\"},\"query-input\":\"required name=search_term_string\"}],\"inLanguage\":\"de\"},{\"@type\":\"Person\",\"@id\":\"https:\/\/www.naturparkmagazin.de\/stechlin\/#\/schema\/person\/3f0d93203df21c806dd63c76d9bb28bc\",\"name\":\"marioschrumpf\",\"url\":\"https:\/\/www.naturparkmagazin.de\/stechlin\/author\/marioschrumpf\/\"}]}<\/script>\n<!-- \/ Yoast SEO plugin. -->","yoast_head_json":{"title":"Pflanzprojekt Offenlandschaft Menz - Naturpark Stechlin-Ruppiner Land","robots":{"index":"index","follow":"follow","max-snippet":"max-snippet:-1","max-image-preview":"max-image-preview:large","max-video-preview":"max-video-preview:-1"},"canonical":"https:\/\/www.naturparkmagazin.de\/stechlin\/pflanzprojekt-offenlandschaft-menz\/","og_locale":"de_DE","og_type":"article","og_title":"Pflanzprojekt Offenlandschaft Menz - Naturpark Stechlin-Ruppiner Land","og_description":"Entlang der sogenannten Stege, dem Ortsverbindungsweg von Menz nach Dollgow, werden in den kommenden Jahren auf 700 Metern L\u00e4nge insgesamt 58 neue Obsthochst\u00e4mme mit alten Sorten gepflanzt.","og_url":"https:\/\/www.naturparkmagazin.de\/stechlin\/pflanzprojekt-offenlandschaft-menz\/","og_site_name":"Naturpark Stechlin-Ruppiner Land","article_published_time":"2020-01-16T07:46:55+00:00","article_modified_time":"2020-01-29T13:56:07+00:00","og_image":[{"width":200,"height":200,"url":"https:\/\/www.naturparkmagazin.de\/stechlin\/wp-content\/uploads\/sites\/38\/Offenlandschaft_0022.jpg","type":"image\/jpeg"}],"author":"marioschrumpf","twitter_misc":{"Verfasst von":"marioschrumpf","Gesch\u00e4tzte Lesezeit":"2\u00a0Minuten"},"schema":{"@context":"https:\/\/schema.org","@graph":[{"@type":"WebPage","@id":"https:\/\/www.naturparkmagazin.de\/stechlin\/pflanzprojekt-offenlandschaft-menz\/","url":"https:\/\/www.naturparkmagazin.de\/stechlin\/pflanzprojekt-offenlandschaft-menz\/","name":"Pflanzprojekt Offenlandschaft Menz - Naturpark Stechlin-Ruppiner Land","isPartOf":{"@id":"https:\/\/www.naturparkmagazin.de\/stechlin\/#website"},"datePublished":"2020-01-16T07:46:55+00:00","dateModified":"2020-01-29T13:56:07+00:00","author":{"@id":"https:\/\/www.naturparkmagazin.de\/stechlin\/#\/schema\/person\/3f0d93203df21c806dd63c76d9bb28bc"},"breadcrumb":{"@id":"https:\/\/www.naturparkmagazin.de\/stechlin\/pflanzprojekt-offenlandschaft-menz\/#breadcrumb"},"inLanguage":"de","potentialAction":[{"@type":"ReadAction","target":["https:\/\/www.naturparkmagazin.de\/stechlin\/pflanzprojekt-offenlandschaft-menz\/"]}]},{"@type":"BreadcrumbList","@id":"https:\/\/www.naturparkmagazin.de\/stechlin\/pflanzprojekt-offenlandschaft-menz\/#breadcrumb","itemListElement":[{"@type":"ListItem","position":1,"name":"Home","item":"https:\/\/www.naturparkmagazin.de\/stechlin\/"},{"@type":"ListItem","position":2,"name":"Pflanzprojekt Offenlandschaft Menz"}]},{"@type":"WebSite","@id":"https:\/\/www.naturparkmagazin.de\/stechlin\/#website","url":"https:\/\/www.naturparkmagazin.de\/stechlin\/","name":"Naturpark Stechlin-Ruppiner Land","description":"","potentialAction":[{"@type":"SearchAction","target":{"@type":"EntryPoint","urlTemplate":"https:\/\/www.naturparkmagazin.de\/stechlin\/?s={search_term_string}"},"query-input":"required name=search_term_string"}],"inLanguage":"de"},{"@type":"Person","@id":"https:\/\/www.naturparkmagazin.de\/stechlin\/#\/schema\/person\/3f0d93203df21c806dd63c76d9bb28bc","name":"marioschrumpf","url":"https:\/\/www.naturparkmagazin.de\/stechlin\/author\/marioschrumpf\/"}]}},"_links":{"self":[{"href":"https:\/\/www.naturparkmagazin.de\/stechlin\/wp-json\/wp\/v2\/posts\/9154"}],"collection":[{"href":"https:\/\/www.naturparkmagazin.de\/stechlin\/wp-json\/wp\/v2\/posts"}],"about":[{"href":"https:\/\/www.naturparkmagazin.de\/stechlin\/wp-json\/wp\/v2\/types\/post"}],"author":[{"embeddable":true,"href":"https:\/\/www.naturparkmagazin.de\/stechlin\/wp-json\/wp\/v2\/users\/39"}],"replies":[{"embeddable":true,"href":"https:\/\/www.naturparkmagazin.de\/stechlin\/wp-json\/wp\/v2\/comments?post=9154"}],"version-history":[{"count":3,"href":"https:\/\/www.naturparkmagazin.de\/stechlin\/wp-json\/wp\/v2\/posts\/9154\/revisions"}],"predecessor-version":[{"id":9256,"href":"https:\/\/www.naturparkmagazin.de\/stechlin\/wp-json\/wp\/v2\/posts\/9154\/revisions\/9256"}],"wp:featuredmedia":[{"embeddable":true,"href":"https:\/\/www.naturparkmagazin.de\/stechlin\/wp-json\/wp\/v2\/media\/9155"}],"wp:attachment":[{"href":"https:\/\/www.naturparkmagazin.de\/stechlin\/wp-json\/wp\/v2\/media?parent=9154"}],"wp:term":[{"taxonomy":"category","embeddable":true,"href":"https:\/\/www.naturparkmagazin.de\/stechlin\/wp-json\/wp\/v2\/categories?post=9154"},{"taxonomy":"post_tag","embeddable":true,"href":"https:\/\/www.naturparkmagazin.de\/stechlin\/wp-json\/wp\/v2\/tags?post=9154"}],"curies":[{"name":"wp","href":"https:\/\/api.w.org\/{rel}","templated":true}]}}