{"id":9160,"date":"2020-01-16T08:58:47","date_gmt":"2020-01-16T07:58:47","guid":{"rendered":"https:\/\/www.naturparkmagazin.de\/stechlin\/?p=9160"},"modified":"2020-01-23T16:56:35","modified_gmt":"2020-01-23T15:56:35","slug":"naturpark-erfolgreich-auf-der-gruenen-woche-praesentiert-2","status":"publish","type":"post","link":"https:\/\/www.naturparkmagazin.de\/stechlin\/naturpark-erfolgreich-auf-der-gruenen-woche-praesentiert-2\/","title":{"rendered":"Naturpark erfolgreich auf der Gr\u00fcnen Woche pr\u00e4sentiert"},"content":{"rendered":"<div id=\"attachment_9164\" style=\"width: 310px\" class=\"wp-caption aligncenter\"><a href=\"https:\/\/www.naturparkmagazin.de\/stechlin\/wp-content\/uploads\/sites\/38\/Gr\u00fcne-Woche-2020_0100.jpg\"><img aria-describedby=\"caption-attachment-9164\" decoding=\"async\" loading=\"lazy\" class=\"size-thumbnail wp-image-9164\" src=\"https:\/\/www.naturparkmagazin.de\/stechlin\/wp-content\/uploads\/sites\/38\/Gr\u00fcne-Woche-2020_0100-300x180.jpg\" alt=\"Die Kolleginnen von Naturwacht, NaturParkHaus, Naturparkverwaltung und Walnussmeisterei am Stand der Brandenburgischen Naturlandschaften.\" width=\"300\" height=\"180\" srcset=\"https:\/\/www.naturparkmagazin.de\/stechlin\/wp-content\/uploads\/sites\/38\/Gr\u00fcne-Woche-2020_0100-300x180.jpg 300w, https:\/\/www.naturparkmagazin.de\/stechlin\/wp-content\/uploads\/sites\/38\/Gr\u00fcne-Woche-2020_0100.jpg 500w, https:\/\/www.naturparkmagazin.de\/stechlin\/wp-content\/uploads\/sites\/38\/Gr\u00fcne-Woche-2020_0100-200x120.jpg 200w\" sizes=\"(max-width: 300px) 100vw, 300px\" \/><\/a><p id=\"caption-attachment-9164\" class=\"wp-caption-text\">Die KollegInnen von Naturwacht, NaturParkHaus, Naturparkverwaltung und Walnussmeisterei am Stand der Brandenburgischen Naturlandschaften.<\/p><\/div>\n<p>Zusammen mit der Walnussmeisterei aus Herzberg\/Mark und dem Besucherzentrum NaturParkHaus Stechlin hat sich der Naturpark auf der Internationalen Gr\u00fcnen Woche in Berlin pr\u00e4sentiert.<\/p>\n<p>I<\/p>\n<div id=\"attachment_9162\" style=\"width: 310px\" class=\"wp-caption aligncenter\"><a href=\"https:\/\/www.naturparkmagazin.de\/stechlin\/wp-content\/uploads\/sites\/38\/Gr\u00fcne-Woche-2020_081.jpg\"><img aria-describedby=\"caption-attachment-9162\" decoding=\"async\" loading=\"lazy\" class=\"size-thumbnail wp-image-9162\" src=\"https:\/\/www.naturparkmagazin.de\/stechlin\/wp-content\/uploads\/sites\/38\/Gr\u00fcne-Woche-2020_081-300x180.jpg\" alt=\"Vorstellung der Walnussmeisterei und der Naturparke im Kochstudio.\" width=\"300\" height=\"180\" srcset=\"https:\/\/www.naturparkmagazin.de\/stechlin\/wp-content\/uploads\/sites\/38\/Gr\u00fcne-Woche-2020_081-300x180.jpg 300w, https:\/\/www.naturparkmagazin.de\/stechlin\/wp-content\/uploads\/sites\/38\/Gr\u00fcne-Woche-2020_081.jpg 500w, https:\/\/www.naturparkmagazin.de\/stechlin\/wp-content\/uploads\/sites\/38\/Gr\u00fcne-Woche-2020_081-200x120.jpg 200w\" sizes=\"(max-width: 300px) 100vw, 300px\" \/><\/a><p id=\"caption-attachment-9162\" class=\"wp-caption-text\">Vorstellung der Walnussmeisterei und des Naturparks im Kochstudio.<\/p><\/div>\n<p>In diesem Jahr stand den Brandenburgischen Naturlandschaften daf\u00fcr ein Doppelstand in der neugestalteten Brandenburg-Halle 21a zur Verf\u00fcgung. Die Partner nutzten die M\u00f6glichkeit mit den G\u00e4sten ins Gespr\u00e4ch zu kommen. Ist doch der Hauptquellmarkt f\u00fcr Touristen im Naturpark die Metropole Berlin. So wurde druckfrisch der Veranstaltungskalender 2020 vorgestellt und das Heft Lust auf NaTour &#8211; Naturerlebnistouren.<\/p>\n<div id=\"attachment_9163\" style=\"width: 310px\" class=\"wp-caption aligncenter\"><a href=\"https:\/\/www.naturparkmagazin.de\/stechlin\/wp-content\/uploads\/sites\/38\/Gr\u00fcne-Woche-2020_054.jpg\"><img aria-describedby=\"caption-attachment-9163\" decoding=\"async\" loading=\"lazy\" class=\"size-thumbnail wp-image-9163\" src=\"https:\/\/www.naturparkmagazin.de\/stechlin\/wp-content\/uploads\/sites\/38\/Gr\u00fcne-Woche-2020_054-300x180.jpg\" alt=\"Werbung auf der Antenneb\u00fchne f\u00fcr den 2. Fontane-Wandermarathon.\" width=\"300\" height=\"180\" srcset=\"https:\/\/www.naturparkmagazin.de\/stechlin\/wp-content\/uploads\/sites\/38\/Gr\u00fcne-Woche-2020_054-300x180.jpg 300w, https:\/\/www.naturparkmagazin.de\/stechlin\/wp-content\/uploads\/sites\/38\/Gr\u00fcne-Woche-2020_054.jpg 500w, https:\/\/www.naturparkmagazin.de\/stechlin\/wp-content\/uploads\/sites\/38\/Gr\u00fcne-Woche-2020_054-200x120.jpg 200w\" sizes=\"(max-width: 300px) 100vw, 300px\" \/><\/a><p id=\"caption-attachment-9163\" class=\"wp-caption-text\">Werbung auf der Antenne-B\u00fchne f\u00fcr den 2. Fontane-Wandermarathon.<\/p><\/div>\n<div id=\"attachment_9161\" style=\"width: 310px\" class=\"wp-caption aligncenter\"><a href=\"https:\/\/www.naturparkmagazin.de\/stechlin\/wp-content\/uploads\/sites\/38\/Gr\u00fcne-Woche_087.jpg\"><img aria-describedby=\"caption-attachment-9161\" decoding=\"async\" loading=\"lazy\" class=\"size-thumbnail wp-image-9161\" src=\"https:\/\/www.naturparkmagazin.de\/stechlin\/wp-content\/uploads\/sites\/38\/Gr\u00fcne-Woche_087-300x180.jpg\" alt=\"Der Stand war gut besucht.\" width=\"300\" height=\"180\" srcset=\"https:\/\/www.naturparkmagazin.de\/stechlin\/wp-content\/uploads\/sites\/38\/Gr\u00fcne-Woche_087-300x180.jpg 300w, https:\/\/www.naturparkmagazin.de\/stechlin\/wp-content\/uploads\/sites\/38\/Gr\u00fcne-Woche_087.jpg 500w, https:\/\/www.naturparkmagazin.de\/stechlin\/wp-content\/uploads\/sites\/38\/Gr\u00fcne-Woche_087-200x120.jpg 200w\" sizes=\"(max-width: 300px) 100vw, 300px\" \/><\/a><p id=\"caption-attachment-9161\" class=\"wp-caption-text\">Der Stand war gut besucht.<\/p><\/div>\n","protected":false},"excerpt":{"rendered":"<p>Zusammen mit der Walnussmeisterei aus Herzberg\/Mark und dem Besucherzentrum NaturParkHaus Stechlin hat sich der Naturpark auf der Internationalen Gr\u00fcnen Woche in Berlin pr\u00e4sentiert.<\/p>\n","protected":false},"author":39,"featured_media":9165,"comment_status":"open","ping_status":"open","sticky":false,"template":"","format":"standard","meta":[],"categories":[7],"tags":[],"yoast_head":"<!-- This site is optimized with the Yoast SEO plugin v19.10 - https:\/\/yoast.com\/wordpress\/plugins\/seo\/ -->\n<title>Naturpark erfolgreich auf der Gr\u00fcnen Woche pr\u00e4sentiert - Naturpark Stechlin-Ruppiner Land<\/title>\n<meta name=\"robots\" content=\"index, follow, max-snippet:-1, max-image-preview:large, max-video-preview:-1\" \/>\n<link rel=\"canonical\" href=\"https:\/\/www.naturparkmagazin.de\/stechlin\/naturpark-erfolgreich-auf-der-gruenen-woche-praesentiert-2\/\" \/>\n<meta property=\"og:locale\" content=\"de_DE\" \/>\n<meta property=\"og:type\" content=\"article\" \/>\n<meta property=\"og:title\" content=\"Naturpark erfolgreich auf der Gr\u00fcnen Woche pr\u00e4sentiert - Naturpark Stechlin-Ruppiner Land\" \/>\n<meta property=\"og:description\" content=\"Zusammen mit der Walnussmeisterei aus Herzberg\/Mark und dem Besucherzentrum NaturParkHaus Stechlin hat sich der Naturpark auf der Internationalen Gr\u00fcnen Woche in Berlin pr\u00e4sentiert.\" \/>\n<meta property=\"og:url\" content=\"https:\/\/www.naturparkmagazin.de\/stechlin\/naturpark-erfolgreich-auf-der-gruenen-woche-praesentiert-2\/\" \/>\n<meta property=\"og:site_name\" content=\"Naturpark Stechlin-Ruppiner Land\" \/>\n<meta property=\"article:published_time\" content=\"2020-01-16T07:58:47+00:00\" \/>\n<meta property=\"article:modified_time\" content=\"2020-01-23T15:56:35+00:00\" \/>\n<meta property=\"og:image\" content=\"https:\/\/www.naturparkmagazin.de\/stechlin\/wp-content\/uploads\/sites\/38\/Gr\u00fcne-Woche-2020_010.jpg\" \/>\n\t<meta property=\"og:image:width\" content=\"200\" \/>\n\t<meta property=\"og:image:height\" content=\"200\" \/>\n\t<meta property=\"og:image:type\" content=\"image\/jpeg\" \/>\n<meta name=\"author\" content=\"marioschrumpf\" \/>\n<meta name=\"twitter:label1\" content=\"Verfasst von\" \/>\n\t<meta name=\"twitter:data1\" content=\"marioschrumpf\" \/>\n\t<meta name=\"twitter:label2\" content=\"Gesch\u00e4tzte Lesezeit\" \/>\n\t<meta name=\"twitter:data2\" content=\"1\u00a0Minute\" \/>\n<script type=\"application\/ld+json\" class=\"yoast-schema-graph\">{\"@context\":\"https:\/\/schema.org\",\"@graph\":[{\"@type\":\"WebPage\",\"@id\":\"https:\/\/www.naturparkmagazin.de\/stechlin\/naturpark-erfolgreich-auf-der-gruenen-woche-praesentiert-2\/\",\"url\":\"https:\/\/www.naturparkmagazin.de\/stechlin\/naturpark-erfolgreich-auf-der-gruenen-woche-praesentiert-2\/\",\"name\":\"Naturpark erfolgreich auf der Gr\u00fcnen Woche pr\u00e4sentiert - Naturpark Stechlin-Ruppiner Land\",\"isPartOf\":{\"@id\":\"https:\/\/www.naturparkmagazin.de\/stechlin\/#website\"},\"datePublished\":\"2020-01-16T07:58:47+00:00\",\"dateModified\":\"2020-01-23T15:56:35+00:00\",\"author\":{\"@id\":\"https:\/\/www.naturparkmagazin.de\/stechlin\/#\/schema\/person\/3f0d93203df21c806dd63c76d9bb28bc\"},\"breadcrumb\":{\"@id\":\"https:\/\/www.naturparkmagazin.de\/stechlin\/naturpark-erfolgreich-auf-der-gruenen-woche-praesentiert-2\/#breadcrumb\"},\"inLanguage\":\"de\",\"potentialAction\":[{\"@type\":\"ReadAction\",\"target\":[\"https:\/\/www.naturparkmagazin.de\/stechlin\/naturpark-erfolgreich-auf-der-gruenen-woche-praesentiert-2\/\"]}]},{\"@type\":\"BreadcrumbList\",\"@id\":\"https:\/\/www.naturparkmagazin.de\/stechlin\/naturpark-erfolgreich-auf-der-gruenen-woche-praesentiert-2\/#breadcrumb\",\"itemListElement\":[{\"@type\":\"ListItem\",\"position\":1,\"name\":\"Home\",\"item\":\"https:\/\/www.naturparkmagazin.de\/stechlin\/\"},{\"@type\":\"ListItem\",\"position\":2,\"name\":\"Naturpark erfolgreich auf der Gr\u00fcnen Woche pr\u00e4sentiert\"}]},{\"@type\":\"WebSite\",\"@id\":\"https:\/\/www.naturparkmagazin.de\/stechlin\/#website\",\"url\":\"https:\/\/www.naturparkmagazin.de\/stechlin\/\",\"name\":\"Naturpark Stechlin-Ruppiner Land\",\"description\":\"\",\"potentialAction\":[{\"@type\":\"SearchAction\",\"target\":{\"@type\":\"EntryPoint\",\"urlTemplate\":\"https:\/\/www.naturparkmagazin.de\/stechlin\/?s={search_term_string}\"},\"query-input\":\"required name=search_term_string\"}],\"inLanguage\":\"de\"},{\"@type\":\"Person\",\"@id\":\"https:\/\/www.naturparkmagazin.de\/stechlin\/#\/schema\/person\/3f0d93203df21c806dd63c76d9bb28bc\",\"name\":\"marioschrumpf\",\"url\":\"https:\/\/www.naturparkmagazin.de\/stechlin\/author\/marioschrumpf\/\"}]}<\/script>\n<!-- \/ Yoast SEO plugin. -->","yoast_head_json":{"title":"Naturpark erfolgreich auf der Gr\u00fcnen Woche pr\u00e4sentiert - Naturpark Stechlin-Ruppiner Land","robots":{"index":"index","follow":"follow","max-snippet":"max-snippet:-1","max-image-preview":"max-image-preview:large","max-video-preview":"max-video-preview:-1"},"canonical":"https:\/\/www.naturparkmagazin.de\/stechlin\/naturpark-erfolgreich-auf-der-gruenen-woche-praesentiert-2\/","og_locale":"de_DE","og_type":"article","og_title":"Naturpark erfolgreich auf der Gr\u00fcnen Woche pr\u00e4sentiert - Naturpark Stechlin-Ruppiner Land","og_description":"Zusammen mit der Walnussmeisterei aus Herzberg\/Mark und dem Besucherzentrum NaturParkHaus Stechlin hat sich der Naturpark auf der Internationalen Gr\u00fcnen Woche in Berlin pr\u00e4sentiert.","og_url":"https:\/\/www.naturparkmagazin.de\/stechlin\/naturpark-erfolgreich-auf-der-gruenen-woche-praesentiert-2\/","og_site_name":"Naturpark Stechlin-Ruppiner Land","article_published_time":"2020-01-16T07:58:47+00:00","article_modified_time":"2020-01-23T15:56:35+00:00","og_image":[{"width":200,"height":200,"url":"https:\/\/www.naturparkmagazin.de\/stechlin\/wp-content\/uploads\/sites\/38\/Gr\u00fcne-Woche-2020_010.jpg","type":"image\/jpeg"}],"author":"marioschrumpf","twitter_misc":{"Verfasst von":"marioschrumpf","Gesch\u00e4tzte Lesezeit":"1\u00a0Minute"},"schema":{"@context":"https:\/\/schema.org","@graph":[{"@type":"WebPage","@id":"https:\/\/www.naturparkmagazin.de\/stechlin\/naturpark-erfolgreich-auf-der-gruenen-woche-praesentiert-2\/","url":"https:\/\/www.naturparkmagazin.de\/stechlin\/naturpark-erfolgreich-auf-der-gruenen-woche-praesentiert-2\/","name":"Naturpark erfolgreich auf der Gr\u00fcnen Woche pr\u00e4sentiert - Naturpark Stechlin-Ruppiner Land","isPartOf":{"@id":"https:\/\/www.naturparkmagazin.de\/stechlin\/#website"},"datePublished":"2020-01-16T07:58:47+00:00","dateModified":"2020-01-23T15:56:35+00:00","author":{"@id":"https:\/\/www.naturparkmagazin.de\/stechlin\/#\/schema\/person\/3f0d93203df21c806dd63c76d9bb28bc"},"breadcrumb":{"@id":"https:\/\/www.naturparkmagazin.de\/stechlin\/naturpark-erfolgreich-auf-der-gruenen-woche-praesentiert-2\/#breadcrumb"},"inLanguage":"de","potentialAction":[{"@type":"ReadAction","target":["https:\/\/www.naturparkmagazin.de\/stechlin\/naturpark-erfolgreich-auf-der-gruenen-woche-praesentiert-2\/"]}]},{"@type":"BreadcrumbList","@id":"https:\/\/www.naturparkmagazin.de\/stechlin\/naturpark-erfolgreich-auf-der-gruenen-woche-praesentiert-2\/#breadcrumb","itemListElement":[{"@type":"ListItem","position":1,"name":"Home","item":"https:\/\/www.naturparkmagazin.de\/stechlin\/"},{"@type":"ListItem","position":2,"name":"Naturpark erfolgreich auf der Gr\u00fcnen Woche pr\u00e4sentiert"}]},{"@type":"WebSite","@id":"https:\/\/www.naturparkmagazin.de\/stechlin\/#website","url":"https:\/\/www.naturparkmagazin.de\/stechlin\/","name":"Naturpark Stechlin-Ruppiner Land","description":"","potentialAction":[{"@type":"SearchAction","target":{"@type":"EntryPoint","urlTemplate":"https:\/\/www.naturparkmagazin.de\/stechlin\/?s={search_term_string}"},"query-input":"required name=search_term_string"}],"inLanguage":"de"},{"@type":"Person","@id":"https:\/\/www.naturparkmagazin.de\/stechlin\/#\/schema\/person\/3f0d93203df21c806dd63c76d9bb28bc","name":"marioschrumpf","url":"https:\/\/www.naturparkmagazin.de\/stechlin\/author\/marioschrumpf\/"}]}},"_links":{"self":[{"href":"https:\/\/www.naturparkmagazin.de\/stechlin\/wp-json\/wp\/v2\/posts\/9160"}],"collection":[{"href":"https:\/\/www.naturparkmagazin.de\/stechlin\/wp-json\/wp\/v2\/posts"}],"about":[{"href":"https:\/\/www.naturparkmagazin.de\/stechlin\/wp-json\/wp\/v2\/types\/post"}],"author":[{"embeddable":true,"href":"https:\/\/www.naturparkmagazin.de\/stechlin\/wp-json\/wp\/v2\/users\/39"}],"replies":[{"embeddable":true,"href":"https:\/\/www.naturparkmagazin.de\/stechlin\/wp-json\/wp\/v2\/comments?post=9160"}],"version-history":[{"count":3,"href":"https:\/\/www.naturparkmagazin.de\/stechlin\/wp-json\/wp\/v2\/posts\/9160\/revisions"}],"predecessor-version":[{"id":18602,"href":"https:\/\/www.naturparkmagazin.de\/stechlin\/wp-json\/wp\/v2\/posts\/9160\/revisions\/18602"}],"wp:featuredmedia":[{"embeddable":true,"href":"https:\/\/www.naturparkmagazin.de\/stechlin\/wp-json\/wp\/v2\/media\/9165"}],"wp:attachment":[{"href":"https:\/\/www.naturparkmagazin.de\/stechlin\/wp-json\/wp\/v2\/media?parent=9160"}],"wp:term":[{"taxonomy":"category","embeddable":true,"href":"https:\/\/www.naturparkmagazin.de\/stechlin\/wp-json\/wp\/v2\/categories?post=9160"},{"taxonomy":"post_tag","embeddable":true,"href":"https:\/\/www.naturparkmagazin.de\/stechlin\/wp-json\/wp\/v2\/tags?post=9160"}],"curies":[{"name":"wp","href":"https:\/\/api.w.org\/{rel}","templated":true}]}}