{"id":9167,"date":"2020-01-16T10:26:45","date_gmt":"2020-01-16T09:26:45","guid":{"rendered":"https:\/\/www.naturparkmagazin.de\/stechlin\/?p=9167"},"modified":"2025-01-24T10:18:13","modified_gmt":"2025-01-24T09:18:13","slug":"veranstaltungskalender-frisch-erschienen","status":"publish","type":"post","link":"https:\/\/www.naturparkmagazin.de\/stechlin\/veranstaltungskalender-frisch-erschienen\/","title":{"rendered":"Veranstaltungskalender frisch erschienen (2020)"},"content":{"rendered":"<p><a href=\"https:\/\/www.naturparkmagazin.de\/stechlin\/wp-content\/uploads\/sites\/38\/VAK-20201.jpg\"><img decoding=\"async\" loading=\"lazy\" class=\"aligncenter size-thumbnail wp-image-9169\" src=\"https:\/\/www.naturparkmagazin.de\/stechlin\/wp-content\/uploads\/sites\/38\/VAK-20201-300x150.jpg\" alt=\"NP SRL\/Gudrun Quietzsch\" width=\"300\" height=\"150\" srcset=\"https:\/\/www.naturparkmagazin.de\/stechlin\/wp-content\/uploads\/sites\/38\/VAK-20201-300x150.jpg 300w, https:\/\/www.naturparkmagazin.de\/stechlin\/wp-content\/uploads\/sites\/38\/VAK-20201.jpg 500w, https:\/\/www.naturparkmagazin.de\/stechlin\/wp-content\/uploads\/sites\/38\/VAK-20201-200x100.jpg 200w\" sizes=\"(max-width: 300px) 100vw, 300px\" \/><\/a>P\u00fcnktlich zur Pr\u00e4sentation des Naturparks zur Internationalen Gr\u00fcnen Woche in Berlin kam der Veranstaltungskalender 2020 aus der Druckerei. Mehr als 50 termingebundene Veranstaltungen und 10 saisonale bzw. buchbare Angebote des Naturparks, der Naturwacht oder unserer Netzwerkpartner warten auf die Besucher.<\/p>\n<p><a href=\"https:\/\/www.naturparkmagazin.de\/stechlin\/wp-content\/uploads\/sites\/38\/VAK2_Autor-Daniel-Marienfeld.jpg\"><img decoding=\"async\" loading=\"lazy\" class=\"aligncenter size-thumbnail wp-image-9170\" src=\"https:\/\/www.naturparkmagazin.de\/stechlin\/wp-content\/uploads\/sites\/38\/VAK2_Autor-Daniel-Marienfeld-300x180.jpg\" alt=\"NP SRL\/ Daniel Marienfeld\" width=\"300\" height=\"180\" srcset=\"https:\/\/www.naturparkmagazin.de\/stechlin\/wp-content\/uploads\/sites\/38\/VAK2_Autor-Daniel-Marienfeld-300x180.jpg 300w, https:\/\/www.naturparkmagazin.de\/stechlin\/wp-content\/uploads\/sites\/38\/VAK2_Autor-Daniel-Marienfeld.jpg 500w, https:\/\/www.naturparkmagazin.de\/stechlin\/wp-content\/uploads\/sites\/38\/VAK2_Autor-Daniel-Marienfeld-200x120.jpg 200w\" sizes=\"(max-width: 300px) 100vw, 300px\" \/><\/a>Von A wie Apfeltag bis W wie Waldfest und von F wie Fledermausnacht bis V wie Vogelstimmemexkursion reicht die Palette.<\/p>\n<p>Der Veranstaltungskalender ist bei den Touristinformationen im Naturpark, bei unseren Netzwerkpartnern und nat\u00fcrlich in unserem Besucherzentrum NaturParkHaus Stechlin kostenfrei zu bekommen. Er kann auch als pdf-Datei von unserer Homepage (<a href=\"https:\/\/www.stechlin-ruppiner-land-naturpark.de\/fileadmin\/user_upload\/PDF\/Stechlin-Ruppin\/Publikationen\/va_kal_2020_scan.pdf\">Veranstaltungskalender<\/a>: 5,9 MB) heruntergeladen werden.<\/p>\n<p><a href=\"https:\/\/www.naturparkmagazin.de\/stechlin\/wp-content\/uploads\/sites\/38\/VAK_Autor-Daniel-Marienfeld.jpg\"><img decoding=\"async\" loading=\"lazy\" class=\"aligncenter size-thumbnail wp-image-9171\" src=\"https:\/\/www.naturparkmagazin.de\/stechlin\/wp-content\/uploads\/sites\/38\/VAK_Autor-Daniel-Marienfeld-300x180.jpg\" alt=\"NP SRL\/Daniel Marienfeld\" width=\"300\" height=\"180\" srcset=\"https:\/\/www.naturparkmagazin.de\/stechlin\/wp-content\/uploads\/sites\/38\/VAK_Autor-Daniel-Marienfeld-300x180.jpg 300w, https:\/\/www.naturparkmagazin.de\/stechlin\/wp-content\/uploads\/sites\/38\/VAK_Autor-Daniel-Marienfeld.jpg 500w, https:\/\/www.naturparkmagazin.de\/stechlin\/wp-content\/uploads\/sites\/38\/VAK_Autor-Daniel-Marienfeld-200x120.jpg 200w\" sizes=\"(max-width: 300px) 100vw, 300px\" \/><\/a><\/p>\n<p>&nbsp;<\/p>\n<p>&nbsp;<\/p>\n","protected":false},"excerpt":{"rendered":"<p>P\u00fcnktlich zur Pr\u00e4sentation des Naturparks zur Internationalen Gr\u00fcnen Woche in Berlin kam der Veranstaltungskalender 2020 aus der Druckerei.<\/p>\n","protected":false},"author":39,"featured_media":9168,"comment_status":"open","ping_status":"open","sticky":false,"template":"","format":"standard","meta":[],"categories":[7],"tags":[],"yoast_head":"<!-- This site is optimized with the Yoast SEO plugin v19.10 - https:\/\/yoast.com\/wordpress\/plugins\/seo\/ -->\n<title>Veranstaltungskalender frisch erschienen (2020) - Naturpark Stechlin-Ruppiner Land<\/title>\n<meta name=\"robots\" content=\"index, follow, max-snippet:-1, max-image-preview:large, max-video-preview:-1\" \/>\n<link rel=\"canonical\" href=\"https:\/\/www.naturparkmagazin.de\/stechlin\/veranstaltungskalender-frisch-erschienen\/\" \/>\n<meta property=\"og:locale\" content=\"de_DE\" \/>\n<meta property=\"og:type\" content=\"article\" \/>\n<meta property=\"og:title\" content=\"Veranstaltungskalender frisch erschienen (2020) - Naturpark Stechlin-Ruppiner Land\" \/>\n<meta property=\"og:description\" content=\"P\u00fcnktlich zur Pr\u00e4sentation des Naturparks zur Internationalen Gr\u00fcnen Woche in Berlin kam der Veranstaltungskalender 2020 aus der Druckerei.\" \/>\n<meta property=\"og:url\" content=\"https:\/\/www.naturparkmagazin.de\/stechlin\/veranstaltungskalender-frisch-erschienen\/\" \/>\n<meta property=\"og:site_name\" content=\"Naturpark Stechlin-Ruppiner Land\" \/>\n<meta property=\"article:published_time\" content=\"2020-01-16T09:26:45+00:00\" \/>\n<meta property=\"article:modified_time\" content=\"2025-01-24T09:18:13+00:00\" \/>\n<meta property=\"og:image\" content=\"https:\/\/www.naturparkmagazin.de\/stechlin\/wp-content\/uploads\/sites\/38\/VAK-2020.jpg\" \/>\n\t<meta property=\"og:image:width\" content=\"200\" \/>\n\t<meta property=\"og:image:height\" content=\"200\" \/>\n\t<meta property=\"og:image:type\" content=\"image\/jpeg\" \/>\n<meta name=\"author\" content=\"marioschrumpf\" \/>\n<meta name=\"twitter:label1\" content=\"Verfasst von\" \/>\n\t<meta name=\"twitter:data1\" content=\"marioschrumpf\" \/>\n\t<meta name=\"twitter:label2\" content=\"Gesch\u00e4tzte Lesezeit\" \/>\n\t<meta name=\"twitter:data2\" content=\"2\u00a0Minuten\" \/>\n<script type=\"application\/ld+json\" class=\"yoast-schema-graph\">{\"@context\":\"https:\/\/schema.org\",\"@graph\":[{\"@type\":\"WebPage\",\"@id\":\"https:\/\/www.naturparkmagazin.de\/stechlin\/veranstaltungskalender-frisch-erschienen\/\",\"url\":\"https:\/\/www.naturparkmagazin.de\/stechlin\/veranstaltungskalender-frisch-erschienen\/\",\"name\":\"Veranstaltungskalender frisch erschienen (2020) - Naturpark Stechlin-Ruppiner Land\",\"isPartOf\":{\"@id\":\"https:\/\/www.naturparkmagazin.de\/stechlin\/#website\"},\"datePublished\":\"2020-01-16T09:26:45+00:00\",\"dateModified\":\"2025-01-24T09:18:13+00:00\",\"author\":{\"@id\":\"https:\/\/www.naturparkmagazin.de\/stechlin\/#\/schema\/person\/3f0d93203df21c806dd63c76d9bb28bc\"},\"breadcrumb\":{\"@id\":\"https:\/\/www.naturparkmagazin.de\/stechlin\/veranstaltungskalender-frisch-erschienen\/#breadcrumb\"},\"inLanguage\":\"de\",\"potentialAction\":[{\"@type\":\"ReadAction\",\"target\":[\"https:\/\/www.naturparkmagazin.de\/stechlin\/veranstaltungskalender-frisch-erschienen\/\"]}]},{\"@type\":\"BreadcrumbList\",\"@id\":\"https:\/\/www.naturparkmagazin.de\/stechlin\/veranstaltungskalender-frisch-erschienen\/#breadcrumb\",\"itemListElement\":[{\"@type\":\"ListItem\",\"position\":1,\"name\":\"Home\",\"item\":\"https:\/\/www.naturparkmagazin.de\/stechlin\/\"},{\"@type\":\"ListItem\",\"position\":2,\"name\":\"Veranstaltungskalender frisch erschienen (2020)\"}]},{\"@type\":\"WebSite\",\"@id\":\"https:\/\/www.naturparkmagazin.de\/stechlin\/#website\",\"url\":\"https:\/\/www.naturparkmagazin.de\/stechlin\/\",\"name\":\"Naturpark Stechlin-Ruppiner Land\",\"description\":\"\",\"potentialAction\":[{\"@type\":\"SearchAction\",\"target\":{\"@type\":\"EntryPoint\",\"urlTemplate\":\"https:\/\/www.naturparkmagazin.de\/stechlin\/?s={search_term_string}\"},\"query-input\":\"required name=search_term_string\"}],\"inLanguage\":\"de\"},{\"@type\":\"Person\",\"@id\":\"https:\/\/www.naturparkmagazin.de\/stechlin\/#\/schema\/person\/3f0d93203df21c806dd63c76d9bb28bc\",\"name\":\"marioschrumpf\",\"url\":\"https:\/\/www.naturparkmagazin.de\/stechlin\/author\/marioschrumpf\/\"}]}<\/script>\n<!-- \/ Yoast SEO plugin. -->","yoast_head_json":{"title":"Veranstaltungskalender frisch erschienen (2020) - Naturpark Stechlin-Ruppiner Land","robots":{"index":"index","follow":"follow","max-snippet":"max-snippet:-1","max-image-preview":"max-image-preview:large","max-video-preview":"max-video-preview:-1"},"canonical":"https:\/\/www.naturparkmagazin.de\/stechlin\/veranstaltungskalender-frisch-erschienen\/","og_locale":"de_DE","og_type":"article","og_title":"Veranstaltungskalender frisch erschienen (2020) - Naturpark Stechlin-Ruppiner Land","og_description":"P\u00fcnktlich zur Pr\u00e4sentation des Naturparks zur Internationalen Gr\u00fcnen Woche in Berlin kam der Veranstaltungskalender 2020 aus der Druckerei.","og_url":"https:\/\/www.naturparkmagazin.de\/stechlin\/veranstaltungskalender-frisch-erschienen\/","og_site_name":"Naturpark Stechlin-Ruppiner Land","article_published_time":"2020-01-16T09:26:45+00:00","article_modified_time":"2025-01-24T09:18:13+00:00","og_image":[{"width":200,"height":200,"url":"https:\/\/www.naturparkmagazin.de\/stechlin\/wp-content\/uploads\/sites\/38\/VAK-2020.jpg","type":"image\/jpeg"}],"author":"marioschrumpf","twitter_misc":{"Verfasst von":"marioschrumpf","Gesch\u00e4tzte Lesezeit":"2\u00a0Minuten"},"schema":{"@context":"https:\/\/schema.org","@graph":[{"@type":"WebPage","@id":"https:\/\/www.naturparkmagazin.de\/stechlin\/veranstaltungskalender-frisch-erschienen\/","url":"https:\/\/www.naturparkmagazin.de\/stechlin\/veranstaltungskalender-frisch-erschienen\/","name":"Veranstaltungskalender frisch erschienen (2020) - Naturpark Stechlin-Ruppiner Land","isPartOf":{"@id":"https:\/\/www.naturparkmagazin.de\/stechlin\/#website"},"datePublished":"2020-01-16T09:26:45+00:00","dateModified":"2025-01-24T09:18:13+00:00","author":{"@id":"https:\/\/www.naturparkmagazin.de\/stechlin\/#\/schema\/person\/3f0d93203df21c806dd63c76d9bb28bc"},"breadcrumb":{"@id":"https:\/\/www.naturparkmagazin.de\/stechlin\/veranstaltungskalender-frisch-erschienen\/#breadcrumb"},"inLanguage":"de","potentialAction":[{"@type":"ReadAction","target":["https:\/\/www.naturparkmagazin.de\/stechlin\/veranstaltungskalender-frisch-erschienen\/"]}]},{"@type":"BreadcrumbList","@id":"https:\/\/www.naturparkmagazin.de\/stechlin\/veranstaltungskalender-frisch-erschienen\/#breadcrumb","itemListElement":[{"@type":"ListItem","position":1,"name":"Home","item":"https:\/\/www.naturparkmagazin.de\/stechlin\/"},{"@type":"ListItem","position":2,"name":"Veranstaltungskalender frisch erschienen (2020)"}]},{"@type":"WebSite","@id":"https:\/\/www.naturparkmagazin.de\/stechlin\/#website","url":"https:\/\/www.naturparkmagazin.de\/stechlin\/","name":"Naturpark Stechlin-Ruppiner Land","description":"","potentialAction":[{"@type":"SearchAction","target":{"@type":"EntryPoint","urlTemplate":"https:\/\/www.naturparkmagazin.de\/stechlin\/?s={search_term_string}"},"query-input":"required name=search_term_string"}],"inLanguage":"de"},{"@type":"Person","@id":"https:\/\/www.naturparkmagazin.de\/stechlin\/#\/schema\/person\/3f0d93203df21c806dd63c76d9bb28bc","name":"marioschrumpf","url":"https:\/\/www.naturparkmagazin.de\/stechlin\/author\/marioschrumpf\/"}]}},"_links":{"self":[{"href":"https:\/\/www.naturparkmagazin.de\/stechlin\/wp-json\/wp\/v2\/posts\/9167"}],"collection":[{"href":"https:\/\/www.naturparkmagazin.de\/stechlin\/wp-json\/wp\/v2\/posts"}],"about":[{"href":"https:\/\/www.naturparkmagazin.de\/stechlin\/wp-json\/wp\/v2\/types\/post"}],"author":[{"embeddable":true,"href":"https:\/\/www.naturparkmagazin.de\/stechlin\/wp-json\/wp\/v2\/users\/39"}],"replies":[{"embeddable":true,"href":"https:\/\/www.naturparkmagazin.de\/stechlin\/wp-json\/wp\/v2\/comments?post=9167"}],"version-history":[{"count":4,"href":"https:\/\/www.naturparkmagazin.de\/stechlin\/wp-json\/wp\/v2\/posts\/9167\/revisions"}],"predecessor-version":[{"id":16601,"href":"https:\/\/www.naturparkmagazin.de\/stechlin\/wp-json\/wp\/v2\/posts\/9167\/revisions\/16601"}],"wp:featuredmedia":[{"embeddable":true,"href":"https:\/\/www.naturparkmagazin.de\/stechlin\/wp-json\/wp\/v2\/media\/9168"}],"wp:attachment":[{"href":"https:\/\/www.naturparkmagazin.de\/stechlin\/wp-json\/wp\/v2\/media?parent=9167"}],"wp:term":[{"taxonomy":"category","embeddable":true,"href":"https:\/\/www.naturparkmagazin.de\/stechlin\/wp-json\/wp\/v2\/categories?post=9167"},{"taxonomy":"post_tag","embeddable":true,"href":"https:\/\/www.naturparkmagazin.de\/stechlin\/wp-json\/wp\/v2\/tags?post=9167"}],"curies":[{"name":"wp","href":"https:\/\/api.w.org\/{rel}","templated":true}]}}