{"id":9173,"date":"2020-01-16T10:46:45","date_gmt":"2020-01-16T09:46:45","guid":{"rendered":"https:\/\/www.naturparkmagazin.de\/stechlin\/?p=9173"},"modified":"2020-01-23T16:35:59","modified_gmt":"2020-01-23T15:35:59","slug":"neujahrs-tour-gefuehrte-nordic-walking-tour","status":"publish","type":"post","link":"https:\/\/www.naturparkmagazin.de\/stechlin\/neujahrs-tour-gefuehrte-nordic-walking-tour\/","title":{"rendered":"Neujahrs-Tour &#8211; gef\u00fchrte Nordic Walking Tour"},"content":{"rendered":"<p><a href=\"https:\/\/www.naturparkmagazin.de\/stechlin\/wp-content\/uploads\/sites\/38\/Olaf-Wolff_Image-2020-01-01-at-16.47.54.jpeg\"><img decoding=\"async\" loading=\"lazy\" class=\"aligncenter size-thumbnail wp-image-9174\" src=\"https:\/\/www.naturparkmagazin.de\/stechlin\/wp-content\/uploads\/sites\/38\/Olaf-Wolff_Image-2020-01-01-at-16.47.54-300x180.jpeg\" alt=\"NP SRL\/Olaf Wolff\" width=\"300\" height=\"180\" srcset=\"https:\/\/www.naturparkmagazin.de\/stechlin\/wp-content\/uploads\/sites\/38\/Olaf-Wolff_Image-2020-01-01-at-16.47.54-300x180.jpeg 300w, https:\/\/www.naturparkmagazin.de\/stechlin\/wp-content\/uploads\/sites\/38\/Olaf-Wolff_Image-2020-01-01-at-16.47.54.jpeg 500w, https:\/\/www.naturparkmagazin.de\/stechlin\/wp-content\/uploads\/sites\/38\/Olaf-Wolff_Image-2020-01-01-at-16.47.54-200x120.jpeg 200w\" sizes=\"(max-width: 300px) 100vw, 300px\" \/><\/a>Bei Sonnenschein und milden Temperaturen um vier Grad haben sich am 01.01.2020 mehr als 30 Freunde des Nordic Walking und Wanderns zum inzwischen schon traditionellem Neujahrslauf auf der Kyritz-Ruppiner Heide getroffen.<\/p>\n<p>\u201e<em>Wir sind fast doppelt so viele, wie vor einem Jahr<\/em>\u201c freute sich Natur- und Landschaftf\u00fchrer sowie Fitnesstrainer Olaf Wolff, der bereits seit vier Jahren am Neujahrstag nach Pfalzheim zum sportlichen Start ins neue Jahr einl\u00e4dt \u2013 die ersten zwei Jahre als Unternehmer, in den vergangenen Jahren als Chef des Vereins Fitness-TREFF-Natur e.V. .<\/p>\n<p><a href=\"https:\/\/www.naturparkmagazin.de\/stechlin\/wp-content\/uploads\/sites\/38\/Olaf-Wolff_20200101_144701.jpg\"><img decoding=\"async\" loading=\"lazy\" class=\"aligncenter size-thumbnail wp-image-9175\" src=\"https:\/\/www.naturparkmagazin.de\/stechlin\/wp-content\/uploads\/sites\/38\/Olaf-Wolff_20200101_144701-300x180.jpg\" alt=\"NP SRL\/Olaf Wolff\" width=\"300\" height=\"180\" srcset=\"https:\/\/www.naturparkmagazin.de\/stechlin\/wp-content\/uploads\/sites\/38\/Olaf-Wolff_20200101_144701-300x180.jpg 300w, https:\/\/www.naturparkmagazin.de\/stechlin\/wp-content\/uploads\/sites\/38\/Olaf-Wolff_20200101_144701.jpg 500w, https:\/\/www.naturparkmagazin.de\/stechlin\/wp-content\/uploads\/sites\/38\/Olaf-Wolff_20200101_144701-200x120.jpg 200w\" sizes=\"(max-width: 300px) 100vw, 300px\" \/><\/a>Der Verein l\u00e4dt das ganze Jahr \u00fcber zu L\u00e4ufen und\u00a0Wanderungen ein, nicht nur durch die Kyritz-Ruppiner Heide, sondern auch im gesamten Gebiet des Naturpark Stechlin-Ruppiner Land.<\/p>\n<p>So z.B. zu Touren um den Roofensee in Menz, Stechlinsee in Neuglobsow, Wutzsee in Lindow und dem Wummsee bei Flecken-Zechlin.<\/p>\n<p><span style=\"text-decoration: underline\">Kontakt:<\/span><\/p>\n<p><a href=\"http:\/\/www.fitness-treff-natur.de\">www.fitness-treff-natur.de<\/a><\/p>\n<p><a href=\"mailto:info@fitness-treff-natur.de\">info@fitness-treff-natur.de<\/a><\/p>\n<p>Tel.: 0151 151 26 790<\/p>\n","protected":false},"excerpt":{"rendered":"<p>Bei Sonnenschein und milden Temperaturen haben sich mehr als 30 Freunde des Nordic Walking und Wanderns zum inzwischen schon traditionellem Neujahrslauf auf der Kyritz-Ruppiner Heide getroffen.<\/p>\n","protected":false},"author":39,"featured_media":9176,"comment_status":"open","ping_status":"open","sticky":false,"template":"","format":"standard","meta":[],"categories":[7],"tags":[],"yoast_head":"<!-- This site is optimized with the Yoast SEO plugin v19.10 - https:\/\/yoast.com\/wordpress\/plugins\/seo\/ -->\n<title>Neujahrs-Tour - gef\u00fchrte Nordic Walking Tour - Naturpark Stechlin-Ruppiner Land<\/title>\n<meta name=\"robots\" content=\"index, follow, max-snippet:-1, max-image-preview:large, max-video-preview:-1\" \/>\n<link rel=\"canonical\" href=\"https:\/\/www.naturparkmagazin.de\/stechlin\/neujahrs-tour-gefuehrte-nordic-walking-tour\/\" \/>\n<meta property=\"og:locale\" content=\"de_DE\" \/>\n<meta property=\"og:type\" content=\"article\" \/>\n<meta property=\"og:title\" content=\"Neujahrs-Tour - gef\u00fchrte Nordic Walking Tour - Naturpark Stechlin-Ruppiner Land\" \/>\n<meta property=\"og:description\" content=\"Bei Sonnenschein und milden Temperaturen haben sich mehr als 30 Freunde des Nordic Walking und Wanderns zum inzwischen schon traditionellem Neujahrslauf auf der Kyritz-Ruppiner Heide getroffen.\" \/>\n<meta property=\"og:url\" content=\"https:\/\/www.naturparkmagazin.de\/stechlin\/neujahrs-tour-gefuehrte-nordic-walking-tour\/\" \/>\n<meta property=\"og:site_name\" content=\"Naturpark Stechlin-Ruppiner Land\" \/>\n<meta property=\"article:published_time\" content=\"2020-01-16T09:46:45+00:00\" \/>\n<meta property=\"article:modified_time\" content=\"2020-01-23T15:35:59+00:00\" \/>\n<meta property=\"og:image\" content=\"https:\/\/www.naturparkmagazin.de\/stechlin\/wp-content\/uploads\/sites\/38\/Olaf-Wolff_2020-01-01-at-16.48.32.jpeg\" \/>\n\t<meta property=\"og:image:width\" content=\"200\" \/>\n\t<meta property=\"og:image:height\" content=\"200\" \/>\n\t<meta property=\"og:image:type\" content=\"image\/jpeg\" \/>\n<meta name=\"author\" content=\"marioschrumpf\" \/>\n<meta name=\"twitter:label1\" content=\"Verfasst von\" \/>\n\t<meta name=\"twitter:data1\" content=\"marioschrumpf\" \/>\n\t<meta name=\"twitter:label2\" content=\"Gesch\u00e4tzte Lesezeit\" \/>\n\t<meta name=\"twitter:data2\" content=\"1\u00a0Minute\" \/>\n<script type=\"application\/ld+json\" class=\"yoast-schema-graph\">{\"@context\":\"https:\/\/schema.org\",\"@graph\":[{\"@type\":\"WebPage\",\"@id\":\"https:\/\/www.naturparkmagazin.de\/stechlin\/neujahrs-tour-gefuehrte-nordic-walking-tour\/\",\"url\":\"https:\/\/www.naturparkmagazin.de\/stechlin\/neujahrs-tour-gefuehrte-nordic-walking-tour\/\",\"name\":\"Neujahrs-Tour - gef\u00fchrte Nordic Walking Tour - Naturpark Stechlin-Ruppiner Land\",\"isPartOf\":{\"@id\":\"https:\/\/www.naturparkmagazin.de\/stechlin\/#website\"},\"datePublished\":\"2020-01-16T09:46:45+00:00\",\"dateModified\":\"2020-01-23T15:35:59+00:00\",\"author\":{\"@id\":\"https:\/\/www.naturparkmagazin.de\/stechlin\/#\/schema\/person\/3f0d93203df21c806dd63c76d9bb28bc\"},\"breadcrumb\":{\"@id\":\"https:\/\/www.naturparkmagazin.de\/stechlin\/neujahrs-tour-gefuehrte-nordic-walking-tour\/#breadcrumb\"},\"inLanguage\":\"de\",\"potentialAction\":[{\"@type\":\"ReadAction\",\"target\":[\"https:\/\/www.naturparkmagazin.de\/stechlin\/neujahrs-tour-gefuehrte-nordic-walking-tour\/\"]}]},{\"@type\":\"BreadcrumbList\",\"@id\":\"https:\/\/www.naturparkmagazin.de\/stechlin\/neujahrs-tour-gefuehrte-nordic-walking-tour\/#breadcrumb\",\"itemListElement\":[{\"@type\":\"ListItem\",\"position\":1,\"name\":\"Home\",\"item\":\"https:\/\/www.naturparkmagazin.de\/stechlin\/\"},{\"@type\":\"ListItem\",\"position\":2,\"name\":\"Neujahrs-Tour &#8211; gef\u00fchrte Nordic Walking Tour\"}]},{\"@type\":\"WebSite\",\"@id\":\"https:\/\/www.naturparkmagazin.de\/stechlin\/#website\",\"url\":\"https:\/\/www.naturparkmagazin.de\/stechlin\/\",\"name\":\"Naturpark Stechlin-Ruppiner Land\",\"description\":\"\",\"potentialAction\":[{\"@type\":\"SearchAction\",\"target\":{\"@type\":\"EntryPoint\",\"urlTemplate\":\"https:\/\/www.naturparkmagazin.de\/stechlin\/?s={search_term_string}\"},\"query-input\":\"required name=search_term_string\"}],\"inLanguage\":\"de\"},{\"@type\":\"Person\",\"@id\":\"https:\/\/www.naturparkmagazin.de\/stechlin\/#\/schema\/person\/3f0d93203df21c806dd63c76d9bb28bc\",\"name\":\"marioschrumpf\",\"url\":\"https:\/\/www.naturparkmagazin.de\/stechlin\/author\/marioschrumpf\/\"}]}<\/script>\n<!-- \/ Yoast SEO plugin. -->","yoast_head_json":{"title":"Neujahrs-Tour - gef\u00fchrte Nordic Walking Tour - Naturpark Stechlin-Ruppiner Land","robots":{"index":"index","follow":"follow","max-snippet":"max-snippet:-1","max-image-preview":"max-image-preview:large","max-video-preview":"max-video-preview:-1"},"canonical":"https:\/\/www.naturparkmagazin.de\/stechlin\/neujahrs-tour-gefuehrte-nordic-walking-tour\/","og_locale":"de_DE","og_type":"article","og_title":"Neujahrs-Tour - gef\u00fchrte Nordic Walking Tour - Naturpark Stechlin-Ruppiner Land","og_description":"Bei Sonnenschein und milden Temperaturen haben sich mehr als 30 Freunde des Nordic Walking und Wanderns zum inzwischen schon traditionellem Neujahrslauf auf der Kyritz-Ruppiner Heide getroffen.","og_url":"https:\/\/www.naturparkmagazin.de\/stechlin\/neujahrs-tour-gefuehrte-nordic-walking-tour\/","og_site_name":"Naturpark Stechlin-Ruppiner Land","article_published_time":"2020-01-16T09:46:45+00:00","article_modified_time":"2020-01-23T15:35:59+00:00","og_image":[{"width":200,"height":200,"url":"https:\/\/www.naturparkmagazin.de\/stechlin\/wp-content\/uploads\/sites\/38\/Olaf-Wolff_2020-01-01-at-16.48.32.jpeg","type":"image\/jpeg"}],"author":"marioschrumpf","twitter_misc":{"Verfasst von":"marioschrumpf","Gesch\u00e4tzte Lesezeit":"1\u00a0Minute"},"schema":{"@context":"https:\/\/schema.org","@graph":[{"@type":"WebPage","@id":"https:\/\/www.naturparkmagazin.de\/stechlin\/neujahrs-tour-gefuehrte-nordic-walking-tour\/","url":"https:\/\/www.naturparkmagazin.de\/stechlin\/neujahrs-tour-gefuehrte-nordic-walking-tour\/","name":"Neujahrs-Tour - gef\u00fchrte Nordic Walking Tour - Naturpark Stechlin-Ruppiner Land","isPartOf":{"@id":"https:\/\/www.naturparkmagazin.de\/stechlin\/#website"},"datePublished":"2020-01-16T09:46:45+00:00","dateModified":"2020-01-23T15:35:59+00:00","author":{"@id":"https:\/\/www.naturparkmagazin.de\/stechlin\/#\/schema\/person\/3f0d93203df21c806dd63c76d9bb28bc"},"breadcrumb":{"@id":"https:\/\/www.naturparkmagazin.de\/stechlin\/neujahrs-tour-gefuehrte-nordic-walking-tour\/#breadcrumb"},"inLanguage":"de","potentialAction":[{"@type":"ReadAction","target":["https:\/\/www.naturparkmagazin.de\/stechlin\/neujahrs-tour-gefuehrte-nordic-walking-tour\/"]}]},{"@type":"BreadcrumbList","@id":"https:\/\/www.naturparkmagazin.de\/stechlin\/neujahrs-tour-gefuehrte-nordic-walking-tour\/#breadcrumb","itemListElement":[{"@type":"ListItem","position":1,"name":"Home","item":"https:\/\/www.naturparkmagazin.de\/stechlin\/"},{"@type":"ListItem","position":2,"name":"Neujahrs-Tour &#8211; gef\u00fchrte Nordic Walking Tour"}]},{"@type":"WebSite","@id":"https:\/\/www.naturparkmagazin.de\/stechlin\/#website","url":"https:\/\/www.naturparkmagazin.de\/stechlin\/","name":"Naturpark Stechlin-Ruppiner Land","description":"","potentialAction":[{"@type":"SearchAction","target":{"@type":"EntryPoint","urlTemplate":"https:\/\/www.naturparkmagazin.de\/stechlin\/?s={search_term_string}"},"query-input":"required name=search_term_string"}],"inLanguage":"de"},{"@type":"Person","@id":"https:\/\/www.naturparkmagazin.de\/stechlin\/#\/schema\/person\/3f0d93203df21c806dd63c76d9bb28bc","name":"marioschrumpf","url":"https:\/\/www.naturparkmagazin.de\/stechlin\/author\/marioschrumpf\/"}]}},"_links":{"self":[{"href":"https:\/\/www.naturparkmagazin.de\/stechlin\/wp-json\/wp\/v2\/posts\/9173"}],"collection":[{"href":"https:\/\/www.naturparkmagazin.de\/stechlin\/wp-json\/wp\/v2\/posts"}],"about":[{"href":"https:\/\/www.naturparkmagazin.de\/stechlin\/wp-json\/wp\/v2\/types\/post"}],"author":[{"embeddable":true,"href":"https:\/\/www.naturparkmagazin.de\/stechlin\/wp-json\/wp\/v2\/users\/39"}],"replies":[{"embeddable":true,"href":"https:\/\/www.naturparkmagazin.de\/stechlin\/wp-json\/wp\/v2\/comments?post=9173"}],"version-history":[{"count":3,"href":"https:\/\/www.naturparkmagazin.de\/stechlin\/wp-json\/wp\/v2\/posts\/9173\/revisions"}],"predecessor-version":[{"id":9194,"href":"https:\/\/www.naturparkmagazin.de\/stechlin\/wp-json\/wp\/v2\/posts\/9173\/revisions\/9194"}],"wp:featuredmedia":[{"embeddable":true,"href":"https:\/\/www.naturparkmagazin.de\/stechlin\/wp-json\/wp\/v2\/media\/9176"}],"wp:attachment":[{"href":"https:\/\/www.naturparkmagazin.de\/stechlin\/wp-json\/wp\/v2\/media?parent=9173"}],"wp:term":[{"taxonomy":"category","embeddable":true,"href":"https:\/\/www.naturparkmagazin.de\/stechlin\/wp-json\/wp\/v2\/categories?post=9173"},{"taxonomy":"post_tag","embeddable":true,"href":"https:\/\/www.naturparkmagazin.de\/stechlin\/wp-json\/wp\/v2\/tags?post=9173"}],"curies":[{"name":"wp","href":"https:\/\/api.w.org\/{rel}","templated":true}]}}