{"id":92,"date":"2013-08-27T08:54:39","date_gmt":"2013-08-27T06:54:39","guid":{"rendered":"http:\/\/www.naturparkmagazin.de\/stechlin\/?p=92"},"modified":"2013-09-02T16:29:34","modified_gmt":"2013-09-02T14:29:34","slug":"andreas-kieling-auf-exkursion-im-naturschutzgebiet-stechlin","status":"publish","type":"post","link":"https:\/\/www.naturparkmagazin.de\/stechlin\/andreas-kieling-auf-exkursion-im-naturschutzgebiet-stechlin\/","title":{"rendered":"Andreas Kieling auf Exkursion im Naturschutzgebiet Stechlin"},"content":{"rendered":"<p>Der Tierfilmer und Buchautor Andreas Kieling besuchte am vorletzten Augustwochenende das Naturschutzgebiet Stechlin. 20 Leser der Berliner Zeitung hatten in einem Preisausschreiben ein Wildniswochenende im Naturpark Stechlin-Ruppiner Land mit dem Wildnisexperten gewonnen. Auf dem Programm standen u.a. ein Besuch der Greifvogelstation Woblitz im Naturpark Uckerm\u00e4rkische Seen, eine Canadier-Tour\u00a0\u00fcber den Fisch-Kanu-Pass in F\u00fcrstenberg\/Havel und eine \u00dcbernachtung im Tipi am Stolpsee. H\u00f6hepunkt der von der Tourismus-Marketing Brandenburg organisierten Tour war zweifelslos die Exkursion in die wiedervern\u00e4ssten Moore am Polzowkanal im Naturschutzgebiet Stechlin. Kielings Begleiterin, H\u00fcndin Cleo st\u00f6berte eine Ringelnatter auf, die gerade versuchte einen ausgewachsenen Braunfrosch zu verspeisen. Vorsichtig beobachteten die G\u00e4ste das einmalige Naturschauspiel von fressen und gefressen werden.<\/p>\n","protected":false},"excerpt":{"rendered":"<p>Der Tierfilmer und Buchautor Andreas Kieling besuchte am vorletzten Augustwochenende das Naturschutzgebiet Stechlin. 20 Leser der Berliner Zeitung hatten in einem Preisausschreiben ein Wildniswochenende im Naturpark Stechlin-Ruppiner Land mit dem Wildnisexperten gewonnen. Auf dem Programm standen u.a. ein Besuch der Greifvogelstation Woblitz im Naturpark Uckerm\u00e4rkische Seen, eine Canadier-Tour\u00a0\u00fcber den Fisch-Kanu-Pass in F\u00fcrstenberg\/Havel und eine \u00dcbernachtung<\/p>\n","protected":false},"author":39,"featured_media":93,"comment_status":"open","ping_status":"open","sticky":false,"template":"","format":"standard","meta":[],"categories":[7],"tags":[],"yoast_head":"<!-- This site is optimized with the Yoast SEO plugin v19.10 - https:\/\/yoast.com\/wordpress\/plugins\/seo\/ -->\n<title>Andreas Kieling auf Exkursion im Naturschutzgebiet Stechlin - Naturpark Stechlin-Ruppiner Land<\/title>\n<meta name=\"robots\" content=\"index, follow, max-snippet:-1, max-image-preview:large, max-video-preview:-1\" \/>\n<link rel=\"canonical\" href=\"https:\/\/www.naturparkmagazin.de\/stechlin\/andreas-kieling-auf-exkursion-im-naturschutzgebiet-stechlin\/\" \/>\n<meta property=\"og:locale\" content=\"de_DE\" \/>\n<meta property=\"og:type\" content=\"article\" \/>\n<meta property=\"og:title\" content=\"Andreas Kieling auf Exkursion im Naturschutzgebiet Stechlin - Naturpark Stechlin-Ruppiner Land\" \/>\n<meta property=\"og:description\" content=\"Der Tierfilmer und Buchautor Andreas Kieling besuchte am vorletzten Augustwochenende das Naturschutzgebiet Stechlin. 20 Leser der Berliner Zeitung hatten in einem Preisausschreiben ein Wildniswochenende im Naturpark Stechlin-Ruppiner Land mit dem Wildnisexperten gewonnen. Auf dem Programm standen u.a. ein Besuch der Greifvogelstation Woblitz im Naturpark Uckerm\u00e4rkische Seen, eine Canadier-Tour\u00a0\u00fcber den Fisch-Kanu-Pass in F\u00fcrstenberg\/Havel und eine \u00dcbernachtung\" \/>\n<meta property=\"og:url\" content=\"https:\/\/www.naturparkmagazin.de\/stechlin\/andreas-kieling-auf-exkursion-im-naturschutzgebiet-stechlin\/\" \/>\n<meta property=\"og:site_name\" content=\"Naturpark Stechlin-Ruppiner Land\" \/>\n<meta property=\"article:published_time\" content=\"2013-08-27T06:54:39+00:00\" \/>\n<meta property=\"article:modified_time\" content=\"2013-09-02T14:29:34+00:00\" \/>\n<meta property=\"og:image\" content=\"https:\/\/www.naturparkmagazin.de\/stechlin\/wp-content\/uploads\/sites\/38\/k-DSC_0128.jpg\" \/>\n\t<meta property=\"og:image:width\" content=\"1936\" \/>\n\t<meta property=\"og:image:height\" content=\"1296\" \/>\n\t<meta property=\"og:image:type\" content=\"image\/jpeg\" \/>\n<meta name=\"author\" content=\"marioschrumpf\" \/>\n<meta name=\"twitter:label1\" content=\"Verfasst von\" \/>\n\t<meta name=\"twitter:data1\" content=\"marioschrumpf\" \/>\n\t<meta name=\"twitter:label2\" content=\"Gesch\u00e4tzte Lesezeit\" \/>\n\t<meta name=\"twitter:data2\" content=\"1\u00a0Minute\" \/>\n<script type=\"application\/ld+json\" class=\"yoast-schema-graph\">{\"@context\":\"https:\/\/schema.org\",\"@graph\":[{\"@type\":\"WebPage\",\"@id\":\"https:\/\/www.naturparkmagazin.de\/stechlin\/andreas-kieling-auf-exkursion-im-naturschutzgebiet-stechlin\/\",\"url\":\"https:\/\/www.naturparkmagazin.de\/stechlin\/andreas-kieling-auf-exkursion-im-naturschutzgebiet-stechlin\/\",\"name\":\"Andreas Kieling auf Exkursion im Naturschutzgebiet Stechlin - Naturpark Stechlin-Ruppiner Land\",\"isPartOf\":{\"@id\":\"https:\/\/www.naturparkmagazin.de\/stechlin\/#website\"},\"datePublished\":\"2013-08-27T06:54:39+00:00\",\"dateModified\":\"2013-09-02T14:29:34+00:00\",\"author\":{\"@id\":\"https:\/\/www.naturparkmagazin.de\/stechlin\/#\/schema\/person\/3f0d93203df21c806dd63c76d9bb28bc\"},\"breadcrumb\":{\"@id\":\"https:\/\/www.naturparkmagazin.de\/stechlin\/andreas-kieling-auf-exkursion-im-naturschutzgebiet-stechlin\/#breadcrumb\"},\"inLanguage\":\"de\",\"potentialAction\":[{\"@type\":\"ReadAction\",\"target\":[\"https:\/\/www.naturparkmagazin.de\/stechlin\/andreas-kieling-auf-exkursion-im-naturschutzgebiet-stechlin\/\"]}]},{\"@type\":\"BreadcrumbList\",\"@id\":\"https:\/\/www.naturparkmagazin.de\/stechlin\/andreas-kieling-auf-exkursion-im-naturschutzgebiet-stechlin\/#breadcrumb\",\"itemListElement\":[{\"@type\":\"ListItem\",\"position\":1,\"name\":\"Home\",\"item\":\"https:\/\/www.naturparkmagazin.de\/stechlin\/\"},{\"@type\":\"ListItem\",\"position\":2,\"name\":\"Andreas Kieling auf Exkursion im Naturschutzgebiet Stechlin\"}]},{\"@type\":\"WebSite\",\"@id\":\"https:\/\/www.naturparkmagazin.de\/stechlin\/#website\",\"url\":\"https:\/\/www.naturparkmagazin.de\/stechlin\/\",\"name\":\"Naturpark Stechlin-Ruppiner Land\",\"description\":\"\",\"potentialAction\":[{\"@type\":\"SearchAction\",\"target\":{\"@type\":\"EntryPoint\",\"urlTemplate\":\"https:\/\/www.naturparkmagazin.de\/stechlin\/?s={search_term_string}\"},\"query-input\":\"required name=search_term_string\"}],\"inLanguage\":\"de\"},{\"@type\":\"Person\",\"@id\":\"https:\/\/www.naturparkmagazin.de\/stechlin\/#\/schema\/person\/3f0d93203df21c806dd63c76d9bb28bc\",\"name\":\"marioschrumpf\",\"url\":\"https:\/\/www.naturparkmagazin.de\/stechlin\/author\/marioschrumpf\/\"}]}<\/script>\n<!-- \/ Yoast SEO plugin. -->","yoast_head_json":{"title":"Andreas Kieling auf Exkursion im Naturschutzgebiet Stechlin - Naturpark Stechlin-Ruppiner Land","robots":{"index":"index","follow":"follow","max-snippet":"max-snippet:-1","max-image-preview":"max-image-preview:large","max-video-preview":"max-video-preview:-1"},"canonical":"https:\/\/www.naturparkmagazin.de\/stechlin\/andreas-kieling-auf-exkursion-im-naturschutzgebiet-stechlin\/","og_locale":"de_DE","og_type":"article","og_title":"Andreas Kieling auf Exkursion im Naturschutzgebiet Stechlin - Naturpark Stechlin-Ruppiner Land","og_description":"Der Tierfilmer und Buchautor Andreas Kieling besuchte am vorletzten Augustwochenende das Naturschutzgebiet Stechlin. 20 Leser der Berliner Zeitung hatten in einem Preisausschreiben ein Wildniswochenende im Naturpark Stechlin-Ruppiner Land mit dem Wildnisexperten gewonnen. Auf dem Programm standen u.a. ein Besuch der Greifvogelstation Woblitz im Naturpark Uckerm\u00e4rkische Seen, eine Canadier-Tour\u00a0\u00fcber den Fisch-Kanu-Pass in F\u00fcrstenberg\/Havel und eine \u00dcbernachtung","og_url":"https:\/\/www.naturparkmagazin.de\/stechlin\/andreas-kieling-auf-exkursion-im-naturschutzgebiet-stechlin\/","og_site_name":"Naturpark Stechlin-Ruppiner Land","article_published_time":"2013-08-27T06:54:39+00:00","article_modified_time":"2013-09-02T14:29:34+00:00","og_image":[{"width":1936,"height":1296,"url":"https:\/\/www.naturparkmagazin.de\/stechlin\/wp-content\/uploads\/sites\/38\/k-DSC_0128.jpg","type":"image\/jpeg"}],"author":"marioschrumpf","twitter_misc":{"Verfasst von":"marioschrumpf","Gesch\u00e4tzte Lesezeit":"1\u00a0Minute"},"schema":{"@context":"https:\/\/schema.org","@graph":[{"@type":"WebPage","@id":"https:\/\/www.naturparkmagazin.de\/stechlin\/andreas-kieling-auf-exkursion-im-naturschutzgebiet-stechlin\/","url":"https:\/\/www.naturparkmagazin.de\/stechlin\/andreas-kieling-auf-exkursion-im-naturschutzgebiet-stechlin\/","name":"Andreas Kieling auf Exkursion im Naturschutzgebiet Stechlin - Naturpark Stechlin-Ruppiner Land","isPartOf":{"@id":"https:\/\/www.naturparkmagazin.de\/stechlin\/#website"},"datePublished":"2013-08-27T06:54:39+00:00","dateModified":"2013-09-02T14:29:34+00:00","author":{"@id":"https:\/\/www.naturparkmagazin.de\/stechlin\/#\/schema\/person\/3f0d93203df21c806dd63c76d9bb28bc"},"breadcrumb":{"@id":"https:\/\/www.naturparkmagazin.de\/stechlin\/andreas-kieling-auf-exkursion-im-naturschutzgebiet-stechlin\/#breadcrumb"},"inLanguage":"de","potentialAction":[{"@type":"ReadAction","target":["https:\/\/www.naturparkmagazin.de\/stechlin\/andreas-kieling-auf-exkursion-im-naturschutzgebiet-stechlin\/"]}]},{"@type":"BreadcrumbList","@id":"https:\/\/www.naturparkmagazin.de\/stechlin\/andreas-kieling-auf-exkursion-im-naturschutzgebiet-stechlin\/#breadcrumb","itemListElement":[{"@type":"ListItem","position":1,"name":"Home","item":"https:\/\/www.naturparkmagazin.de\/stechlin\/"},{"@type":"ListItem","position":2,"name":"Andreas Kieling auf Exkursion im Naturschutzgebiet Stechlin"}]},{"@type":"WebSite","@id":"https:\/\/www.naturparkmagazin.de\/stechlin\/#website","url":"https:\/\/www.naturparkmagazin.de\/stechlin\/","name":"Naturpark Stechlin-Ruppiner Land","description":"","potentialAction":[{"@type":"SearchAction","target":{"@type":"EntryPoint","urlTemplate":"https:\/\/www.naturparkmagazin.de\/stechlin\/?s={search_term_string}"},"query-input":"required name=search_term_string"}],"inLanguage":"de"},{"@type":"Person","@id":"https:\/\/www.naturparkmagazin.de\/stechlin\/#\/schema\/person\/3f0d93203df21c806dd63c76d9bb28bc","name":"marioschrumpf","url":"https:\/\/www.naturparkmagazin.de\/stechlin\/author\/marioschrumpf\/"}]}},"_links":{"self":[{"href":"https:\/\/www.naturparkmagazin.de\/stechlin\/wp-json\/wp\/v2\/posts\/92"}],"collection":[{"href":"https:\/\/www.naturparkmagazin.de\/stechlin\/wp-json\/wp\/v2\/posts"}],"about":[{"href":"https:\/\/www.naturparkmagazin.de\/stechlin\/wp-json\/wp\/v2\/types\/post"}],"author":[{"embeddable":true,"href":"https:\/\/www.naturparkmagazin.de\/stechlin\/wp-json\/wp\/v2\/users\/39"}],"replies":[{"embeddable":true,"href":"https:\/\/www.naturparkmagazin.de\/stechlin\/wp-json\/wp\/v2\/comments?post=92"}],"version-history":[{"count":2,"href":"https:\/\/www.naturparkmagazin.de\/stechlin\/wp-json\/wp\/v2\/posts\/92\/revisions"}],"predecessor-version":[{"id":179,"href":"https:\/\/www.naturparkmagazin.de\/stechlin\/wp-json\/wp\/v2\/posts\/92\/revisions\/179"}],"wp:featuredmedia":[{"embeddable":true,"href":"https:\/\/www.naturparkmagazin.de\/stechlin\/wp-json\/wp\/v2\/media\/93"}],"wp:attachment":[{"href":"https:\/\/www.naturparkmagazin.de\/stechlin\/wp-json\/wp\/v2\/media?parent=92"}],"wp:term":[{"taxonomy":"category","embeddable":true,"href":"https:\/\/www.naturparkmagazin.de\/stechlin\/wp-json\/wp\/v2\/categories?post=92"},{"taxonomy":"post_tag","embeddable":true,"href":"https:\/\/www.naturparkmagazin.de\/stechlin\/wp-json\/wp\/v2\/tags?post=92"}],"curies":[{"name":"wp","href":"https:\/\/api.w.org\/{rel}","templated":true}]}}