{"id":9213,"date":"2020-01-16T17:23:50","date_gmt":"2020-01-16T16:23:50","guid":{"rendered":"https:\/\/www.naturparkmagazin.de\/stechlin\/?p=9213"},"modified":"2020-01-29T15:16:29","modified_gmt":"2020-01-29T14:16:29","slug":"projekt-tauchen-fuer-den-naturschutz-auf-der-boot-praesentiert-2","status":"publish","type":"post","link":"https:\/\/www.naturparkmagazin.de\/stechlin\/projekt-tauchen-fuer-den-naturschutz-auf-der-boot-praesentiert-2\/","title":{"rendered":"Projekt &#8222;Tauchen f\u00fcr den Naturschutz&#8220; auf der BOOT pr\u00e4sentiert"},"content":{"rendered":"<p><a href=\"https:\/\/www.naturparkmagazin.de\/stechlin\/wp-content\/uploads\/sites\/38\/Boot-2020_00401.jpg\"><img decoding=\"async\" loading=\"lazy\" class=\"aligncenter size-thumbnail wp-image-9229\" src=\"https:\/\/www.naturparkmagazin.de\/stechlin\/wp-content\/uploads\/sites\/38\/Boot-2020_00401-300x180.jpg\" alt=\"Np SRL\/Mario Schrumpf\" width=\"300\" height=\"180\" srcset=\"https:\/\/www.naturparkmagazin.de\/stechlin\/wp-content\/uploads\/sites\/38\/Boot-2020_00401-300x180.jpg 300w, https:\/\/www.naturparkmagazin.de\/stechlin\/wp-content\/uploads\/sites\/38\/Boot-2020_00401.jpg 500w, https:\/\/www.naturparkmagazin.de\/stechlin\/wp-content\/uploads\/sites\/38\/Boot-2020_00401-200x120.jpg 200w\" sizes=\"(max-width: 300px) 100vw, 300px\" \/><\/a>Am 8. Messetag konnten Rolf Richter Pr\u00e4sident des Hessischer Tauchsportverband e.V. und Silke Oldorff vom Naturpark Stechlin-Ruppiner Land die <a href=\"https:\/\/www.win-brandenburg.de\/\">Organisation WIN (Wassersport Initiative Nordbrandenburg)<\/a> mit Ihren Vertretern am Stand des Verbandes Deutscher Sporttaucher (VDST) begr\u00fc\u00dfen. Die WIN-Initiative m\u00f6chte den Wassertourismus zwischen den L\u00e4ndern Brandenburg und Mecklenburg f\u00f6rdern und besser vernetzen. Dabei spielt die gute Wasserqualit\u00e4t der Seen in der Brandenburgischen Seenplatte eine gro\u00dfe Rolle.<\/p>\n<p>Rolf Richter und Silke Oldorff erl\u00e4uterte den G\u00e4sten das Projekt <a href=\"https:\/\/www.vdst.de\/erleben\/mitmach-projekte\/tauchen-fuer-den-naturschutz\/\">Naturschutz-Tauchen<\/a> und berichtete \u00fcber die Zusammenarbeit mit anderen Netzwerken zum Schutz und Erhalt unserer heimischen Unterwasserwelt.<\/p>\n<p>Naturparkleiter Dr. Mario Schrumpf hatte am 2. Messewochenende zusammen mit Beatrice Kluzikowski vom Tourismusverband Ruppiner Seenland Gelegenheit das Projekt &#8222;<strong>Bett&amp;Kanu<\/strong>&#8220; auf der B\u00fchne in der &#8222;World of paddling&#8220; vorzustellen. Die Kriterien f\u00fcr die\u00a0Zertifizierung\u00a0kanufreundliche Beherbergungsbetriebe wurde vom Tourismusverband in Zusammenarbeit mit dem Naturpark Stechlin-Ruppiner Land entwickelt. Aktuell besitzen im Ruppiner Seenland, der Uckermark und in der Mecklenburgischen Seenplatte ca. 40 Betriebe das &#8222;Bett&amp;Kanu&#8220;-Zertifikat.<\/p>\n<p>Isa Winter-Brand, Vizepr\u00e4sidentin Freizeitsport des Deutschen Kanuverbandes hat in einem ersten Gespr\u00e4ch Interesse signalisiert, &#8222;Bett&amp;Kanu&#8220; bundesweit zu etablieren und die Informationen in die Canua-App des Deutschen Kanuverbandes zu integrieren.<\/p>\n<div id=\"attachment_9247\" style=\"width: 310px\" class=\"wp-caption aligncenter\"><a href=\"https:\/\/www.naturparkmagazin.de\/stechlin\/wp-content\/uploads\/sites\/38\/Boot-2020_3539_TV-RSL.jpg\"><img aria-describedby=\"caption-attachment-9247\" decoding=\"async\" loading=\"lazy\" class=\"size-thumbnail wp-image-9247\" src=\"https:\/\/www.naturparkmagazin.de\/stechlin\/wp-content\/uploads\/sites\/38\/Boot-2020_3539_TV-RSL-300x180.jpg\" alt=\"\u201eWIN-Delegation am Stand des Tourismusverbandes Ruppiner Seenland\u201c!\" width=\"300\" height=\"180\" srcset=\"https:\/\/www.naturparkmagazin.de\/stechlin\/wp-content\/uploads\/sites\/38\/Boot-2020_3539_TV-RSL-300x180.jpg 300w, https:\/\/www.naturparkmagazin.de\/stechlin\/wp-content\/uploads\/sites\/38\/Boot-2020_3539_TV-RSL.jpg 500w, https:\/\/www.naturparkmagazin.de\/stechlin\/wp-content\/uploads\/sites\/38\/Boot-2020_3539_TV-RSL-200x120.jpg 200w\" sizes=\"(max-width: 300px) 100vw, 300px\" \/><\/a><p id=\"caption-attachment-9247\" class=\"wp-caption-text\">\u201eWIN-Delegation am Stand des Tourismusverbandes Ruppiner Seenland\u201c!<\/p><\/div>\n<p>&nbsp;<\/p>\n","protected":false},"excerpt":{"rendered":"<p>Mit &#8222;Tauchen f\u00fcr den Naturschutz&#8220; und &#8222;Bett&amp;Kanu&#8220; wurden gleich zwei in Zusammenarbeit mit dem Naturpark entwickelte Projekte auf der BOOT in D\u00fcsseldorf vorgestellt.<\/p>\n","protected":false},"author":39,"featured_media":9231,"comment_status":"open","ping_status":"open","sticky":false,"template":"","format":"standard","meta":[],"categories":[7],"tags":[],"yoast_head":"<!-- This site is optimized with the Yoast SEO plugin v19.10 - https:\/\/yoast.com\/wordpress\/plugins\/seo\/ -->\n<title>Projekt &quot;Tauchen f\u00fcr den Naturschutz&quot; auf der BOOT pr\u00e4sentiert - Naturpark Stechlin-Ruppiner Land<\/title>\n<meta name=\"robots\" content=\"index, follow, max-snippet:-1, max-image-preview:large, max-video-preview:-1\" \/>\n<link rel=\"canonical\" href=\"https:\/\/www.naturparkmagazin.de\/stechlin\/projekt-tauchen-fuer-den-naturschutz-auf-der-boot-praesentiert-2\/\" \/>\n<meta property=\"og:locale\" content=\"de_DE\" \/>\n<meta property=\"og:type\" content=\"article\" \/>\n<meta property=\"og:title\" content=\"Projekt &quot;Tauchen f\u00fcr den Naturschutz&quot; auf der BOOT pr\u00e4sentiert - Naturpark Stechlin-Ruppiner Land\" \/>\n<meta property=\"og:description\" content=\"Mit &quot;Tauchen f\u00fcr den Naturschutz&quot; und &quot;Bett&amp;Kanu&quot; wurden gleich zwei in Zusammenarbeit mit dem Naturpark entwickelte Projekte auf der BOOT in D\u00fcsseldorf vorgestellt.\" \/>\n<meta property=\"og:url\" content=\"https:\/\/www.naturparkmagazin.de\/stechlin\/projekt-tauchen-fuer-den-naturschutz-auf-der-boot-praesentiert-2\/\" \/>\n<meta property=\"og:site_name\" content=\"Naturpark Stechlin-Ruppiner Land\" \/>\n<meta property=\"article:published_time\" content=\"2020-01-16T16:23:50+00:00\" \/>\n<meta property=\"article:modified_time\" content=\"2020-01-29T14:16:29+00:00\" \/>\n<meta property=\"og:image\" content=\"https:\/\/www.naturparkmagazin.de\/stechlin\/wp-content\/uploads\/sites\/38\/boot2020_Silke-Oldorff.jpg\" \/>\n\t<meta property=\"og:image:width\" content=\"200\" \/>\n\t<meta property=\"og:image:height\" content=\"200\" \/>\n\t<meta property=\"og:image:type\" content=\"image\/jpeg\" \/>\n<meta name=\"author\" content=\"marioschrumpf\" \/>\n<meta name=\"twitter:label1\" content=\"Verfasst von\" \/>\n\t<meta name=\"twitter:data1\" content=\"marioschrumpf\" \/>\n\t<meta name=\"twitter:label2\" content=\"Gesch\u00e4tzte Lesezeit\" \/>\n\t<meta name=\"twitter:data2\" content=\"1\u00a0Minute\" \/>\n<script type=\"application\/ld+json\" class=\"yoast-schema-graph\">{\"@context\":\"https:\/\/schema.org\",\"@graph\":[{\"@type\":\"WebPage\",\"@id\":\"https:\/\/www.naturparkmagazin.de\/stechlin\/projekt-tauchen-fuer-den-naturschutz-auf-der-boot-praesentiert-2\/\",\"url\":\"https:\/\/www.naturparkmagazin.de\/stechlin\/projekt-tauchen-fuer-den-naturschutz-auf-der-boot-praesentiert-2\/\",\"name\":\"Projekt \\\"Tauchen f\u00fcr den Naturschutz\\\" auf der BOOT pr\u00e4sentiert - Naturpark Stechlin-Ruppiner Land\",\"isPartOf\":{\"@id\":\"https:\/\/www.naturparkmagazin.de\/stechlin\/#website\"},\"datePublished\":\"2020-01-16T16:23:50+00:00\",\"dateModified\":\"2020-01-29T14:16:29+00:00\",\"author\":{\"@id\":\"https:\/\/www.naturparkmagazin.de\/stechlin\/#\/schema\/person\/3f0d93203df21c806dd63c76d9bb28bc\"},\"breadcrumb\":{\"@id\":\"https:\/\/www.naturparkmagazin.de\/stechlin\/projekt-tauchen-fuer-den-naturschutz-auf-der-boot-praesentiert-2\/#breadcrumb\"},\"inLanguage\":\"de\",\"potentialAction\":[{\"@type\":\"ReadAction\",\"target\":[\"https:\/\/www.naturparkmagazin.de\/stechlin\/projekt-tauchen-fuer-den-naturschutz-auf-der-boot-praesentiert-2\/\"]}]},{\"@type\":\"BreadcrumbList\",\"@id\":\"https:\/\/www.naturparkmagazin.de\/stechlin\/projekt-tauchen-fuer-den-naturschutz-auf-der-boot-praesentiert-2\/#breadcrumb\",\"itemListElement\":[{\"@type\":\"ListItem\",\"position\":1,\"name\":\"Home\",\"item\":\"https:\/\/www.naturparkmagazin.de\/stechlin\/\"},{\"@type\":\"ListItem\",\"position\":2,\"name\":\"Projekt &#8222;Tauchen f\u00fcr den Naturschutz&#8220; auf der BOOT pr\u00e4sentiert\"}]},{\"@type\":\"WebSite\",\"@id\":\"https:\/\/www.naturparkmagazin.de\/stechlin\/#website\",\"url\":\"https:\/\/www.naturparkmagazin.de\/stechlin\/\",\"name\":\"Naturpark Stechlin-Ruppiner Land\",\"description\":\"\",\"potentialAction\":[{\"@type\":\"SearchAction\",\"target\":{\"@type\":\"EntryPoint\",\"urlTemplate\":\"https:\/\/www.naturparkmagazin.de\/stechlin\/?s={search_term_string}\"},\"query-input\":\"required name=search_term_string\"}],\"inLanguage\":\"de\"},{\"@type\":\"Person\",\"@id\":\"https:\/\/www.naturparkmagazin.de\/stechlin\/#\/schema\/person\/3f0d93203df21c806dd63c76d9bb28bc\",\"name\":\"marioschrumpf\",\"url\":\"https:\/\/www.naturparkmagazin.de\/stechlin\/author\/marioschrumpf\/\"}]}<\/script>\n<!-- \/ Yoast SEO plugin. -->","yoast_head_json":{"title":"Projekt \"Tauchen f\u00fcr den Naturschutz\" auf der BOOT pr\u00e4sentiert - Naturpark Stechlin-Ruppiner Land","robots":{"index":"index","follow":"follow","max-snippet":"max-snippet:-1","max-image-preview":"max-image-preview:large","max-video-preview":"max-video-preview:-1"},"canonical":"https:\/\/www.naturparkmagazin.de\/stechlin\/projekt-tauchen-fuer-den-naturschutz-auf-der-boot-praesentiert-2\/","og_locale":"de_DE","og_type":"article","og_title":"Projekt \"Tauchen f\u00fcr den Naturschutz\" auf der BOOT pr\u00e4sentiert - Naturpark Stechlin-Ruppiner Land","og_description":"Mit \"Tauchen f\u00fcr den Naturschutz\" und \"Bett&amp;Kanu\" wurden gleich zwei in Zusammenarbeit mit dem Naturpark entwickelte Projekte auf der BOOT in D\u00fcsseldorf vorgestellt.","og_url":"https:\/\/www.naturparkmagazin.de\/stechlin\/projekt-tauchen-fuer-den-naturschutz-auf-der-boot-praesentiert-2\/","og_site_name":"Naturpark Stechlin-Ruppiner Land","article_published_time":"2020-01-16T16:23:50+00:00","article_modified_time":"2020-01-29T14:16:29+00:00","og_image":[{"width":200,"height":200,"url":"https:\/\/www.naturparkmagazin.de\/stechlin\/wp-content\/uploads\/sites\/38\/boot2020_Silke-Oldorff.jpg","type":"image\/jpeg"}],"author":"marioschrumpf","twitter_misc":{"Verfasst von":"marioschrumpf","Gesch\u00e4tzte Lesezeit":"1\u00a0Minute"},"schema":{"@context":"https:\/\/schema.org","@graph":[{"@type":"WebPage","@id":"https:\/\/www.naturparkmagazin.de\/stechlin\/projekt-tauchen-fuer-den-naturschutz-auf-der-boot-praesentiert-2\/","url":"https:\/\/www.naturparkmagazin.de\/stechlin\/projekt-tauchen-fuer-den-naturschutz-auf-der-boot-praesentiert-2\/","name":"Projekt \"Tauchen f\u00fcr den Naturschutz\" auf der BOOT pr\u00e4sentiert - Naturpark Stechlin-Ruppiner Land","isPartOf":{"@id":"https:\/\/www.naturparkmagazin.de\/stechlin\/#website"},"datePublished":"2020-01-16T16:23:50+00:00","dateModified":"2020-01-29T14:16:29+00:00","author":{"@id":"https:\/\/www.naturparkmagazin.de\/stechlin\/#\/schema\/person\/3f0d93203df21c806dd63c76d9bb28bc"},"breadcrumb":{"@id":"https:\/\/www.naturparkmagazin.de\/stechlin\/projekt-tauchen-fuer-den-naturschutz-auf-der-boot-praesentiert-2\/#breadcrumb"},"inLanguage":"de","potentialAction":[{"@type":"ReadAction","target":["https:\/\/www.naturparkmagazin.de\/stechlin\/projekt-tauchen-fuer-den-naturschutz-auf-der-boot-praesentiert-2\/"]}]},{"@type":"BreadcrumbList","@id":"https:\/\/www.naturparkmagazin.de\/stechlin\/projekt-tauchen-fuer-den-naturschutz-auf-der-boot-praesentiert-2\/#breadcrumb","itemListElement":[{"@type":"ListItem","position":1,"name":"Home","item":"https:\/\/www.naturparkmagazin.de\/stechlin\/"},{"@type":"ListItem","position":2,"name":"Projekt &#8222;Tauchen f\u00fcr den Naturschutz&#8220; auf der BOOT pr\u00e4sentiert"}]},{"@type":"WebSite","@id":"https:\/\/www.naturparkmagazin.de\/stechlin\/#website","url":"https:\/\/www.naturparkmagazin.de\/stechlin\/","name":"Naturpark Stechlin-Ruppiner Land","description":"","potentialAction":[{"@type":"SearchAction","target":{"@type":"EntryPoint","urlTemplate":"https:\/\/www.naturparkmagazin.de\/stechlin\/?s={search_term_string}"},"query-input":"required name=search_term_string"}],"inLanguage":"de"},{"@type":"Person","@id":"https:\/\/www.naturparkmagazin.de\/stechlin\/#\/schema\/person\/3f0d93203df21c806dd63c76d9bb28bc","name":"marioschrumpf","url":"https:\/\/www.naturparkmagazin.de\/stechlin\/author\/marioschrumpf\/"}]}},"_links":{"self":[{"href":"https:\/\/www.naturparkmagazin.de\/stechlin\/wp-json\/wp\/v2\/posts\/9213"}],"collection":[{"href":"https:\/\/www.naturparkmagazin.de\/stechlin\/wp-json\/wp\/v2\/posts"}],"about":[{"href":"https:\/\/www.naturparkmagazin.de\/stechlin\/wp-json\/wp\/v2\/types\/post"}],"author":[{"embeddable":true,"href":"https:\/\/www.naturparkmagazin.de\/stechlin\/wp-json\/wp\/v2\/users\/39"}],"replies":[{"embeddable":true,"href":"https:\/\/www.naturparkmagazin.de\/stechlin\/wp-json\/wp\/v2\/comments?post=9213"}],"version-history":[{"count":6,"href":"https:\/\/www.naturparkmagazin.de\/stechlin\/wp-json\/wp\/v2\/posts\/9213\/revisions"}],"predecessor-version":[{"id":9236,"href":"https:\/\/www.naturparkmagazin.de\/stechlin\/wp-json\/wp\/v2\/posts\/9213\/revisions\/9236"}],"wp:featuredmedia":[{"embeddable":true,"href":"https:\/\/www.naturparkmagazin.de\/stechlin\/wp-json\/wp\/v2\/media\/9231"}],"wp:attachment":[{"href":"https:\/\/www.naturparkmagazin.de\/stechlin\/wp-json\/wp\/v2\/media?parent=9213"}],"wp:term":[{"taxonomy":"category","embeddable":true,"href":"https:\/\/www.naturparkmagazin.de\/stechlin\/wp-json\/wp\/v2\/categories?post=9213"},{"taxonomy":"post_tag","embeddable":true,"href":"https:\/\/www.naturparkmagazin.de\/stechlin\/wp-json\/wp\/v2\/tags?post=9213"}],"curies":[{"name":"wp","href":"https:\/\/api.w.org\/{rel}","templated":true}]}}