{"id":9215,"date":"2020-01-16T08:20:25","date_gmt":"2020-01-16T07:20:25","guid":{"rendered":"https:\/\/www.naturparkmagazin.de\/stechlin\/?p=9215"},"modified":"2020-01-28T17:18:17","modified_gmt":"2020-01-28T16:18:17","slug":"filmvorfuehrung-in-der-alten-reederei","status":"publish","type":"post","link":"https:\/\/www.naturparkmagazin.de\/stechlin\/filmvorfuehrung-in-der-alten-reederei\/","title":{"rendered":"Filmvorf\u00fchrung in der Alten Reederei"},"content":{"rendered":"<p><strong><a href=\"https:\/\/www.naturparkmagazin.de\/stechlin\/wp-content\/uploads\/sites\/38\/Logo-Br\u00fcckenschlag.jpg\"><img decoding=\"async\" loading=\"lazy\" class=\"aligncenter size-thumbnail wp-image-7180\" src=\"https:\/\/www.naturparkmagazin.de\/stechlin\/wp-content\/uploads\/sites\/38\/Logo-Br\u00fcckenschlag-300x104.jpg\" alt=\"NP SRL\/Michael Wittke\" width=\"300\" height=\"104\" srcset=\"https:\/\/www.naturparkmagazin.de\/stechlin\/wp-content\/uploads\/sites\/38\/Logo-Br\u00fcckenschlag-300x104.jpg 300w, https:\/\/www.naturparkmagazin.de\/stechlin\/wp-content\/uploads\/sites\/38\/Logo-Br\u00fcckenschlag-200x70.jpg 200w, https:\/\/www.naturparkmagazin.de\/stechlin\/wp-content\/uploads\/sites\/38\/Logo-Br\u00fcckenschlag.jpg 492w\" sizes=\"(max-width: 300px) 100vw, 300px\" \/><\/a>So. 2.2., 18 Uhr<\/strong><\/p>\n<p><strong>SYSTEMSPRENGER<\/strong><\/p>\n<p>Drama | Deutschland 2019 | 125 Minuten | Regie: Nora Fingscheidt<\/p>\n<p>Ein neunj\u00e4hriges M\u00e4dchen verweigert sich so radikal allen Verhaltensnormen, dass es f\u00fcr seine Betreuer schwer wird, Pflegeeltern zu finden. Die Inszenierung setzt auf eine starke Anteilnahme der Zuschauer, die auch psychisch in das Erleben der Protagonistin involviert werden.<\/p>\n<p><strong>Fr. 7.2., 20 Uhr<\/strong><\/p>\n<p><strong>So. 9.2., 18 Uhr<\/strong><\/p>\n<p><strong>SEARCHING FOR SUGAR MAN<\/strong><\/p>\n<p>Dokumentarfilm | Schweden\/GB 2012 | 86 Minuten | Regie: Malik Bendjelloul<\/p>\n<p>Seine Produzenten hielten den Folkmusiker Sixto Rodriguez in den 70er Jahren f\u00fcr besser als Bob Dylan oder gar die Rolling Stones. Seine Platten aber floppten in den USA. In S\u00fcdafrika allerdings stieg er ohne sein Wissen zum Superstar auf. Ein \u00fcberw\u00e4ltigender Konzertfilm.<\/p>\n<p><strong>Fr. 14.2., 20 Uhr<\/strong><\/p>\n<p><strong>So. 16.2., 18 Uhr<\/strong><\/p>\n<p><strong>DER GLANZ DER UNSICHTBAREN<\/strong><\/p>\n<p>Kom\u00f6die | Frankreich 2018 | 102 Minuten | Regie: Louis-Julien Petit<\/p>\n<p>Wie hier in obdachlosen Frauen der lange versch\u00fcttete Wille zum Aufbruch geweckt wird und wie die Frauen dadurch wieder zu \u201egl\u00e4nzen&#8220; beginnen, w\u00e4rmt das Herz und weckt Bewunderung f\u00fcr den Mut und die Kreativit\u00e4t der Heldinnen. Eine mitrei\u00dfende Kom\u00f6die.<\/p>\n<p><strong>Fr. 21.2., 20 Uhr<\/strong><\/p>\n<p><strong>So. 23.2., 18 Uhr<\/strong><\/p>\n<p><strong>BORDER<\/strong><\/p>\n<p>Fantasy | Schweden\/D\u00e4nemark 2018 | 110 Minuten | Regie: Ali Abbasi<\/p>\n<p>Tina, eine wegen ihres Aussehens verlachte schwedische Grenzbeamtin, kann Scham, Angst und Wut riechen. Auf diese Weise bringt die Polizei auf die Spur eines P\u00e4dophilen-Rings. An der Grenze begegnet sie aber auch einem wesensverwandten Mann, der ihr die gemeinsame Herkunft enth\u00fcllt. Das grandiose Drama verwebt sozialen Realismus, Fantasy\/Horror und skandinavische Mythologie.<\/p>\n<p><strong>Fr. 28.2., 20 Uhr<\/strong><\/p>\n<p><strong>FRAU STERN<\/strong><\/p>\n<p>Tragikom\u00f6die | Deutschland 2018 | 82 Minuten | Regie: Anatol Schuster<\/p>\n<p>Die 90-j\u00e4hrige, j\u00fcdische Frau Stern m\u00f6chte ihrem Leben ein Ende setzen, findet aber niemanden, der ihr helfen will. Als sie die Clique ihrer Enkeltochter kennenlernt, findet sie ganz selbstverst\u00e4ndlich Anschluss an die feierfreudigen jungen Menschen. Ein federleicht und lakonisch erz\u00e4hlter, lebensbejahender Film mit wunderbar trockenem Humor.<\/p>\n","protected":false},"excerpt":{"rendered":"<p>Der Verein Br\u00fcckenschlag e.V. l\u00e4dt auch in diesem Monat wieder in die Alte Reederei in F\u00fcrstenberg\/Havel zu mehreren Filmvorf\u00fchrungen ein.<\/p>\n","protected":false},"author":39,"featured_media":4329,"comment_status":"open","ping_status":"open","sticky":false,"template":"","format":"standard","meta":[],"categories":[11],"tags":[],"yoast_head":"<!-- This site is optimized with the Yoast SEO plugin v19.10 - https:\/\/yoast.com\/wordpress\/plugins\/seo\/ -->\n<title>Filmvorf\u00fchrung in der Alten Reederei - Naturpark Stechlin-Ruppiner Land<\/title>\n<meta name=\"robots\" content=\"index, follow, max-snippet:-1, max-image-preview:large, max-video-preview:-1\" \/>\n<link rel=\"canonical\" href=\"https:\/\/www.naturparkmagazin.de\/stechlin\/filmvorfuehrung-in-der-alten-reederei\/\" \/>\n<meta property=\"og:locale\" content=\"de_DE\" \/>\n<meta property=\"og:type\" content=\"article\" \/>\n<meta property=\"og:title\" content=\"Filmvorf\u00fchrung in der Alten Reederei - Naturpark Stechlin-Ruppiner Land\" \/>\n<meta property=\"og:description\" content=\"Der Verein Br\u00fcckenschlag e.V. l\u00e4dt auch in diesem Monat wieder in die Alte Reederei in F\u00fcrstenberg\/Havel zu mehreren Filmvorf\u00fchrungen ein.\" \/>\n<meta property=\"og:url\" content=\"https:\/\/www.naturparkmagazin.de\/stechlin\/filmvorfuehrung-in-der-alten-reederei\/\" \/>\n<meta property=\"og:site_name\" content=\"Naturpark Stechlin-Ruppiner Land\" \/>\n<meta property=\"article:published_time\" content=\"2020-01-16T07:20:25+00:00\" \/>\n<meta property=\"article:modified_time\" content=\"2020-01-28T16:18:17+00:00\" \/>\n<meta property=\"og:image\" content=\"https:\/\/www.naturparkmagazin.de\/stechlin\/wp-content\/uploads\/sites\/38\/alte-reederei_DSC_0011.jpg\" \/>\n\t<meta property=\"og:image:width\" content=\"200\" \/>\n\t<meta property=\"og:image:height\" content=\"200\" \/>\n\t<meta property=\"og:image:type\" content=\"image\/jpeg\" \/>\n<meta name=\"author\" content=\"marioschrumpf\" \/>\n<meta name=\"twitter:label1\" content=\"Verfasst von\" \/>\n\t<meta name=\"twitter:data1\" content=\"marioschrumpf\" \/>\n\t<meta name=\"twitter:label2\" content=\"Gesch\u00e4tzte Lesezeit\" \/>\n\t<meta name=\"twitter:data2\" content=\"2\u00a0Minuten\" \/>\n<script type=\"application\/ld+json\" class=\"yoast-schema-graph\">{\"@context\":\"https:\/\/schema.org\",\"@graph\":[{\"@type\":\"WebPage\",\"@id\":\"https:\/\/www.naturparkmagazin.de\/stechlin\/filmvorfuehrung-in-der-alten-reederei\/\",\"url\":\"https:\/\/www.naturparkmagazin.de\/stechlin\/filmvorfuehrung-in-der-alten-reederei\/\",\"name\":\"Filmvorf\u00fchrung in der Alten Reederei - Naturpark Stechlin-Ruppiner Land\",\"isPartOf\":{\"@id\":\"https:\/\/www.naturparkmagazin.de\/stechlin\/#website\"},\"datePublished\":\"2020-01-16T07:20:25+00:00\",\"dateModified\":\"2020-01-28T16:18:17+00:00\",\"author\":{\"@id\":\"https:\/\/www.naturparkmagazin.de\/stechlin\/#\/schema\/person\/3f0d93203df21c806dd63c76d9bb28bc\"},\"breadcrumb\":{\"@id\":\"https:\/\/www.naturparkmagazin.de\/stechlin\/filmvorfuehrung-in-der-alten-reederei\/#breadcrumb\"},\"inLanguage\":\"de\",\"potentialAction\":[{\"@type\":\"ReadAction\",\"target\":[\"https:\/\/www.naturparkmagazin.de\/stechlin\/filmvorfuehrung-in-der-alten-reederei\/\"]}]},{\"@type\":\"BreadcrumbList\",\"@id\":\"https:\/\/www.naturparkmagazin.de\/stechlin\/filmvorfuehrung-in-der-alten-reederei\/#breadcrumb\",\"itemListElement\":[{\"@type\":\"ListItem\",\"position\":1,\"name\":\"Home\",\"item\":\"https:\/\/www.naturparkmagazin.de\/stechlin\/\"},{\"@type\":\"ListItem\",\"position\":2,\"name\":\"Filmvorf\u00fchrung in der Alten Reederei\"}]},{\"@type\":\"WebSite\",\"@id\":\"https:\/\/www.naturparkmagazin.de\/stechlin\/#website\",\"url\":\"https:\/\/www.naturparkmagazin.de\/stechlin\/\",\"name\":\"Naturpark Stechlin-Ruppiner Land\",\"description\":\"\",\"potentialAction\":[{\"@type\":\"SearchAction\",\"target\":{\"@type\":\"EntryPoint\",\"urlTemplate\":\"https:\/\/www.naturparkmagazin.de\/stechlin\/?s={search_term_string}\"},\"query-input\":\"required name=search_term_string\"}],\"inLanguage\":\"de\"},{\"@type\":\"Person\",\"@id\":\"https:\/\/www.naturparkmagazin.de\/stechlin\/#\/schema\/person\/3f0d93203df21c806dd63c76d9bb28bc\",\"name\":\"marioschrumpf\",\"url\":\"https:\/\/www.naturparkmagazin.de\/stechlin\/author\/marioschrumpf\/\"}]}<\/script>\n<!-- \/ Yoast SEO plugin. -->","yoast_head_json":{"title":"Filmvorf\u00fchrung in der Alten Reederei - Naturpark Stechlin-Ruppiner Land","robots":{"index":"index","follow":"follow","max-snippet":"max-snippet:-1","max-image-preview":"max-image-preview:large","max-video-preview":"max-video-preview:-1"},"canonical":"https:\/\/www.naturparkmagazin.de\/stechlin\/filmvorfuehrung-in-der-alten-reederei\/","og_locale":"de_DE","og_type":"article","og_title":"Filmvorf\u00fchrung in der Alten Reederei - Naturpark Stechlin-Ruppiner Land","og_description":"Der Verein Br\u00fcckenschlag e.V. l\u00e4dt auch in diesem Monat wieder in die Alte Reederei in F\u00fcrstenberg\/Havel zu mehreren Filmvorf\u00fchrungen ein.","og_url":"https:\/\/www.naturparkmagazin.de\/stechlin\/filmvorfuehrung-in-der-alten-reederei\/","og_site_name":"Naturpark Stechlin-Ruppiner Land","article_published_time":"2020-01-16T07:20:25+00:00","article_modified_time":"2020-01-28T16:18:17+00:00","og_image":[{"width":200,"height":200,"url":"https:\/\/www.naturparkmagazin.de\/stechlin\/wp-content\/uploads\/sites\/38\/alte-reederei_DSC_0011.jpg","type":"image\/jpeg"}],"author":"marioschrumpf","twitter_misc":{"Verfasst von":"marioschrumpf","Gesch\u00e4tzte Lesezeit":"2\u00a0Minuten"},"schema":{"@context":"https:\/\/schema.org","@graph":[{"@type":"WebPage","@id":"https:\/\/www.naturparkmagazin.de\/stechlin\/filmvorfuehrung-in-der-alten-reederei\/","url":"https:\/\/www.naturparkmagazin.de\/stechlin\/filmvorfuehrung-in-der-alten-reederei\/","name":"Filmvorf\u00fchrung in der Alten Reederei - Naturpark Stechlin-Ruppiner Land","isPartOf":{"@id":"https:\/\/www.naturparkmagazin.de\/stechlin\/#website"},"datePublished":"2020-01-16T07:20:25+00:00","dateModified":"2020-01-28T16:18:17+00:00","author":{"@id":"https:\/\/www.naturparkmagazin.de\/stechlin\/#\/schema\/person\/3f0d93203df21c806dd63c76d9bb28bc"},"breadcrumb":{"@id":"https:\/\/www.naturparkmagazin.de\/stechlin\/filmvorfuehrung-in-der-alten-reederei\/#breadcrumb"},"inLanguage":"de","potentialAction":[{"@type":"ReadAction","target":["https:\/\/www.naturparkmagazin.de\/stechlin\/filmvorfuehrung-in-der-alten-reederei\/"]}]},{"@type":"BreadcrumbList","@id":"https:\/\/www.naturparkmagazin.de\/stechlin\/filmvorfuehrung-in-der-alten-reederei\/#breadcrumb","itemListElement":[{"@type":"ListItem","position":1,"name":"Home","item":"https:\/\/www.naturparkmagazin.de\/stechlin\/"},{"@type":"ListItem","position":2,"name":"Filmvorf\u00fchrung in der Alten Reederei"}]},{"@type":"WebSite","@id":"https:\/\/www.naturparkmagazin.de\/stechlin\/#website","url":"https:\/\/www.naturparkmagazin.de\/stechlin\/","name":"Naturpark Stechlin-Ruppiner Land","description":"","potentialAction":[{"@type":"SearchAction","target":{"@type":"EntryPoint","urlTemplate":"https:\/\/www.naturparkmagazin.de\/stechlin\/?s={search_term_string}"},"query-input":"required name=search_term_string"}],"inLanguage":"de"},{"@type":"Person","@id":"https:\/\/www.naturparkmagazin.de\/stechlin\/#\/schema\/person\/3f0d93203df21c806dd63c76d9bb28bc","name":"marioschrumpf","url":"https:\/\/www.naturparkmagazin.de\/stechlin\/author\/marioschrumpf\/"}]}},"_links":{"self":[{"href":"https:\/\/www.naturparkmagazin.de\/stechlin\/wp-json\/wp\/v2\/posts\/9215"}],"collection":[{"href":"https:\/\/www.naturparkmagazin.de\/stechlin\/wp-json\/wp\/v2\/posts"}],"about":[{"href":"https:\/\/www.naturparkmagazin.de\/stechlin\/wp-json\/wp\/v2\/types\/post"}],"author":[{"embeddable":true,"href":"https:\/\/www.naturparkmagazin.de\/stechlin\/wp-json\/wp\/v2\/users\/39"}],"replies":[{"embeddable":true,"href":"https:\/\/www.naturparkmagazin.de\/stechlin\/wp-json\/wp\/v2\/comments?post=9215"}],"version-history":[{"count":3,"href":"https:\/\/www.naturparkmagazin.de\/stechlin\/wp-json\/wp\/v2\/posts\/9215\/revisions"}],"predecessor-version":[{"id":9240,"href":"https:\/\/www.naturparkmagazin.de\/stechlin\/wp-json\/wp\/v2\/posts\/9215\/revisions\/9240"}],"wp:featuredmedia":[{"embeddable":true,"href":"https:\/\/www.naturparkmagazin.de\/stechlin\/wp-json\/wp\/v2\/media\/4329"}],"wp:attachment":[{"href":"https:\/\/www.naturparkmagazin.de\/stechlin\/wp-json\/wp\/v2\/media?parent=9215"}],"wp:term":[{"taxonomy":"category","embeddable":true,"href":"https:\/\/www.naturparkmagazin.de\/stechlin\/wp-json\/wp\/v2\/categories?post=9215"},{"taxonomy":"post_tag","embeddable":true,"href":"https:\/\/www.naturparkmagazin.de\/stechlin\/wp-json\/wp\/v2\/tags?post=9215"}],"curies":[{"name":"wp","href":"https:\/\/api.w.org\/{rel}","templated":true}]}}