{"id":922,"date":"2014-04-17T13:38:51","date_gmt":"2014-04-17T11:38:51","guid":{"rendered":"http:\/\/www.naturparkmagazin.de\/stechlin\/?p=922"},"modified":"2014-04-28T10:29:54","modified_gmt":"2014-04-28T08:29:54","slug":"liebe-leserinnen-liebe-leser","status":"publish","type":"post","link":"https:\/\/www.naturparkmagazin.de\/stechlin\/liebe-leserinnen-liebe-leser\/","title":{"rendered":"Liebe Leserinnen, liebe Leser,"},"content":{"rendered":"<p>am 25. Mai laden die deutschen Naturparke zum 1. bundesweiten Naturpark-Wandertag ein. Unter dem Motto &#8222;Immer wenn das Wollgras bl\u00fcht&#8220; k\u00f6nnen Sie mit unserer Natur- und Landschaftsf\u00fchrerin Sieglinde Assatzk auf Tour gehen. Lesen Sie mehr hier\u00fcber und zu weiteren Themen in der Mai-Ausgabe unseres Newsletters.<\/p>\n<p>Viel Spa\u00df beim Lesen w\u00fcnscht Ihnen<\/p>\n<p>Dr. Mario Schrumpf\nTeamleiter des Naturparks Stechlin-Ruppiner Land<\/p>\n","protected":false},"excerpt":{"rendered":"<p>am 25. Mai laden die deutschen Naturparke zum 1. bundesweiten Naturpark-Wandertag ein. Unter dem Motto &#8222;Immer wenn das Wollgras bl\u00fcht&#8220; k\u00f6nnen Sie mit unserer Natur- und Landschaftsf\u00fchrerin Sieglinde Assatzk auf Tour gehen. Lesen Sie mehr hier\u00fcber und zu weiteren Themen in der Mai-Ausgabe unseres Newsletters. Viel Spa\u00df beim Lesen w\u00fcnscht Ihnen Dr. Mario Schrumpf Teamleiter<\/p>\n","protected":false},"author":39,"featured_media":0,"comment_status":"open","ping_status":"open","sticky":false,"template":"","format":"standard","meta":[],"categories":[52],"tags":[],"yoast_head":"<!-- This site is optimized with the Yoast SEO plugin v19.10 - https:\/\/yoast.com\/wordpress\/plugins\/seo\/ -->\n<title>Liebe Leserinnen, liebe Leser, - Naturpark Stechlin-Ruppiner Land<\/title>\n<meta name=\"robots\" content=\"index, follow, max-snippet:-1, max-image-preview:large, max-video-preview:-1\" \/>\n<link rel=\"canonical\" href=\"https:\/\/www.naturparkmagazin.de\/stechlin\/liebe-leserinnen-liebe-leser\/\" \/>\n<meta property=\"og:locale\" content=\"de_DE\" \/>\n<meta property=\"og:type\" content=\"article\" \/>\n<meta property=\"og:title\" content=\"Liebe Leserinnen, liebe Leser, - Naturpark Stechlin-Ruppiner Land\" \/>\n<meta property=\"og:description\" content=\"am 25. Mai laden die deutschen Naturparke zum 1. bundesweiten Naturpark-Wandertag ein. Unter dem Motto &#8222;Immer wenn das Wollgras bl\u00fcht&#8220; k\u00f6nnen Sie mit unserer Natur- und Landschaftsf\u00fchrerin Sieglinde Assatzk auf Tour gehen. Lesen Sie mehr hier\u00fcber und zu weiteren Themen in der Mai-Ausgabe unseres Newsletters. Viel Spa\u00df beim Lesen w\u00fcnscht Ihnen Dr. Mario Schrumpf Teamleiter\" \/>\n<meta property=\"og:url\" content=\"https:\/\/www.naturparkmagazin.de\/stechlin\/liebe-leserinnen-liebe-leser\/\" \/>\n<meta property=\"og:site_name\" content=\"Naturpark Stechlin-Ruppiner Land\" \/>\n<meta property=\"article:published_time\" content=\"2014-04-17T11:38:51+00:00\" \/>\n<meta property=\"article:modified_time\" content=\"2014-04-28T08:29:54+00:00\" \/>\n<meta name=\"author\" content=\"marioschrumpf\" \/>\n<meta name=\"twitter:label1\" content=\"Verfasst von\" \/>\n\t<meta name=\"twitter:data1\" content=\"marioschrumpf\" \/>\n<script type=\"application\/ld+json\" class=\"yoast-schema-graph\">{\"@context\":\"https:\/\/schema.org\",\"@graph\":[{\"@type\":\"WebPage\",\"@id\":\"https:\/\/www.naturparkmagazin.de\/stechlin\/liebe-leserinnen-liebe-leser\/\",\"url\":\"https:\/\/www.naturparkmagazin.de\/stechlin\/liebe-leserinnen-liebe-leser\/\",\"name\":\"Liebe Leserinnen, liebe Leser, - Naturpark Stechlin-Ruppiner Land\",\"isPartOf\":{\"@id\":\"https:\/\/www.naturparkmagazin.de\/stechlin\/#website\"},\"datePublished\":\"2014-04-17T11:38:51+00:00\",\"dateModified\":\"2014-04-28T08:29:54+00:00\",\"author\":{\"@id\":\"https:\/\/www.naturparkmagazin.de\/stechlin\/#\/schema\/person\/3f0d93203df21c806dd63c76d9bb28bc\"},\"breadcrumb\":{\"@id\":\"https:\/\/www.naturparkmagazin.de\/stechlin\/liebe-leserinnen-liebe-leser\/#breadcrumb\"},\"inLanguage\":\"de\",\"potentialAction\":[{\"@type\":\"ReadAction\",\"target\":[\"https:\/\/www.naturparkmagazin.de\/stechlin\/liebe-leserinnen-liebe-leser\/\"]}]},{\"@type\":\"BreadcrumbList\",\"@id\":\"https:\/\/www.naturparkmagazin.de\/stechlin\/liebe-leserinnen-liebe-leser\/#breadcrumb\",\"itemListElement\":[{\"@type\":\"ListItem\",\"position\":1,\"name\":\"Home\",\"item\":\"https:\/\/www.naturparkmagazin.de\/stechlin\/\"},{\"@type\":\"ListItem\",\"position\":2,\"name\":\"Liebe Leserinnen, liebe Leser,\"}]},{\"@type\":\"WebSite\",\"@id\":\"https:\/\/www.naturparkmagazin.de\/stechlin\/#website\",\"url\":\"https:\/\/www.naturparkmagazin.de\/stechlin\/\",\"name\":\"Naturpark Stechlin-Ruppiner Land\",\"description\":\"\",\"potentialAction\":[{\"@type\":\"SearchAction\",\"target\":{\"@type\":\"EntryPoint\",\"urlTemplate\":\"https:\/\/www.naturparkmagazin.de\/stechlin\/?s={search_term_string}\"},\"query-input\":\"required name=search_term_string\"}],\"inLanguage\":\"de\"},{\"@type\":\"Person\",\"@id\":\"https:\/\/www.naturparkmagazin.de\/stechlin\/#\/schema\/person\/3f0d93203df21c806dd63c76d9bb28bc\",\"name\":\"marioschrumpf\",\"url\":\"https:\/\/www.naturparkmagazin.de\/stechlin\/author\/marioschrumpf\/\"}]}<\/script>\n<!-- \/ Yoast SEO plugin. -->","yoast_head_json":{"title":"Liebe Leserinnen, liebe Leser, - Naturpark Stechlin-Ruppiner Land","robots":{"index":"index","follow":"follow","max-snippet":"max-snippet:-1","max-image-preview":"max-image-preview:large","max-video-preview":"max-video-preview:-1"},"canonical":"https:\/\/www.naturparkmagazin.de\/stechlin\/liebe-leserinnen-liebe-leser\/","og_locale":"de_DE","og_type":"article","og_title":"Liebe Leserinnen, liebe Leser, - Naturpark Stechlin-Ruppiner Land","og_description":"am 25. Mai laden die deutschen Naturparke zum 1. bundesweiten Naturpark-Wandertag ein. Unter dem Motto &#8222;Immer wenn das Wollgras bl\u00fcht&#8220; k\u00f6nnen Sie mit unserer Natur- und Landschaftsf\u00fchrerin Sieglinde Assatzk auf Tour gehen. Lesen Sie mehr hier\u00fcber und zu weiteren Themen in der Mai-Ausgabe unseres Newsletters. Viel Spa\u00df beim Lesen w\u00fcnscht Ihnen Dr. Mario Schrumpf Teamleiter","og_url":"https:\/\/www.naturparkmagazin.de\/stechlin\/liebe-leserinnen-liebe-leser\/","og_site_name":"Naturpark Stechlin-Ruppiner Land","article_published_time":"2014-04-17T11:38:51+00:00","article_modified_time":"2014-04-28T08:29:54+00:00","author":"marioschrumpf","twitter_misc":{"Verfasst von":"marioschrumpf"},"schema":{"@context":"https:\/\/schema.org","@graph":[{"@type":"WebPage","@id":"https:\/\/www.naturparkmagazin.de\/stechlin\/liebe-leserinnen-liebe-leser\/","url":"https:\/\/www.naturparkmagazin.de\/stechlin\/liebe-leserinnen-liebe-leser\/","name":"Liebe Leserinnen, liebe Leser, - Naturpark Stechlin-Ruppiner Land","isPartOf":{"@id":"https:\/\/www.naturparkmagazin.de\/stechlin\/#website"},"datePublished":"2014-04-17T11:38:51+00:00","dateModified":"2014-04-28T08:29:54+00:00","author":{"@id":"https:\/\/www.naturparkmagazin.de\/stechlin\/#\/schema\/person\/3f0d93203df21c806dd63c76d9bb28bc"},"breadcrumb":{"@id":"https:\/\/www.naturparkmagazin.de\/stechlin\/liebe-leserinnen-liebe-leser\/#breadcrumb"},"inLanguage":"de","potentialAction":[{"@type":"ReadAction","target":["https:\/\/www.naturparkmagazin.de\/stechlin\/liebe-leserinnen-liebe-leser\/"]}]},{"@type":"BreadcrumbList","@id":"https:\/\/www.naturparkmagazin.de\/stechlin\/liebe-leserinnen-liebe-leser\/#breadcrumb","itemListElement":[{"@type":"ListItem","position":1,"name":"Home","item":"https:\/\/www.naturparkmagazin.de\/stechlin\/"},{"@type":"ListItem","position":2,"name":"Liebe Leserinnen, liebe Leser,"}]},{"@type":"WebSite","@id":"https:\/\/www.naturparkmagazin.de\/stechlin\/#website","url":"https:\/\/www.naturparkmagazin.de\/stechlin\/","name":"Naturpark Stechlin-Ruppiner Land","description":"","potentialAction":[{"@type":"SearchAction","target":{"@type":"EntryPoint","urlTemplate":"https:\/\/www.naturparkmagazin.de\/stechlin\/?s={search_term_string}"},"query-input":"required name=search_term_string"}],"inLanguage":"de"},{"@type":"Person","@id":"https:\/\/www.naturparkmagazin.de\/stechlin\/#\/schema\/person\/3f0d93203df21c806dd63c76d9bb28bc","name":"marioschrumpf","url":"https:\/\/www.naturparkmagazin.de\/stechlin\/author\/marioschrumpf\/"}]}},"_links":{"self":[{"href":"https:\/\/www.naturparkmagazin.de\/stechlin\/wp-json\/wp\/v2\/posts\/922"}],"collection":[{"href":"https:\/\/www.naturparkmagazin.de\/stechlin\/wp-json\/wp\/v2\/posts"}],"about":[{"href":"https:\/\/www.naturparkmagazin.de\/stechlin\/wp-json\/wp\/v2\/types\/post"}],"author":[{"embeddable":true,"href":"https:\/\/www.naturparkmagazin.de\/stechlin\/wp-json\/wp\/v2\/users\/39"}],"replies":[{"embeddable":true,"href":"https:\/\/www.naturparkmagazin.de\/stechlin\/wp-json\/wp\/v2\/comments?post=922"}],"version-history":[{"count":5,"href":"https:\/\/www.naturparkmagazin.de\/stechlin\/wp-json\/wp\/v2\/posts\/922\/revisions"}],"predecessor-version":[{"id":1018,"href":"https:\/\/www.naturparkmagazin.de\/stechlin\/wp-json\/wp\/v2\/posts\/922\/revisions\/1018"}],"wp:attachment":[{"href":"https:\/\/www.naturparkmagazin.de\/stechlin\/wp-json\/wp\/v2\/media?parent=922"}],"wp:term":[{"taxonomy":"category","embeddable":true,"href":"https:\/\/www.naturparkmagazin.de\/stechlin\/wp-json\/wp\/v2\/categories?post=922"},{"taxonomy":"post_tag","embeddable":true,"href":"https:\/\/www.naturparkmagazin.de\/stechlin\/wp-json\/wp\/v2\/tags?post=922"}],"curies":[{"name":"wp","href":"https:\/\/api.w.org\/{rel}","templated":true}]}}