{"id":924,"date":"2014-04-17T11:10:16","date_gmt":"2014-04-17T09:10:16","guid":{"rendered":"http:\/\/www.naturparkmagazin.de\/stechlin\/?p=924"},"modified":"2014-04-23T18:42:21","modified_gmt":"2014-04-23T16:42:21","slug":"1-bundesweiter-naturparkwandertag-in-neumuehle","status":"publish","type":"post","link":"https:\/\/www.naturparkmagazin.de\/stechlin\/1-bundesweiter-naturparkwandertag-in-neumuehle\/","title":{"rendered":"1. Bundesweiter Naturparkwandertag in Neum\u00fchle"},"content":{"rendered":"<p>&nbsp;<\/p>\n<div id=\"attachment_926\" style=\"width: 510px\" class=\"wp-caption alignnone\"><a href=\"https:\/\/www.naturparkmagazin.de\/stechlin\/wp-content\/uploads\/sites\/38\/Assatzk.jpg\"><img aria-describedby=\"caption-attachment-926\" decoding=\"async\" loading=\"lazy\" class=\"size-full wp-image-926\" alt=\"F\u00fchrung mit der Natur- und Landschaftsf\u00fchrerin Sieglinde Assatzk\" src=\"https:\/\/www.naturparkmagazin.de\/stechlin\/wp-content\/uploads\/sites\/38\/Assatzk.jpg\" width=\"500\" height=\"375\" srcset=\"https:\/\/www.naturparkmagazin.de\/stechlin\/wp-content\/uploads\/sites\/38\/Assatzk.jpg 500w, https:\/\/www.naturparkmagazin.de\/stechlin\/wp-content\/uploads\/sites\/38\/Assatzk-300x225.jpg 300w, https:\/\/www.naturparkmagazin.de\/stechlin\/wp-content\/uploads\/sites\/38\/Assatzk-420x315.jpg 420w, https:\/\/www.naturparkmagazin.de\/stechlin\/wp-content\/uploads\/sites\/38\/Assatzk-180x135.jpg 180w, https:\/\/www.naturparkmagazin.de\/stechlin\/wp-content\/uploads\/sites\/38\/Assatzk-95x71.jpg 95w, https:\/\/www.naturparkmagazin.de\/stechlin\/wp-content\/uploads\/sites\/38\/Assatzk-200x150.jpg 200w\" sizes=\"(max-width: 500px) 100vw, 500px\" \/><\/a><p id=\"caption-attachment-926\" class=\"wp-caption-text\">F\u00fchrung mit der Natur- und Landschaftsf\u00fchrerin Sieglinde Assatzk<\/p><\/div>\n<p>Zu einer Grenzwanderung durch alte Buchenw\u00e4lder, zu glasklaren Seen und geheimnisvollen Mooren l\u00e4dt Sieglinde Assatzk am 25. Mai, 11 Uhr ein. Die ausgebildete Natur- und Landschaftsf\u00fchrerin war bis zum Eintritt in\u00a0den Vorruhestand Leiterin der Naturwacht Stechlin-Ruppiner Land. Im Rahmen des <strong>1. Bundesweiten Naturpark-Wandertages<\/strong> werden an diesem Wochenende Wanderungen in vielen der 104 Naturparke Deutschlands angeboten. Treffpunkt ist Neum\u00fchle am Ortsausgang Zechlinerh\u00fctte in Richtung Luhme bei Rheinsberg. Die unter dem Motto &#8222;Immer wenn das Wollgras bl\u00fcht&#8220; stehende Tour wird ca. 3 Stunden dauern. Bitte an Proviant und festes Schuhwerk denken! Der Teilnehmerbeitrag liegt bei 7\u00a0\u20ac (6 \u20ac erm\u00e4\u00dfigt) pro Person.<\/p>\n<p>&nbsp;<\/p>\n","protected":false},"excerpt":{"rendered":"<p>Zu einer Grenzwanderung durch alte Buchenw\u00e4lder, zu glasklaren Seen und geheimnisvollen Mooren l\u00e4dt Sieglinde Assatzk am 25. Mai, 11 Uhr ein.<\/p>\n","protected":false},"author":39,"featured_media":925,"comment_status":"open","ping_status":"open","sticky":false,"template":"","format":"standard","meta":[],"categories":[11],"tags":[],"yoast_head":"<!-- This site is optimized with the Yoast SEO plugin v19.10 - https:\/\/yoast.com\/wordpress\/plugins\/seo\/ -->\n<title>1. Bundesweiter Naturparkwandertag in Neum\u00fchle - Naturpark Stechlin-Ruppiner Land<\/title>\n<meta name=\"robots\" content=\"index, follow, max-snippet:-1, max-image-preview:large, max-video-preview:-1\" \/>\n<link rel=\"canonical\" href=\"https:\/\/www.naturparkmagazin.de\/stechlin\/1-bundesweiter-naturparkwandertag-in-neumuehle\/\" \/>\n<meta property=\"og:locale\" content=\"de_DE\" \/>\n<meta property=\"og:type\" content=\"article\" \/>\n<meta property=\"og:title\" content=\"1. Bundesweiter Naturparkwandertag in Neum\u00fchle - Naturpark Stechlin-Ruppiner Land\" \/>\n<meta property=\"og:description\" content=\"Zu einer Grenzwanderung durch alte Buchenw\u00e4lder, zu glasklaren Seen und geheimnisvollen Mooren l\u00e4dt Sieglinde Assatzk am 25. Mai, 11 Uhr ein.\" \/>\n<meta property=\"og:url\" content=\"https:\/\/www.naturparkmagazin.de\/stechlin\/1-bundesweiter-naturparkwandertag-in-neumuehle\/\" \/>\n<meta property=\"og:site_name\" content=\"Naturpark Stechlin-Ruppiner Land\" \/>\n<meta property=\"article:published_time\" content=\"2014-04-17T09:10:16+00:00\" \/>\n<meta property=\"article:modified_time\" content=\"2014-04-23T16:42:21+00:00\" \/>\n<meta property=\"og:image\" content=\"https:\/\/www.naturparkmagazin.de\/stechlin\/wp-content\/uploads\/sites\/38\/Wollgras003.jpg\" \/>\n\t<meta property=\"og:image:width\" content=\"180\" \/>\n\t<meta property=\"og:image:height\" content=\"278\" \/>\n\t<meta property=\"og:image:type\" content=\"image\/jpeg\" \/>\n<meta name=\"author\" content=\"marioschrumpf\" \/>\n<meta name=\"twitter:label1\" content=\"Verfasst von\" \/>\n\t<meta name=\"twitter:data1\" content=\"marioschrumpf\" \/>\n\t<meta name=\"twitter:label2\" content=\"Gesch\u00e4tzte Lesezeit\" \/>\n\t<meta name=\"twitter:data2\" content=\"1\u00a0Minute\" \/>\n<script type=\"application\/ld+json\" class=\"yoast-schema-graph\">{\"@context\":\"https:\/\/schema.org\",\"@graph\":[{\"@type\":\"WebPage\",\"@id\":\"https:\/\/www.naturparkmagazin.de\/stechlin\/1-bundesweiter-naturparkwandertag-in-neumuehle\/\",\"url\":\"https:\/\/www.naturparkmagazin.de\/stechlin\/1-bundesweiter-naturparkwandertag-in-neumuehle\/\",\"name\":\"1. Bundesweiter Naturparkwandertag in Neum\u00fchle - Naturpark Stechlin-Ruppiner Land\",\"isPartOf\":{\"@id\":\"https:\/\/www.naturparkmagazin.de\/stechlin\/#website\"},\"datePublished\":\"2014-04-17T09:10:16+00:00\",\"dateModified\":\"2014-04-23T16:42:21+00:00\",\"author\":{\"@id\":\"https:\/\/www.naturparkmagazin.de\/stechlin\/#\/schema\/person\/3f0d93203df21c806dd63c76d9bb28bc\"},\"breadcrumb\":{\"@id\":\"https:\/\/www.naturparkmagazin.de\/stechlin\/1-bundesweiter-naturparkwandertag-in-neumuehle\/#breadcrumb\"},\"inLanguage\":\"de\",\"potentialAction\":[{\"@type\":\"ReadAction\",\"target\":[\"https:\/\/www.naturparkmagazin.de\/stechlin\/1-bundesweiter-naturparkwandertag-in-neumuehle\/\"]}]},{\"@type\":\"BreadcrumbList\",\"@id\":\"https:\/\/www.naturparkmagazin.de\/stechlin\/1-bundesweiter-naturparkwandertag-in-neumuehle\/#breadcrumb\",\"itemListElement\":[{\"@type\":\"ListItem\",\"position\":1,\"name\":\"Home\",\"item\":\"https:\/\/www.naturparkmagazin.de\/stechlin\/\"},{\"@type\":\"ListItem\",\"position\":2,\"name\":\"1. Bundesweiter Naturparkwandertag in Neum\u00fchle\"}]},{\"@type\":\"WebSite\",\"@id\":\"https:\/\/www.naturparkmagazin.de\/stechlin\/#website\",\"url\":\"https:\/\/www.naturparkmagazin.de\/stechlin\/\",\"name\":\"Naturpark Stechlin-Ruppiner Land\",\"description\":\"\",\"potentialAction\":[{\"@type\":\"SearchAction\",\"target\":{\"@type\":\"EntryPoint\",\"urlTemplate\":\"https:\/\/www.naturparkmagazin.de\/stechlin\/?s={search_term_string}\"},\"query-input\":\"required name=search_term_string\"}],\"inLanguage\":\"de\"},{\"@type\":\"Person\",\"@id\":\"https:\/\/www.naturparkmagazin.de\/stechlin\/#\/schema\/person\/3f0d93203df21c806dd63c76d9bb28bc\",\"name\":\"marioschrumpf\",\"url\":\"https:\/\/www.naturparkmagazin.de\/stechlin\/author\/marioschrumpf\/\"}]}<\/script>\n<!-- \/ Yoast SEO plugin. -->","yoast_head_json":{"title":"1. Bundesweiter Naturparkwandertag in Neum\u00fchle - Naturpark Stechlin-Ruppiner Land","robots":{"index":"index","follow":"follow","max-snippet":"max-snippet:-1","max-image-preview":"max-image-preview:large","max-video-preview":"max-video-preview:-1"},"canonical":"https:\/\/www.naturparkmagazin.de\/stechlin\/1-bundesweiter-naturparkwandertag-in-neumuehle\/","og_locale":"de_DE","og_type":"article","og_title":"1. Bundesweiter Naturparkwandertag in Neum\u00fchle - Naturpark Stechlin-Ruppiner Land","og_description":"Zu einer Grenzwanderung durch alte Buchenw\u00e4lder, zu glasklaren Seen und geheimnisvollen Mooren l\u00e4dt Sieglinde Assatzk am 25. Mai, 11 Uhr ein.","og_url":"https:\/\/www.naturparkmagazin.de\/stechlin\/1-bundesweiter-naturparkwandertag-in-neumuehle\/","og_site_name":"Naturpark Stechlin-Ruppiner Land","article_published_time":"2014-04-17T09:10:16+00:00","article_modified_time":"2014-04-23T16:42:21+00:00","og_image":[{"width":180,"height":278,"url":"https:\/\/www.naturparkmagazin.de\/stechlin\/wp-content\/uploads\/sites\/38\/Wollgras003.jpg","type":"image\/jpeg"}],"author":"marioschrumpf","twitter_misc":{"Verfasst von":"marioschrumpf","Gesch\u00e4tzte Lesezeit":"1\u00a0Minute"},"schema":{"@context":"https:\/\/schema.org","@graph":[{"@type":"WebPage","@id":"https:\/\/www.naturparkmagazin.de\/stechlin\/1-bundesweiter-naturparkwandertag-in-neumuehle\/","url":"https:\/\/www.naturparkmagazin.de\/stechlin\/1-bundesweiter-naturparkwandertag-in-neumuehle\/","name":"1. Bundesweiter Naturparkwandertag in Neum\u00fchle - Naturpark Stechlin-Ruppiner Land","isPartOf":{"@id":"https:\/\/www.naturparkmagazin.de\/stechlin\/#website"},"datePublished":"2014-04-17T09:10:16+00:00","dateModified":"2014-04-23T16:42:21+00:00","author":{"@id":"https:\/\/www.naturparkmagazin.de\/stechlin\/#\/schema\/person\/3f0d93203df21c806dd63c76d9bb28bc"},"breadcrumb":{"@id":"https:\/\/www.naturparkmagazin.de\/stechlin\/1-bundesweiter-naturparkwandertag-in-neumuehle\/#breadcrumb"},"inLanguage":"de","potentialAction":[{"@type":"ReadAction","target":["https:\/\/www.naturparkmagazin.de\/stechlin\/1-bundesweiter-naturparkwandertag-in-neumuehle\/"]}]},{"@type":"BreadcrumbList","@id":"https:\/\/www.naturparkmagazin.de\/stechlin\/1-bundesweiter-naturparkwandertag-in-neumuehle\/#breadcrumb","itemListElement":[{"@type":"ListItem","position":1,"name":"Home","item":"https:\/\/www.naturparkmagazin.de\/stechlin\/"},{"@type":"ListItem","position":2,"name":"1. Bundesweiter Naturparkwandertag in Neum\u00fchle"}]},{"@type":"WebSite","@id":"https:\/\/www.naturparkmagazin.de\/stechlin\/#website","url":"https:\/\/www.naturparkmagazin.de\/stechlin\/","name":"Naturpark Stechlin-Ruppiner Land","description":"","potentialAction":[{"@type":"SearchAction","target":{"@type":"EntryPoint","urlTemplate":"https:\/\/www.naturparkmagazin.de\/stechlin\/?s={search_term_string}"},"query-input":"required name=search_term_string"}],"inLanguage":"de"},{"@type":"Person","@id":"https:\/\/www.naturparkmagazin.de\/stechlin\/#\/schema\/person\/3f0d93203df21c806dd63c76d9bb28bc","name":"marioschrumpf","url":"https:\/\/www.naturparkmagazin.de\/stechlin\/author\/marioschrumpf\/"}]}},"_links":{"self":[{"href":"https:\/\/www.naturparkmagazin.de\/stechlin\/wp-json\/wp\/v2\/posts\/924"}],"collection":[{"href":"https:\/\/www.naturparkmagazin.de\/stechlin\/wp-json\/wp\/v2\/posts"}],"about":[{"href":"https:\/\/www.naturparkmagazin.de\/stechlin\/wp-json\/wp\/v2\/types\/post"}],"author":[{"embeddable":true,"href":"https:\/\/www.naturparkmagazin.de\/stechlin\/wp-json\/wp\/v2\/users\/39"}],"replies":[{"embeddable":true,"href":"https:\/\/www.naturparkmagazin.de\/stechlin\/wp-json\/wp\/v2\/comments?post=924"}],"version-history":[{"count":3,"href":"https:\/\/www.naturparkmagazin.de\/stechlin\/wp-json\/wp\/v2\/posts\/924\/revisions"}],"predecessor-version":[{"id":984,"href":"https:\/\/www.naturparkmagazin.de\/stechlin\/wp-json\/wp\/v2\/posts\/924\/revisions\/984"}],"wp:featuredmedia":[{"embeddable":true,"href":"https:\/\/www.naturparkmagazin.de\/stechlin\/wp-json\/wp\/v2\/media\/925"}],"wp:attachment":[{"href":"https:\/\/www.naturparkmagazin.de\/stechlin\/wp-json\/wp\/v2\/media?parent=924"}],"wp:term":[{"taxonomy":"category","embeddable":true,"href":"https:\/\/www.naturparkmagazin.de\/stechlin\/wp-json\/wp\/v2\/categories?post=924"},{"taxonomy":"post_tag","embeddable":true,"href":"https:\/\/www.naturparkmagazin.de\/stechlin\/wp-json\/wp\/v2\/tags?post=924"}],"curies":[{"name":"wp","href":"https:\/\/api.w.org\/{rel}","templated":true}]}}