{"id":9265,"date":"2020-02-14T09:44:08","date_gmt":"2020-02-14T08:44:08","guid":{"rendered":"https:\/\/www.naturparkmagazin.de\/stechlin\/?p=9265"},"modified":"2025-06-19T13:49:05","modified_gmt":"2025-06-19T11:49:05","slug":"ausstellung-spass-am-malen","status":"publish","type":"post","link":"https:\/\/www.naturparkmagazin.de\/stechlin\/ausstellung-spass-am-malen\/","title":{"rendered":"Ausstellung &#8222;Spa\u00df am Malen&#8220; (2020)"},"content":{"rendered":"<p><strong><a href=\"https:\/\/www.naturparkmagazin.de\/stechlin\/wp-content\/uploads\/sites\/38\/Christel-St\u00fcwe_2.jpg\"><img decoding=\"async\" loading=\"lazy\" class=\"aligncenter size-thumbnail wp-image-9267\" src=\"https:\/\/www.naturparkmagazin.de\/stechlin\/wp-content\/uploads\/sites\/38\/Christel-St\u00fcwe_2-300x180.jpg\" alt=\"NP SRL\/Christel St\u00fcwe\" width=\"300\" height=\"180\" srcset=\"https:\/\/www.naturparkmagazin.de\/stechlin\/wp-content\/uploads\/sites\/38\/Christel-St\u00fcwe_2-300x180.jpg 300w, https:\/\/www.naturparkmagazin.de\/stechlin\/wp-content\/uploads\/sites\/38\/Christel-St\u00fcwe_2.jpg 500w, https:\/\/www.naturparkmagazin.de\/stechlin\/wp-content\/uploads\/sites\/38\/Christel-St\u00fcwe_2-200x120.jpg 200w\" sizes=\"(max-width: 300px) 100vw, 300px\" \/><\/a>Ausstellungser\u00f6ffnung Spa\u00df am Malen, Bilder von Christel St\u00fcwe.<\/strong><\/p>\n<p><strong>Treff:<\/strong> 6. M\u00e4rz, 18:00 Uhr, Regionalwerkstatt Stechlin in Menz<\/p>\n<p><strong>Info:<\/strong> Naturparkverwaltung, Tel.: 033082 4070<\/p>\n<p>barrierefrei<\/p>\n<p><a href=\"https:\/\/www.naturparkmagazin.de\/stechlin\/wp-content\/uploads\/sites\/38\/Christel-St\u00fcwe-15.jpg\"><img decoding=\"async\" loading=\"lazy\" class=\"aligncenter size-thumbnail wp-image-9266\" src=\"https:\/\/www.naturparkmagazin.de\/stechlin\/wp-content\/uploads\/sites\/38\/Christel-St\u00fcwe-15-300x180.jpg\" alt=\"NP SRL\/Christel St\u00fcwe\" width=\"300\" height=\"180\" srcset=\"https:\/\/www.naturparkmagazin.de\/stechlin\/wp-content\/uploads\/sites\/38\/Christel-St\u00fcwe-15-300x180.jpg 300w, https:\/\/www.naturparkmagazin.de\/stechlin\/wp-content\/uploads\/sites\/38\/Christel-St\u00fcwe-15.jpg 500w, https:\/\/www.naturparkmagazin.de\/stechlin\/wp-content\/uploads\/sites\/38\/Christel-St\u00fcwe-15-200x120.jpg 200w\" sizes=\"(max-width: 300px) 100vw, 300px\" \/><\/a><\/p>\n","protected":false},"excerpt":{"rendered":"<p>Ausstellungser\u00f6ffnung Spa\u00df am Malen, Bilder von Christel St\u00fcwe.<\/p>\n","protected":false},"author":39,"featured_media":9268,"comment_status":"open","ping_status":"open","sticky":false,"template":"","format":"standard","meta":[],"categories":[11],"tags":[],"yoast_head":"<!-- This site is optimized with the Yoast SEO plugin v19.10 - https:\/\/yoast.com\/wordpress\/plugins\/seo\/ -->\n<title>Ausstellung &quot;Spa\u00df am Malen&quot; (2020) - Naturpark Stechlin-Ruppiner Land<\/title>\n<meta name=\"robots\" content=\"index, follow, max-snippet:-1, max-image-preview:large, max-video-preview:-1\" \/>\n<link rel=\"canonical\" href=\"https:\/\/www.naturparkmagazin.de\/stechlin\/ausstellung-spass-am-malen\/\" \/>\n<meta property=\"og:locale\" content=\"de_DE\" \/>\n<meta property=\"og:type\" content=\"article\" \/>\n<meta property=\"og:title\" content=\"Ausstellung &quot;Spa\u00df am Malen&quot; (2020) - Naturpark Stechlin-Ruppiner Land\" \/>\n<meta property=\"og:description\" content=\"Ausstellungser\u00f6ffnung Spa\u00df am Malen, Bilder von Christel St\u00fcwe.\" \/>\n<meta property=\"og:url\" content=\"https:\/\/www.naturparkmagazin.de\/stechlin\/ausstellung-spass-am-malen\/\" \/>\n<meta property=\"og:site_name\" content=\"Naturpark Stechlin-Ruppiner Land\" \/>\n<meta property=\"article:published_time\" content=\"2020-02-14T08:44:08+00:00\" \/>\n<meta property=\"article:modified_time\" content=\"2025-06-19T11:49:05+00:00\" \/>\n<meta property=\"og:image\" content=\"https:\/\/www.naturparkmagazin.de\/stechlin\/wp-content\/uploads\/sites\/38\/Christel-St\u00fcwe-09.jpg\" \/>\n\t<meta property=\"og:image:width\" content=\"200\" \/>\n\t<meta property=\"og:image:height\" content=\"200\" \/>\n\t<meta property=\"og:image:type\" content=\"image\/jpeg\" \/>\n<meta name=\"author\" content=\"marioschrumpf\" \/>\n<meta name=\"twitter:label1\" content=\"Verfasst von\" \/>\n\t<meta name=\"twitter:data1\" content=\"marioschrumpf\" \/>\n<script type=\"application\/ld+json\" class=\"yoast-schema-graph\">{\"@context\":\"https:\/\/schema.org\",\"@graph\":[{\"@type\":\"WebPage\",\"@id\":\"https:\/\/www.naturparkmagazin.de\/stechlin\/ausstellung-spass-am-malen\/\",\"url\":\"https:\/\/www.naturparkmagazin.de\/stechlin\/ausstellung-spass-am-malen\/\",\"name\":\"Ausstellung \\\"Spa\u00df am Malen\\\" (2020) - Naturpark Stechlin-Ruppiner Land\",\"isPartOf\":{\"@id\":\"https:\/\/www.naturparkmagazin.de\/stechlin\/#website\"},\"datePublished\":\"2020-02-14T08:44:08+00:00\",\"dateModified\":\"2025-06-19T11:49:05+00:00\",\"author\":{\"@id\":\"https:\/\/www.naturparkmagazin.de\/stechlin\/#\/schema\/person\/3f0d93203df21c806dd63c76d9bb28bc\"},\"breadcrumb\":{\"@id\":\"https:\/\/www.naturparkmagazin.de\/stechlin\/ausstellung-spass-am-malen\/#breadcrumb\"},\"inLanguage\":\"de\",\"potentialAction\":[{\"@type\":\"ReadAction\",\"target\":[\"https:\/\/www.naturparkmagazin.de\/stechlin\/ausstellung-spass-am-malen\/\"]}]},{\"@type\":\"BreadcrumbList\",\"@id\":\"https:\/\/www.naturparkmagazin.de\/stechlin\/ausstellung-spass-am-malen\/#breadcrumb\",\"itemListElement\":[{\"@type\":\"ListItem\",\"position\":1,\"name\":\"Home\",\"item\":\"https:\/\/www.naturparkmagazin.de\/stechlin\/\"},{\"@type\":\"ListItem\",\"position\":2,\"name\":\"Ausstellung &#8222;Spa\u00df am Malen&#8220; (2020)\"}]},{\"@type\":\"WebSite\",\"@id\":\"https:\/\/www.naturparkmagazin.de\/stechlin\/#website\",\"url\":\"https:\/\/www.naturparkmagazin.de\/stechlin\/\",\"name\":\"Naturpark Stechlin-Ruppiner Land\",\"description\":\"\",\"potentialAction\":[{\"@type\":\"SearchAction\",\"target\":{\"@type\":\"EntryPoint\",\"urlTemplate\":\"https:\/\/www.naturparkmagazin.de\/stechlin\/?s={search_term_string}\"},\"query-input\":\"required name=search_term_string\"}],\"inLanguage\":\"de\"},{\"@type\":\"Person\",\"@id\":\"https:\/\/www.naturparkmagazin.de\/stechlin\/#\/schema\/person\/3f0d93203df21c806dd63c76d9bb28bc\",\"name\":\"marioschrumpf\",\"url\":\"https:\/\/www.naturparkmagazin.de\/stechlin\/author\/marioschrumpf\/\"}]}<\/script>\n<!-- \/ Yoast SEO plugin. -->","yoast_head_json":{"title":"Ausstellung \"Spa\u00df am Malen\" (2020) - Naturpark Stechlin-Ruppiner Land","robots":{"index":"index","follow":"follow","max-snippet":"max-snippet:-1","max-image-preview":"max-image-preview:large","max-video-preview":"max-video-preview:-1"},"canonical":"https:\/\/www.naturparkmagazin.de\/stechlin\/ausstellung-spass-am-malen\/","og_locale":"de_DE","og_type":"article","og_title":"Ausstellung \"Spa\u00df am Malen\" (2020) - Naturpark Stechlin-Ruppiner Land","og_description":"Ausstellungser\u00f6ffnung Spa\u00df am Malen, Bilder von Christel St\u00fcwe.","og_url":"https:\/\/www.naturparkmagazin.de\/stechlin\/ausstellung-spass-am-malen\/","og_site_name":"Naturpark Stechlin-Ruppiner Land","article_published_time":"2020-02-14T08:44:08+00:00","article_modified_time":"2025-06-19T11:49:05+00:00","og_image":[{"width":200,"height":200,"url":"https:\/\/www.naturparkmagazin.de\/stechlin\/wp-content\/uploads\/sites\/38\/Christel-St\u00fcwe-09.jpg","type":"image\/jpeg"}],"author":"marioschrumpf","twitter_misc":{"Verfasst von":"marioschrumpf"},"schema":{"@context":"https:\/\/schema.org","@graph":[{"@type":"WebPage","@id":"https:\/\/www.naturparkmagazin.de\/stechlin\/ausstellung-spass-am-malen\/","url":"https:\/\/www.naturparkmagazin.de\/stechlin\/ausstellung-spass-am-malen\/","name":"Ausstellung \"Spa\u00df am Malen\" (2020) - Naturpark Stechlin-Ruppiner Land","isPartOf":{"@id":"https:\/\/www.naturparkmagazin.de\/stechlin\/#website"},"datePublished":"2020-02-14T08:44:08+00:00","dateModified":"2025-06-19T11:49:05+00:00","author":{"@id":"https:\/\/www.naturparkmagazin.de\/stechlin\/#\/schema\/person\/3f0d93203df21c806dd63c76d9bb28bc"},"breadcrumb":{"@id":"https:\/\/www.naturparkmagazin.de\/stechlin\/ausstellung-spass-am-malen\/#breadcrumb"},"inLanguage":"de","potentialAction":[{"@type":"ReadAction","target":["https:\/\/www.naturparkmagazin.de\/stechlin\/ausstellung-spass-am-malen\/"]}]},{"@type":"BreadcrumbList","@id":"https:\/\/www.naturparkmagazin.de\/stechlin\/ausstellung-spass-am-malen\/#breadcrumb","itemListElement":[{"@type":"ListItem","position":1,"name":"Home","item":"https:\/\/www.naturparkmagazin.de\/stechlin\/"},{"@type":"ListItem","position":2,"name":"Ausstellung &#8222;Spa\u00df am Malen&#8220; (2020)"}]},{"@type":"WebSite","@id":"https:\/\/www.naturparkmagazin.de\/stechlin\/#website","url":"https:\/\/www.naturparkmagazin.de\/stechlin\/","name":"Naturpark Stechlin-Ruppiner Land","description":"","potentialAction":[{"@type":"SearchAction","target":{"@type":"EntryPoint","urlTemplate":"https:\/\/www.naturparkmagazin.de\/stechlin\/?s={search_term_string}"},"query-input":"required name=search_term_string"}],"inLanguage":"de"},{"@type":"Person","@id":"https:\/\/www.naturparkmagazin.de\/stechlin\/#\/schema\/person\/3f0d93203df21c806dd63c76d9bb28bc","name":"marioschrumpf","url":"https:\/\/www.naturparkmagazin.de\/stechlin\/author\/marioschrumpf\/"}]}},"_links":{"self":[{"href":"https:\/\/www.naturparkmagazin.de\/stechlin\/wp-json\/wp\/v2\/posts\/9265"}],"collection":[{"href":"https:\/\/www.naturparkmagazin.de\/stechlin\/wp-json\/wp\/v2\/posts"}],"about":[{"href":"https:\/\/www.naturparkmagazin.de\/stechlin\/wp-json\/wp\/v2\/types\/post"}],"author":[{"embeddable":true,"href":"https:\/\/www.naturparkmagazin.de\/stechlin\/wp-json\/wp\/v2\/users\/39"}],"replies":[{"embeddable":true,"href":"https:\/\/www.naturparkmagazin.de\/stechlin\/wp-json\/wp\/v2\/comments?post=9265"}],"version-history":[{"count":3,"href":"https:\/\/www.naturparkmagazin.de\/stechlin\/wp-json\/wp\/v2\/posts\/9265\/revisions"}],"predecessor-version":[{"id":17519,"href":"https:\/\/www.naturparkmagazin.de\/stechlin\/wp-json\/wp\/v2\/posts\/9265\/revisions\/17519"}],"wp:featuredmedia":[{"embeddable":true,"href":"https:\/\/www.naturparkmagazin.de\/stechlin\/wp-json\/wp\/v2\/media\/9268"}],"wp:attachment":[{"href":"https:\/\/www.naturparkmagazin.de\/stechlin\/wp-json\/wp\/v2\/media?parent=9265"}],"wp:term":[{"taxonomy":"category","embeddable":true,"href":"https:\/\/www.naturparkmagazin.de\/stechlin\/wp-json\/wp\/v2\/categories?post=9265"},{"taxonomy":"post_tag","embeddable":true,"href":"https:\/\/www.naturparkmagazin.de\/stechlin\/wp-json\/wp\/v2\/tags?post=9265"}],"curies":[{"name":"wp","href":"https:\/\/api.w.org\/{rel}","templated":true}]}}