{"id":9285,"date":"2020-02-14T08:10:56","date_gmt":"2020-02-14T07:10:56","guid":{"rendered":"https:\/\/www.naturparkmagazin.de\/stechlin\/?p=9285"},"modified":"2020-02-14T11:22:27","modified_gmt":"2020-02-14T10:22:27","slug":"woche-der-umwelt-ins-schloss-bellevue","status":"publish","type":"post","link":"https:\/\/www.naturparkmagazin.de\/stechlin\/woche-der-umwelt-ins-schloss-bellevue\/","title":{"rendered":"Auf ins Schloss Bellevue &#8211; Woche der Umwelt"},"content":{"rendered":"<p><a href=\"https:\/\/www.naturparkmagazin.de\/stechlin\/wp-content\/uploads\/sites\/38\/P6070883.jpg\"><img decoding=\"async\" loading=\"lazy\" class=\"aligncenter size-thumbnail wp-image-9287\" src=\"https:\/\/www.naturparkmagazin.de\/stechlin\/wp-content\/uploads\/sites\/38\/P6070883-300x180.jpg\" alt=\"NP SRL\/Silke Oldorff\" width=\"300\" height=\"180\" srcset=\"https:\/\/www.naturparkmagazin.de\/stechlin\/wp-content\/uploads\/sites\/38\/P6070883-300x180.jpg 300w, https:\/\/www.naturparkmagazin.de\/stechlin\/wp-content\/uploads\/sites\/38\/P6070883.jpg 500w, https:\/\/www.naturparkmagazin.de\/stechlin\/wp-content\/uploads\/sites\/38\/P6070883-200x120.jpg 200w\" sizes=\"(max-width: 300px) 100vw, 300px\" \/><\/a>Bundespr\u00e4sident Frank-Walter Steinmeier hat uns zusammen mit der Deutschen Bundesstiftung Umwelt (DBU) am 9. und 10. Juni 2020 zur Woche der Umwelt in den Park von Schloss Bellevue eingeladen. Das im Naturpark Stechlin-Ruppiner Land von Sporttauchern und Natursch\u00fctzern entstandene Projekt Tauchen f\u00fcr den Naturschutz gibt es mittlerweile in 12 Bundesl\u00e4ndern, es beteiligen sich ca. 25 Vereine mit \u00fcber 400 Sporttaucher.<\/p>\n<p><a href=\"https:\/\/www.woche-der-umwelt.de\/ausstellerKonkret\/1842\">https:\/\/www.woche-der-umwelt.de\/ausstellerKonkret\/1842<\/a><\/p>\n<p><a href=\"https:\/\/www.naturparkmagazin.de\/stechlin\/wp-content\/uploads\/sites\/38\/P9245033.jpg\"><img decoding=\"async\" loading=\"lazy\" class=\"aligncenter size-thumbnail wp-image-9286\" src=\"https:\/\/www.naturparkmagazin.de\/stechlin\/wp-content\/uploads\/sites\/38\/P9245033-300x180.jpg\" alt=\"NP SRL\/Silke Oldorff\" width=\"300\" height=\"180\" srcset=\"https:\/\/www.naturparkmagazin.de\/stechlin\/wp-content\/uploads\/sites\/38\/P9245033-300x180.jpg 300w, https:\/\/www.naturparkmagazin.de\/stechlin\/wp-content\/uploads\/sites\/38\/P9245033.jpg 500w, https:\/\/www.naturparkmagazin.de\/stechlin\/wp-content\/uploads\/sites\/38\/P9245033-200x120.jpg 200w\" sizes=\"(max-width: 300px) 100vw, 300px\" \/><\/a><\/p>\n","protected":false},"excerpt":{"rendered":"<p>Bundespr\u00e4sident Frank-Walter Steinmeier hat uns zusammen mit der Deutschen Bundesstiftung Umwelt (DBU) am 9. und 10. Juni 2020 zur Woche der Umwelt in den Park von Schloss Bellevue eingeladen.<\/p>\n","protected":false},"author":39,"featured_media":9288,"comment_status":"open","ping_status":"open","sticky":false,"template":"","format":"standard","meta":[],"categories":[11],"tags":[],"yoast_head":"<!-- This site is optimized with the Yoast SEO plugin v19.10 - https:\/\/yoast.com\/wordpress\/plugins\/seo\/ -->\n<title>Auf ins Schloss Bellevue - Woche der Umwelt - Naturpark Stechlin-Ruppiner Land<\/title>\n<meta name=\"robots\" content=\"index, follow, max-snippet:-1, max-image-preview:large, max-video-preview:-1\" \/>\n<link rel=\"canonical\" href=\"https:\/\/www.naturparkmagazin.de\/stechlin\/woche-der-umwelt-ins-schloss-bellevue\/\" \/>\n<meta property=\"og:locale\" content=\"de_DE\" \/>\n<meta property=\"og:type\" content=\"article\" \/>\n<meta property=\"og:title\" content=\"Auf ins Schloss Bellevue - Woche der Umwelt - Naturpark Stechlin-Ruppiner Land\" \/>\n<meta property=\"og:description\" content=\"Bundespr\u00e4sident Frank-Walter Steinmeier hat uns zusammen mit der Deutschen Bundesstiftung Umwelt (DBU) am 9. und 10. Juni 2020 zur Woche der Umwelt in den Park von Schloss Bellevue eingeladen.\" \/>\n<meta property=\"og:url\" content=\"https:\/\/www.naturparkmagazin.de\/stechlin\/woche-der-umwelt-ins-schloss-bellevue\/\" \/>\n<meta property=\"og:site_name\" content=\"Naturpark Stechlin-Ruppiner Land\" \/>\n<meta property=\"article:published_time\" content=\"2020-02-14T07:10:56+00:00\" \/>\n<meta property=\"article:modified_time\" content=\"2020-02-14T10:22:27+00:00\" \/>\n<meta property=\"og:image\" content=\"https:\/\/www.naturparkmagazin.de\/stechlin\/wp-content\/uploads\/sites\/38\/P7258365.jpg\" \/>\n\t<meta property=\"og:image:width\" content=\"200\" \/>\n\t<meta property=\"og:image:height\" content=\"200\" \/>\n\t<meta property=\"og:image:type\" content=\"image\/jpeg\" \/>\n<meta name=\"author\" content=\"marioschrumpf\" \/>\n<meta name=\"twitter:label1\" content=\"Verfasst von\" \/>\n\t<meta name=\"twitter:data1\" content=\"marioschrumpf\" \/>\n<script type=\"application\/ld+json\" class=\"yoast-schema-graph\">{\"@context\":\"https:\/\/schema.org\",\"@graph\":[{\"@type\":\"WebPage\",\"@id\":\"https:\/\/www.naturparkmagazin.de\/stechlin\/woche-der-umwelt-ins-schloss-bellevue\/\",\"url\":\"https:\/\/www.naturparkmagazin.de\/stechlin\/woche-der-umwelt-ins-schloss-bellevue\/\",\"name\":\"Auf ins Schloss Bellevue - Woche der Umwelt - Naturpark Stechlin-Ruppiner Land\",\"isPartOf\":{\"@id\":\"https:\/\/www.naturparkmagazin.de\/stechlin\/#website\"},\"datePublished\":\"2020-02-14T07:10:56+00:00\",\"dateModified\":\"2020-02-14T10:22:27+00:00\",\"author\":{\"@id\":\"https:\/\/www.naturparkmagazin.de\/stechlin\/#\/schema\/person\/3f0d93203df21c806dd63c76d9bb28bc\"},\"breadcrumb\":{\"@id\":\"https:\/\/www.naturparkmagazin.de\/stechlin\/woche-der-umwelt-ins-schloss-bellevue\/#breadcrumb\"},\"inLanguage\":\"de\",\"potentialAction\":[{\"@type\":\"ReadAction\",\"target\":[\"https:\/\/www.naturparkmagazin.de\/stechlin\/woche-der-umwelt-ins-schloss-bellevue\/\"]}]},{\"@type\":\"BreadcrumbList\",\"@id\":\"https:\/\/www.naturparkmagazin.de\/stechlin\/woche-der-umwelt-ins-schloss-bellevue\/#breadcrumb\",\"itemListElement\":[{\"@type\":\"ListItem\",\"position\":1,\"name\":\"Home\",\"item\":\"https:\/\/www.naturparkmagazin.de\/stechlin\/\"},{\"@type\":\"ListItem\",\"position\":2,\"name\":\"Auf ins Schloss Bellevue &#8211; Woche der Umwelt\"}]},{\"@type\":\"WebSite\",\"@id\":\"https:\/\/www.naturparkmagazin.de\/stechlin\/#website\",\"url\":\"https:\/\/www.naturparkmagazin.de\/stechlin\/\",\"name\":\"Naturpark Stechlin-Ruppiner Land\",\"description\":\"\",\"potentialAction\":[{\"@type\":\"SearchAction\",\"target\":{\"@type\":\"EntryPoint\",\"urlTemplate\":\"https:\/\/www.naturparkmagazin.de\/stechlin\/?s={search_term_string}\"},\"query-input\":\"required name=search_term_string\"}],\"inLanguage\":\"de\"},{\"@type\":\"Person\",\"@id\":\"https:\/\/www.naturparkmagazin.de\/stechlin\/#\/schema\/person\/3f0d93203df21c806dd63c76d9bb28bc\",\"name\":\"marioschrumpf\",\"url\":\"https:\/\/www.naturparkmagazin.de\/stechlin\/author\/marioschrumpf\/\"}]}<\/script>\n<!-- \/ Yoast SEO plugin. -->","yoast_head_json":{"title":"Auf ins Schloss Bellevue - Woche der Umwelt - Naturpark Stechlin-Ruppiner Land","robots":{"index":"index","follow":"follow","max-snippet":"max-snippet:-1","max-image-preview":"max-image-preview:large","max-video-preview":"max-video-preview:-1"},"canonical":"https:\/\/www.naturparkmagazin.de\/stechlin\/woche-der-umwelt-ins-schloss-bellevue\/","og_locale":"de_DE","og_type":"article","og_title":"Auf ins Schloss Bellevue - Woche der Umwelt - Naturpark Stechlin-Ruppiner Land","og_description":"Bundespr\u00e4sident Frank-Walter Steinmeier hat uns zusammen mit der Deutschen Bundesstiftung Umwelt (DBU) am 9. und 10. Juni 2020 zur Woche der Umwelt in den Park von Schloss Bellevue eingeladen.","og_url":"https:\/\/www.naturparkmagazin.de\/stechlin\/woche-der-umwelt-ins-schloss-bellevue\/","og_site_name":"Naturpark Stechlin-Ruppiner Land","article_published_time":"2020-02-14T07:10:56+00:00","article_modified_time":"2020-02-14T10:22:27+00:00","og_image":[{"width":200,"height":200,"url":"https:\/\/www.naturparkmagazin.de\/stechlin\/wp-content\/uploads\/sites\/38\/P7258365.jpg","type":"image\/jpeg"}],"author":"marioschrumpf","twitter_misc":{"Verfasst von":"marioschrumpf"},"schema":{"@context":"https:\/\/schema.org","@graph":[{"@type":"WebPage","@id":"https:\/\/www.naturparkmagazin.de\/stechlin\/woche-der-umwelt-ins-schloss-bellevue\/","url":"https:\/\/www.naturparkmagazin.de\/stechlin\/woche-der-umwelt-ins-schloss-bellevue\/","name":"Auf ins Schloss Bellevue - Woche der Umwelt - Naturpark Stechlin-Ruppiner Land","isPartOf":{"@id":"https:\/\/www.naturparkmagazin.de\/stechlin\/#website"},"datePublished":"2020-02-14T07:10:56+00:00","dateModified":"2020-02-14T10:22:27+00:00","author":{"@id":"https:\/\/www.naturparkmagazin.de\/stechlin\/#\/schema\/person\/3f0d93203df21c806dd63c76d9bb28bc"},"breadcrumb":{"@id":"https:\/\/www.naturparkmagazin.de\/stechlin\/woche-der-umwelt-ins-schloss-bellevue\/#breadcrumb"},"inLanguage":"de","potentialAction":[{"@type":"ReadAction","target":["https:\/\/www.naturparkmagazin.de\/stechlin\/woche-der-umwelt-ins-schloss-bellevue\/"]}]},{"@type":"BreadcrumbList","@id":"https:\/\/www.naturparkmagazin.de\/stechlin\/woche-der-umwelt-ins-schloss-bellevue\/#breadcrumb","itemListElement":[{"@type":"ListItem","position":1,"name":"Home","item":"https:\/\/www.naturparkmagazin.de\/stechlin\/"},{"@type":"ListItem","position":2,"name":"Auf ins Schloss Bellevue &#8211; Woche der Umwelt"}]},{"@type":"WebSite","@id":"https:\/\/www.naturparkmagazin.de\/stechlin\/#website","url":"https:\/\/www.naturparkmagazin.de\/stechlin\/","name":"Naturpark Stechlin-Ruppiner Land","description":"","potentialAction":[{"@type":"SearchAction","target":{"@type":"EntryPoint","urlTemplate":"https:\/\/www.naturparkmagazin.de\/stechlin\/?s={search_term_string}"},"query-input":"required name=search_term_string"}],"inLanguage":"de"},{"@type":"Person","@id":"https:\/\/www.naturparkmagazin.de\/stechlin\/#\/schema\/person\/3f0d93203df21c806dd63c76d9bb28bc","name":"marioschrumpf","url":"https:\/\/www.naturparkmagazin.de\/stechlin\/author\/marioschrumpf\/"}]}},"_links":{"self":[{"href":"https:\/\/www.naturparkmagazin.de\/stechlin\/wp-json\/wp\/v2\/posts\/9285"}],"collection":[{"href":"https:\/\/www.naturparkmagazin.de\/stechlin\/wp-json\/wp\/v2\/posts"}],"about":[{"href":"https:\/\/www.naturparkmagazin.de\/stechlin\/wp-json\/wp\/v2\/types\/post"}],"author":[{"embeddable":true,"href":"https:\/\/www.naturparkmagazin.de\/stechlin\/wp-json\/wp\/v2\/users\/39"}],"replies":[{"embeddable":true,"href":"https:\/\/www.naturparkmagazin.de\/stechlin\/wp-json\/wp\/v2\/comments?post=9285"}],"version-history":[{"count":2,"href":"https:\/\/www.naturparkmagazin.de\/stechlin\/wp-json\/wp\/v2\/posts\/9285\/revisions"}],"predecessor-version":[{"id":9299,"href":"https:\/\/www.naturparkmagazin.de\/stechlin\/wp-json\/wp\/v2\/posts\/9285\/revisions\/9299"}],"wp:featuredmedia":[{"embeddable":true,"href":"https:\/\/www.naturparkmagazin.de\/stechlin\/wp-json\/wp\/v2\/media\/9288"}],"wp:attachment":[{"href":"https:\/\/www.naturparkmagazin.de\/stechlin\/wp-json\/wp\/v2\/media?parent=9285"}],"wp:term":[{"taxonomy":"category","embeddable":true,"href":"https:\/\/www.naturparkmagazin.de\/stechlin\/wp-json\/wp\/v2\/categories?post=9285"},{"taxonomy":"post_tag","embeddable":true,"href":"https:\/\/www.naturparkmagazin.de\/stechlin\/wp-json\/wp\/v2\/tags?post=9285"}],"curies":[{"name":"wp","href":"https:\/\/api.w.org\/{rel}","templated":true}]}}