{"id":9306,"date":"2020-02-14T14:35:18","date_gmt":"2020-02-14T13:35:18","guid":{"rendered":"https:\/\/www.naturparkmagazin.de\/stechlin\/?p=9306"},"modified":"2025-02-24T16:30:07","modified_gmt":"2025-02-24T15:30:07","slug":"oekofilmtour-macht-station-in-menz-4","status":"publish","type":"post","link":"https:\/\/www.naturparkmagazin.de\/stechlin\/oekofilmtour-macht-station-in-menz-4\/","title":{"rendered":"\u00d6kofilmtour macht Station in Menz (2020)"},"content":{"rendered":"<div id=\"attachment_9311\" style=\"width: 190px\" class=\"wp-caption aligncenter\"><a href=\"https:\/\/www.naturparkmagazin.de\/stechlin\/wp-content\/uploads\/sites\/38\/DSC_0001.jpg\"><img aria-describedby=\"caption-attachment-9311\" decoding=\"async\" loading=\"lazy\" class=\"size-full wp-image-9311\" src=\"https:\/\/www.naturparkmagazin.de\/stechlin\/wp-content\/uploads\/sites\/38\/DSC_0001.jpg\" alt=\"Thomas Oberl\u00e4nder vom F\u00f6rderverein f\u00fcr \u00d6ffentlichkeitsarbeit im Natur- und Umweltschutz (F\u00d6N e.V.) begr\u00fc\u00dft das Publikum.\" width=\"180\" height=\"250\" \/><\/a><p id=\"caption-attachment-9311\" class=\"wp-caption-text\">Thomas Oberl\u00e4nder vom F\u00f6rderverein f\u00fcr \u00d6ffentlichkeitsarbeit im Natur- und Umweltschutz (F\u00d6N e.V.) begr\u00fc\u00dft das Publikum.<\/p><\/div>\n<p>Am 13.\/14. Februar war Menz im Filmfieber. Die mittlerweile 15. \u00d6kofilmtour war zu Gast in der Regionalwerkstatt Stechlin.<\/p>\n<p>Die Abendveranstaltung am 13.2. widmete sich den Schwerpunktthemen &#8222;Fridays for Future&#8220; und &#8222;Insektensterben&#8220;.<\/p>\n<p>Gezeigt wurden die Filme &#8222;Greta Thunberg-die K\u00e4mpferin&#8220; und &#8222;Das gro\u00dfe Insektensterben&#8220;.<\/p>\n<div id=\"attachment_9310\" style=\"width: 310px\" class=\"wp-caption aligncenter\"><a href=\"https:\/\/www.naturparkmagazin.de\/stechlin\/wp-content\/uploads\/sites\/38\/DSC_0006.jpg\"><img aria-describedby=\"caption-attachment-9310\" decoding=\"async\" loading=\"lazy\" class=\"size-thumbnail wp-image-9310\" src=\"https:\/\/www.naturparkmagazin.de\/stechlin\/wp-content\/uploads\/sites\/38\/DSC_0006-300x180.jpg\" alt=\"Ausschnitt aus dem Film &quot;Das gro\u00dfe Insektensterben&quot;.\" width=\"300\" height=\"180\" srcset=\"https:\/\/www.naturparkmagazin.de\/stechlin\/wp-content\/uploads\/sites\/38\/DSC_0006-300x180.jpg 300w, https:\/\/www.naturparkmagazin.de\/stechlin\/wp-content\/uploads\/sites\/38\/DSC_0006.jpg 500w, https:\/\/www.naturparkmagazin.de\/stechlin\/wp-content\/uploads\/sites\/38\/DSC_0006-200x120.jpg 200w\" sizes=\"(max-width: 300px) 100vw, 300px\" \/><\/a><p id=\"caption-attachment-9310\" class=\"wp-caption-text\">Ausschnitt aus dem Film &#8222;Das gro\u00dfe Insektensterben&#8220;.<\/p><\/div>\n<div id=\"attachment_9309\" style=\"width: 310px\" class=\"wp-caption aligncenter\"><a href=\"https:\/\/www.naturparkmagazin.de\/stechlin\/wp-content\/uploads\/sites\/38\/DSC_0014.jpg\"><img aria-describedby=\"caption-attachment-9309\" decoding=\"async\" loading=\"lazy\" class=\"size-thumbnail wp-image-9309\" src=\"https:\/\/www.naturparkmagazin.de\/stechlin\/wp-content\/uploads\/sites\/38\/DSC_0014-300x180.jpg\" alt=\"Filmdiskussion mit Naturschutzexperten.\" width=\"300\" height=\"180\" srcset=\"https:\/\/www.naturparkmagazin.de\/stechlin\/wp-content\/uploads\/sites\/38\/DSC_0014-300x180.jpg 300w, https:\/\/www.naturparkmagazin.de\/stechlin\/wp-content\/uploads\/sites\/38\/DSC_0014.jpg 500w, https:\/\/www.naturparkmagazin.de\/stechlin\/wp-content\/uploads\/sites\/38\/DSC_0014-200x120.jpg 200w\" sizes=\"(max-width: 300px) 100vw, 300px\" \/><\/a><p id=\"caption-attachment-9309\" class=\"wp-caption-text\">Filmdiskussion mit Naturschutzexperten.<\/p><\/div>\n<p>Der Vormittag des 14.2. stand im Zeichen der Bildung f\u00fcr nachhaltige Entwicklung. F\u00fcr die Kinder der Theodor-Fontane-Schule (Naturparkschule) und der Naturpark-Kita Henriettes Schneckenh\u00e4uschen wurden die Filme &#8222;Sperling, Star-Singv\u00f6gel in Gefahr&#8220;, &#8222;Warum f\u00e4llen Biber B\u00e4ume&#8220;, &#8222;Wohin ziehen Kraniche&#8220; und &#8222;Herbstwelten&#8220; gezeigt.<\/p>\n<div id=\"attachment_9308\" style=\"width: 310px\" class=\"wp-caption aligncenter\"><a href=\"https:\/\/www.naturparkmagazin.de\/stechlin\/wp-content\/uploads\/sites\/38\/DSC_0020.jpg\"><img aria-describedby=\"caption-attachment-9308\" decoding=\"async\" loading=\"lazy\" class=\"size-thumbnail wp-image-9308\" src=\"https:\/\/www.naturparkmagazin.de\/stechlin\/wp-content\/uploads\/sites\/38\/DSC_0020-300x180.jpg\" alt=\"Das Schulprogramm war gut besucht.\" width=\"300\" height=\"180\" srcset=\"https:\/\/www.naturparkmagazin.de\/stechlin\/wp-content\/uploads\/sites\/38\/DSC_0020-300x180.jpg 300w, https:\/\/www.naturparkmagazin.de\/stechlin\/wp-content\/uploads\/sites\/38\/DSC_0020.jpg 500w, https:\/\/www.naturparkmagazin.de\/stechlin\/wp-content\/uploads\/sites\/38\/DSC_0020-200x120.jpg 200w\" sizes=\"(max-width: 300px) 100vw, 300px\" \/><\/a><p id=\"caption-attachment-9308\" class=\"wp-caption-text\">Das Schulprogramm war gut besucht.<\/p><\/div>\n","protected":false},"excerpt":{"rendered":"<p>Am 13.\/14. Februar war Menz im Filmfieber. Die mittlerweile 15. \u00d6kofilmtour war zu Gast in der Regionalwerkstatt Stechlin.<\/p>\n","protected":false},"author":39,"featured_media":9307,"comment_status":"open","ping_status":"open","sticky":false,"template":"","format":"standard","meta":[],"categories":[7],"tags":[],"yoast_head":"<!-- This site is optimized with the Yoast SEO plugin v19.10 - https:\/\/yoast.com\/wordpress\/plugins\/seo\/ -->\n<title>\u00d6kofilmtour macht Station in Menz (2020) - Naturpark Stechlin-Ruppiner Land<\/title>\n<meta name=\"robots\" content=\"index, follow, max-snippet:-1, max-image-preview:large, max-video-preview:-1\" \/>\n<link rel=\"canonical\" href=\"https:\/\/www.naturparkmagazin.de\/stechlin\/oekofilmtour-macht-station-in-menz-4\/\" \/>\n<meta property=\"og:locale\" content=\"de_DE\" \/>\n<meta property=\"og:type\" content=\"article\" \/>\n<meta property=\"og:title\" content=\"\u00d6kofilmtour macht Station in Menz (2020) - Naturpark Stechlin-Ruppiner Land\" \/>\n<meta property=\"og:description\" content=\"Am 13.\/14. Februar war Menz im Filmfieber. Die mittlerweile 15. \u00d6kofilmtour war zu Gast in der Regionalwerkstatt Stechlin.\" \/>\n<meta property=\"og:url\" content=\"https:\/\/www.naturparkmagazin.de\/stechlin\/oekofilmtour-macht-station-in-menz-4\/\" \/>\n<meta property=\"og:site_name\" content=\"Naturpark Stechlin-Ruppiner Land\" \/>\n<meta property=\"article:published_time\" content=\"2020-02-14T13:35:18+00:00\" \/>\n<meta property=\"article:modified_time\" content=\"2025-02-24T15:30:07+00:00\" \/>\n<meta property=\"og:image\" content=\"https:\/\/www.naturparkmagazin.de\/stechlin\/wp-content\/uploads\/sites\/38\/DSC_00021.jpg\" \/>\n\t<meta property=\"og:image:width\" content=\"200\" \/>\n\t<meta property=\"og:image:height\" content=\"200\" \/>\n\t<meta property=\"og:image:type\" content=\"image\/jpeg\" \/>\n<meta name=\"author\" content=\"marioschrumpf\" \/>\n<meta name=\"twitter:label1\" content=\"Verfasst von\" \/>\n\t<meta name=\"twitter:data1\" content=\"marioschrumpf\" \/>\n\t<meta name=\"twitter:label2\" content=\"Gesch\u00e4tzte Lesezeit\" \/>\n\t<meta name=\"twitter:data2\" content=\"2\u00a0Minuten\" \/>\n<script type=\"application\/ld+json\" class=\"yoast-schema-graph\">{\"@context\":\"https:\/\/schema.org\",\"@graph\":[{\"@type\":\"WebPage\",\"@id\":\"https:\/\/www.naturparkmagazin.de\/stechlin\/oekofilmtour-macht-station-in-menz-4\/\",\"url\":\"https:\/\/www.naturparkmagazin.de\/stechlin\/oekofilmtour-macht-station-in-menz-4\/\",\"name\":\"\u00d6kofilmtour macht Station in Menz (2020) - Naturpark Stechlin-Ruppiner Land\",\"isPartOf\":{\"@id\":\"https:\/\/www.naturparkmagazin.de\/stechlin\/#website\"},\"datePublished\":\"2020-02-14T13:35:18+00:00\",\"dateModified\":\"2025-02-24T15:30:07+00:00\",\"author\":{\"@id\":\"https:\/\/www.naturparkmagazin.de\/stechlin\/#\/schema\/person\/3f0d93203df21c806dd63c76d9bb28bc\"},\"breadcrumb\":{\"@id\":\"https:\/\/www.naturparkmagazin.de\/stechlin\/oekofilmtour-macht-station-in-menz-4\/#breadcrumb\"},\"inLanguage\":\"de\",\"potentialAction\":[{\"@type\":\"ReadAction\",\"target\":[\"https:\/\/www.naturparkmagazin.de\/stechlin\/oekofilmtour-macht-station-in-menz-4\/\"]}]},{\"@type\":\"BreadcrumbList\",\"@id\":\"https:\/\/www.naturparkmagazin.de\/stechlin\/oekofilmtour-macht-station-in-menz-4\/#breadcrumb\",\"itemListElement\":[{\"@type\":\"ListItem\",\"position\":1,\"name\":\"Home\",\"item\":\"https:\/\/www.naturparkmagazin.de\/stechlin\/\"},{\"@type\":\"ListItem\",\"position\":2,\"name\":\"\u00d6kofilmtour macht Station in Menz (2020)\"}]},{\"@type\":\"WebSite\",\"@id\":\"https:\/\/www.naturparkmagazin.de\/stechlin\/#website\",\"url\":\"https:\/\/www.naturparkmagazin.de\/stechlin\/\",\"name\":\"Naturpark Stechlin-Ruppiner Land\",\"description\":\"\",\"potentialAction\":[{\"@type\":\"SearchAction\",\"target\":{\"@type\":\"EntryPoint\",\"urlTemplate\":\"https:\/\/www.naturparkmagazin.de\/stechlin\/?s={search_term_string}\"},\"query-input\":\"required name=search_term_string\"}],\"inLanguage\":\"de\"},{\"@type\":\"Person\",\"@id\":\"https:\/\/www.naturparkmagazin.de\/stechlin\/#\/schema\/person\/3f0d93203df21c806dd63c76d9bb28bc\",\"name\":\"marioschrumpf\",\"url\":\"https:\/\/www.naturparkmagazin.de\/stechlin\/author\/marioschrumpf\/\"}]}<\/script>\n<!-- \/ Yoast SEO plugin. -->","yoast_head_json":{"title":"\u00d6kofilmtour macht Station in Menz (2020) - Naturpark Stechlin-Ruppiner Land","robots":{"index":"index","follow":"follow","max-snippet":"max-snippet:-1","max-image-preview":"max-image-preview:large","max-video-preview":"max-video-preview:-1"},"canonical":"https:\/\/www.naturparkmagazin.de\/stechlin\/oekofilmtour-macht-station-in-menz-4\/","og_locale":"de_DE","og_type":"article","og_title":"\u00d6kofilmtour macht Station in Menz (2020) - Naturpark Stechlin-Ruppiner Land","og_description":"Am 13.\/14. Februar war Menz im Filmfieber. Die mittlerweile 15. \u00d6kofilmtour war zu Gast in der Regionalwerkstatt Stechlin.","og_url":"https:\/\/www.naturparkmagazin.de\/stechlin\/oekofilmtour-macht-station-in-menz-4\/","og_site_name":"Naturpark Stechlin-Ruppiner Land","article_published_time":"2020-02-14T13:35:18+00:00","article_modified_time":"2025-02-24T15:30:07+00:00","og_image":[{"width":200,"height":200,"url":"https:\/\/www.naturparkmagazin.de\/stechlin\/wp-content\/uploads\/sites\/38\/DSC_00021.jpg","type":"image\/jpeg"}],"author":"marioschrumpf","twitter_misc":{"Verfasst von":"marioschrumpf","Gesch\u00e4tzte Lesezeit":"2\u00a0Minuten"},"schema":{"@context":"https:\/\/schema.org","@graph":[{"@type":"WebPage","@id":"https:\/\/www.naturparkmagazin.de\/stechlin\/oekofilmtour-macht-station-in-menz-4\/","url":"https:\/\/www.naturparkmagazin.de\/stechlin\/oekofilmtour-macht-station-in-menz-4\/","name":"\u00d6kofilmtour macht Station in Menz (2020) - Naturpark Stechlin-Ruppiner Land","isPartOf":{"@id":"https:\/\/www.naturparkmagazin.de\/stechlin\/#website"},"datePublished":"2020-02-14T13:35:18+00:00","dateModified":"2025-02-24T15:30:07+00:00","author":{"@id":"https:\/\/www.naturparkmagazin.de\/stechlin\/#\/schema\/person\/3f0d93203df21c806dd63c76d9bb28bc"},"breadcrumb":{"@id":"https:\/\/www.naturparkmagazin.de\/stechlin\/oekofilmtour-macht-station-in-menz-4\/#breadcrumb"},"inLanguage":"de","potentialAction":[{"@type":"ReadAction","target":["https:\/\/www.naturparkmagazin.de\/stechlin\/oekofilmtour-macht-station-in-menz-4\/"]}]},{"@type":"BreadcrumbList","@id":"https:\/\/www.naturparkmagazin.de\/stechlin\/oekofilmtour-macht-station-in-menz-4\/#breadcrumb","itemListElement":[{"@type":"ListItem","position":1,"name":"Home","item":"https:\/\/www.naturparkmagazin.de\/stechlin\/"},{"@type":"ListItem","position":2,"name":"\u00d6kofilmtour macht Station in Menz (2020)"}]},{"@type":"WebSite","@id":"https:\/\/www.naturparkmagazin.de\/stechlin\/#website","url":"https:\/\/www.naturparkmagazin.de\/stechlin\/","name":"Naturpark Stechlin-Ruppiner Land","description":"","potentialAction":[{"@type":"SearchAction","target":{"@type":"EntryPoint","urlTemplate":"https:\/\/www.naturparkmagazin.de\/stechlin\/?s={search_term_string}"},"query-input":"required name=search_term_string"}],"inLanguage":"de"},{"@type":"Person","@id":"https:\/\/www.naturparkmagazin.de\/stechlin\/#\/schema\/person\/3f0d93203df21c806dd63c76d9bb28bc","name":"marioschrumpf","url":"https:\/\/www.naturparkmagazin.de\/stechlin\/author\/marioschrumpf\/"}]}},"_links":{"self":[{"href":"https:\/\/www.naturparkmagazin.de\/stechlin\/wp-json\/wp\/v2\/posts\/9306"}],"collection":[{"href":"https:\/\/www.naturparkmagazin.de\/stechlin\/wp-json\/wp\/v2\/posts"}],"about":[{"href":"https:\/\/www.naturparkmagazin.de\/stechlin\/wp-json\/wp\/v2\/types\/post"}],"author":[{"embeddable":true,"href":"https:\/\/www.naturparkmagazin.de\/stechlin\/wp-json\/wp\/v2\/users\/39"}],"replies":[{"embeddable":true,"href":"https:\/\/www.naturparkmagazin.de\/stechlin\/wp-json\/wp\/v2\/comments?post=9306"}],"version-history":[{"count":2,"href":"https:\/\/www.naturparkmagazin.de\/stechlin\/wp-json\/wp\/v2\/posts\/9306\/revisions"}],"predecessor-version":[{"id":16821,"href":"https:\/\/www.naturparkmagazin.de\/stechlin\/wp-json\/wp\/v2\/posts\/9306\/revisions\/16821"}],"wp:featuredmedia":[{"embeddable":true,"href":"https:\/\/www.naturparkmagazin.de\/stechlin\/wp-json\/wp\/v2\/media\/9307"}],"wp:attachment":[{"href":"https:\/\/www.naturparkmagazin.de\/stechlin\/wp-json\/wp\/v2\/media?parent=9306"}],"wp:term":[{"taxonomy":"category","embeddable":true,"href":"https:\/\/www.naturparkmagazin.de\/stechlin\/wp-json\/wp\/v2\/categories?post=9306"},{"taxonomy":"post_tag","embeddable":true,"href":"https:\/\/www.naturparkmagazin.de\/stechlin\/wp-json\/wp\/v2\/tags?post=9306"}],"curies":[{"name":"wp","href":"https:\/\/api.w.org\/{rel}","templated":true}]}}