{"id":9313,"date":"2020-02-14T08:17:55","date_gmt":"2020-02-14T07:17:55","guid":{"rendered":"https:\/\/www.naturparkmagazin.de\/stechlin\/?p=9313"},"modified":"2020-02-24T06:38:38","modified_gmt":"2020-02-24T05:38:38","slug":"world-ranger-congress-in-nepal","status":"publish","type":"post","link":"https:\/\/www.naturparkmagazin.de\/stechlin\/world-ranger-congress-in-nepal\/","title":{"rendered":"World Ranger Congress in Nepal"},"content":{"rendered":"<div id=\"attachment_9314\" style=\"width: 310px\" class=\"wp-caption aligncenter\"><a href=\"https:\/\/www.naturparkmagazin.de\/stechlin\/wp-content\/uploads\/sites\/38\/P1140190.jpg\"><img aria-describedby=\"caption-attachment-9314\" decoding=\"async\" loading=\"lazy\" class=\"size-thumbnail wp-image-9314\" src=\"https:\/\/www.naturparkmagazin.de\/stechlin\/wp-content\/uploads\/sites\/38\/P1140190-300x180.jpg\" alt=\"Ein Teil der deutschen Delegation auf dem World Ranger Congress in Neapel.\" width=\"300\" height=\"180\" srcset=\"https:\/\/www.naturparkmagazin.de\/stechlin\/wp-content\/uploads\/sites\/38\/P1140190-300x180.jpg 300w, https:\/\/www.naturparkmagazin.de\/stechlin\/wp-content\/uploads\/sites\/38\/P1140190.jpg 500w, https:\/\/www.naturparkmagazin.de\/stechlin\/wp-content\/uploads\/sites\/38\/P1140190-200x120.jpg 200w\" sizes=\"(max-width: 300px) 100vw, 300px\" \/><\/a><p id=\"caption-attachment-9314\" class=\"wp-caption-text\">Ein Teil der deutschen Delegation auf dem World Ranger Congress in Neapel.<\/p><\/div>\n<p>Vom 12. bis 16. November 2019 fand in unmittelbarer N\u00e4he des Chitwan-Nationalparks in Sauraha, Nepal der World Ranger Congress statt. Dort trafen sich \u00fcber 550 Teilnehmer*innen aus 70 L\u00e4ndern, um sich auszutauschen, voneinander zu lernen und sich gegenseitig zu unterst\u00fctzen. Auch aus Deutschland und speziell aus Brandenburg waren Ranger angereist. Auf dem Kongress ging es um ein vielf\u00e4ltiges Themenspektrum. Zwei gro\u00dfe Themen standen in diesem Jahr im Mittelpunkt: die Bek\u00e4mpfung der Wilderei und Frauen im Ranger-Beruf. Weitere Themen waren Arbeitsbedingungen und Ausstattung der Ranger, Technologie, Zusammenarbeit mit der lokalen Bev\u00f6lkerung, Umweltbildung und indigene Ranger. Vormittags und nachmittags gab es jeweils parallel in drei Tagungsr\u00e4umen entweder Vortr\u00e4ge oder interaktive Workshops.<\/p>\n<p>Aber nicht nur in den Workshops fand ein reger Austausch statt, auch die Pausen und Abende wurden genutzt, um Ranger aus anderen L\u00e4ndern kennen zu lernen und sich \u00fcber gemeinsame Themen zu unterhalten. Denn so unterschiedlich die L\u00e4nder auch sind, so gab es doch immer wieder \u00dcberschneidungen in der Arbeit. Beispielsweise bei der Einbeziehung der lokalen Bev\u00f6lkerung in das Schutzgebietsmanagement oder beim Umgang mit wieder einwandernden Tierarten.<\/p>\n<p>Gleichzeitig wurde schnell deutlich, dass die Arbeitsbedingungen der Ranger sehr unterschiedlich sind. Ranger in Deutschland d\u00fcrfen sich als sehr privilegiert betrachten, denn sie sind technisch und materiell gut ausgestattet, begegnen kaum Gefahren in der Natur und haben geregelte Arbeitszeiten. Das sieht in anderen Teilen der Welt ganz anders aus. Oft sind Ranger zu Fu\u00df \u00fcber mehrere Tage oder Wochen in unwegsamem Gel\u00e4nde unterwegs, ohne daf\u00fcr richtig ausgestattet zu sein. Es fehlt nicht nur an technischem Equipment sondern auch an Arbeitskleidung und \u2013schuhen, Zelten und Schlafs\u00e4cken. Dar\u00fcber hinaus ist besonders in Afrika, S\u00fcdamerika und Asien die Wilderei auf Gro\u00dfwildarten immer noch ein sehr pr\u00e4sentes Thema. Daher sind Ranger in diesen Regionen oft bewaffnet und fast milit\u00e4risch organisiert, um die Tiere wirksam sch\u00fctzen zu k\u00f6nnen. Dabei begeben sie sich nicht selten selbst in Lebensgefahr, denn auch die Wilderer sind bewaffnet. Vor der Einteilung in b\u00f6se Wilderer und gute Tiere wurde dennoch gewarnt, denn oft gibt es kein Schwarz und Wei\u00df in diesem Konflikt. H\u00e4ufig betreiben Menschen Wilderei aus der Not heraus und Tiere wie Nash\u00f6rner, Elefanten und Tiger k\u00f6nnen den Menschen auch durchaus gef\u00e4hrlich werden. Sich f\u00fcr diese Tiere und ihren Schutz einzusetzen, erfordert ein hohes Ma\u00df an Einsatzbereitschaft und Liebe zur Natur, die auf dem Kongress sp\u00fcrbar war.<\/p>\n<p>Auch das Management des Chitwan-Nationalparks im S\u00fcden von Nepal an der Grenze zu Indien birgt immer noch Konfliktpotenzial. Als der Nationalpark 1973 ausgewiesen wurde, mussten die dort lebenden Menschen das Gebiet verlassen und sich au\u00dferhalb des Parks eine neue Bleibe suchen. Heute gibt es rund um den Park eine Pufferzone, die Konflikte zwischen Wildtieren und der lokalen Bev\u00f6lkerung minimieren soll. Trotzdem kommt es immer wieder zu Todesf\u00e4llen durch Angriffe von Wildtieren. Ehrenamtliche kl\u00e4ren die Bev\u00f6lkerung in den D\u00f6rfern rund um den Nationalpark bez\u00fcglich des richtigen Verhaltens gegen\u00fcber Wildtieren auf. Sehr stolz sind die Nepalesen auf ihr Null-Wilderei-Programm, das die Wilderei auf Nash\u00f6rner, Elefanten und Tiger beenden soll. Im Jahr 2018 wurde auch tats\u00e4chlich kein einziges Nashorn get\u00f6tet und die Best\u00e4nde der drei Tierarten nehmen wieder zu.<\/p>\n<p><a href=\"https:\/\/www.naturparkmagazin.de\/stechlin\/wp-content\/uploads\/sites\/38\/DSC_0047.jpg\"><img decoding=\"async\" loading=\"lazy\" class=\"aligncenter size-full wp-image-9315\" src=\"https:\/\/www.naturparkmagazin.de\/stechlin\/wp-content\/uploads\/sites\/38\/DSC_0047.jpg\" alt=\"NP SRL\/Wibke Avenhaus\" width=\"180\" height=\"300\" \/><\/a>Frauen sind im Ranger-Beruf immer noch stark unterrepr\u00e4sentiert und sehen sich oft ganz allt\u00e4glichen Schwierigkeiten ausgesetzt, z.B. wenn es nur Arbeitskleidung f\u00fcr M\u00e4nner gibt, keine Damentoiletten zur Verf\u00fcgung stehen oder sie mit Klischees und Vorurteilen konfrontiert werden und nicht gleichwertig anerkannt sind. Probleme, die in Deutschland weitgehend der Vergangenheit angeh\u00f6ren. Mit welcher Hartn\u00e4ckigkeit Frauen besonders in Asien, Afrika, Mittel- und S\u00fcdamerika trotz aller Widerst\u00e4nde f\u00fcr ihre Rechte k\u00e4mpfen, ist beeindruckend. Im Einsatz gegen Wilderer haben sich Frauen in Afrika zudem als effektiver als ihre m\u00e4nnlichen Kollegen erwiesen, da sie oft weniger korruptionsanf\u00e4llig sind, seltener den direkten Konflikt suchen sondern eher durch Kommunikations- und Netzwerkarbeit versuchen herauszufinden, wer, wann und wo wildert und weil sie ihr Einkommen in den lokalen Gemeinschaften einsetzen.<\/p>\n<p>Da die vorangegangenen Themen in Deutschland weniger Relevanz besitzen, stellte sich die Frage, wie deutsche Ranger ihre Kolleg*innen in aller Welt mit Erfahrungen unterst\u00fctzen k\u00f6nnen. Das Themenfeld Umweltbildung und Junior Ranger stie\u00df dabei auf gro\u00dfes Interesse bei Rangern aus anderen L\u00e4ndern. In diesem Bereich besteht in Deutschland ein breiter Erfahrungsschatz, der gerne mit anderen geteilt wird. Durch eine Posterpr\u00e4sentation und viele pers\u00f6nliche Gespr\u00e4che kamen etliche Kontakte zu Stande, die noch weiter ausgebaut werden sollen. Dar\u00fcber hinaus konnten Sachspenden (z.B. Feuerwehrschutzausr\u00fcstungen f\u00fcr die Brandbek\u00e4mpfung im Amazonasgebiet) an andere Ranger \u00fcbergeben werden.<\/p>\n","protected":false},"excerpt":{"rendered":"<p>Vom 12. bis 16. November 2019 fand in unmittelbarer N\u00e4he des Chitwan-Nationalparks in Sauraha, Nepal der World Ranger Congress statt. Dort trafen sich \u00fcber 550 Teilnehmer*innen aus 70 L\u00e4ndern, um sich auszutauschen, voneinander zu lernen und sich gegenseitig zu unterst\u00fctzen. Auch aus Deutschland und speziell aus Brandenburg waren Ranger angereist. Auf dem Kongress ging es<\/p>\n","protected":false},"author":39,"featured_media":9323,"comment_status":"open","ping_status":"open","sticky":false,"template":"","format":"standard","meta":[],"categories":[7],"tags":[],"yoast_head":"<!-- This site is optimized with the Yoast SEO plugin v19.10 - https:\/\/yoast.com\/wordpress\/plugins\/seo\/ -->\n<title>World Ranger Congress in Nepal - Naturpark Stechlin-Ruppiner Land<\/title>\n<meta name=\"robots\" content=\"index, follow, max-snippet:-1, max-image-preview:large, max-video-preview:-1\" \/>\n<link rel=\"canonical\" href=\"https:\/\/www.naturparkmagazin.de\/stechlin\/world-ranger-congress-in-nepal\/\" \/>\n<meta property=\"og:locale\" content=\"de_DE\" \/>\n<meta property=\"og:type\" content=\"article\" \/>\n<meta property=\"og:title\" content=\"World Ranger Congress in Nepal - Naturpark Stechlin-Ruppiner Land\" \/>\n<meta property=\"og:description\" content=\"Vom 12. bis 16. November 2019 fand in unmittelbarer N\u00e4he des Chitwan-Nationalparks in Sauraha, Nepal der World Ranger Congress statt. Dort trafen sich \u00fcber 550 Teilnehmer*innen aus 70 L\u00e4ndern, um sich auszutauschen, voneinander zu lernen und sich gegenseitig zu unterst\u00fctzen. Auch aus Deutschland und speziell aus Brandenburg waren Ranger angereist. Auf dem Kongress ging es\" \/>\n<meta property=\"og:url\" content=\"https:\/\/www.naturparkmagazin.de\/stechlin\/world-ranger-congress-in-nepal\/\" \/>\n<meta property=\"og:site_name\" content=\"Naturpark Stechlin-Ruppiner Land\" \/>\n<meta property=\"article:published_time\" content=\"2020-02-14T07:17:55+00:00\" \/>\n<meta property=\"article:modified_time\" content=\"2020-02-24T05:38:38+00:00\" \/>\n<meta property=\"og:image\" content=\"https:\/\/www.naturparkmagazin.de\/stechlin\/wp-content\/uploads\/sites\/38\/nepal_bergpanorama.jpg\" \/>\n\t<meta property=\"og:image:width\" content=\"200\" \/>\n\t<meta property=\"og:image:height\" content=\"200\" \/>\n\t<meta property=\"og:image:type\" content=\"image\/jpeg\" \/>\n<meta name=\"author\" content=\"marioschrumpf\" \/>\n<meta name=\"twitter:label1\" content=\"Verfasst von\" \/>\n\t<meta name=\"twitter:data1\" content=\"marioschrumpf\" \/>\n\t<meta name=\"twitter:label2\" content=\"Gesch\u00e4tzte Lesezeit\" \/>\n\t<meta name=\"twitter:data2\" content=\"4\u00a0Minuten\" \/>\n<script type=\"application\/ld+json\" class=\"yoast-schema-graph\">{\"@context\":\"https:\/\/schema.org\",\"@graph\":[{\"@type\":\"WebPage\",\"@id\":\"https:\/\/www.naturparkmagazin.de\/stechlin\/world-ranger-congress-in-nepal\/\",\"url\":\"https:\/\/www.naturparkmagazin.de\/stechlin\/world-ranger-congress-in-nepal\/\",\"name\":\"World Ranger Congress in Nepal - Naturpark Stechlin-Ruppiner Land\",\"isPartOf\":{\"@id\":\"https:\/\/www.naturparkmagazin.de\/stechlin\/#website\"},\"datePublished\":\"2020-02-14T07:17:55+00:00\",\"dateModified\":\"2020-02-24T05:38:38+00:00\",\"author\":{\"@id\":\"https:\/\/www.naturparkmagazin.de\/stechlin\/#\/schema\/person\/3f0d93203df21c806dd63c76d9bb28bc\"},\"breadcrumb\":{\"@id\":\"https:\/\/www.naturparkmagazin.de\/stechlin\/world-ranger-congress-in-nepal\/#breadcrumb\"},\"inLanguage\":\"de\",\"potentialAction\":[{\"@type\":\"ReadAction\",\"target\":[\"https:\/\/www.naturparkmagazin.de\/stechlin\/world-ranger-congress-in-nepal\/\"]}]},{\"@type\":\"BreadcrumbList\",\"@id\":\"https:\/\/www.naturparkmagazin.de\/stechlin\/world-ranger-congress-in-nepal\/#breadcrumb\",\"itemListElement\":[{\"@type\":\"ListItem\",\"position\":1,\"name\":\"Home\",\"item\":\"https:\/\/www.naturparkmagazin.de\/stechlin\/\"},{\"@type\":\"ListItem\",\"position\":2,\"name\":\"World Ranger Congress in Nepal\"}]},{\"@type\":\"WebSite\",\"@id\":\"https:\/\/www.naturparkmagazin.de\/stechlin\/#website\",\"url\":\"https:\/\/www.naturparkmagazin.de\/stechlin\/\",\"name\":\"Naturpark Stechlin-Ruppiner Land\",\"description\":\"\",\"potentialAction\":[{\"@type\":\"SearchAction\",\"target\":{\"@type\":\"EntryPoint\",\"urlTemplate\":\"https:\/\/www.naturparkmagazin.de\/stechlin\/?s={search_term_string}\"},\"query-input\":\"required name=search_term_string\"}],\"inLanguage\":\"de\"},{\"@type\":\"Person\",\"@id\":\"https:\/\/www.naturparkmagazin.de\/stechlin\/#\/schema\/person\/3f0d93203df21c806dd63c76d9bb28bc\",\"name\":\"marioschrumpf\",\"url\":\"https:\/\/www.naturparkmagazin.de\/stechlin\/author\/marioschrumpf\/\"}]}<\/script>\n<!-- \/ Yoast SEO plugin. -->","yoast_head_json":{"title":"World Ranger Congress in Nepal - Naturpark Stechlin-Ruppiner Land","robots":{"index":"index","follow":"follow","max-snippet":"max-snippet:-1","max-image-preview":"max-image-preview:large","max-video-preview":"max-video-preview:-1"},"canonical":"https:\/\/www.naturparkmagazin.de\/stechlin\/world-ranger-congress-in-nepal\/","og_locale":"de_DE","og_type":"article","og_title":"World Ranger Congress in Nepal - Naturpark Stechlin-Ruppiner Land","og_description":"Vom 12. bis 16. November 2019 fand in unmittelbarer N\u00e4he des Chitwan-Nationalparks in Sauraha, Nepal der World Ranger Congress statt. Dort trafen sich \u00fcber 550 Teilnehmer*innen aus 70 L\u00e4ndern, um sich auszutauschen, voneinander zu lernen und sich gegenseitig zu unterst\u00fctzen. Auch aus Deutschland und speziell aus Brandenburg waren Ranger angereist. Auf dem Kongress ging es","og_url":"https:\/\/www.naturparkmagazin.de\/stechlin\/world-ranger-congress-in-nepal\/","og_site_name":"Naturpark Stechlin-Ruppiner Land","article_published_time":"2020-02-14T07:17:55+00:00","article_modified_time":"2020-02-24T05:38:38+00:00","og_image":[{"width":200,"height":200,"url":"https:\/\/www.naturparkmagazin.de\/stechlin\/wp-content\/uploads\/sites\/38\/nepal_bergpanorama.jpg","type":"image\/jpeg"}],"author":"marioschrumpf","twitter_misc":{"Verfasst von":"marioschrumpf","Gesch\u00e4tzte Lesezeit":"4\u00a0Minuten"},"schema":{"@context":"https:\/\/schema.org","@graph":[{"@type":"WebPage","@id":"https:\/\/www.naturparkmagazin.de\/stechlin\/world-ranger-congress-in-nepal\/","url":"https:\/\/www.naturparkmagazin.de\/stechlin\/world-ranger-congress-in-nepal\/","name":"World Ranger Congress in Nepal - Naturpark Stechlin-Ruppiner Land","isPartOf":{"@id":"https:\/\/www.naturparkmagazin.de\/stechlin\/#website"},"datePublished":"2020-02-14T07:17:55+00:00","dateModified":"2020-02-24T05:38:38+00:00","author":{"@id":"https:\/\/www.naturparkmagazin.de\/stechlin\/#\/schema\/person\/3f0d93203df21c806dd63c76d9bb28bc"},"breadcrumb":{"@id":"https:\/\/www.naturparkmagazin.de\/stechlin\/world-ranger-congress-in-nepal\/#breadcrumb"},"inLanguage":"de","potentialAction":[{"@type":"ReadAction","target":["https:\/\/www.naturparkmagazin.de\/stechlin\/world-ranger-congress-in-nepal\/"]}]},{"@type":"BreadcrumbList","@id":"https:\/\/www.naturparkmagazin.de\/stechlin\/world-ranger-congress-in-nepal\/#breadcrumb","itemListElement":[{"@type":"ListItem","position":1,"name":"Home","item":"https:\/\/www.naturparkmagazin.de\/stechlin\/"},{"@type":"ListItem","position":2,"name":"World Ranger Congress in Nepal"}]},{"@type":"WebSite","@id":"https:\/\/www.naturparkmagazin.de\/stechlin\/#website","url":"https:\/\/www.naturparkmagazin.de\/stechlin\/","name":"Naturpark Stechlin-Ruppiner Land","description":"","potentialAction":[{"@type":"SearchAction","target":{"@type":"EntryPoint","urlTemplate":"https:\/\/www.naturparkmagazin.de\/stechlin\/?s={search_term_string}"},"query-input":"required name=search_term_string"}],"inLanguage":"de"},{"@type":"Person","@id":"https:\/\/www.naturparkmagazin.de\/stechlin\/#\/schema\/person\/3f0d93203df21c806dd63c76d9bb28bc","name":"marioschrumpf","url":"https:\/\/www.naturparkmagazin.de\/stechlin\/author\/marioschrumpf\/"}]}},"_links":{"self":[{"href":"https:\/\/www.naturparkmagazin.de\/stechlin\/wp-json\/wp\/v2\/posts\/9313"}],"collection":[{"href":"https:\/\/www.naturparkmagazin.de\/stechlin\/wp-json\/wp\/v2\/posts"}],"about":[{"href":"https:\/\/www.naturparkmagazin.de\/stechlin\/wp-json\/wp\/v2\/types\/post"}],"author":[{"embeddable":true,"href":"https:\/\/www.naturparkmagazin.de\/stechlin\/wp-json\/wp\/v2\/users\/39"}],"replies":[{"embeddable":true,"href":"https:\/\/www.naturparkmagazin.de\/stechlin\/wp-json\/wp\/v2\/comments?post=9313"}],"version-history":[{"count":2,"href":"https:\/\/www.naturparkmagazin.de\/stechlin\/wp-json\/wp\/v2\/posts\/9313\/revisions"}],"predecessor-version":[{"id":9328,"href":"https:\/\/www.naturparkmagazin.de\/stechlin\/wp-json\/wp\/v2\/posts\/9313\/revisions\/9328"}],"wp:featuredmedia":[{"embeddable":true,"href":"https:\/\/www.naturparkmagazin.de\/stechlin\/wp-json\/wp\/v2\/media\/9323"}],"wp:attachment":[{"href":"https:\/\/www.naturparkmagazin.de\/stechlin\/wp-json\/wp\/v2\/media?parent=9313"}],"wp:term":[{"taxonomy":"category","embeddable":true,"href":"https:\/\/www.naturparkmagazin.de\/stechlin\/wp-json\/wp\/v2\/categories?post=9313"},{"taxonomy":"post_tag","embeddable":true,"href":"https:\/\/www.naturparkmagazin.de\/stechlin\/wp-json\/wp\/v2\/tags?post=9313"}],"curies":[{"name":"wp","href":"https:\/\/api.w.org\/{rel}","templated":true}]}}