{"id":9339,"date":"2020-03-16T15:40:22","date_gmt":"2020-03-16T14:40:22","guid":{"rendered":"https:\/\/www.naturparkmagazin.de\/stechlin\/?p=9339"},"modified":"2020-03-20T13:22:56","modified_gmt":"2020-03-20T12:22:56","slug":"ungetruebter-ferienspass-im-naturschutzgebiet-stechlin","status":"publish","type":"post","link":"https:\/\/www.naturparkmagazin.de\/stechlin\/ungetruebter-ferienspass-im-naturschutzgebiet-stechlin\/","title":{"rendered":"Ungetr\u00fcbter Ferienspa\u00df im Naturschutzgebiet Stechlin"},"content":{"rendered":"<p>Der Gro\u00dfe Stechlinsee lockt an hei\u00dfen Sommertagen viele Tagestouristen in den kleinen Ort Neuglobsow. Und es scheint, dass die Besucher blind nach Navi fahren. Sie haben den Stechlinsee eingegeben, \u00fcberfahren mindestens drei Hinweis- und zwei Verbotsschilder. Sie halten erst an der Uferkante des Sees, um dort zu parken \u2013 mitten im Naturschutzgebiet (NSG).<a href=\"https:\/\/www.naturparkmagazin.de\/stechlin\/wp-content\/uploads\/sites\/38\/auto-an-badestelle.jpg\"><img decoding=\"async\" loading=\"lazy\" class=\"aligncenter size-thumbnail wp-image-9366\" src=\"https:\/\/www.naturparkmagazin.de\/stechlin\/wp-content\/uploads\/sites\/38\/auto-an-badestelle-300x180.jpg\" alt=\"NP SRL\/Silke Oldorff\" width=\"300\" height=\"180\" srcset=\"https:\/\/www.naturparkmagazin.de\/stechlin\/wp-content\/uploads\/sites\/38\/auto-an-badestelle-300x180.jpg 300w, https:\/\/www.naturparkmagazin.de\/stechlin\/wp-content\/uploads\/sites\/38\/auto-an-badestelle.jpg 500w, https:\/\/www.naturparkmagazin.de\/stechlin\/wp-content\/uploads\/sites\/38\/auto-an-badestelle-200x120.jpg 200w\" sizes=\"(max-width: 300px) 100vw, 300px\" \/><\/a><\/p>\n<p>Sehr zum \u00c4rger anderer Besucher, die Natur, saubere Luft und Ruhe genie\u00dfen wollen. Aber auch frei laufende Hunde und der Betrieb von Wegwerfgrillen tr\u00fcben den Badespa\u00df.<a href=\"https:\/\/www.naturparkmagazin.de\/stechlin\/wp-content\/uploads\/sites\/38\/auto-im-wald.jpg\"><img decoding=\"async\" loading=\"lazy\" class=\"aligncenter size-thumbnail wp-image-9365\" src=\"https:\/\/www.naturparkmagazin.de\/stechlin\/wp-content\/uploads\/sites\/38\/auto-im-wald-300x180.jpg\" alt=\"NP SRL\/Silke Oldorff\" width=\"300\" height=\"180\" srcset=\"https:\/\/www.naturparkmagazin.de\/stechlin\/wp-content\/uploads\/sites\/38\/auto-im-wald-300x180.jpg 300w, https:\/\/www.naturparkmagazin.de\/stechlin\/wp-content\/uploads\/sites\/38\/auto-im-wald.jpg 500w, https:\/\/www.naturparkmagazin.de\/stechlin\/wp-content\/uploads\/sites\/38\/auto-im-wald-200x120.jpg 200w\" sizes=\"(max-width: 300px) 100vw, 300px\" \/><\/a><\/p>\n<p>Um dieser Fehlentwicklung im NSG Stechlin Einhalt zu gebieten, hat das Amt Gransee&amp;Gemeinden, den Ortsbeirat, den B\u00fcrgermeister der Gemeinde Stechlin, die untere Forstbeh\u00f6rde, die Feuerwehr, die Naturwacht und die Naturparkverwaltung zur Vorbereitung der Saison 2020 eingeladen.<\/p>\n<p>Die Verantwortlichen sind sich einig, Neuglobsow ist ein Erholungsort. Fehlverhalten von G\u00e4sten soll durch eindeutige Regelungen, Aufkl\u00e4rung und Pr\u00e4senz von Ordnungskr\u00e4ften unterbunden werden. Durch die B\u00fcndelung der Kr\u00e4fte sollen potentielle Umwelts\u00fcnder bereits zur Beginn der Saison abgeschreckt werden.<\/p>\n","protected":false},"excerpt":{"rendered":"<p>Der Gro\u00dfe Stechlinsee lockt an hei\u00dfen Sommertagen viele Tagestouristen in den kleinen Ort Neuglobsow.<\/p>\n","protected":false},"author":39,"featured_media":9350,"comment_status":"open","ping_status":"open","sticky":false,"template":"","format":"standard","meta":[],"categories":[7],"tags":[],"yoast_head":"<!-- This site is optimized with the Yoast SEO plugin v19.10 - https:\/\/yoast.com\/wordpress\/plugins\/seo\/ -->\n<title>Ungetr\u00fcbter Ferienspa\u00df im Naturschutzgebiet Stechlin - Naturpark Stechlin-Ruppiner Land<\/title>\n<meta name=\"robots\" content=\"index, follow, max-snippet:-1, max-image-preview:large, max-video-preview:-1\" \/>\n<link rel=\"canonical\" href=\"https:\/\/www.naturparkmagazin.de\/stechlin\/ungetruebter-ferienspass-im-naturschutzgebiet-stechlin\/\" \/>\n<meta property=\"og:locale\" content=\"de_DE\" \/>\n<meta property=\"og:type\" content=\"article\" \/>\n<meta property=\"og:title\" content=\"Ungetr\u00fcbter Ferienspa\u00df im Naturschutzgebiet Stechlin - Naturpark Stechlin-Ruppiner Land\" \/>\n<meta property=\"og:description\" content=\"Der Gro\u00dfe Stechlinsee lockt an hei\u00dfen Sommertagen viele Tagestouristen in den kleinen Ort Neuglobsow.\" \/>\n<meta property=\"og:url\" content=\"https:\/\/www.naturparkmagazin.de\/stechlin\/ungetruebter-ferienspass-im-naturschutzgebiet-stechlin\/\" \/>\n<meta property=\"og:site_name\" content=\"Naturpark Stechlin-Ruppiner Land\" \/>\n<meta property=\"article:published_time\" content=\"2020-03-16T14:40:22+00:00\" \/>\n<meta property=\"article:modified_time\" content=\"2020-03-20T12:22:56+00:00\" \/>\n<meta property=\"og:image\" content=\"https:\/\/www.naturparkmagazin.de\/stechlin\/wp-content\/uploads\/sites\/38\/auto-und-zelt-im-nsg_aufh\u00e4nger.jpg\" \/>\n\t<meta property=\"og:image:width\" content=\"200\" \/>\n\t<meta property=\"og:image:height\" content=\"200\" \/>\n\t<meta property=\"og:image:type\" content=\"image\/jpeg\" \/>\n<meta name=\"author\" content=\"marioschrumpf\" \/>\n<meta name=\"twitter:label1\" content=\"Verfasst von\" \/>\n\t<meta name=\"twitter:data1\" content=\"marioschrumpf\" \/>\n\t<meta name=\"twitter:label2\" content=\"Gesch\u00e4tzte Lesezeit\" \/>\n\t<meta name=\"twitter:data2\" content=\"1\u00a0Minute\" \/>\n<script type=\"application\/ld+json\" class=\"yoast-schema-graph\">{\"@context\":\"https:\/\/schema.org\",\"@graph\":[{\"@type\":\"WebPage\",\"@id\":\"https:\/\/www.naturparkmagazin.de\/stechlin\/ungetruebter-ferienspass-im-naturschutzgebiet-stechlin\/\",\"url\":\"https:\/\/www.naturparkmagazin.de\/stechlin\/ungetruebter-ferienspass-im-naturschutzgebiet-stechlin\/\",\"name\":\"Ungetr\u00fcbter Ferienspa\u00df im Naturschutzgebiet Stechlin - Naturpark Stechlin-Ruppiner Land\",\"isPartOf\":{\"@id\":\"https:\/\/www.naturparkmagazin.de\/stechlin\/#website\"},\"datePublished\":\"2020-03-16T14:40:22+00:00\",\"dateModified\":\"2020-03-20T12:22:56+00:00\",\"author\":{\"@id\":\"https:\/\/www.naturparkmagazin.de\/stechlin\/#\/schema\/person\/3f0d93203df21c806dd63c76d9bb28bc\"},\"breadcrumb\":{\"@id\":\"https:\/\/www.naturparkmagazin.de\/stechlin\/ungetruebter-ferienspass-im-naturschutzgebiet-stechlin\/#breadcrumb\"},\"inLanguage\":\"de\",\"potentialAction\":[{\"@type\":\"ReadAction\",\"target\":[\"https:\/\/www.naturparkmagazin.de\/stechlin\/ungetruebter-ferienspass-im-naturschutzgebiet-stechlin\/\"]}]},{\"@type\":\"BreadcrumbList\",\"@id\":\"https:\/\/www.naturparkmagazin.de\/stechlin\/ungetruebter-ferienspass-im-naturschutzgebiet-stechlin\/#breadcrumb\",\"itemListElement\":[{\"@type\":\"ListItem\",\"position\":1,\"name\":\"Home\",\"item\":\"https:\/\/www.naturparkmagazin.de\/stechlin\/\"},{\"@type\":\"ListItem\",\"position\":2,\"name\":\"Ungetr\u00fcbter Ferienspa\u00df im Naturschutzgebiet Stechlin\"}]},{\"@type\":\"WebSite\",\"@id\":\"https:\/\/www.naturparkmagazin.de\/stechlin\/#website\",\"url\":\"https:\/\/www.naturparkmagazin.de\/stechlin\/\",\"name\":\"Naturpark Stechlin-Ruppiner Land\",\"description\":\"\",\"potentialAction\":[{\"@type\":\"SearchAction\",\"target\":{\"@type\":\"EntryPoint\",\"urlTemplate\":\"https:\/\/www.naturparkmagazin.de\/stechlin\/?s={search_term_string}\"},\"query-input\":\"required name=search_term_string\"}],\"inLanguage\":\"de\"},{\"@type\":\"Person\",\"@id\":\"https:\/\/www.naturparkmagazin.de\/stechlin\/#\/schema\/person\/3f0d93203df21c806dd63c76d9bb28bc\",\"name\":\"marioschrumpf\",\"url\":\"https:\/\/www.naturparkmagazin.de\/stechlin\/author\/marioschrumpf\/\"}]}<\/script>\n<!-- \/ Yoast SEO plugin. -->","yoast_head_json":{"title":"Ungetr\u00fcbter Ferienspa\u00df im Naturschutzgebiet Stechlin - Naturpark Stechlin-Ruppiner Land","robots":{"index":"index","follow":"follow","max-snippet":"max-snippet:-1","max-image-preview":"max-image-preview:large","max-video-preview":"max-video-preview:-1"},"canonical":"https:\/\/www.naturparkmagazin.de\/stechlin\/ungetruebter-ferienspass-im-naturschutzgebiet-stechlin\/","og_locale":"de_DE","og_type":"article","og_title":"Ungetr\u00fcbter Ferienspa\u00df im Naturschutzgebiet Stechlin - Naturpark Stechlin-Ruppiner Land","og_description":"Der Gro\u00dfe Stechlinsee lockt an hei\u00dfen Sommertagen viele Tagestouristen in den kleinen Ort Neuglobsow.","og_url":"https:\/\/www.naturparkmagazin.de\/stechlin\/ungetruebter-ferienspass-im-naturschutzgebiet-stechlin\/","og_site_name":"Naturpark Stechlin-Ruppiner Land","article_published_time":"2020-03-16T14:40:22+00:00","article_modified_time":"2020-03-20T12:22:56+00:00","og_image":[{"width":200,"height":200,"url":"https:\/\/www.naturparkmagazin.de\/stechlin\/wp-content\/uploads\/sites\/38\/auto-und-zelt-im-nsg_aufh\u00e4nger.jpg","type":"image\/jpeg"}],"author":"marioschrumpf","twitter_misc":{"Verfasst von":"marioschrumpf","Gesch\u00e4tzte Lesezeit":"1\u00a0Minute"},"schema":{"@context":"https:\/\/schema.org","@graph":[{"@type":"WebPage","@id":"https:\/\/www.naturparkmagazin.de\/stechlin\/ungetruebter-ferienspass-im-naturschutzgebiet-stechlin\/","url":"https:\/\/www.naturparkmagazin.de\/stechlin\/ungetruebter-ferienspass-im-naturschutzgebiet-stechlin\/","name":"Ungetr\u00fcbter Ferienspa\u00df im Naturschutzgebiet Stechlin - Naturpark Stechlin-Ruppiner Land","isPartOf":{"@id":"https:\/\/www.naturparkmagazin.de\/stechlin\/#website"},"datePublished":"2020-03-16T14:40:22+00:00","dateModified":"2020-03-20T12:22:56+00:00","author":{"@id":"https:\/\/www.naturparkmagazin.de\/stechlin\/#\/schema\/person\/3f0d93203df21c806dd63c76d9bb28bc"},"breadcrumb":{"@id":"https:\/\/www.naturparkmagazin.de\/stechlin\/ungetruebter-ferienspass-im-naturschutzgebiet-stechlin\/#breadcrumb"},"inLanguage":"de","potentialAction":[{"@type":"ReadAction","target":["https:\/\/www.naturparkmagazin.de\/stechlin\/ungetruebter-ferienspass-im-naturschutzgebiet-stechlin\/"]}]},{"@type":"BreadcrumbList","@id":"https:\/\/www.naturparkmagazin.de\/stechlin\/ungetruebter-ferienspass-im-naturschutzgebiet-stechlin\/#breadcrumb","itemListElement":[{"@type":"ListItem","position":1,"name":"Home","item":"https:\/\/www.naturparkmagazin.de\/stechlin\/"},{"@type":"ListItem","position":2,"name":"Ungetr\u00fcbter Ferienspa\u00df im Naturschutzgebiet Stechlin"}]},{"@type":"WebSite","@id":"https:\/\/www.naturparkmagazin.de\/stechlin\/#website","url":"https:\/\/www.naturparkmagazin.de\/stechlin\/","name":"Naturpark Stechlin-Ruppiner Land","description":"","potentialAction":[{"@type":"SearchAction","target":{"@type":"EntryPoint","urlTemplate":"https:\/\/www.naturparkmagazin.de\/stechlin\/?s={search_term_string}"},"query-input":"required name=search_term_string"}],"inLanguage":"de"},{"@type":"Person","@id":"https:\/\/www.naturparkmagazin.de\/stechlin\/#\/schema\/person\/3f0d93203df21c806dd63c76d9bb28bc","name":"marioschrumpf","url":"https:\/\/www.naturparkmagazin.de\/stechlin\/author\/marioschrumpf\/"}]}},"_links":{"self":[{"href":"https:\/\/www.naturparkmagazin.de\/stechlin\/wp-json\/wp\/v2\/posts\/9339"}],"collection":[{"href":"https:\/\/www.naturparkmagazin.de\/stechlin\/wp-json\/wp\/v2\/posts"}],"about":[{"href":"https:\/\/www.naturparkmagazin.de\/stechlin\/wp-json\/wp\/v2\/types\/post"}],"author":[{"embeddable":true,"href":"https:\/\/www.naturparkmagazin.de\/stechlin\/wp-json\/wp\/v2\/users\/39"}],"replies":[{"embeddable":true,"href":"https:\/\/www.naturparkmagazin.de\/stechlin\/wp-json\/wp\/v2\/comments?post=9339"}],"version-history":[{"count":6,"href":"https:\/\/www.naturparkmagazin.de\/stechlin\/wp-json\/wp\/v2\/posts\/9339\/revisions"}],"predecessor-version":[{"id":9424,"href":"https:\/\/www.naturparkmagazin.de\/stechlin\/wp-json\/wp\/v2\/posts\/9339\/revisions\/9424"}],"wp:featuredmedia":[{"embeddable":true,"href":"https:\/\/www.naturparkmagazin.de\/stechlin\/wp-json\/wp\/v2\/media\/9350"}],"wp:attachment":[{"href":"https:\/\/www.naturparkmagazin.de\/stechlin\/wp-json\/wp\/v2\/media?parent=9339"}],"wp:term":[{"taxonomy":"category","embeddable":true,"href":"https:\/\/www.naturparkmagazin.de\/stechlin\/wp-json\/wp\/v2\/categories?post=9339"},{"taxonomy":"post_tag","embeddable":true,"href":"https:\/\/www.naturparkmagazin.de\/stechlin\/wp-json\/wp\/v2\/tags?post=9339"}],"curies":[{"name":"wp","href":"https:\/\/api.w.org\/{rel}","templated":true}]}}