{"id":9342,"date":"2020-03-16T15:44:22","date_gmt":"2020-03-16T14:44:22","guid":{"rendered":"https:\/\/www.naturparkmagazin.de\/stechlin\/?p=9342"},"modified":"2020-03-31T12:31:13","modified_gmt":"2020-03-31T10:31:13","slug":"alter-falter","status":"publish","type":"post","link":"https:\/\/www.naturparkmagazin.de\/stechlin\/alter-falter\/","title":{"rendered":"Alter Falter!"},"content":{"rendered":"<div id=\"attachment_9349\" style=\"width: 310px\" class=\"wp-caption aligncenter\"><a href=\"https:\/\/www.naturparkmagazin.de\/stechlin\/wp-content\/uploads\/sites\/38\/preisverleihung_2019.jpg\"><img aria-describedby=\"caption-attachment-9349\" decoding=\"async\" loading=\"lazy\" class=\"wp-image-9349 size-thumbnail\" src=\"https:\/\/www.naturparkmagazin.de\/stechlin\/wp-content\/uploads\/sites\/38\/preisverleihung_2019-300x180.jpg\" alt=\"LPV Prignitz-Ruppiner Land\" width=\"300\" height=\"180\" srcset=\"https:\/\/www.naturparkmagazin.de\/stechlin\/wp-content\/uploads\/sites\/38\/preisverleihung_2019-300x180.jpg 300w, https:\/\/www.naturparkmagazin.de\/stechlin\/wp-content\/uploads\/sites\/38\/preisverleihung_2019.jpg 500w, https:\/\/www.naturparkmagazin.de\/stechlin\/wp-content\/uploads\/sites\/38\/preisverleihung_2019-200x120.jpg 200w\" sizes=\"(max-width: 300px) 100vw, 300px\" \/><\/a><p id=\"caption-attachment-9349\" class=\"wp-caption-text\">Preisverleihung im vergangenen Jahr im Rahmen der LAGA Wittstock\/Dosse<\/p><\/div>\n<p><a href=\"https:\/\/www.naturparkmagazin.de\/stechlin\/wp-content\/uploads\/sites\/38\/alter-falter2.jpg\"><img decoding=\"async\" loading=\"lazy\" class=\"aligncenter size-thumbnail wp-image-9400\" src=\"https:\/\/www.naturparkmagazin.de\/stechlin\/wp-content\/uploads\/sites\/38\/alter-falter2-300x180.jpg\" alt=\"LPV Prignitz-Ruppiner Land\" width=\"300\" height=\"180\" srcset=\"https:\/\/www.naturparkmagazin.de\/stechlin\/wp-content\/uploads\/sites\/38\/alter-falter2-300x180.jpg 300w, https:\/\/www.naturparkmagazin.de\/stechlin\/wp-content\/uploads\/sites\/38\/alter-falter2.jpg 500w, https:\/\/www.naturparkmagazin.de\/stechlin\/wp-content\/uploads\/sites\/38\/alter-falter2-200x120.jpg 200w\" sizes=\"(max-width: 300px) 100vw, 300px\" \/><\/a><a href=\"https:\/\/www.naturparkmagazin.de\/stechlin\/wp-content\/uploads\/sites\/38\/alter-falter3.jpg\"><img decoding=\"async\" loading=\"lazy\" class=\"aligncenter size-thumbnail wp-image-9399\" src=\"https:\/\/www.naturparkmagazin.de\/stechlin\/wp-content\/uploads\/sites\/38\/alter-falter3-300x180.jpg\" alt=\"LPV Prignitz-Ruppiner Land\" width=\"300\" height=\"180\" srcset=\"https:\/\/www.naturparkmagazin.de\/stechlin\/wp-content\/uploads\/sites\/38\/alter-falter3-300x180.jpg 300w, https:\/\/www.naturparkmagazin.de\/stechlin\/wp-content\/uploads\/sites\/38\/alter-falter3.jpg 500w, https:\/\/www.naturparkmagazin.de\/stechlin\/wp-content\/uploads\/sites\/38\/alter-falter3-200x120.jpg 200w\" sizes=\"(max-width: 300px) 100vw, 300px\" \/><\/a>Der Landschaftspflegeverband Prignitz-Ruppiner Land e.V. ruft zum 2. Mal den Wettbewerb &#8222;Garten der Vielfalt&#8220; aus. Die Postkartenaktion unter dem Motto &#8222;Alter Falter!&#8220; oder &#8222;Viele Falter&#8230;?&#8220; startet im April 2020.<a href=\"https:\/\/www.naturparkmagazin.de\/stechlin\/wp-content\/uploads\/sites\/38\/viele-falter2.jpg\"><img decoding=\"async\" loading=\"lazy\" class=\"aligncenter size-thumbnail wp-image-9398\" src=\"https:\/\/www.naturparkmagazin.de\/stechlin\/wp-content\/uploads\/sites\/38\/viele-falter2-300x180.jpg\" alt=\"LPV Prignitz-Ruppiner Land\" width=\"300\" height=\"180\" srcset=\"https:\/\/www.naturparkmagazin.de\/stechlin\/wp-content\/uploads\/sites\/38\/viele-falter2-300x180.jpg 300w, https:\/\/www.naturparkmagazin.de\/stechlin\/wp-content\/uploads\/sites\/38\/viele-falter2.jpg 500w, https:\/\/www.naturparkmagazin.de\/stechlin\/wp-content\/uploads\/sites\/38\/viele-falter2-200x120.jpg 200w\" sizes=\"(max-width: 300px) 100vw, 300px\" \/><\/a><\/p>\n<div id=\"attachment_9348\" style=\"width: 310px\" class=\"wp-caption aligncenter\"><a href=\"https:\/\/www.naturparkmagazin.de\/stechlin\/wp-content\/uploads\/sites\/38\/beispiel1-2019.jpg\"><img aria-describedby=\"caption-attachment-9348\" decoding=\"async\" loading=\"lazy\" class=\"wp-image-9348 size-thumbnail\" src=\"https:\/\/www.naturparkmagazin.de\/stechlin\/wp-content\/uploads\/sites\/38\/beispiel1-2019-300x180.jpg\" alt=\"LPV Prignitz-Ruppiner Land\" width=\"300\" height=\"180\" srcset=\"https:\/\/www.naturparkmagazin.de\/stechlin\/wp-content\/uploads\/sites\/38\/beispiel1-2019-300x180.jpg 300w, https:\/\/www.naturparkmagazin.de\/stechlin\/wp-content\/uploads\/sites\/38\/beispiel1-2019.jpg 500w, https:\/\/www.naturparkmagazin.de\/stechlin\/wp-content\/uploads\/sites\/38\/beispiel1-2019-200x120.jpg 200w\" sizes=\"(max-width: 300px) 100vw, 300px\" \/><\/a><p id=\"caption-attachment-9348\" class=\"wp-caption-text\">Preistr\u00e4gergarten aus 2019<\/p><\/div>\n<p>Der R\u00fcckgang der Tier- und Pflanzenarten ist in aller Munde, dabei kann jeder mit einfachen Mitteln zuhause, vor der eigenen Haust\u00fcr damit beginnen etwas f\u00fcr die Artenvielfalt zu tun. Der Landschaftspflegeverband m\u00f6chte auf das Thema Artenvielfalt in privaten G\u00e4rten aufmerksam machen. Aus diesem Grund gibt es diesen Wettbewerb, der besonders wertvolle G\u00e4rten pr\u00e4mieren wird.<\/p>\n<div id=\"attachment_9347\" style=\"width: 310px\" class=\"wp-caption aligncenter\"><a href=\"https:\/\/www.naturparkmagazin.de\/stechlin\/wp-content\/uploads\/sites\/38\/beispiel2-2019.jpg\"><img aria-describedby=\"caption-attachment-9347\" decoding=\"async\" loading=\"lazy\" class=\"wp-image-9347 size-thumbnail\" src=\"https:\/\/www.naturparkmagazin.de\/stechlin\/wp-content\/uploads\/sites\/38\/beispiel2-2019-300x180.jpg\" alt=\"LPV Prignitz-Ruppiner Land\" width=\"300\" height=\"180\" srcset=\"https:\/\/www.naturparkmagazin.de\/stechlin\/wp-content\/uploads\/sites\/38\/beispiel2-2019-300x180.jpg 300w, https:\/\/www.naturparkmagazin.de\/stechlin\/wp-content\/uploads\/sites\/38\/beispiel2-2019.jpg 500w, https:\/\/www.naturparkmagazin.de\/stechlin\/wp-content\/uploads\/sites\/38\/beispiel2-2019-200x120.jpg 200w\" sizes=\"(max-width: 300px) 100vw, 300px\" \/><\/a><p id=\"caption-attachment-9347\" class=\"wp-caption-text\">Preistr\u00e4gergarten aus 2019<\/p><\/div>\n<p>Der Landschaftspflegeverband Prignitz-Ruppiner Land e.V. sucht in Kooperation mit dem NABU Neuruppin, dem Naturpark und der Volkssolidarit\u00e4t\u00a0<strong>Gartenfreunde<\/strong>, die sich mit viel Engagement und Einf\u00fchlungsverm\u00f6gen f\u00fcr die Erhaltung der Artenvielfalt vor ihrer Haust\u00fcr einsetzen.<\/p>\n<p>Wenn Sie also in Ihrem Garten einiges f\u00fcr Wildpflanzen, Insekten, V\u00f6gel, Flederm\u00e4use und Co. tun und sich Ihr Grundst\u00fcck innerhalb der <a href=\"http:\/\/neu.lpv-prignitz-ruppin.de\/files\/theme\/assets\/img\/Vereinsgebiet-LPV-Prignitz-Ruppiner-Land.png\" target=\"_blank\">Grenzen des Landschaftspflegeverbandes<\/a> befindet, dann sollten Sie sich bewerben.<\/p>\n<p><a href=\"http:\/\/neu.lpv-prignitz-ruppin.de\/gartenwettbewerb.html?file=files\/theme\/Redaktion\/Projekte\/Gartenwettbewerb\/Anh%C3%A4nge\/Teilnahmebedingungen_Gartenwettbewerb.pdf\">Hier finden Sie die Teilnahmebedingungen!<\/a><\/p>\n<p>Die Gewinner werden am 17.10.2020 im Rahmen des Menzer Apfeltages ausgezeichnet.<\/p>\n","protected":false},"excerpt":{"rendered":"<p>Der Landschaftspflegeverband Prignitz-Ruppiner Land e.V. ruft zum 2. Mal den Wettbewerb &#8222;Garten der Vielfalt&#8220; aus.<\/p>\n","protected":false},"author":39,"featured_media":9376,"comment_status":"open","ping_status":"open","sticky":false,"template":"","format":"standard","meta":[],"categories":[7],"tags":[],"yoast_head":"<!-- This site is optimized with the Yoast SEO plugin v19.10 - https:\/\/yoast.com\/wordpress\/plugins\/seo\/ -->\n<title>Alter Falter! - Naturpark Stechlin-Ruppiner Land<\/title>\n<meta name=\"robots\" content=\"index, follow, max-snippet:-1, max-image-preview:large, max-video-preview:-1\" \/>\n<link rel=\"canonical\" href=\"https:\/\/www.naturparkmagazin.de\/stechlin\/alter-falter\/\" \/>\n<meta property=\"og:locale\" content=\"de_DE\" \/>\n<meta property=\"og:type\" content=\"article\" \/>\n<meta property=\"og:title\" content=\"Alter Falter! - Naturpark Stechlin-Ruppiner Land\" \/>\n<meta property=\"og:description\" content=\"Der Landschaftspflegeverband Prignitz-Ruppiner Land e.V. ruft zum 2. Mal den Wettbewerb &quot;Garten der Vielfalt&quot; aus.\" \/>\n<meta property=\"og:url\" content=\"https:\/\/www.naturparkmagazin.de\/stechlin\/alter-falter\/\" \/>\n<meta property=\"og:site_name\" content=\"Naturpark Stechlin-Ruppiner Land\" \/>\n<meta property=\"article:published_time\" content=\"2020-03-16T14:44:22+00:00\" \/>\n<meta property=\"article:modified_time\" content=\"2020-03-31T10:31:13+00:00\" \/>\n<meta property=\"og:image\" content=\"https:\/\/www.naturparkmagazin.de\/stechlin\/wp-content\/uploads\/sites\/38\/Gartenwettbewerb_Head.jpg\" \/>\n\t<meta property=\"og:image:width\" content=\"200\" \/>\n\t<meta property=\"og:image:height\" content=\"200\" \/>\n\t<meta property=\"og:image:type\" content=\"image\/jpeg\" \/>\n<meta name=\"author\" content=\"marioschrumpf\" \/>\n<meta name=\"twitter:label1\" content=\"Verfasst von\" \/>\n\t<meta name=\"twitter:data1\" content=\"marioschrumpf\" \/>\n\t<meta name=\"twitter:label2\" content=\"Gesch\u00e4tzte Lesezeit\" \/>\n\t<meta name=\"twitter:data2\" content=\"1\u00a0Minute\" \/>\n<script type=\"application\/ld+json\" class=\"yoast-schema-graph\">{\"@context\":\"https:\/\/schema.org\",\"@graph\":[{\"@type\":\"WebPage\",\"@id\":\"https:\/\/www.naturparkmagazin.de\/stechlin\/alter-falter\/\",\"url\":\"https:\/\/www.naturparkmagazin.de\/stechlin\/alter-falter\/\",\"name\":\"Alter Falter! - Naturpark Stechlin-Ruppiner Land\",\"isPartOf\":{\"@id\":\"https:\/\/www.naturparkmagazin.de\/stechlin\/#website\"},\"datePublished\":\"2020-03-16T14:44:22+00:00\",\"dateModified\":\"2020-03-31T10:31:13+00:00\",\"author\":{\"@id\":\"https:\/\/www.naturparkmagazin.de\/stechlin\/#\/schema\/person\/3f0d93203df21c806dd63c76d9bb28bc\"},\"breadcrumb\":{\"@id\":\"https:\/\/www.naturparkmagazin.de\/stechlin\/alter-falter\/#breadcrumb\"},\"inLanguage\":\"de\",\"potentialAction\":[{\"@type\":\"ReadAction\",\"target\":[\"https:\/\/www.naturparkmagazin.de\/stechlin\/alter-falter\/\"]}]},{\"@type\":\"BreadcrumbList\",\"@id\":\"https:\/\/www.naturparkmagazin.de\/stechlin\/alter-falter\/#breadcrumb\",\"itemListElement\":[{\"@type\":\"ListItem\",\"position\":1,\"name\":\"Home\",\"item\":\"https:\/\/www.naturparkmagazin.de\/stechlin\/\"},{\"@type\":\"ListItem\",\"position\":2,\"name\":\"Alter Falter!\"}]},{\"@type\":\"WebSite\",\"@id\":\"https:\/\/www.naturparkmagazin.de\/stechlin\/#website\",\"url\":\"https:\/\/www.naturparkmagazin.de\/stechlin\/\",\"name\":\"Naturpark Stechlin-Ruppiner Land\",\"description\":\"\",\"potentialAction\":[{\"@type\":\"SearchAction\",\"target\":{\"@type\":\"EntryPoint\",\"urlTemplate\":\"https:\/\/www.naturparkmagazin.de\/stechlin\/?s={search_term_string}\"},\"query-input\":\"required name=search_term_string\"}],\"inLanguage\":\"de\"},{\"@type\":\"Person\",\"@id\":\"https:\/\/www.naturparkmagazin.de\/stechlin\/#\/schema\/person\/3f0d93203df21c806dd63c76d9bb28bc\",\"name\":\"marioschrumpf\",\"url\":\"https:\/\/www.naturparkmagazin.de\/stechlin\/author\/marioschrumpf\/\"}]}<\/script>\n<!-- \/ Yoast SEO plugin. -->","yoast_head_json":{"title":"Alter Falter! - Naturpark Stechlin-Ruppiner Land","robots":{"index":"index","follow":"follow","max-snippet":"max-snippet:-1","max-image-preview":"max-image-preview:large","max-video-preview":"max-video-preview:-1"},"canonical":"https:\/\/www.naturparkmagazin.de\/stechlin\/alter-falter\/","og_locale":"de_DE","og_type":"article","og_title":"Alter Falter! - Naturpark Stechlin-Ruppiner Land","og_description":"Der Landschaftspflegeverband Prignitz-Ruppiner Land e.V. ruft zum 2. Mal den Wettbewerb \"Garten der Vielfalt\" aus.","og_url":"https:\/\/www.naturparkmagazin.de\/stechlin\/alter-falter\/","og_site_name":"Naturpark Stechlin-Ruppiner Land","article_published_time":"2020-03-16T14:44:22+00:00","article_modified_time":"2020-03-31T10:31:13+00:00","og_image":[{"width":200,"height":200,"url":"https:\/\/www.naturparkmagazin.de\/stechlin\/wp-content\/uploads\/sites\/38\/Gartenwettbewerb_Head.jpg","type":"image\/jpeg"}],"author":"marioschrumpf","twitter_misc":{"Verfasst von":"marioschrumpf","Gesch\u00e4tzte Lesezeit":"1\u00a0Minute"},"schema":{"@context":"https:\/\/schema.org","@graph":[{"@type":"WebPage","@id":"https:\/\/www.naturparkmagazin.de\/stechlin\/alter-falter\/","url":"https:\/\/www.naturparkmagazin.de\/stechlin\/alter-falter\/","name":"Alter Falter! - Naturpark Stechlin-Ruppiner Land","isPartOf":{"@id":"https:\/\/www.naturparkmagazin.de\/stechlin\/#website"},"datePublished":"2020-03-16T14:44:22+00:00","dateModified":"2020-03-31T10:31:13+00:00","author":{"@id":"https:\/\/www.naturparkmagazin.de\/stechlin\/#\/schema\/person\/3f0d93203df21c806dd63c76d9bb28bc"},"breadcrumb":{"@id":"https:\/\/www.naturparkmagazin.de\/stechlin\/alter-falter\/#breadcrumb"},"inLanguage":"de","potentialAction":[{"@type":"ReadAction","target":["https:\/\/www.naturparkmagazin.de\/stechlin\/alter-falter\/"]}]},{"@type":"BreadcrumbList","@id":"https:\/\/www.naturparkmagazin.de\/stechlin\/alter-falter\/#breadcrumb","itemListElement":[{"@type":"ListItem","position":1,"name":"Home","item":"https:\/\/www.naturparkmagazin.de\/stechlin\/"},{"@type":"ListItem","position":2,"name":"Alter Falter!"}]},{"@type":"WebSite","@id":"https:\/\/www.naturparkmagazin.de\/stechlin\/#website","url":"https:\/\/www.naturparkmagazin.de\/stechlin\/","name":"Naturpark Stechlin-Ruppiner Land","description":"","potentialAction":[{"@type":"SearchAction","target":{"@type":"EntryPoint","urlTemplate":"https:\/\/www.naturparkmagazin.de\/stechlin\/?s={search_term_string}"},"query-input":"required name=search_term_string"}],"inLanguage":"de"},{"@type":"Person","@id":"https:\/\/www.naturparkmagazin.de\/stechlin\/#\/schema\/person\/3f0d93203df21c806dd63c76d9bb28bc","name":"marioschrumpf","url":"https:\/\/www.naturparkmagazin.de\/stechlin\/author\/marioschrumpf\/"}]}},"_links":{"self":[{"href":"https:\/\/www.naturparkmagazin.de\/stechlin\/wp-json\/wp\/v2\/posts\/9342"}],"collection":[{"href":"https:\/\/www.naturparkmagazin.de\/stechlin\/wp-json\/wp\/v2\/posts"}],"about":[{"href":"https:\/\/www.naturparkmagazin.de\/stechlin\/wp-json\/wp\/v2\/types\/post"}],"author":[{"embeddable":true,"href":"https:\/\/www.naturparkmagazin.de\/stechlin\/wp-json\/wp\/v2\/users\/39"}],"replies":[{"embeddable":true,"href":"https:\/\/www.naturparkmagazin.de\/stechlin\/wp-json\/wp\/v2\/comments?post=9342"}],"version-history":[{"count":12,"href":"https:\/\/www.naturparkmagazin.de\/stechlin\/wp-json\/wp\/v2\/posts\/9342\/revisions"}],"predecessor-version":[{"id":9437,"href":"https:\/\/www.naturparkmagazin.de\/stechlin\/wp-json\/wp\/v2\/posts\/9342\/revisions\/9437"}],"wp:featuredmedia":[{"embeddable":true,"href":"https:\/\/www.naturparkmagazin.de\/stechlin\/wp-json\/wp\/v2\/media\/9376"}],"wp:attachment":[{"href":"https:\/\/www.naturparkmagazin.de\/stechlin\/wp-json\/wp\/v2\/media?parent=9342"}],"wp:term":[{"taxonomy":"category","embeddable":true,"href":"https:\/\/www.naturparkmagazin.de\/stechlin\/wp-json\/wp\/v2\/categories?post=9342"},{"taxonomy":"post_tag","embeddable":true,"href":"https:\/\/www.naturparkmagazin.de\/stechlin\/wp-json\/wp\/v2\/tags?post=9342"}],"curies":[{"name":"wp","href":"https:\/\/api.w.org\/{rel}","templated":true}]}}