{"id":935,"date":"2014-04-17T11:00:40","date_gmt":"2014-04-17T09:00:40","guid":{"rendered":"http:\/\/www.naturparkmagazin.de\/stechlin\/?p=935"},"modified":"2025-01-24T10:06:13","modified_gmt":"2025-01-24T09:06:13","slug":"29-tierpark-und-kinderwaldfest-in-kunsterspring","status":"publish","type":"post","link":"https:\/\/www.naturparkmagazin.de\/stechlin\/29-tierpark-und-kinderwaldfest-in-kunsterspring\/","title":{"rendered":"29. Tierpark- und Kinderwaldfest (2014) in Kunsterspring"},"content":{"rendered":"<p><a href=\"https:\/\/www.naturparkmagazin.de\/stechlin\/wp-content\/uploads\/sites\/38\/WolfII.jpg\"><img decoding=\"async\" loading=\"lazy\" class=\"alignnone size-full wp-image-937\" src=\"https:\/\/www.naturparkmagazin.de\/stechlin\/wp-content\/uploads\/sites\/38\/WolfII.jpg\" alt=\"NP SRL\/ Dr. Mario Schrumpf\" width=\"500\" height=\"375\" srcset=\"https:\/\/www.naturparkmagazin.de\/stechlin\/wp-content\/uploads\/sites\/38\/WolfII.jpg 500w, https:\/\/www.naturparkmagazin.de\/stechlin\/wp-content\/uploads\/sites\/38\/WolfII-300x225.jpg 300w, https:\/\/www.naturparkmagazin.de\/stechlin\/wp-content\/uploads\/sites\/38\/WolfII-420x315.jpg 420w, https:\/\/www.naturparkmagazin.de\/stechlin\/wp-content\/uploads\/sites\/38\/WolfII-180x135.jpg 180w, https:\/\/www.naturparkmagazin.de\/stechlin\/wp-content\/uploads\/sites\/38\/WolfII-95x71.jpg 95w, https:\/\/www.naturparkmagazin.de\/stechlin\/wp-content\/uploads\/sites\/38\/WolfII-200x150.jpg 200w\" sizes=\"(max-width: 500px) 100vw, 500px\" \/><\/a><\/p>\n<p>Zum Internationalen Kindertag am <strong>1. Juni, 14 Uhr<\/strong> l\u00e4dt der Tierpark Kunsterspring vorallem Familien zum traditionellen Tierparkfest ein. Bei diesem Fest dreht sich in bew\u00e4hrter Weise alles um die heimische Flora und Fauna. Es wird wieder ein buntes Familienprogramm sowie eine Tombola zu Gunsten des Tierparks Kunsterspring geben und nat\u00fcrlich ist auch wieder das beliebte Tierparkwissensquiz mit dabei. Die Schutzgemeinschaft Deutscher Wald, Regionalverband Ruppin bietet einen Parcour zum Thema &#8222;Wissen \u00fcber die Natur&#8220; an. Das Programm h\u00e4lt sicher wieder f\u00fcr alle etwas bereit. F\u00fcr das leibliche Wohl ist gesorgt.<\/p>\n<p>Weitere Infos: <a href=\"http:\/\/www.tierpark-kunsterspring.com\">www.tierpark-kunsterspring.com<\/a><\/p>\n<p>&nbsp;<\/p>\n<p>&nbsp;<\/p>\n","protected":false},"excerpt":{"rendered":"<p>Zum Internationalen Kindertag am 1. Juni, 14 Uhr l\u00e4dt der Tierpark Kunsterspring vorallem Familien zum traditionellen Tierparkfest ein.<\/p>\n","protected":false},"author":39,"featured_media":936,"comment_status":"open","ping_status":"open","sticky":false,"template":"","format":"standard","meta":[],"categories":[11],"tags":[],"yoast_head":"<!-- This site is optimized with the Yoast SEO plugin v19.10 - https:\/\/yoast.com\/wordpress\/plugins\/seo\/ -->\n<title>29. Tierpark- und Kinderwaldfest (2014) in Kunsterspring - Naturpark Stechlin-Ruppiner Land<\/title>\n<meta name=\"robots\" content=\"index, follow, max-snippet:-1, max-image-preview:large, max-video-preview:-1\" \/>\n<link rel=\"canonical\" href=\"https:\/\/www.naturparkmagazin.de\/stechlin\/29-tierpark-und-kinderwaldfest-in-kunsterspring\/\" \/>\n<meta property=\"og:locale\" content=\"de_DE\" \/>\n<meta property=\"og:type\" content=\"article\" \/>\n<meta property=\"og:title\" content=\"29. Tierpark- und Kinderwaldfest (2014) in Kunsterspring - Naturpark Stechlin-Ruppiner Land\" \/>\n<meta property=\"og:description\" content=\"Zum Internationalen Kindertag am 1. Juni, 14 Uhr l\u00e4dt der Tierpark Kunsterspring vorallem Familien zum traditionellen Tierparkfest ein.\" \/>\n<meta property=\"og:url\" content=\"https:\/\/www.naturparkmagazin.de\/stechlin\/29-tierpark-und-kinderwaldfest-in-kunsterspring\/\" \/>\n<meta property=\"og:site_name\" content=\"Naturpark Stechlin-Ruppiner Land\" \/>\n<meta property=\"article:published_time\" content=\"2014-04-17T09:00:40+00:00\" \/>\n<meta property=\"article:modified_time\" content=\"2025-01-24T09:06:13+00:00\" \/>\n<meta property=\"og:image\" content=\"https:\/\/www.naturparkmagazin.de\/stechlin\/wp-content\/uploads\/sites\/38\/k-Wolf.jpg\" \/>\n\t<meta property=\"og:image:width\" content=\"500\" \/>\n\t<meta property=\"og:image:height\" content=\"300\" \/>\n\t<meta property=\"og:image:type\" content=\"image\/jpeg\" \/>\n<meta name=\"author\" content=\"marioschrumpf\" \/>\n<meta name=\"twitter:label1\" content=\"Verfasst von\" \/>\n\t<meta name=\"twitter:data1\" content=\"marioschrumpf\" \/>\n\t<meta name=\"twitter:label2\" content=\"Gesch\u00e4tzte Lesezeit\" \/>\n\t<meta name=\"twitter:data2\" content=\"1\u00a0Minute\" \/>\n<script type=\"application\/ld+json\" class=\"yoast-schema-graph\">{\"@context\":\"https:\/\/schema.org\",\"@graph\":[{\"@type\":\"WebPage\",\"@id\":\"https:\/\/www.naturparkmagazin.de\/stechlin\/29-tierpark-und-kinderwaldfest-in-kunsterspring\/\",\"url\":\"https:\/\/www.naturparkmagazin.de\/stechlin\/29-tierpark-und-kinderwaldfest-in-kunsterspring\/\",\"name\":\"29. Tierpark- und Kinderwaldfest (2014) in Kunsterspring - Naturpark Stechlin-Ruppiner Land\",\"isPartOf\":{\"@id\":\"https:\/\/www.naturparkmagazin.de\/stechlin\/#website\"},\"datePublished\":\"2014-04-17T09:00:40+00:00\",\"dateModified\":\"2025-01-24T09:06:13+00:00\",\"author\":{\"@id\":\"https:\/\/www.naturparkmagazin.de\/stechlin\/#\/schema\/person\/3f0d93203df21c806dd63c76d9bb28bc\"},\"breadcrumb\":{\"@id\":\"https:\/\/www.naturparkmagazin.de\/stechlin\/29-tierpark-und-kinderwaldfest-in-kunsterspring\/#breadcrumb\"},\"inLanguage\":\"de\",\"potentialAction\":[{\"@type\":\"ReadAction\",\"target\":[\"https:\/\/www.naturparkmagazin.de\/stechlin\/29-tierpark-und-kinderwaldfest-in-kunsterspring\/\"]}]},{\"@type\":\"BreadcrumbList\",\"@id\":\"https:\/\/www.naturparkmagazin.de\/stechlin\/29-tierpark-und-kinderwaldfest-in-kunsterspring\/#breadcrumb\",\"itemListElement\":[{\"@type\":\"ListItem\",\"position\":1,\"name\":\"Home\",\"item\":\"https:\/\/www.naturparkmagazin.de\/stechlin\/\"},{\"@type\":\"ListItem\",\"position\":2,\"name\":\"29. Tierpark- und Kinderwaldfest (2014) in Kunsterspring\"}]},{\"@type\":\"WebSite\",\"@id\":\"https:\/\/www.naturparkmagazin.de\/stechlin\/#website\",\"url\":\"https:\/\/www.naturparkmagazin.de\/stechlin\/\",\"name\":\"Naturpark Stechlin-Ruppiner Land\",\"description\":\"\",\"potentialAction\":[{\"@type\":\"SearchAction\",\"target\":{\"@type\":\"EntryPoint\",\"urlTemplate\":\"https:\/\/www.naturparkmagazin.de\/stechlin\/?s={search_term_string}\"},\"query-input\":\"required name=search_term_string\"}],\"inLanguage\":\"de\"},{\"@type\":\"Person\",\"@id\":\"https:\/\/www.naturparkmagazin.de\/stechlin\/#\/schema\/person\/3f0d93203df21c806dd63c76d9bb28bc\",\"name\":\"marioschrumpf\",\"url\":\"https:\/\/www.naturparkmagazin.de\/stechlin\/author\/marioschrumpf\/\"}]}<\/script>\n<!-- \/ Yoast SEO plugin. -->","yoast_head_json":{"title":"29. Tierpark- und Kinderwaldfest (2014) in Kunsterspring - Naturpark Stechlin-Ruppiner Land","robots":{"index":"index","follow":"follow","max-snippet":"max-snippet:-1","max-image-preview":"max-image-preview:large","max-video-preview":"max-video-preview:-1"},"canonical":"https:\/\/www.naturparkmagazin.de\/stechlin\/29-tierpark-und-kinderwaldfest-in-kunsterspring\/","og_locale":"de_DE","og_type":"article","og_title":"29. Tierpark- und Kinderwaldfest (2014) in Kunsterspring - Naturpark Stechlin-Ruppiner Land","og_description":"Zum Internationalen Kindertag am 1. Juni, 14 Uhr l\u00e4dt der Tierpark Kunsterspring vorallem Familien zum traditionellen Tierparkfest ein.","og_url":"https:\/\/www.naturparkmagazin.de\/stechlin\/29-tierpark-und-kinderwaldfest-in-kunsterspring\/","og_site_name":"Naturpark Stechlin-Ruppiner Land","article_published_time":"2014-04-17T09:00:40+00:00","article_modified_time":"2025-01-24T09:06:13+00:00","og_image":[{"width":500,"height":300,"url":"https:\/\/www.naturparkmagazin.de\/stechlin\/wp-content\/uploads\/sites\/38\/k-Wolf.jpg","type":"image\/jpeg"}],"author":"marioschrumpf","twitter_misc":{"Verfasst von":"marioschrumpf","Gesch\u00e4tzte Lesezeit":"1\u00a0Minute"},"schema":{"@context":"https:\/\/schema.org","@graph":[{"@type":"WebPage","@id":"https:\/\/www.naturparkmagazin.de\/stechlin\/29-tierpark-und-kinderwaldfest-in-kunsterspring\/","url":"https:\/\/www.naturparkmagazin.de\/stechlin\/29-tierpark-und-kinderwaldfest-in-kunsterspring\/","name":"29. Tierpark- und Kinderwaldfest (2014) in Kunsterspring - Naturpark Stechlin-Ruppiner Land","isPartOf":{"@id":"https:\/\/www.naturparkmagazin.de\/stechlin\/#website"},"datePublished":"2014-04-17T09:00:40+00:00","dateModified":"2025-01-24T09:06:13+00:00","author":{"@id":"https:\/\/www.naturparkmagazin.de\/stechlin\/#\/schema\/person\/3f0d93203df21c806dd63c76d9bb28bc"},"breadcrumb":{"@id":"https:\/\/www.naturparkmagazin.de\/stechlin\/29-tierpark-und-kinderwaldfest-in-kunsterspring\/#breadcrumb"},"inLanguage":"de","potentialAction":[{"@type":"ReadAction","target":["https:\/\/www.naturparkmagazin.de\/stechlin\/29-tierpark-und-kinderwaldfest-in-kunsterspring\/"]}]},{"@type":"BreadcrumbList","@id":"https:\/\/www.naturparkmagazin.de\/stechlin\/29-tierpark-und-kinderwaldfest-in-kunsterspring\/#breadcrumb","itemListElement":[{"@type":"ListItem","position":1,"name":"Home","item":"https:\/\/www.naturparkmagazin.de\/stechlin\/"},{"@type":"ListItem","position":2,"name":"29. Tierpark- und Kinderwaldfest (2014) in Kunsterspring"}]},{"@type":"WebSite","@id":"https:\/\/www.naturparkmagazin.de\/stechlin\/#website","url":"https:\/\/www.naturparkmagazin.de\/stechlin\/","name":"Naturpark Stechlin-Ruppiner Land","description":"","potentialAction":[{"@type":"SearchAction","target":{"@type":"EntryPoint","urlTemplate":"https:\/\/www.naturparkmagazin.de\/stechlin\/?s={search_term_string}"},"query-input":"required name=search_term_string"}],"inLanguage":"de"},{"@type":"Person","@id":"https:\/\/www.naturparkmagazin.de\/stechlin\/#\/schema\/person\/3f0d93203df21c806dd63c76d9bb28bc","name":"marioschrumpf","url":"https:\/\/www.naturparkmagazin.de\/stechlin\/author\/marioschrumpf\/"}]}},"_links":{"self":[{"href":"https:\/\/www.naturparkmagazin.de\/stechlin\/wp-json\/wp\/v2\/posts\/935"}],"collection":[{"href":"https:\/\/www.naturparkmagazin.de\/stechlin\/wp-json\/wp\/v2\/posts"}],"about":[{"href":"https:\/\/www.naturparkmagazin.de\/stechlin\/wp-json\/wp\/v2\/types\/post"}],"author":[{"embeddable":true,"href":"https:\/\/www.naturparkmagazin.de\/stechlin\/wp-json\/wp\/v2\/users\/39"}],"replies":[{"embeddable":true,"href":"https:\/\/www.naturparkmagazin.de\/stechlin\/wp-json\/wp\/v2\/comments?post=935"}],"version-history":[{"count":5,"href":"https:\/\/www.naturparkmagazin.de\/stechlin\/wp-json\/wp\/v2\/posts\/935\/revisions"}],"predecessor-version":[{"id":16586,"href":"https:\/\/www.naturparkmagazin.de\/stechlin\/wp-json\/wp\/v2\/posts\/935\/revisions\/16586"}],"wp:featuredmedia":[{"embeddable":true,"href":"https:\/\/www.naturparkmagazin.de\/stechlin\/wp-json\/wp\/v2\/media\/936"}],"wp:attachment":[{"href":"https:\/\/www.naturparkmagazin.de\/stechlin\/wp-json\/wp\/v2\/media?parent=935"}],"wp:term":[{"taxonomy":"category","embeddable":true,"href":"https:\/\/www.naturparkmagazin.de\/stechlin\/wp-json\/wp\/v2\/categories?post=935"},{"taxonomy":"post_tag","embeddable":true,"href":"https:\/\/www.naturparkmagazin.de\/stechlin\/wp-json\/wp\/v2\/tags?post=935"}],"curies":[{"name":"wp","href":"https:\/\/api.w.org\/{rel}","templated":true}]}}