{"id":9361,"date":"2020-03-16T15:00:31","date_gmt":"2020-03-16T14:00:31","guid":{"rendered":"https:\/\/www.naturparkmagazin.de\/stechlin\/?p=9361"},"modified":"2020-03-20T13:34:52","modified_gmt":"2020-03-20T12:34:52","slug":"seit-200-millionen-jahren-auf-der-welt","status":"publish","type":"post","link":"https:\/\/www.naturparkmagazin.de\/stechlin\/seit-200-millionen-jahren-auf-der-welt\/","title":{"rendered":"Seit 200 Millionen Jahren auf der Welt"},"content":{"rendered":"<p>Es ist kaum zu glauben, aber bereits seit dem Erdmittelalter (Jura) gibt es den Feenkrebs (<em>Siphonophanes grubei)<\/em> auf unserer Erde. Dabei hat er nur ein kurzes Leben.<\/p>\n<div id=\"attachment_9371\" style=\"width: 310px\" class=\"wp-caption aligncenter\"><a href=\"https:\/\/www.naturparkmagazin.de\/stechlin\/wp-content\/uploads\/sites\/38\/Feenkrebs-m\u00e4nnchen.jpg\"><img aria-describedby=\"caption-attachment-9371\" decoding=\"async\" loading=\"lazy\" class=\"size-thumbnail wp-image-9371\" src=\"https:\/\/www.naturparkmagazin.de\/stechlin\/wp-content\/uploads\/sites\/38\/Feenkrebs-m\u00e4nnchen-300x180.jpg\" alt=\"Die M\u00e4nnchen sind gr\u00f6\u00dfer als die Weibchen.\" width=\"300\" height=\"180\" srcset=\"https:\/\/www.naturparkmagazin.de\/stechlin\/wp-content\/uploads\/sites\/38\/Feenkrebs-m\u00e4nnchen-300x180.jpg 300w, https:\/\/www.naturparkmagazin.de\/stechlin\/wp-content\/uploads\/sites\/38\/Feenkrebs-m\u00e4nnchen.jpg 500w, https:\/\/www.naturparkmagazin.de\/stechlin\/wp-content\/uploads\/sites\/38\/Feenkrebs-m\u00e4nnchen-200x120.jpg 200w\" sizes=\"(max-width: 300px) 100vw, 300px\" \/><\/a><p id=\"caption-attachment-9371\" class=\"wp-caption-text\">Die M\u00e4nnchen sind gr\u00f6\u00dfer als die Weibchen.<\/p><\/div>\n<p>Im zeitigen Fr\u00fchjahr schl\u00fcpfen die Krebse aus \u201eDauereiern\u201c, die im Sediment \u00fcberwintert haben, nach zwei Wochen sind die Tiere bereits geschlechtsreif. Bei der Paarung greift sich das M\u00e4nnchen mit seinen Kiefern das Weibchen. Die dadurch befruchteten Eier sinken zum Gew\u00e4ssergrund und warten dort auf das n\u00e4chste wasserreiche Fr\u00fchjahr.<\/p>\n<div id=\"attachment_9373\" style=\"width: 310px\" class=\"wp-caption aligncenter\"><a href=\"https:\/\/www.naturparkmagazin.de\/stechlin\/wp-content\/uploads\/sites\/38\/Feenkrebs-weibchen.jpg\"><img aria-describedby=\"caption-attachment-9373\" decoding=\"async\" loading=\"lazy\" class=\"size-thumbnail wp-image-9373\" src=\"https:\/\/www.naturparkmagazin.de\/stechlin\/wp-content\/uploads\/sites\/38\/Feenkrebs-weibchen-300x180.jpg\" alt=\"Weibchen mit Eiersack\" width=\"300\" height=\"180\" srcset=\"https:\/\/www.naturparkmagazin.de\/stechlin\/wp-content\/uploads\/sites\/38\/Feenkrebs-weibchen-300x180.jpg 300w, https:\/\/www.naturparkmagazin.de\/stechlin\/wp-content\/uploads\/sites\/38\/Feenkrebs-weibchen.jpg 500w, https:\/\/www.naturparkmagazin.de\/stechlin\/wp-content\/uploads\/sites\/38\/Feenkrebs-weibchen-200x120.jpg 200w\" sizes=\"(max-width: 300px) 100vw, 300px\" \/><\/a><p id=\"caption-attachment-9373\" class=\"wp-caption-text\">Weibchen mit Eiersack<\/p><\/div>\n<p>Lebensraum des Urzeitkrebs im Naturpark sind momentan nur noch fischfreie Kleingew\u00e4sser, die \u00fcber Sommer austrocknen. Fr\u00fcher haben sie von Hochwasserphasen der Fl\u00fcsse profitiert und konnten sich in \u201ePf\u00fctzen\u201c oder periodisch wasserf\u00fchrenden Altarmen der gro\u00dfen Flussauen massenhaft vermehren.<\/p>\n<div id=\"attachment_9374\" style=\"width: 310px\" class=\"wp-caption aligncenter\"><a href=\"https:\/\/www.naturparkmagazin.de\/stechlin\/wp-content\/uploads\/sites\/38\/kleingew\u00e4sser.jpg\"><img aria-describedby=\"caption-attachment-9374\" decoding=\"async\" loading=\"lazy\" class=\"size-thumbnail wp-image-9374\" src=\"https:\/\/www.naturparkmagazin.de\/stechlin\/wp-content\/uploads\/sites\/38\/kleingew\u00e4sser-300x180.jpg\" alt=\"2020 haben die Kleingew\u00e4sser mit den Feenkrebsen kaum Wasser.\" width=\"300\" height=\"180\" srcset=\"https:\/\/www.naturparkmagazin.de\/stechlin\/wp-content\/uploads\/sites\/38\/kleingew\u00e4sser-300x180.jpg 300w, https:\/\/www.naturparkmagazin.de\/stechlin\/wp-content\/uploads\/sites\/38\/kleingew\u00e4sser.jpg 500w, https:\/\/www.naturparkmagazin.de\/stechlin\/wp-content\/uploads\/sites\/38\/kleingew\u00e4sser-200x120.jpg 200w\" sizes=\"(max-width: 300px) 100vw, 300px\" \/><\/a><p id=\"caption-attachment-9374\" class=\"wp-caption-text\">2020 haben die Kleingew\u00e4sser mit den Feenkrebsen kaum Wasser.<\/p><\/div>\n<p>Die Tiere haben sich in ihrer Lebensweise an diese Extremstandorte angepasst. Doch oftmals werden die Gew\u00e4sser mit den letzten Vorkommen mit Fischen besetzt, entw\u00e4ssert oder verf\u00fcllt.<\/p>\n<p>Wer mehr \u00fcber diese Urzeitkrebs wissen m\u00f6chte und sich f\u00fcr ihren Schutz einsetzen will, kann sich an Silke Oldorff, Tel. 033082-40717 wenden.<\/p>\n","protected":false},"excerpt":{"rendered":"<p>Es ist kaum zu glauben, aber bereits seit dem Erdmittelalter (Jura) gibt es den Feenkrebs (Siphonophanes grubei) auf unserer Erde.<\/p>\n","protected":false},"author":39,"featured_media":9372,"comment_status":"open","ping_status":"open","sticky":false,"template":"","format":"standard","meta":[],"categories":[7],"tags":[],"yoast_head":"<!-- This site is optimized with the Yoast SEO plugin v19.10 - https:\/\/yoast.com\/wordpress\/plugins\/seo\/ -->\n<title>Seit 200 Millionen Jahren auf der Welt - Naturpark Stechlin-Ruppiner Land<\/title>\n<meta name=\"robots\" content=\"index, follow, max-snippet:-1, max-image-preview:large, max-video-preview:-1\" \/>\n<link rel=\"canonical\" href=\"https:\/\/www.naturparkmagazin.de\/stechlin\/seit-200-millionen-jahren-auf-der-welt\/\" \/>\n<meta property=\"og:locale\" content=\"de_DE\" \/>\n<meta property=\"og:type\" content=\"article\" \/>\n<meta property=\"og:title\" content=\"Seit 200 Millionen Jahren auf der Welt - Naturpark Stechlin-Ruppiner Land\" \/>\n<meta property=\"og:description\" content=\"Es ist kaum zu glauben, aber bereits seit dem Erdmittelalter (Jura) gibt es den Feenkrebs (Siphonophanes grubei) auf unserer Erde.\" \/>\n<meta property=\"og:url\" content=\"https:\/\/www.naturparkmagazin.de\/stechlin\/seit-200-millionen-jahren-auf-der-welt\/\" \/>\n<meta property=\"og:site_name\" content=\"Naturpark Stechlin-Ruppiner Land\" \/>\n<meta property=\"article:published_time\" content=\"2020-03-16T14:00:31+00:00\" \/>\n<meta property=\"article:modified_time\" content=\"2020-03-20T12:34:52+00:00\" \/>\n<meta property=\"og:image\" content=\"https:\/\/www.naturparkmagazin.de\/stechlin\/wp-content\/uploads\/sites\/38\/Feenkrebs-aufh\u00e4nger.jpg\" \/>\n\t<meta property=\"og:image:width\" content=\"200\" \/>\n\t<meta property=\"og:image:height\" content=\"200\" \/>\n\t<meta property=\"og:image:type\" content=\"image\/jpeg\" \/>\n<meta name=\"author\" content=\"marioschrumpf\" \/>\n<meta name=\"twitter:label1\" content=\"Verfasst von\" \/>\n\t<meta name=\"twitter:data1\" content=\"marioschrumpf\" \/>\n\t<meta name=\"twitter:label2\" content=\"Gesch\u00e4tzte Lesezeit\" \/>\n\t<meta name=\"twitter:data2\" content=\"1\u00a0Minute\" \/>\n<script type=\"application\/ld+json\" class=\"yoast-schema-graph\">{\"@context\":\"https:\/\/schema.org\",\"@graph\":[{\"@type\":\"WebPage\",\"@id\":\"https:\/\/www.naturparkmagazin.de\/stechlin\/seit-200-millionen-jahren-auf-der-welt\/\",\"url\":\"https:\/\/www.naturparkmagazin.de\/stechlin\/seit-200-millionen-jahren-auf-der-welt\/\",\"name\":\"Seit 200 Millionen Jahren auf der Welt - Naturpark Stechlin-Ruppiner Land\",\"isPartOf\":{\"@id\":\"https:\/\/www.naturparkmagazin.de\/stechlin\/#website\"},\"datePublished\":\"2020-03-16T14:00:31+00:00\",\"dateModified\":\"2020-03-20T12:34:52+00:00\",\"author\":{\"@id\":\"https:\/\/www.naturparkmagazin.de\/stechlin\/#\/schema\/person\/3f0d93203df21c806dd63c76d9bb28bc\"},\"breadcrumb\":{\"@id\":\"https:\/\/www.naturparkmagazin.de\/stechlin\/seit-200-millionen-jahren-auf-der-welt\/#breadcrumb\"},\"inLanguage\":\"de\",\"potentialAction\":[{\"@type\":\"ReadAction\",\"target\":[\"https:\/\/www.naturparkmagazin.de\/stechlin\/seit-200-millionen-jahren-auf-der-welt\/\"]}]},{\"@type\":\"BreadcrumbList\",\"@id\":\"https:\/\/www.naturparkmagazin.de\/stechlin\/seit-200-millionen-jahren-auf-der-welt\/#breadcrumb\",\"itemListElement\":[{\"@type\":\"ListItem\",\"position\":1,\"name\":\"Home\",\"item\":\"https:\/\/www.naturparkmagazin.de\/stechlin\/\"},{\"@type\":\"ListItem\",\"position\":2,\"name\":\"Seit 200 Millionen Jahren auf der Welt\"}]},{\"@type\":\"WebSite\",\"@id\":\"https:\/\/www.naturparkmagazin.de\/stechlin\/#website\",\"url\":\"https:\/\/www.naturparkmagazin.de\/stechlin\/\",\"name\":\"Naturpark Stechlin-Ruppiner Land\",\"description\":\"\",\"potentialAction\":[{\"@type\":\"SearchAction\",\"target\":{\"@type\":\"EntryPoint\",\"urlTemplate\":\"https:\/\/www.naturparkmagazin.de\/stechlin\/?s={search_term_string}\"},\"query-input\":\"required name=search_term_string\"}],\"inLanguage\":\"de\"},{\"@type\":\"Person\",\"@id\":\"https:\/\/www.naturparkmagazin.de\/stechlin\/#\/schema\/person\/3f0d93203df21c806dd63c76d9bb28bc\",\"name\":\"marioschrumpf\",\"url\":\"https:\/\/www.naturparkmagazin.de\/stechlin\/author\/marioschrumpf\/\"}]}<\/script>\n<!-- \/ Yoast SEO plugin. -->","yoast_head_json":{"title":"Seit 200 Millionen Jahren auf der Welt - Naturpark Stechlin-Ruppiner Land","robots":{"index":"index","follow":"follow","max-snippet":"max-snippet:-1","max-image-preview":"max-image-preview:large","max-video-preview":"max-video-preview:-1"},"canonical":"https:\/\/www.naturparkmagazin.de\/stechlin\/seit-200-millionen-jahren-auf-der-welt\/","og_locale":"de_DE","og_type":"article","og_title":"Seit 200 Millionen Jahren auf der Welt - Naturpark Stechlin-Ruppiner Land","og_description":"Es ist kaum zu glauben, aber bereits seit dem Erdmittelalter (Jura) gibt es den Feenkrebs (Siphonophanes grubei) auf unserer Erde.","og_url":"https:\/\/www.naturparkmagazin.de\/stechlin\/seit-200-millionen-jahren-auf-der-welt\/","og_site_name":"Naturpark Stechlin-Ruppiner Land","article_published_time":"2020-03-16T14:00:31+00:00","article_modified_time":"2020-03-20T12:34:52+00:00","og_image":[{"width":200,"height":200,"url":"https:\/\/www.naturparkmagazin.de\/stechlin\/wp-content\/uploads\/sites\/38\/Feenkrebs-aufh\u00e4nger.jpg","type":"image\/jpeg"}],"author":"marioschrumpf","twitter_misc":{"Verfasst von":"marioschrumpf","Gesch\u00e4tzte Lesezeit":"1\u00a0Minute"},"schema":{"@context":"https:\/\/schema.org","@graph":[{"@type":"WebPage","@id":"https:\/\/www.naturparkmagazin.de\/stechlin\/seit-200-millionen-jahren-auf-der-welt\/","url":"https:\/\/www.naturparkmagazin.de\/stechlin\/seit-200-millionen-jahren-auf-der-welt\/","name":"Seit 200 Millionen Jahren auf der Welt - Naturpark Stechlin-Ruppiner Land","isPartOf":{"@id":"https:\/\/www.naturparkmagazin.de\/stechlin\/#website"},"datePublished":"2020-03-16T14:00:31+00:00","dateModified":"2020-03-20T12:34:52+00:00","author":{"@id":"https:\/\/www.naturparkmagazin.de\/stechlin\/#\/schema\/person\/3f0d93203df21c806dd63c76d9bb28bc"},"breadcrumb":{"@id":"https:\/\/www.naturparkmagazin.de\/stechlin\/seit-200-millionen-jahren-auf-der-welt\/#breadcrumb"},"inLanguage":"de","potentialAction":[{"@type":"ReadAction","target":["https:\/\/www.naturparkmagazin.de\/stechlin\/seit-200-millionen-jahren-auf-der-welt\/"]}]},{"@type":"BreadcrumbList","@id":"https:\/\/www.naturparkmagazin.de\/stechlin\/seit-200-millionen-jahren-auf-der-welt\/#breadcrumb","itemListElement":[{"@type":"ListItem","position":1,"name":"Home","item":"https:\/\/www.naturparkmagazin.de\/stechlin\/"},{"@type":"ListItem","position":2,"name":"Seit 200 Millionen Jahren auf der Welt"}]},{"@type":"WebSite","@id":"https:\/\/www.naturparkmagazin.de\/stechlin\/#website","url":"https:\/\/www.naturparkmagazin.de\/stechlin\/","name":"Naturpark Stechlin-Ruppiner Land","description":"","potentialAction":[{"@type":"SearchAction","target":{"@type":"EntryPoint","urlTemplate":"https:\/\/www.naturparkmagazin.de\/stechlin\/?s={search_term_string}"},"query-input":"required name=search_term_string"}],"inLanguage":"de"},{"@type":"Person","@id":"https:\/\/www.naturparkmagazin.de\/stechlin\/#\/schema\/person\/3f0d93203df21c806dd63c76d9bb28bc","name":"marioschrumpf","url":"https:\/\/www.naturparkmagazin.de\/stechlin\/author\/marioschrumpf\/"}]}},"_links":{"self":[{"href":"https:\/\/www.naturparkmagazin.de\/stechlin\/wp-json\/wp\/v2\/posts\/9361"}],"collection":[{"href":"https:\/\/www.naturparkmagazin.de\/stechlin\/wp-json\/wp\/v2\/posts"}],"about":[{"href":"https:\/\/www.naturparkmagazin.de\/stechlin\/wp-json\/wp\/v2\/types\/post"}],"author":[{"embeddable":true,"href":"https:\/\/www.naturparkmagazin.de\/stechlin\/wp-json\/wp\/v2\/users\/39"}],"replies":[{"embeddable":true,"href":"https:\/\/www.naturparkmagazin.de\/stechlin\/wp-json\/wp\/v2\/comments?post=9361"}],"version-history":[{"count":5,"href":"https:\/\/www.naturparkmagazin.de\/stechlin\/wp-json\/wp\/v2\/posts\/9361\/revisions"}],"predecessor-version":[{"id":9427,"href":"https:\/\/www.naturparkmagazin.de\/stechlin\/wp-json\/wp\/v2\/posts\/9361\/revisions\/9427"}],"wp:featuredmedia":[{"embeddable":true,"href":"https:\/\/www.naturparkmagazin.de\/stechlin\/wp-json\/wp\/v2\/media\/9372"}],"wp:attachment":[{"href":"https:\/\/www.naturparkmagazin.de\/stechlin\/wp-json\/wp\/v2\/media?parent=9361"}],"wp:term":[{"taxonomy":"category","embeddable":true,"href":"https:\/\/www.naturparkmagazin.de\/stechlin\/wp-json\/wp\/v2\/categories?post=9361"},{"taxonomy":"post_tag","embeddable":true,"href":"https:\/\/www.naturparkmagazin.de\/stechlin\/wp-json\/wp\/v2\/tags?post=9361"}],"curies":[{"name":"wp","href":"https:\/\/api.w.org\/{rel}","templated":true}]}}