{"id":939,"date":"2014-04-17T11:05:03","date_gmt":"2014-04-17T09:05:03","guid":{"rendered":"http:\/\/www.naturparkmagazin.de\/stechlin\/?p=939"},"modified":"2014-04-23T18:41:23","modified_gmt":"2014-04-23T16:41:23","slug":"von-fredersdorff-bis-fontane-lichtbildervortrag-von-guenter-rieger","status":"publish","type":"post","link":"https:\/\/www.naturparkmagazin.de\/stechlin\/von-fredersdorff-bis-fontane-lichtbildervortrag-von-guenter-rieger\/","title":{"rendered":"&#8222;Von Fredersdorff bis Fontane&#8220; &#8211; Lichtbildervortrag von G\u00fcnter Rieger"},"content":{"rendered":"<p><a href=\"https:\/\/www.naturparkmagazin.de\/stechlin\/wp-content\/uploads\/sites\/38\/Fontane.jpg\"><img decoding=\"async\" loading=\"lazy\" class=\"alignnone size-full wp-image-941\" alt=\"NP SRL\/Dr. Mario Schrumpf\" src=\"https:\/\/www.naturparkmagazin.de\/stechlin\/wp-content\/uploads\/sites\/38\/Fontane.jpg\" width=\"135\" height=\"180\" srcset=\"https:\/\/www.naturparkmagazin.de\/stechlin\/wp-content\/uploads\/sites\/38\/Fontane.jpg 135w, https:\/\/www.naturparkmagazin.de\/stechlin\/wp-content\/uploads\/sites\/38\/Fontane-53x71.jpg 53w\" sizes=\"(max-width: 135px) 100vw, 135px\" \/><\/a><\/p>\n<p>Am <strong>25. Mai, 16 Uhr<\/strong> l\u00e4dt die Initiative Zernikow e.V. zu einem Vortrag in das Inspektorenhaus auf Gut Zernikow ein. Referent wird G\u00fcnter Rieger aus Karwe bei Neuruppin sein. Der bekannte Historiker hat in seinem Verlag zahlreiche B\u00fccher \u00fcber die Geschichte unserer Region ver\u00f6ffentlicht. Weitere Informationen \u00fcber B\u00e4rbel Backwitz (Tel.: 033082\/49025). Eintritt: 4 \u20ac<\/p>\n","protected":false},"excerpt":{"rendered":"<p>Am 25. Mai, 16 Uhr l\u00e4dt die Initiative Zernikow e.V. zu einem Vortrag in das Inspektorenhaus auf Gut Zernikow ein.<\/p>\n","protected":false},"author":39,"featured_media":940,"comment_status":"open","ping_status":"open","sticky":false,"template":"","format":"standard","meta":[],"categories":[11],"tags":[],"yoast_head":"<!-- This site is optimized with the Yoast SEO plugin v19.10 - https:\/\/yoast.com\/wordpress\/plugins\/seo\/ -->\n<title>&quot;Von Fredersdorff bis Fontane&quot; - Lichtbildervortrag von G\u00fcnter Rieger - Naturpark Stechlin-Ruppiner Land<\/title>\n<meta name=\"robots\" content=\"index, follow, max-snippet:-1, max-image-preview:large, max-video-preview:-1\" \/>\n<link rel=\"canonical\" href=\"https:\/\/www.naturparkmagazin.de\/stechlin\/von-fredersdorff-bis-fontane-lichtbildervortrag-von-guenter-rieger\/\" \/>\n<meta property=\"og:locale\" content=\"de_DE\" \/>\n<meta property=\"og:type\" content=\"article\" \/>\n<meta property=\"og:title\" content=\"&quot;Von Fredersdorff bis Fontane&quot; - Lichtbildervortrag von G\u00fcnter Rieger - Naturpark Stechlin-Ruppiner Land\" \/>\n<meta property=\"og:description\" content=\"Am 25. Mai, 16 Uhr l\u00e4dt die Initiative Zernikow e.V. zu einem Vortrag in das Inspektorenhaus auf Gut Zernikow ein.\" \/>\n<meta property=\"og:url\" content=\"https:\/\/www.naturparkmagazin.de\/stechlin\/von-fredersdorff-bis-fontane-lichtbildervortrag-von-guenter-rieger\/\" \/>\n<meta property=\"og:site_name\" content=\"Naturpark Stechlin-Ruppiner Land\" \/>\n<meta property=\"article:published_time\" content=\"2014-04-17T09:05:03+00:00\" \/>\n<meta property=\"article:modified_time\" content=\"2014-04-23T16:41:23+00:00\" \/>\n<meta property=\"og:image\" content=\"https:\/\/www.naturparkmagazin.de\/stechlin\/wp-content\/uploads\/sites\/38\/Erbbegr\u00e4bnis.jpg\" \/>\n\t<meta property=\"og:image:width\" content=\"120\" \/>\n\t<meta property=\"og:image:height\" content=\"180\" \/>\n\t<meta property=\"og:image:type\" content=\"image\/jpeg\" \/>\n<meta name=\"author\" content=\"marioschrumpf\" \/>\n<meta name=\"twitter:label1\" content=\"Verfasst von\" \/>\n\t<meta name=\"twitter:data1\" content=\"marioschrumpf\" \/>\n<script type=\"application\/ld+json\" class=\"yoast-schema-graph\">{\"@context\":\"https:\/\/schema.org\",\"@graph\":[{\"@type\":\"WebPage\",\"@id\":\"https:\/\/www.naturparkmagazin.de\/stechlin\/von-fredersdorff-bis-fontane-lichtbildervortrag-von-guenter-rieger\/\",\"url\":\"https:\/\/www.naturparkmagazin.de\/stechlin\/von-fredersdorff-bis-fontane-lichtbildervortrag-von-guenter-rieger\/\",\"name\":\"\\\"Von Fredersdorff bis Fontane\\\" - Lichtbildervortrag von G\u00fcnter Rieger - Naturpark Stechlin-Ruppiner Land\",\"isPartOf\":{\"@id\":\"https:\/\/www.naturparkmagazin.de\/stechlin\/#website\"},\"datePublished\":\"2014-04-17T09:05:03+00:00\",\"dateModified\":\"2014-04-23T16:41:23+00:00\",\"author\":{\"@id\":\"https:\/\/www.naturparkmagazin.de\/stechlin\/#\/schema\/person\/3f0d93203df21c806dd63c76d9bb28bc\"},\"breadcrumb\":{\"@id\":\"https:\/\/www.naturparkmagazin.de\/stechlin\/von-fredersdorff-bis-fontane-lichtbildervortrag-von-guenter-rieger\/#breadcrumb\"},\"inLanguage\":\"de\",\"potentialAction\":[{\"@type\":\"ReadAction\",\"target\":[\"https:\/\/www.naturparkmagazin.de\/stechlin\/von-fredersdorff-bis-fontane-lichtbildervortrag-von-guenter-rieger\/\"]}]},{\"@type\":\"BreadcrumbList\",\"@id\":\"https:\/\/www.naturparkmagazin.de\/stechlin\/von-fredersdorff-bis-fontane-lichtbildervortrag-von-guenter-rieger\/#breadcrumb\",\"itemListElement\":[{\"@type\":\"ListItem\",\"position\":1,\"name\":\"Home\",\"item\":\"https:\/\/www.naturparkmagazin.de\/stechlin\/\"},{\"@type\":\"ListItem\",\"position\":2,\"name\":\"&#8222;Von Fredersdorff bis Fontane&#8220; &#8211; Lichtbildervortrag von G\u00fcnter Rieger\"}]},{\"@type\":\"WebSite\",\"@id\":\"https:\/\/www.naturparkmagazin.de\/stechlin\/#website\",\"url\":\"https:\/\/www.naturparkmagazin.de\/stechlin\/\",\"name\":\"Naturpark Stechlin-Ruppiner Land\",\"description\":\"\",\"potentialAction\":[{\"@type\":\"SearchAction\",\"target\":{\"@type\":\"EntryPoint\",\"urlTemplate\":\"https:\/\/www.naturparkmagazin.de\/stechlin\/?s={search_term_string}\"},\"query-input\":\"required name=search_term_string\"}],\"inLanguage\":\"de\"},{\"@type\":\"Person\",\"@id\":\"https:\/\/www.naturparkmagazin.de\/stechlin\/#\/schema\/person\/3f0d93203df21c806dd63c76d9bb28bc\",\"name\":\"marioschrumpf\",\"url\":\"https:\/\/www.naturparkmagazin.de\/stechlin\/author\/marioschrumpf\/\"}]}<\/script>\n<!-- \/ Yoast SEO plugin. -->","yoast_head_json":{"title":"\"Von Fredersdorff bis Fontane\" - Lichtbildervortrag von G\u00fcnter Rieger - Naturpark Stechlin-Ruppiner Land","robots":{"index":"index","follow":"follow","max-snippet":"max-snippet:-1","max-image-preview":"max-image-preview:large","max-video-preview":"max-video-preview:-1"},"canonical":"https:\/\/www.naturparkmagazin.de\/stechlin\/von-fredersdorff-bis-fontane-lichtbildervortrag-von-guenter-rieger\/","og_locale":"de_DE","og_type":"article","og_title":"\"Von Fredersdorff bis Fontane\" - Lichtbildervortrag von G\u00fcnter Rieger - Naturpark Stechlin-Ruppiner Land","og_description":"Am 25. Mai, 16 Uhr l\u00e4dt die Initiative Zernikow e.V. zu einem Vortrag in das Inspektorenhaus auf Gut Zernikow ein.","og_url":"https:\/\/www.naturparkmagazin.de\/stechlin\/von-fredersdorff-bis-fontane-lichtbildervortrag-von-guenter-rieger\/","og_site_name":"Naturpark Stechlin-Ruppiner Land","article_published_time":"2014-04-17T09:05:03+00:00","article_modified_time":"2014-04-23T16:41:23+00:00","og_image":[{"width":120,"height":180,"url":"https:\/\/www.naturparkmagazin.de\/stechlin\/wp-content\/uploads\/sites\/38\/Erbbegr\u00e4bnis.jpg","type":"image\/jpeg"}],"author":"marioschrumpf","twitter_misc":{"Verfasst von":"marioschrumpf"},"schema":{"@context":"https:\/\/schema.org","@graph":[{"@type":"WebPage","@id":"https:\/\/www.naturparkmagazin.de\/stechlin\/von-fredersdorff-bis-fontane-lichtbildervortrag-von-guenter-rieger\/","url":"https:\/\/www.naturparkmagazin.de\/stechlin\/von-fredersdorff-bis-fontane-lichtbildervortrag-von-guenter-rieger\/","name":"\"Von Fredersdorff bis Fontane\" - Lichtbildervortrag von G\u00fcnter Rieger - Naturpark Stechlin-Ruppiner Land","isPartOf":{"@id":"https:\/\/www.naturparkmagazin.de\/stechlin\/#website"},"datePublished":"2014-04-17T09:05:03+00:00","dateModified":"2014-04-23T16:41:23+00:00","author":{"@id":"https:\/\/www.naturparkmagazin.de\/stechlin\/#\/schema\/person\/3f0d93203df21c806dd63c76d9bb28bc"},"breadcrumb":{"@id":"https:\/\/www.naturparkmagazin.de\/stechlin\/von-fredersdorff-bis-fontane-lichtbildervortrag-von-guenter-rieger\/#breadcrumb"},"inLanguage":"de","potentialAction":[{"@type":"ReadAction","target":["https:\/\/www.naturparkmagazin.de\/stechlin\/von-fredersdorff-bis-fontane-lichtbildervortrag-von-guenter-rieger\/"]}]},{"@type":"BreadcrumbList","@id":"https:\/\/www.naturparkmagazin.de\/stechlin\/von-fredersdorff-bis-fontane-lichtbildervortrag-von-guenter-rieger\/#breadcrumb","itemListElement":[{"@type":"ListItem","position":1,"name":"Home","item":"https:\/\/www.naturparkmagazin.de\/stechlin\/"},{"@type":"ListItem","position":2,"name":"&#8222;Von Fredersdorff bis Fontane&#8220; &#8211; Lichtbildervortrag von G\u00fcnter Rieger"}]},{"@type":"WebSite","@id":"https:\/\/www.naturparkmagazin.de\/stechlin\/#website","url":"https:\/\/www.naturparkmagazin.de\/stechlin\/","name":"Naturpark Stechlin-Ruppiner Land","description":"","potentialAction":[{"@type":"SearchAction","target":{"@type":"EntryPoint","urlTemplate":"https:\/\/www.naturparkmagazin.de\/stechlin\/?s={search_term_string}"},"query-input":"required name=search_term_string"}],"inLanguage":"de"},{"@type":"Person","@id":"https:\/\/www.naturparkmagazin.de\/stechlin\/#\/schema\/person\/3f0d93203df21c806dd63c76d9bb28bc","name":"marioschrumpf","url":"https:\/\/www.naturparkmagazin.de\/stechlin\/author\/marioschrumpf\/"}]}},"_links":{"self":[{"href":"https:\/\/www.naturparkmagazin.de\/stechlin\/wp-json\/wp\/v2\/posts\/939"}],"collection":[{"href":"https:\/\/www.naturparkmagazin.de\/stechlin\/wp-json\/wp\/v2\/posts"}],"about":[{"href":"https:\/\/www.naturparkmagazin.de\/stechlin\/wp-json\/wp\/v2\/types\/post"}],"author":[{"embeddable":true,"href":"https:\/\/www.naturparkmagazin.de\/stechlin\/wp-json\/wp\/v2\/users\/39"}],"replies":[{"embeddable":true,"href":"https:\/\/www.naturparkmagazin.de\/stechlin\/wp-json\/wp\/v2\/comments?post=939"}],"version-history":[{"count":4,"href":"https:\/\/www.naturparkmagazin.de\/stechlin\/wp-json\/wp\/v2\/posts\/939\/revisions"}],"predecessor-version":[{"id":1000,"href":"https:\/\/www.naturparkmagazin.de\/stechlin\/wp-json\/wp\/v2\/posts\/939\/revisions\/1000"}],"wp:featuredmedia":[{"embeddable":true,"href":"https:\/\/www.naturparkmagazin.de\/stechlin\/wp-json\/wp\/v2\/media\/940"}],"wp:attachment":[{"href":"https:\/\/www.naturparkmagazin.de\/stechlin\/wp-json\/wp\/v2\/media?parent=939"}],"wp:term":[{"taxonomy":"category","embeddable":true,"href":"https:\/\/www.naturparkmagazin.de\/stechlin\/wp-json\/wp\/v2\/categories?post=939"},{"taxonomy":"post_tag","embeddable":true,"href":"https:\/\/www.naturparkmagazin.de\/stechlin\/wp-json\/wp\/v2\/tags?post=939"}],"curies":[{"name":"wp","href":"https:\/\/api.w.org\/{rel}","templated":true}]}}