{"id":943,"date":"2014-04-17T11:15:51","date_gmt":"2014-04-17T09:15:51","guid":{"rendered":"http:\/\/www.naturparkmagazin.de\/stechlin\/?p=943"},"modified":"2014-04-23T18:41:33","modified_gmt":"2014-04-23T16:41:33","slug":"otter-und-biber-beobachten-uns-3","status":"publish","type":"post","link":"https:\/\/www.naturparkmagazin.de\/stechlin\/otter-und-biber-beobachten-uns-3\/","title":{"rendered":"Otter und Biber beobachten &#8211; uns"},"content":{"rendered":"<p>&nbsp;<\/p>\n<div id=\"attachment_944\" style=\"width: 510px\" class=\"wp-caption alignnone\"><a href=\"https:\/\/www.naturparkmagazin.de\/stechlin\/wp-content\/uploads\/sites\/38\/Biberschnitt.jpg\"><img aria-describedby=\"caption-attachment-944\" decoding=\"async\" loading=\"lazy\" class=\"size-full wp-image-944\" alt=\"Biberschnitt\" src=\"https:\/\/www.naturparkmagazin.de\/stechlin\/wp-content\/uploads\/sites\/38\/Biberschnitt.jpg\" width=\"500\" height=\"335\" srcset=\"https:\/\/www.naturparkmagazin.de\/stechlin\/wp-content\/uploads\/sites\/38\/Biberschnitt.jpg 500w, https:\/\/www.naturparkmagazin.de\/stechlin\/wp-content\/uploads\/sites\/38\/Biberschnitt-300x201.jpg 300w, https:\/\/www.naturparkmagazin.de\/stechlin\/wp-content\/uploads\/sites\/38\/Biberschnitt-200x134.jpg 200w\" sizes=\"(max-width: 500px) 100vw, 500px\" \/><\/a><p id=\"caption-attachment-944\" class=\"wp-caption-text\">Biberschnitt<\/p><\/div>\n<p>Erleben Sie w\u00e4hrend einer Kanutour mit den Rangern Karen Steinberg und R\u00fcdiger Meyer die Wildnis der Fristower Plagge. Am <strong>24. Mai, 17 Uhr<\/strong> startet die Tour auf dem Parkplatz vor der Forellenaufzucht Zippelsf\u00f6rde. Kanus werden bereitgestellt. Es k\u00f6nnen aber auch eigene Kanus mitgebracht werden. Die Tour wird \u00fcber 12 km (ca. 5 Stunden) gehen. Die Kosten liegen bei 7 \u20ac\/Person. Um Anmeldung bis 22.5.2014 wird gebeten (Tel.: 0175\/7213053 bzw. 033933\/879521).<\/p>\n","protected":false},"excerpt":{"rendered":"<p>Erleben Sie w\u00e4hrend einer Kanutour mit den Rangern Karen Steinberg und R\u00fcdiger Meyer die Wildnis der Fristower Plagge. <\/p>\n","protected":false},"author":39,"featured_media":817,"comment_status":"open","ping_status":"open","sticky":false,"template":"","format":"standard","meta":[],"categories":[11],"tags":[],"yoast_head":"<!-- This site is optimized with the Yoast SEO plugin v19.10 - https:\/\/yoast.com\/wordpress\/plugins\/seo\/ -->\n<title>Otter und Biber beobachten - uns - Naturpark Stechlin-Ruppiner Land<\/title>\n<meta name=\"robots\" content=\"index, follow, max-snippet:-1, max-image-preview:large, max-video-preview:-1\" \/>\n<link rel=\"canonical\" href=\"https:\/\/www.naturparkmagazin.de\/stechlin\/otter-und-biber-beobachten-uns-3\/\" \/>\n<meta property=\"og:locale\" content=\"de_DE\" \/>\n<meta property=\"og:type\" content=\"article\" \/>\n<meta property=\"og:title\" content=\"Otter und Biber beobachten - uns - Naturpark Stechlin-Ruppiner Land\" \/>\n<meta property=\"og:description\" content=\"Erleben Sie w\u00e4hrend einer Kanutour mit den Rangern Karen Steinberg und R\u00fcdiger Meyer die Wildnis der Fristower Plagge.\" \/>\n<meta property=\"og:url\" content=\"https:\/\/www.naturparkmagazin.de\/stechlin\/otter-und-biber-beobachten-uns-3\/\" \/>\n<meta property=\"og:site_name\" content=\"Naturpark Stechlin-Ruppiner Land\" \/>\n<meta property=\"article:published_time\" content=\"2014-04-17T09:15:51+00:00\" \/>\n<meta property=\"article:modified_time\" content=\"2014-04-23T16:41:33+00:00\" \/>\n<meta property=\"og:image\" content=\"https:\/\/www.naturparkmagazin.de\/stechlin\/wp-content\/uploads\/sites\/38\/Fischotter.jpg\" \/>\n\t<meta property=\"og:image:width\" content=\"180\" \/>\n\t<meta property=\"og:image:height\" content=\"120\" \/>\n\t<meta property=\"og:image:type\" content=\"image\/jpeg\" \/>\n<meta name=\"author\" content=\"marioschrumpf\" \/>\n<meta name=\"twitter:label1\" content=\"Verfasst von\" \/>\n\t<meta name=\"twitter:data1\" content=\"marioschrumpf\" \/>\n<script type=\"application\/ld+json\" class=\"yoast-schema-graph\">{\"@context\":\"https:\/\/schema.org\",\"@graph\":[{\"@type\":\"WebPage\",\"@id\":\"https:\/\/www.naturparkmagazin.de\/stechlin\/otter-und-biber-beobachten-uns-3\/\",\"url\":\"https:\/\/www.naturparkmagazin.de\/stechlin\/otter-und-biber-beobachten-uns-3\/\",\"name\":\"Otter und Biber beobachten - uns - Naturpark Stechlin-Ruppiner Land\",\"isPartOf\":{\"@id\":\"https:\/\/www.naturparkmagazin.de\/stechlin\/#website\"},\"datePublished\":\"2014-04-17T09:15:51+00:00\",\"dateModified\":\"2014-04-23T16:41:33+00:00\",\"author\":{\"@id\":\"https:\/\/www.naturparkmagazin.de\/stechlin\/#\/schema\/person\/3f0d93203df21c806dd63c76d9bb28bc\"},\"breadcrumb\":{\"@id\":\"https:\/\/www.naturparkmagazin.de\/stechlin\/otter-und-biber-beobachten-uns-3\/#breadcrumb\"},\"inLanguage\":\"de\",\"potentialAction\":[{\"@type\":\"ReadAction\",\"target\":[\"https:\/\/www.naturparkmagazin.de\/stechlin\/otter-und-biber-beobachten-uns-3\/\"]}]},{\"@type\":\"BreadcrumbList\",\"@id\":\"https:\/\/www.naturparkmagazin.de\/stechlin\/otter-und-biber-beobachten-uns-3\/#breadcrumb\",\"itemListElement\":[{\"@type\":\"ListItem\",\"position\":1,\"name\":\"Home\",\"item\":\"https:\/\/www.naturparkmagazin.de\/stechlin\/\"},{\"@type\":\"ListItem\",\"position\":2,\"name\":\"Otter und Biber beobachten &#8211; uns\"}]},{\"@type\":\"WebSite\",\"@id\":\"https:\/\/www.naturparkmagazin.de\/stechlin\/#website\",\"url\":\"https:\/\/www.naturparkmagazin.de\/stechlin\/\",\"name\":\"Naturpark Stechlin-Ruppiner Land\",\"description\":\"\",\"potentialAction\":[{\"@type\":\"SearchAction\",\"target\":{\"@type\":\"EntryPoint\",\"urlTemplate\":\"https:\/\/www.naturparkmagazin.de\/stechlin\/?s={search_term_string}\"},\"query-input\":\"required name=search_term_string\"}],\"inLanguage\":\"de\"},{\"@type\":\"Person\",\"@id\":\"https:\/\/www.naturparkmagazin.de\/stechlin\/#\/schema\/person\/3f0d93203df21c806dd63c76d9bb28bc\",\"name\":\"marioschrumpf\",\"url\":\"https:\/\/www.naturparkmagazin.de\/stechlin\/author\/marioschrumpf\/\"}]}<\/script>\n<!-- \/ Yoast SEO plugin. -->","yoast_head_json":{"title":"Otter und Biber beobachten - uns - Naturpark Stechlin-Ruppiner Land","robots":{"index":"index","follow":"follow","max-snippet":"max-snippet:-1","max-image-preview":"max-image-preview:large","max-video-preview":"max-video-preview:-1"},"canonical":"https:\/\/www.naturparkmagazin.de\/stechlin\/otter-und-biber-beobachten-uns-3\/","og_locale":"de_DE","og_type":"article","og_title":"Otter und Biber beobachten - uns - Naturpark Stechlin-Ruppiner Land","og_description":"Erleben Sie w\u00e4hrend einer Kanutour mit den Rangern Karen Steinberg und R\u00fcdiger Meyer die Wildnis der Fristower Plagge.","og_url":"https:\/\/www.naturparkmagazin.de\/stechlin\/otter-und-biber-beobachten-uns-3\/","og_site_name":"Naturpark Stechlin-Ruppiner Land","article_published_time":"2014-04-17T09:15:51+00:00","article_modified_time":"2014-04-23T16:41:33+00:00","og_image":[{"width":180,"height":120,"url":"https:\/\/www.naturparkmagazin.de\/stechlin\/wp-content\/uploads\/sites\/38\/Fischotter.jpg","type":"image\/jpeg"}],"author":"marioschrumpf","twitter_misc":{"Verfasst von":"marioschrumpf"},"schema":{"@context":"https:\/\/schema.org","@graph":[{"@type":"WebPage","@id":"https:\/\/www.naturparkmagazin.de\/stechlin\/otter-und-biber-beobachten-uns-3\/","url":"https:\/\/www.naturparkmagazin.de\/stechlin\/otter-und-biber-beobachten-uns-3\/","name":"Otter und Biber beobachten - uns - Naturpark Stechlin-Ruppiner Land","isPartOf":{"@id":"https:\/\/www.naturparkmagazin.de\/stechlin\/#website"},"datePublished":"2014-04-17T09:15:51+00:00","dateModified":"2014-04-23T16:41:33+00:00","author":{"@id":"https:\/\/www.naturparkmagazin.de\/stechlin\/#\/schema\/person\/3f0d93203df21c806dd63c76d9bb28bc"},"breadcrumb":{"@id":"https:\/\/www.naturparkmagazin.de\/stechlin\/otter-und-biber-beobachten-uns-3\/#breadcrumb"},"inLanguage":"de","potentialAction":[{"@type":"ReadAction","target":["https:\/\/www.naturparkmagazin.de\/stechlin\/otter-und-biber-beobachten-uns-3\/"]}]},{"@type":"BreadcrumbList","@id":"https:\/\/www.naturparkmagazin.de\/stechlin\/otter-und-biber-beobachten-uns-3\/#breadcrumb","itemListElement":[{"@type":"ListItem","position":1,"name":"Home","item":"https:\/\/www.naturparkmagazin.de\/stechlin\/"},{"@type":"ListItem","position":2,"name":"Otter und Biber beobachten &#8211; uns"}]},{"@type":"WebSite","@id":"https:\/\/www.naturparkmagazin.de\/stechlin\/#website","url":"https:\/\/www.naturparkmagazin.de\/stechlin\/","name":"Naturpark Stechlin-Ruppiner Land","description":"","potentialAction":[{"@type":"SearchAction","target":{"@type":"EntryPoint","urlTemplate":"https:\/\/www.naturparkmagazin.de\/stechlin\/?s={search_term_string}"},"query-input":"required name=search_term_string"}],"inLanguage":"de"},{"@type":"Person","@id":"https:\/\/www.naturparkmagazin.de\/stechlin\/#\/schema\/person\/3f0d93203df21c806dd63c76d9bb28bc","name":"marioschrumpf","url":"https:\/\/www.naturparkmagazin.de\/stechlin\/author\/marioschrumpf\/"}]}},"_links":{"self":[{"href":"https:\/\/www.naturparkmagazin.de\/stechlin\/wp-json\/wp\/v2\/posts\/943"}],"collection":[{"href":"https:\/\/www.naturparkmagazin.de\/stechlin\/wp-json\/wp\/v2\/posts"}],"about":[{"href":"https:\/\/www.naturparkmagazin.de\/stechlin\/wp-json\/wp\/v2\/types\/post"}],"author":[{"embeddable":true,"href":"https:\/\/www.naturparkmagazin.de\/stechlin\/wp-json\/wp\/v2\/users\/39"}],"replies":[{"embeddable":true,"href":"https:\/\/www.naturparkmagazin.de\/stechlin\/wp-json\/wp\/v2\/comments?post=943"}],"version-history":[{"count":4,"href":"https:\/\/www.naturparkmagazin.de\/stechlin\/wp-json\/wp\/v2\/posts\/943\/revisions"}],"predecessor-version":[{"id":998,"href":"https:\/\/www.naturparkmagazin.de\/stechlin\/wp-json\/wp\/v2\/posts\/943\/revisions\/998"}],"wp:featuredmedia":[{"embeddable":true,"href":"https:\/\/www.naturparkmagazin.de\/stechlin\/wp-json\/wp\/v2\/media\/817"}],"wp:attachment":[{"href":"https:\/\/www.naturparkmagazin.de\/stechlin\/wp-json\/wp\/v2\/media?parent=943"}],"wp:term":[{"taxonomy":"category","embeddable":true,"href":"https:\/\/www.naturparkmagazin.de\/stechlin\/wp-json\/wp\/v2\/categories?post=943"},{"taxonomy":"post_tag","embeddable":true,"href":"https:\/\/www.naturparkmagazin.de\/stechlin\/wp-json\/wp\/v2\/tags?post=943"}],"curies":[{"name":"wp","href":"https:\/\/api.w.org\/{rel}","templated":true}]}}