{"id":9441,"date":"2020-04-14T09:43:05","date_gmt":"2020-04-14T07:43:05","guid":{"rendered":"https:\/\/www.naturparkmagazin.de\/stechlin\/?p=9441"},"modified":"2020-04-07T09:52:18","modified_gmt":"2020-04-07T07:52:18","slug":"landschaftspflege-in-sielmanns-naturlandschaft-kyritz-ruppiner-heide","status":"publish","type":"post","link":"https:\/\/www.naturparkmagazin.de\/stechlin\/landschaftspflege-in-sielmanns-naturlandschaft-kyritz-ruppiner-heide\/","title":{"rendered":"Landschaftspflege in Sielmanns Naturlandschaft Kyritz-Ruppiner Heide"},"content":{"rendered":"<p><b><span style=\"font-size: large\"><a href=\"https:\/\/www.naturparkmagazin.de\/stechlin\/wp-content\/uploads\/sites\/38\/500x300Landschaftspflege_Feuer_Kyritz-Ruppiner-Heide_2020_Ute-Steinke_Bundesforst.jpg\"><img decoding=\"async\" loading=\"lazy\" class=\"aligncenter size-thumbnail wp-image-9445\" src=\"https:\/\/www.naturparkmagazin.de\/stechlin\/wp-content\/uploads\/sites\/38\/500x300Landschaftspflege_Feuer_Kyritz-Ruppiner-Heide_2020_Ute-Steinke_Bundesforst-300x180.jpg\" alt=\"NP SRL\/Ute Steinke\" width=\"300\" height=\"180\" srcset=\"https:\/\/www.naturparkmagazin.de\/stechlin\/wp-content\/uploads\/sites\/38\/500x300Landschaftspflege_Feuer_Kyritz-Ruppiner-Heide_2020_Ute-Steinke_Bundesforst-300x180.jpg 300w, https:\/\/www.naturparkmagazin.de\/stechlin\/wp-content\/uploads\/sites\/38\/500x300Landschaftspflege_Feuer_Kyritz-Ruppiner-Heide_2020_Ute-Steinke_Bundesforst.jpg 500w, https:\/\/www.naturparkmagazin.de\/stechlin\/wp-content\/uploads\/sites\/38\/500x300Landschaftspflege_Feuer_Kyritz-Ruppiner-Heide_2020_Ute-Steinke_Bundesforst-200x120.jpg 200w\" sizes=\"(max-width: 300px) 100vw, 300px\" \/><\/a>Kontrollierte Br\u00e4nde als Landschaftspflege in Sielmanns Naturlandschaft Kyritz-Ruppiner Heide <\/span><\/b><\/p>\n<p>Die lila bl\u00fchenden Fl\u00e4chen in Sielmanns Naturlandschaft Kyritz-Ruppiner Heide sind eine Kulturlandschaft. Ohne Pflege w\u00fcrden die Heidestr\u00e4ucher \u00fcberaltern, absterben und von B\u00e4umen und B\u00fcschen \u00fcberwachsen werden. Das kontrollierte Abbrennen der Heide ist eine effektive Methode die Pflanzenbest\u00e4nde zu verj\u00fcngen, denn die Str\u00e4ucher treiben wieder aus. In den vergangenen Wochen wurde auf rund 50 Hektar des ehemaligen Truppen\u00fcbungsplatzes mit dieser Methode Landschaftspflege betrieben.<\/p>\n<p><strong>Kontrollierte Feuer verj\u00fcngen Heide<\/strong><\/p>\n<p>Die Besenheide ist gut an Feuerereignisse angepasst. Nach einem Brand schlagen die Zwergstr\u00e4ucher wieder neu aus, die harten Samen der Pflanze keimen besser. Feuer ist eine von drei Methoden, mit der derzeit die Heide in Sielmanns Naturlandschaft Kyritz-Ruppiner Heide gepflegt wird. Die aktuellen Ma\u00dfnahmen fanden vor allem unterhalb des Natur-Beobachtungsturms auf dem Sielmann-H\u00fcgel statt. \u201eF\u00fcr Besucher mag das erst einmal wie ein rabiater Eingriff aussehen, doch schon in ein bis zwei Jahren bl\u00fcht dort die Heide noch \u00fcppiger als zuvor&#8220;, erkl\u00e4rt Dr. J\u00f6rg M\u00fcller, Projektleiter bei der zust\u00e4ndigen Heinz Sielmann Stiftung. Die Fl\u00e4chen liegen am Wanderweg zwischen Neuglienicke, Pfalzheim und Rossow. Besucher k\u00f6nnen in den folgenden Jahren die Entwicklung der Ma\u00dfnahme und die Erfolge unmittelbar beobachten.<\/p>\n<p><strong><a href=\"https:\/\/www.naturparkmagazin.de\/stechlin\/wp-content\/uploads\/sites\/38\/500x300Dr.-J\u00f6rg-M\u00fcller.jpg\"><img decoding=\"async\" loading=\"lazy\" class=\"aligncenter size-thumbnail wp-image-9444\" src=\"https:\/\/www.naturparkmagazin.de\/stechlin\/wp-content\/uploads\/sites\/38\/500x300Dr.-J\u00f6rg-M\u00fcller-300x180.jpg\" alt=\"NP SRL\/Dr. J\u00f6rg M\u00fcller\" width=\"300\" height=\"180\" srcset=\"https:\/\/www.naturparkmagazin.de\/stechlin\/wp-content\/uploads\/sites\/38\/500x300Dr.-J\u00f6rg-M\u00fcller-300x180.jpg 300w, https:\/\/www.naturparkmagazin.de\/stechlin\/wp-content\/uploads\/sites\/38\/500x300Dr.-J\u00f6rg-M\u00fcller.jpg 500w, https:\/\/www.naturparkmagazin.de\/stechlin\/wp-content\/uploads\/sites\/38\/500x300Dr.-J\u00f6rg-M\u00fcller-200x120.jpg 200w\" sizes=\"(max-width: 300px) 100vw, 300px\" \/><\/a>Munitionsbelastung nach wie vor hoch<\/strong><\/p>\n<p>Durchgef\u00fchrt wurden die Ma\u00dfnahmen von Mitarbeitern des Bundesforst, die insgesamt 4.000 Hektar Nationales Naturerbe im S\u00fcden des ehemaligen Truppen\u00fcbungsplatze im Auftrag der Heinz Sielmann Stiftung betreut. Auch Spezialisten f\u00fcr Munitionsbergung waren vor Ort, denn die gesamte Fl\u00e4che ist, bis auf die ausgewiesenen Wanderwege, noch mit Munition belastet. \u201eDaran wird sich auch in Zukunft nichts \u00e4ndern, denn der Aufwand f\u00fcr eine fl\u00e4chendeckende Ber\u00e4umung ist nicht absch\u00e4tzbar und auch nicht bezahlbar&#8220;, so M\u00fcller weiter. Brandschutzstreifen umlaufen die einzelnen Abteilungen, sodass das Feuer nicht auf angrenzende Fl\u00e4chen \u00fcberspringen kann. \u201eKaltes Brennen&#8220; gelingt nur in einer trockenen Wetterphase mit Frostn\u00e4chten. Ziel ist es, die oberirdische Biomasse zu verbrennen, ohne dass gr\u00f6\u00dfere B\u00e4ume oder Wurzelst\u00f6cke Feuer fangen und sich gro\u00dfe Hitze oder Glutnester bilden. Dazu muss ein gleichm\u00e4\u00dfiger leichter Wind wehen, der das Feuer durch die Fl\u00e4che treibt.<\/p>\n<p>\u201eNicht jeder Zeitpunkt im Winter ist geeignet, und durch den milden Winter lief uns die Zeit f\u00fcr die Ma\u00dfnahme davon&#8220;, erl\u00e4utert M\u00fcller.<\/p>\n<p>Hintergr\u00fcnde<\/p>\n<div id=\"attachment_9448\" style=\"width: 310px\" class=\"wp-caption aligncenter\"><a href=\"https:\/\/www.naturparkmagazin.de\/stechlin\/wp-content\/uploads\/sites\/38\/500x300Pflegefl\u00e4che-westlich-Sielmann-H\u00fcge_J\u00f6rg-M\u00fcller.jpg\"><img aria-describedby=\"caption-attachment-9448\" decoding=\"async\" loading=\"lazy\" class=\"size-thumbnail wp-image-9448\" src=\"https:\/\/www.naturparkmagazin.de\/stechlin\/wp-content\/uploads\/sites\/38\/500x300Pflegefl\u00e4che-westlich-Sielmann-H\u00fcge_J\u00f6rg-M\u00fcller-300x180.jpg\" alt=\"Heide westlich des Sielmann-H\u00fcgels eine Woche nach der Landschaftspflege mit Feuer im M\u00e4rz 2020.\" width=\"300\" height=\"180\" srcset=\"https:\/\/www.naturparkmagazin.de\/stechlin\/wp-content\/uploads\/sites\/38\/500x300Pflegefl\u00e4che-westlich-Sielmann-H\u00fcge_J\u00f6rg-M\u00fcller-300x180.jpg 300w, https:\/\/www.naturparkmagazin.de\/stechlin\/wp-content\/uploads\/sites\/38\/500x300Pflegefl\u00e4che-westlich-Sielmann-H\u00fcge_J\u00f6rg-M\u00fcller.jpg 500w, https:\/\/www.naturparkmagazin.de\/stechlin\/wp-content\/uploads\/sites\/38\/500x300Pflegefl\u00e4che-westlich-Sielmann-H\u00fcge_J\u00f6rg-M\u00fcller-200x120.jpg 200w\" sizes=\"(max-width: 300px) 100vw, 300px\" \/><\/a><p id=\"caption-attachment-9448\" class=\"wp-caption-text\">Heide westlich des Sielmann-H\u00fcgels eine Woche nach der Landschaftspflege mit Feuer im M\u00e4rz 2020.<\/p><\/div>\n<p><strong>Warum ist kontrolliertes Brennen gut f\u00fcr die Heide?<\/strong><\/p>\n<p>Insgesamt wird durch den Brand Biomasse aus dem \u00d6kosystem entfernt. Die Brandlast auf der Fl\u00e4che wird so verringert. Im Katastrophenfall eines Waldbrandes durch Brandstiftung oder selbstentz\u00fcndete Munition findet das Feuer nur wenig \u201eFutter&#8220; und l\u00e4uft auf der Fl\u00e4che aus.<\/p>\n<p>Die Verringerung der Biomasse schafft ein anderes Mikroklima zwischen den Heideb\u00fcschen. Nach einem Brand steht eine Reihe spezialisierter Tiere, wie etwa der Wald-Sandlaufk\u00e4fer, in den Startl\u00f6chern und besiedeln die Fl\u00e4chen schnell. Die kargen Lebensbedingungen in diesen offenen Landschafen sind auch ideal f\u00fcr viele angepasste Spinnen- und Insektenarten, die wiederum bestimmten Vogelarten, wie den Raubw\u00fcrger oder dem Wiedehopf &#8211; dem Wappentier der Heide \u2013 Nahrung bieten.<\/p>\n<p>&nbsp;<\/p>\n<p>&nbsp;<\/p>\n","protected":false},"excerpt":{"rendered":"<p>Die lila bl\u00fchenden Fl\u00e4chen in Sielmanns Naturlandschaft Kyritz-Ruppiner Heide sind eine Kulturlandschaft. Ohne Pflege w\u00fcrden die Heidestr\u00e4ucher \u00fcberaltern, absterben und von B\u00e4umen und B\u00fcschen \u00fcberwachsen werden.<\/p>\n","protected":false},"author":39,"featured_media":9442,"comment_status":"open","ping_status":"open","sticky":false,"template":"","format":"standard","meta":[],"categories":[7],"tags":[],"yoast_head":"<!-- This site is optimized with the Yoast SEO plugin v19.10 - https:\/\/yoast.com\/wordpress\/plugins\/seo\/ -->\n<title>Landschaftspflege in Sielmanns Naturlandschaft Kyritz-Ruppiner Heide - Naturpark Stechlin-Ruppiner Land<\/title>\n<meta name=\"robots\" content=\"index, follow, max-snippet:-1, max-image-preview:large, max-video-preview:-1\" \/>\n<link rel=\"canonical\" href=\"https:\/\/www.naturparkmagazin.de\/stechlin\/landschaftspflege-in-sielmanns-naturlandschaft-kyritz-ruppiner-heide\/\" \/>\n<meta property=\"og:locale\" content=\"de_DE\" \/>\n<meta property=\"og:type\" content=\"article\" \/>\n<meta property=\"og:title\" content=\"Landschaftspflege in Sielmanns Naturlandschaft Kyritz-Ruppiner Heide - Naturpark Stechlin-Ruppiner Land\" \/>\n<meta property=\"og:description\" content=\"Die lila bl\u00fchenden Fl\u00e4chen in Sielmanns Naturlandschaft Kyritz-Ruppiner Heide sind eine Kulturlandschaft. Ohne Pflege w\u00fcrden die Heidestr\u00e4ucher \u00fcberaltern, absterben und von B\u00e4umen und B\u00fcschen \u00fcberwachsen werden.\" \/>\n<meta property=\"og:url\" content=\"https:\/\/www.naturparkmagazin.de\/stechlin\/landschaftspflege-in-sielmanns-naturlandschaft-kyritz-ruppiner-heide\/\" \/>\n<meta property=\"og:site_name\" content=\"Naturpark Stechlin-Ruppiner Land\" \/>\n<meta property=\"article:published_time\" content=\"2020-04-14T07:43:05+00:00\" \/>\n<meta property=\"article:modified_time\" content=\"2020-04-07T07:52:18+00:00\" \/>\n<meta property=\"og:image\" content=\"https:\/\/www.naturparkmagazin.de\/stechlin\/wp-content\/uploads\/sites\/38\/200x200Landschaftspflege_Kyritz-Ruppiner-Heide_Turm_Ute-Steinke_Bundesforst.jpg\" \/>\n\t<meta property=\"og:image:width\" content=\"200\" \/>\n\t<meta property=\"og:image:height\" content=\"200\" \/>\n\t<meta property=\"og:image:type\" content=\"image\/jpeg\" \/>\n<meta name=\"author\" content=\"marioschrumpf\" \/>\n<meta name=\"twitter:label1\" content=\"Verfasst von\" \/>\n\t<meta name=\"twitter:data1\" content=\"marioschrumpf\" \/>\n\t<meta name=\"twitter:label2\" content=\"Gesch\u00e4tzte Lesezeit\" \/>\n\t<meta name=\"twitter:data2\" content=\"3\u00a0Minuten\" \/>\n<script type=\"application\/ld+json\" class=\"yoast-schema-graph\">{\"@context\":\"https:\/\/schema.org\",\"@graph\":[{\"@type\":\"WebPage\",\"@id\":\"https:\/\/www.naturparkmagazin.de\/stechlin\/landschaftspflege-in-sielmanns-naturlandschaft-kyritz-ruppiner-heide\/\",\"url\":\"https:\/\/www.naturparkmagazin.de\/stechlin\/landschaftspflege-in-sielmanns-naturlandschaft-kyritz-ruppiner-heide\/\",\"name\":\"Landschaftspflege in Sielmanns Naturlandschaft Kyritz-Ruppiner Heide - Naturpark Stechlin-Ruppiner Land\",\"isPartOf\":{\"@id\":\"https:\/\/www.naturparkmagazin.de\/stechlin\/#website\"},\"datePublished\":\"2020-04-14T07:43:05+00:00\",\"dateModified\":\"2020-04-07T07:52:18+00:00\",\"author\":{\"@id\":\"https:\/\/www.naturparkmagazin.de\/stechlin\/#\/schema\/person\/3f0d93203df21c806dd63c76d9bb28bc\"},\"breadcrumb\":{\"@id\":\"https:\/\/www.naturparkmagazin.de\/stechlin\/landschaftspflege-in-sielmanns-naturlandschaft-kyritz-ruppiner-heide\/#breadcrumb\"},\"inLanguage\":\"de\",\"potentialAction\":[{\"@type\":\"ReadAction\",\"target\":[\"https:\/\/www.naturparkmagazin.de\/stechlin\/landschaftspflege-in-sielmanns-naturlandschaft-kyritz-ruppiner-heide\/\"]}]},{\"@type\":\"BreadcrumbList\",\"@id\":\"https:\/\/www.naturparkmagazin.de\/stechlin\/landschaftspflege-in-sielmanns-naturlandschaft-kyritz-ruppiner-heide\/#breadcrumb\",\"itemListElement\":[{\"@type\":\"ListItem\",\"position\":1,\"name\":\"Home\",\"item\":\"https:\/\/www.naturparkmagazin.de\/stechlin\/\"},{\"@type\":\"ListItem\",\"position\":2,\"name\":\"Landschaftspflege in Sielmanns Naturlandschaft Kyritz-Ruppiner Heide\"}]},{\"@type\":\"WebSite\",\"@id\":\"https:\/\/www.naturparkmagazin.de\/stechlin\/#website\",\"url\":\"https:\/\/www.naturparkmagazin.de\/stechlin\/\",\"name\":\"Naturpark Stechlin-Ruppiner Land\",\"description\":\"\",\"potentialAction\":[{\"@type\":\"SearchAction\",\"target\":{\"@type\":\"EntryPoint\",\"urlTemplate\":\"https:\/\/www.naturparkmagazin.de\/stechlin\/?s={search_term_string}\"},\"query-input\":\"required name=search_term_string\"}],\"inLanguage\":\"de\"},{\"@type\":\"Person\",\"@id\":\"https:\/\/www.naturparkmagazin.de\/stechlin\/#\/schema\/person\/3f0d93203df21c806dd63c76d9bb28bc\",\"name\":\"marioschrumpf\",\"url\":\"https:\/\/www.naturparkmagazin.de\/stechlin\/author\/marioschrumpf\/\"}]}<\/script>\n<!-- \/ Yoast SEO plugin. -->","yoast_head_json":{"title":"Landschaftspflege in Sielmanns Naturlandschaft Kyritz-Ruppiner Heide - Naturpark Stechlin-Ruppiner Land","robots":{"index":"index","follow":"follow","max-snippet":"max-snippet:-1","max-image-preview":"max-image-preview:large","max-video-preview":"max-video-preview:-1"},"canonical":"https:\/\/www.naturparkmagazin.de\/stechlin\/landschaftspflege-in-sielmanns-naturlandschaft-kyritz-ruppiner-heide\/","og_locale":"de_DE","og_type":"article","og_title":"Landschaftspflege in Sielmanns Naturlandschaft Kyritz-Ruppiner Heide - Naturpark Stechlin-Ruppiner Land","og_description":"Die lila bl\u00fchenden Fl\u00e4chen in Sielmanns Naturlandschaft Kyritz-Ruppiner Heide sind eine Kulturlandschaft. Ohne Pflege w\u00fcrden die Heidestr\u00e4ucher \u00fcberaltern, absterben und von B\u00e4umen und B\u00fcschen \u00fcberwachsen werden.","og_url":"https:\/\/www.naturparkmagazin.de\/stechlin\/landschaftspflege-in-sielmanns-naturlandschaft-kyritz-ruppiner-heide\/","og_site_name":"Naturpark Stechlin-Ruppiner Land","article_published_time":"2020-04-14T07:43:05+00:00","article_modified_time":"2020-04-07T07:52:18+00:00","og_image":[{"width":200,"height":200,"url":"https:\/\/www.naturparkmagazin.de\/stechlin\/wp-content\/uploads\/sites\/38\/200x200Landschaftspflege_Kyritz-Ruppiner-Heide_Turm_Ute-Steinke_Bundesforst.jpg","type":"image\/jpeg"}],"author":"marioschrumpf","twitter_misc":{"Verfasst von":"marioschrumpf","Gesch\u00e4tzte Lesezeit":"3\u00a0Minuten"},"schema":{"@context":"https:\/\/schema.org","@graph":[{"@type":"WebPage","@id":"https:\/\/www.naturparkmagazin.de\/stechlin\/landschaftspflege-in-sielmanns-naturlandschaft-kyritz-ruppiner-heide\/","url":"https:\/\/www.naturparkmagazin.de\/stechlin\/landschaftspflege-in-sielmanns-naturlandschaft-kyritz-ruppiner-heide\/","name":"Landschaftspflege in Sielmanns Naturlandschaft Kyritz-Ruppiner Heide - Naturpark Stechlin-Ruppiner Land","isPartOf":{"@id":"https:\/\/www.naturparkmagazin.de\/stechlin\/#website"},"datePublished":"2020-04-14T07:43:05+00:00","dateModified":"2020-04-07T07:52:18+00:00","author":{"@id":"https:\/\/www.naturparkmagazin.de\/stechlin\/#\/schema\/person\/3f0d93203df21c806dd63c76d9bb28bc"},"breadcrumb":{"@id":"https:\/\/www.naturparkmagazin.de\/stechlin\/landschaftspflege-in-sielmanns-naturlandschaft-kyritz-ruppiner-heide\/#breadcrumb"},"inLanguage":"de","potentialAction":[{"@type":"ReadAction","target":["https:\/\/www.naturparkmagazin.de\/stechlin\/landschaftspflege-in-sielmanns-naturlandschaft-kyritz-ruppiner-heide\/"]}]},{"@type":"BreadcrumbList","@id":"https:\/\/www.naturparkmagazin.de\/stechlin\/landschaftspflege-in-sielmanns-naturlandschaft-kyritz-ruppiner-heide\/#breadcrumb","itemListElement":[{"@type":"ListItem","position":1,"name":"Home","item":"https:\/\/www.naturparkmagazin.de\/stechlin\/"},{"@type":"ListItem","position":2,"name":"Landschaftspflege in Sielmanns Naturlandschaft Kyritz-Ruppiner Heide"}]},{"@type":"WebSite","@id":"https:\/\/www.naturparkmagazin.de\/stechlin\/#website","url":"https:\/\/www.naturparkmagazin.de\/stechlin\/","name":"Naturpark Stechlin-Ruppiner Land","description":"","potentialAction":[{"@type":"SearchAction","target":{"@type":"EntryPoint","urlTemplate":"https:\/\/www.naturparkmagazin.de\/stechlin\/?s={search_term_string}"},"query-input":"required name=search_term_string"}],"inLanguage":"de"},{"@type":"Person","@id":"https:\/\/www.naturparkmagazin.de\/stechlin\/#\/schema\/person\/3f0d93203df21c806dd63c76d9bb28bc","name":"marioschrumpf","url":"https:\/\/www.naturparkmagazin.de\/stechlin\/author\/marioschrumpf\/"}]}},"_links":{"self":[{"href":"https:\/\/www.naturparkmagazin.de\/stechlin\/wp-json\/wp\/v2\/posts\/9441"}],"collection":[{"href":"https:\/\/www.naturparkmagazin.de\/stechlin\/wp-json\/wp\/v2\/posts"}],"about":[{"href":"https:\/\/www.naturparkmagazin.de\/stechlin\/wp-json\/wp\/v2\/types\/post"}],"author":[{"embeddable":true,"href":"https:\/\/www.naturparkmagazin.de\/stechlin\/wp-json\/wp\/v2\/users\/39"}],"replies":[{"embeddable":true,"href":"https:\/\/www.naturparkmagazin.de\/stechlin\/wp-json\/wp\/v2\/comments?post=9441"}],"version-history":[{"count":1,"href":"https:\/\/www.naturparkmagazin.de\/stechlin\/wp-json\/wp\/v2\/posts\/9441\/revisions"}],"predecessor-version":[{"id":9450,"href":"https:\/\/www.naturparkmagazin.de\/stechlin\/wp-json\/wp\/v2\/posts\/9441\/revisions\/9450"}],"wp:featuredmedia":[{"embeddable":true,"href":"https:\/\/www.naturparkmagazin.de\/stechlin\/wp-json\/wp\/v2\/media\/9442"}],"wp:attachment":[{"href":"https:\/\/www.naturparkmagazin.de\/stechlin\/wp-json\/wp\/v2\/media?parent=9441"}],"wp:term":[{"taxonomy":"category","embeddable":true,"href":"https:\/\/www.naturparkmagazin.de\/stechlin\/wp-json\/wp\/v2\/categories?post=9441"},{"taxonomy":"post_tag","embeddable":true,"href":"https:\/\/www.naturparkmagazin.de\/stechlin\/wp-json\/wp\/v2\/tags?post=9441"}],"curies":[{"name":"wp","href":"https:\/\/api.w.org\/{rel}","templated":true}]}}