{"id":9451,"date":"2020-04-14T09:53:45","date_gmt":"2020-04-14T07:53:45","guid":{"rendered":"https:\/\/www.naturparkmagazin.de\/stechlin\/?p=9451"},"modified":"2020-04-24T06:29:46","modified_gmt":"2020-04-24T04:29:46","slug":"bewusst-zu-gast-nachhaltiger-tourismus-in-krisenzeiten","status":"publish","type":"post","link":"https:\/\/www.naturparkmagazin.de\/stechlin\/bewusst-zu-gast-nachhaltiger-tourismus-in-krisenzeiten\/","title":{"rendered":"Bewusst zu Gast \u2013 Nachhaltiger Tourismus in Krisenzeiten"},"content":{"rendered":"<p><a href=\"https:\/\/www.naturparkmagazin.de\/stechlin\/wp-content\/uploads\/sites\/38\/500x300Webvorlage2500pxX1250px_I_Logo.gif\"><img decoding=\"async\" loading=\"lazy\" class=\"aligncenter size-thumbnail wp-image-9449\" src=\"https:\/\/www.naturparkmagazin.de\/stechlin\/wp-content\/uploads\/sites\/38\/500x300Webvorlage2500pxX1250px_I_Logo-300x180.gif\" alt=\"Np SRL\/Olaf Wolff\" width=\"300\" height=\"180\" srcset=\"https:\/\/www.naturparkmagazin.de\/stechlin\/wp-content\/uploads\/sites\/38\/500x300Webvorlage2500pxX1250px_I_Logo-300x180.gif 300w, https:\/\/www.naturparkmagazin.de\/stechlin\/wp-content\/uploads\/sites\/38\/500x300Webvorlage2500pxX1250px_I_Logo-500x300.gif 500w, https:\/\/www.naturparkmagazin.de\/stechlin\/wp-content\/uploads\/sites\/38\/500x300Webvorlage2500pxX1250px_I_Logo-200x120.gif 200w\" sizes=\"(max-width: 300px) 100vw, 300px\" \/><\/a>W\u00e4hrend sich Mitte Februar in China der Corona-Virus seinen Weg in die Mitte der Gesellschaft bahnte startete in der Uckermark die dritte Schulung zum nachhaltigen Tourismus in Schutzgebieten. Am 13. Februar startete das 1. Modul in der M\u00fchle Himmelpfort, mit dabei auch der Touristiker Olaf Wolff. Olaf Wolff betreibt das \u201eFitness-Studio Natur\u201c und bringt Sportbegeisterte aus Neuruppin und Umgebung in die wunderbare Landschaft des Naturparks Stechlin-Ruppiner Land. Dar\u00fcber hinaus betreibt er einen Wander-Region-Service und unterst\u00fctzt Tourismusregionen beim Anlegen und der Instandhaltung von Wanderwegen. Olaf Wolff und auch die anderen Schulungsteilnehmer*innen wollen ihre Unternehmensf\u00fchrung nachhaltiger gestalten. Doch wie kann das aussehen?<\/p>\n<p><a href=\"https:\/\/www.naturparkmagazin.de\/stechlin\/wp-content\/uploads\/sites\/38\/200x300Tourismusakteur.jpg\"><img decoding=\"async\" loading=\"lazy\" class=\"aligncenter size-full wp-image-9474\" src=\"https:\/\/www.naturparkmagazin.de\/stechlin\/wp-content\/uploads\/sites\/38\/200x300Tourismusakteur.jpg\" alt=\"NP SRL\/Olaf Wolff\" width=\"200\" height=\"300\" \/><\/a>Antworten auf diese Frage erhalten die Teilnehmer*innen in den kommenden 5. Modulen vom Schulungsleiter Sebastian Zoepp. Er ist Leiter der SPREEAKADEMIE und hat mit seinem Unternehmen Spreescouts selbst viele Jahre im nachhaltigen Tourismus gearbeitet. Unterst\u00fctzt wird Herr Zoepp von verschiedenen Gastdozent*innen, die allesamt Expert*innen in ihrem Fach sind. So ist auch Ronny Sommerfeld vom Naturpark Uckerm\u00e4rkische Seen Gastdozent beim 2. Schulungsmodul. In seiner Pr\u00e4sentation stellt er die vielf\u00e4ltigen Kooperationsm\u00f6glichkeiten zwischen der Schutzgebietsverwaltung und den Tourismusunternehmen der Region vor.<\/p>\n<p><a href=\"https:\/\/www.naturparkmagazin.de\/stechlin\/wp-content\/uploads\/sites\/38\/500x300OlafWolff_Bild1.jpg\"><img decoding=\"async\" loading=\"lazy\" class=\"aligncenter size-thumbnail wp-image-9446\" src=\"https:\/\/www.naturparkmagazin.de\/stechlin\/wp-content\/uploads\/sites\/38\/500x300OlafWolff_Bild1-300x180.jpg\" alt=\"NP SRL\/Olaf Wolff\" width=\"300\" height=\"180\" srcset=\"https:\/\/www.naturparkmagazin.de\/stechlin\/wp-content\/uploads\/sites\/38\/500x300OlafWolff_Bild1-300x180.jpg 300w, https:\/\/www.naturparkmagazin.de\/stechlin\/wp-content\/uploads\/sites\/38\/500x300OlafWolff_Bild1.jpg 500w, https:\/\/www.naturparkmagazin.de\/stechlin\/wp-content\/uploads\/sites\/38\/500x300OlafWolff_Bild1-200x120.jpg 200w\" sizes=\"(max-width: 300px) 100vw, 300px\" \/><\/a>Im 3. Modul ist Christian Voss von GreenLiving als Experte f\u00fcr eine nachhaltige Inneneinrichtung zu Gast. W\u00e4hrend seines Vortrags verteilt er Stoff- und Materialproben und erl\u00e4utert, wie sehr konventionelle M\u00f6bel oftmals die Raumluft und damit die Gesundheit der G\u00e4ste belasten. Als einfache Alternative schl\u00e4gt er Massivholzm\u00f6bel aus heimischem Holz vor, die man sich auch vom Tischler aus der Region bauen lassen kann. Franziska Diallo wiederum ist beim 4. Schulungsmodul als Expertin f\u00fcr Online-Marketing dabei. Sie betreibt mit einer Kollegin das Reiseportal GoodTravel und vermarktet nachhaltige Unterk\u00fcnfte in ganz Europa. Von ihr erfahren die Teilnehmer*innen, dass gutes Bildmaterial vom jeweiligen touristischen Produkt bzw. der Dienstleistung aber auch ein authentisches Auftreten der Gastgeber*innen sehr wichtig f\u00fcr den Erfolg im Marketing sind.<\/p>\n<p>Beim 5. Modul pr\u00e4sentieren die Teilnehmer*innen die Ergebnisse aus ihrem Nachhaltigkeits-Check und stellen ihre k\u00fcnftigen Ma\u00dfnahmen vor, um noch nachhaltiger in ihrem Tun zu werden. Bei Olaf Wolff wird deutlich, dass seine St\u00e4rken in der engen Kooperation mit der Verwaltung des Naturparks Stechlin-Ruppiner Land liegen. Seine Touren stimmt er mit den Kolleg*innen der Schutzgebietsverwaltung ab und informiert sich auch regelm\u00e4\u00dfig \u00fcber laufenden Projekte im Naturpark. Wer als Gast mit Olaf Wolff unterwegs ist wird zudem mit regionalen Biozutaten der Saison verpflegt, Einweg-Verpackungen werden dabei weitgehend vermieden.<\/p>\n<p>Viel zu \u201em\u00e4keln\u201c hat Schulungsleiter Sebastian Zoepp an dem Tun von Olaf Wolff nicht, im Gegenteil! Der Handlungsspielraum, um nachhaltiger zu werden, ist in vielen Punkten schon weitgehend ausgereizt. Aber ein paar Punkte findet Herr Zoepp doch noch, die Olaf Wolff im Sinne von mehr Nachhaltigkeit tun kann. So empfiehlt Herr Zoepp, die Kunden von Olaf Wolff noch aktiver f\u00fcr die Arbeit der Schutzgebietsverwaltung zu gewinnen. Wie w\u00e4re es zum Beispiel mit einem Aktionstag, an dem die Sportenthusiasten bei der Biotopflege helfen, andere G\u00e4ste \u00fcber das Schutzgebiet informieren oder mit einem Spendenlauf Geld f\u00fcr ein Naturschutzprojekt einwerben? Olaf Wolff nimmt die Anregungen dankend entgegen.<\/p>\n<p><a href=\"https:\/\/www.naturparkmagazin.de\/stechlin\/wp-content\/uploads\/sites\/38\/500x300OlafWolff_Bild2.jpg\"><img decoding=\"async\" loading=\"lazy\" class=\"aligncenter size-thumbnail wp-image-9447\" src=\"https:\/\/www.naturparkmagazin.de\/stechlin\/wp-content\/uploads\/sites\/38\/500x300OlafWolff_Bild2-300x180.jpg\" alt=\"NP SRL\/Olaf Wolff\" width=\"300\" height=\"180\" srcset=\"https:\/\/www.naturparkmagazin.de\/stechlin\/wp-content\/uploads\/sites\/38\/500x300OlafWolff_Bild2-300x180.jpg 300w, https:\/\/www.naturparkmagazin.de\/stechlin\/wp-content\/uploads\/sites\/38\/500x300OlafWolff_Bild2.jpg 500w, https:\/\/www.naturparkmagazin.de\/stechlin\/wp-content\/uploads\/sites\/38\/500x300OlafWolff_Bild2-200x120.jpg 200w\" sizes=\"(max-width: 300px) 100vw, 300px\" \/><\/a>Wann so ein Aktionstag umgesetzt werden kann, dass kann Olaf Wolff in Anbetracht der Corona-Krise jetzt noch nicht sagen. Aber er ist \u00fcberzeugt, dass gerade jetzt die Zeit ist, um sich strategisch Gedanken zu machen und zu \u00fcberlegen, wie es nach der Krise weitergeht. Denn auch wenn die Corona-Krise \u00fcberwunden ist, die Klimakrise und das Artensterben werden weitergehen. Nachhaltiges Handeln im Tourismus bleibt auch eine der wichtigsten Strategien in der Krisenpr\u00e4vention. Denn wer im Tourismus schon heute auf den Schutz der Biodiversit\u00e4t setzt, bleibt auch in Zukunft Dank Bewegung in einer gesunden Natur selbst gesund!<\/p>\n<p>Weitere Informationen zum Projekt: <a href=\"http:\/\/www.bewusstzugast.de\">www.bewusstzugast.de<\/a><\/p>\n<p><span style=\"color: #000000;font-family: Calibri;font-size: small\">\u00a0<\/span><\/p>\n<p>&nbsp;<\/p>\n<p>&nbsp;<\/p>\n","protected":false},"excerpt":{"rendered":"<p>W\u00e4hrend sich Mitte Februar in China der Corona-Virus seinen Weg in die Mitte der Gesellschaft bahnte startete in der Uckermark die dritte Schulung zum nachhaltigen Tourismus in Schutzgebieten.<\/p>\n","protected":false},"author":39,"featured_media":9443,"comment_status":"open","ping_status":"open","sticky":false,"template":"","format":"standard","meta":[],"categories":[7],"tags":[],"yoast_head":"<!-- This site is optimized with the Yoast SEO plugin v19.10 - https:\/\/yoast.com\/wordpress\/plugins\/seo\/ -->\n<title>Bewusst zu Gast \u2013 Nachhaltiger Tourismus in Krisenzeiten - Naturpark Stechlin-Ruppiner Land<\/title>\n<meta name=\"robots\" content=\"index, follow, max-snippet:-1, max-image-preview:large, max-video-preview:-1\" \/>\n<link rel=\"canonical\" href=\"https:\/\/www.naturparkmagazin.de\/stechlin\/bewusst-zu-gast-nachhaltiger-tourismus-in-krisenzeiten\/\" \/>\n<meta property=\"og:locale\" content=\"de_DE\" \/>\n<meta property=\"og:type\" content=\"article\" \/>\n<meta property=\"og:title\" content=\"Bewusst zu Gast \u2013 Nachhaltiger Tourismus in Krisenzeiten - Naturpark Stechlin-Ruppiner Land\" \/>\n<meta property=\"og:description\" content=\"W\u00e4hrend sich Mitte Februar in China der Corona-Virus seinen Weg in die Mitte der Gesellschaft bahnte startete in der Uckermark die dritte Schulung zum nachhaltigen Tourismus in Schutzgebieten.\" \/>\n<meta property=\"og:url\" content=\"https:\/\/www.naturparkmagazin.de\/stechlin\/bewusst-zu-gast-nachhaltiger-tourismus-in-krisenzeiten\/\" \/>\n<meta property=\"og:site_name\" content=\"Naturpark Stechlin-Ruppiner Land\" \/>\n<meta property=\"article:published_time\" content=\"2020-04-14T07:53:45+00:00\" \/>\n<meta property=\"article:modified_time\" content=\"2020-04-24T04:29:46+00:00\" \/>\n<meta property=\"og:image\" content=\"https:\/\/www.naturparkmagazin.de\/stechlin\/wp-content\/uploads\/sites\/38\/200x200Webvorlage2500pxX1250px_I_Logo.gif\" \/>\n\t<meta property=\"og:image:width\" content=\"200\" \/>\n\t<meta property=\"og:image:height\" content=\"200\" \/>\n\t<meta property=\"og:image:type\" content=\"image\/gif\" \/>\n<meta name=\"author\" content=\"marioschrumpf\" \/>\n<meta name=\"twitter:label1\" content=\"Verfasst von\" \/>\n\t<meta name=\"twitter:data1\" content=\"marioschrumpf\" \/>\n\t<meta name=\"twitter:label2\" content=\"Gesch\u00e4tzte Lesezeit\" \/>\n\t<meta name=\"twitter:data2\" content=\"3\u00a0Minuten\" \/>\n<script type=\"application\/ld+json\" class=\"yoast-schema-graph\">{\"@context\":\"https:\/\/schema.org\",\"@graph\":[{\"@type\":\"WebPage\",\"@id\":\"https:\/\/www.naturparkmagazin.de\/stechlin\/bewusst-zu-gast-nachhaltiger-tourismus-in-krisenzeiten\/\",\"url\":\"https:\/\/www.naturparkmagazin.de\/stechlin\/bewusst-zu-gast-nachhaltiger-tourismus-in-krisenzeiten\/\",\"name\":\"Bewusst zu Gast \u2013 Nachhaltiger Tourismus in Krisenzeiten - Naturpark Stechlin-Ruppiner Land\",\"isPartOf\":{\"@id\":\"https:\/\/www.naturparkmagazin.de\/stechlin\/#website\"},\"datePublished\":\"2020-04-14T07:53:45+00:00\",\"dateModified\":\"2020-04-24T04:29:46+00:00\",\"author\":{\"@id\":\"https:\/\/www.naturparkmagazin.de\/stechlin\/#\/schema\/person\/3f0d93203df21c806dd63c76d9bb28bc\"},\"breadcrumb\":{\"@id\":\"https:\/\/www.naturparkmagazin.de\/stechlin\/bewusst-zu-gast-nachhaltiger-tourismus-in-krisenzeiten\/#breadcrumb\"},\"inLanguage\":\"de\",\"potentialAction\":[{\"@type\":\"ReadAction\",\"target\":[\"https:\/\/www.naturparkmagazin.de\/stechlin\/bewusst-zu-gast-nachhaltiger-tourismus-in-krisenzeiten\/\"]}]},{\"@type\":\"BreadcrumbList\",\"@id\":\"https:\/\/www.naturparkmagazin.de\/stechlin\/bewusst-zu-gast-nachhaltiger-tourismus-in-krisenzeiten\/#breadcrumb\",\"itemListElement\":[{\"@type\":\"ListItem\",\"position\":1,\"name\":\"Home\",\"item\":\"https:\/\/www.naturparkmagazin.de\/stechlin\/\"},{\"@type\":\"ListItem\",\"position\":2,\"name\":\"Bewusst zu Gast \u2013 Nachhaltiger Tourismus in Krisenzeiten\"}]},{\"@type\":\"WebSite\",\"@id\":\"https:\/\/www.naturparkmagazin.de\/stechlin\/#website\",\"url\":\"https:\/\/www.naturparkmagazin.de\/stechlin\/\",\"name\":\"Naturpark Stechlin-Ruppiner Land\",\"description\":\"\",\"potentialAction\":[{\"@type\":\"SearchAction\",\"target\":{\"@type\":\"EntryPoint\",\"urlTemplate\":\"https:\/\/www.naturparkmagazin.de\/stechlin\/?s={search_term_string}\"},\"query-input\":\"required name=search_term_string\"}],\"inLanguage\":\"de\"},{\"@type\":\"Person\",\"@id\":\"https:\/\/www.naturparkmagazin.de\/stechlin\/#\/schema\/person\/3f0d93203df21c806dd63c76d9bb28bc\",\"name\":\"marioschrumpf\",\"url\":\"https:\/\/www.naturparkmagazin.de\/stechlin\/author\/marioschrumpf\/\"}]}<\/script>\n<!-- \/ Yoast SEO plugin. -->","yoast_head_json":{"title":"Bewusst zu Gast \u2013 Nachhaltiger Tourismus in Krisenzeiten - Naturpark Stechlin-Ruppiner Land","robots":{"index":"index","follow":"follow","max-snippet":"max-snippet:-1","max-image-preview":"max-image-preview:large","max-video-preview":"max-video-preview:-1"},"canonical":"https:\/\/www.naturparkmagazin.de\/stechlin\/bewusst-zu-gast-nachhaltiger-tourismus-in-krisenzeiten\/","og_locale":"de_DE","og_type":"article","og_title":"Bewusst zu Gast \u2013 Nachhaltiger Tourismus in Krisenzeiten - Naturpark Stechlin-Ruppiner Land","og_description":"W\u00e4hrend sich Mitte Februar in China der Corona-Virus seinen Weg in die Mitte der Gesellschaft bahnte startete in der Uckermark die dritte Schulung zum nachhaltigen Tourismus in Schutzgebieten.","og_url":"https:\/\/www.naturparkmagazin.de\/stechlin\/bewusst-zu-gast-nachhaltiger-tourismus-in-krisenzeiten\/","og_site_name":"Naturpark Stechlin-Ruppiner Land","article_published_time":"2020-04-14T07:53:45+00:00","article_modified_time":"2020-04-24T04:29:46+00:00","og_image":[{"width":200,"height":200,"url":"https:\/\/www.naturparkmagazin.de\/stechlin\/wp-content\/uploads\/sites\/38\/200x200Webvorlage2500pxX1250px_I_Logo.gif","type":"image\/gif"}],"author":"marioschrumpf","twitter_misc":{"Verfasst von":"marioschrumpf","Gesch\u00e4tzte Lesezeit":"3\u00a0Minuten"},"schema":{"@context":"https:\/\/schema.org","@graph":[{"@type":"WebPage","@id":"https:\/\/www.naturparkmagazin.de\/stechlin\/bewusst-zu-gast-nachhaltiger-tourismus-in-krisenzeiten\/","url":"https:\/\/www.naturparkmagazin.de\/stechlin\/bewusst-zu-gast-nachhaltiger-tourismus-in-krisenzeiten\/","name":"Bewusst zu Gast \u2013 Nachhaltiger Tourismus in Krisenzeiten - Naturpark Stechlin-Ruppiner Land","isPartOf":{"@id":"https:\/\/www.naturparkmagazin.de\/stechlin\/#website"},"datePublished":"2020-04-14T07:53:45+00:00","dateModified":"2020-04-24T04:29:46+00:00","author":{"@id":"https:\/\/www.naturparkmagazin.de\/stechlin\/#\/schema\/person\/3f0d93203df21c806dd63c76d9bb28bc"},"breadcrumb":{"@id":"https:\/\/www.naturparkmagazin.de\/stechlin\/bewusst-zu-gast-nachhaltiger-tourismus-in-krisenzeiten\/#breadcrumb"},"inLanguage":"de","potentialAction":[{"@type":"ReadAction","target":["https:\/\/www.naturparkmagazin.de\/stechlin\/bewusst-zu-gast-nachhaltiger-tourismus-in-krisenzeiten\/"]}]},{"@type":"BreadcrumbList","@id":"https:\/\/www.naturparkmagazin.de\/stechlin\/bewusst-zu-gast-nachhaltiger-tourismus-in-krisenzeiten\/#breadcrumb","itemListElement":[{"@type":"ListItem","position":1,"name":"Home","item":"https:\/\/www.naturparkmagazin.de\/stechlin\/"},{"@type":"ListItem","position":2,"name":"Bewusst zu Gast \u2013 Nachhaltiger Tourismus in Krisenzeiten"}]},{"@type":"WebSite","@id":"https:\/\/www.naturparkmagazin.de\/stechlin\/#website","url":"https:\/\/www.naturparkmagazin.de\/stechlin\/","name":"Naturpark Stechlin-Ruppiner Land","description":"","potentialAction":[{"@type":"SearchAction","target":{"@type":"EntryPoint","urlTemplate":"https:\/\/www.naturparkmagazin.de\/stechlin\/?s={search_term_string}"},"query-input":"required name=search_term_string"}],"inLanguage":"de"},{"@type":"Person","@id":"https:\/\/www.naturparkmagazin.de\/stechlin\/#\/schema\/person\/3f0d93203df21c806dd63c76d9bb28bc","name":"marioschrumpf","url":"https:\/\/www.naturparkmagazin.de\/stechlin\/author\/marioschrumpf\/"}]}},"_links":{"self":[{"href":"https:\/\/www.naturparkmagazin.de\/stechlin\/wp-json\/wp\/v2\/posts\/9451"}],"collection":[{"href":"https:\/\/www.naturparkmagazin.de\/stechlin\/wp-json\/wp\/v2\/posts"}],"about":[{"href":"https:\/\/www.naturparkmagazin.de\/stechlin\/wp-json\/wp\/v2\/types\/post"}],"author":[{"embeddable":true,"href":"https:\/\/www.naturparkmagazin.de\/stechlin\/wp-json\/wp\/v2\/users\/39"}],"replies":[{"embeddable":true,"href":"https:\/\/www.naturparkmagazin.de\/stechlin\/wp-json\/wp\/v2\/comments?post=9451"}],"version-history":[{"count":3,"href":"https:\/\/www.naturparkmagazin.de\/stechlin\/wp-json\/wp\/v2\/posts\/9451\/revisions"}],"predecessor-version":[{"id":9476,"href":"https:\/\/www.naturparkmagazin.de\/stechlin\/wp-json\/wp\/v2\/posts\/9451\/revisions\/9476"}],"wp:featuredmedia":[{"embeddable":true,"href":"https:\/\/www.naturparkmagazin.de\/stechlin\/wp-json\/wp\/v2\/media\/9443"}],"wp:attachment":[{"href":"https:\/\/www.naturparkmagazin.de\/stechlin\/wp-json\/wp\/v2\/media?parent=9451"}],"wp:term":[{"taxonomy":"category","embeddable":true,"href":"https:\/\/www.naturparkmagazin.de\/stechlin\/wp-json\/wp\/v2\/categories?post=9451"},{"taxonomy":"post_tag","embeddable":true,"href":"https:\/\/www.naturparkmagazin.de\/stechlin\/wp-json\/wp\/v2\/tags?post=9451"}],"curies":[{"name":"wp","href":"https:\/\/api.w.org\/{rel}","templated":true}]}}