{"id":9454,"date":"2020-04-14T16:11:17","date_gmt":"2020-04-14T14:11:17","guid":{"rendered":"https:\/\/www.naturparkmagazin.de\/stechlin\/?p=9454"},"modified":"2020-04-22T07:41:01","modified_gmt":"2020-04-22T05:41:01","slug":"wummsee-rundwanderweg-erhaelt-neue-beschilderung","status":"publish","type":"post","link":"https:\/\/www.naturparkmagazin.de\/stechlin\/wummsee-rundwanderweg-erhaelt-neue-beschilderung\/","title":{"rendered":"Wummsee-Rundwanderweg erh\u00e4lt neue Beschilderung"},"content":{"rendered":"<p>Gemeinsam mit den Auszubildenden der Waldarbeitsschule Kunsterspring hat Olaf Wolff im Fr\u00fchjahr die Beschilderung des Wummsee-Rundwanderweges erneuert.<\/p>\n<div id=\"attachment_9465\" style=\"width: 310px\" class=\"wp-caption aligncenter\"><a href=\"https:\/\/www.naturparkmagazin.de\/stechlin\/wp-content\/uploads\/sites\/38\/Wolff-Azubis.jpg\"><img aria-describedby=\"caption-attachment-9465\" decoding=\"async\" loading=\"lazy\" class=\"size-thumbnail wp-image-9465\" src=\"https:\/\/www.naturparkmagazin.de\/stechlin\/wp-content\/uploads\/sites\/38\/Wolff-Azubis-300x180.jpg\" alt=\"Einweisung der Auszubildenden in das Projekt durch Olaf Wolff.\" width=\"300\" height=\"180\" srcset=\"https:\/\/www.naturparkmagazin.de\/stechlin\/wp-content\/uploads\/sites\/38\/Wolff-Azubis-300x180.jpg 300w, https:\/\/www.naturparkmagazin.de\/stechlin\/wp-content\/uploads\/sites\/38\/Wolff-Azubis.jpg 500w, https:\/\/www.naturparkmagazin.de\/stechlin\/wp-content\/uploads\/sites\/38\/Wolff-Azubis-200x120.jpg 200w\" sizes=\"(max-width: 300px) 100vw, 300px\" \/><\/a><p id=\"caption-attachment-9465\" class=\"wp-caption-text\">Einweisung der Auszubildenden in das Projekt durch Olaf Wolff.<\/p><\/div>\n<p>In den letzten Jahren Stand die Beschilderung der Wanderwege im NSG Wummsee und Twernsee bereits mehrfach in der Kritik. Abgefaulte Wegweiser, fehlende Piktogramme und eine an manchen Stellen viele Jahre nach der Erstbeschilderung nicht mehr nachvollziehbare Wegef\u00fchrung sorgten f\u00fcr \u00c4rger.<\/p>\n<div id=\"attachment_9467\" style=\"width: 310px\" class=\"wp-caption aligncenter\"><a href=\"https:\/\/www.naturparkmagazin.de\/stechlin\/wp-content\/uploads\/sites\/38\/material.jpg\"><img aria-describedby=\"caption-attachment-9467\" decoding=\"async\" loading=\"lazy\" class=\"size-thumbnail wp-image-9467\" src=\"https:\/\/www.naturparkmagazin.de\/stechlin\/wp-content\/uploads\/sites\/38\/material-300x180.jpg\" alt=\"R\u00fcckbau der alten Beschilderung.\" width=\"300\" height=\"180\" srcset=\"https:\/\/www.naturparkmagazin.de\/stechlin\/wp-content\/uploads\/sites\/38\/material-300x180.jpg 300w, https:\/\/www.naturparkmagazin.de\/stechlin\/wp-content\/uploads\/sites\/38\/material.jpg 500w, https:\/\/www.naturparkmagazin.de\/stechlin\/wp-content\/uploads\/sites\/38\/material-200x120.jpg 200w\" sizes=\"(max-width: 300px) 100vw, 300px\" \/><\/a><p id=\"caption-attachment-9467\" class=\"wp-caption-text\">R\u00fcckbau der alten Beschilderung.<\/p><\/div>\n<p>Anl\u00e4sslich des 60-j\u00e4hrigen Jubil\u00e4ums der Ausweisung des Naturschutzgebietes hat die Naturparkverwaltung Olaf Wolff beauftragt ein Konzept f\u00fcr die Neubeschilderung im Rahmen der Besucherlenkung zu erarbeiten. Gemeinsam mit der Kommune, Tourismusverband, Tourismusinformation, Landesforst, unterer Naturschutzbeh\u00f6rde und Naturwacht wurde das Konzept abgestimmt. In diesem Fr\u00fchjahr wird es nun in die Tat umgesetzt.<\/p>\n<div id=\"attachment_9466\" style=\"width: 310px\" class=\"wp-caption aligncenter\"><a href=\"https:\/\/www.naturparkmagazin.de\/stechlin\/wp-content\/uploads\/sites\/38\/wegweiser.jpg\"><img aria-describedby=\"caption-attachment-9466\" decoding=\"async\" loading=\"lazy\" class=\"size-thumbnail wp-image-9466\" src=\"https:\/\/www.naturparkmagazin.de\/stechlin\/wp-content\/uploads\/sites\/38\/wegweiser-300x180.jpg\" alt=\"Wegweiser am Abzweig nach Diemitz.\" width=\"300\" height=\"180\" srcset=\"https:\/\/www.naturparkmagazin.de\/stechlin\/wp-content\/uploads\/sites\/38\/wegweiser-300x180.jpg 300w, https:\/\/www.naturparkmagazin.de\/stechlin\/wp-content\/uploads\/sites\/38\/wegweiser.jpg 500w, https:\/\/www.naturparkmagazin.de\/stechlin\/wp-content\/uploads\/sites\/38\/wegweiser-200x120.jpg 200w\" sizes=\"(max-width: 300px) 100vw, 300px\" \/><\/a><p id=\"caption-attachment-9466\" class=\"wp-caption-text\">Wegweiser am Abzweig nach Diemitz.<\/p><\/div>\n<p>Neben neuen Wegweisern wurden Piktogramme und aktualisierte Infotafeln montiert. Nach Fertigstellung soll der Wummsee-Rundwanderweg vom Deutschen Wanderverband nach den Kriterien &#8222;Wanderbares Deutschland&#8220; zertifiziert werden.<\/p>\n<p>&nbsp;<\/p>\n<p>&nbsp;<\/p>\n","protected":false},"excerpt":{"rendered":"<p>Gemeinsam mit den Auszubildenden der Waldarbeitsschule Kunsterspring hat Olaf Wolff im Fr\u00fchjahr die Beschilderung des Wummsee-Rundwanderweges erneuert. <\/p>\n","protected":false},"author":39,"featured_media":9464,"comment_status":"open","ping_status":"open","sticky":false,"template":"","format":"standard","meta":[],"categories":[7],"tags":[],"yoast_head":"<!-- This site is optimized with the Yoast SEO plugin v19.10 - https:\/\/yoast.com\/wordpress\/plugins\/seo\/ -->\n<title>Wummsee-Rundwanderweg erh\u00e4lt neue Beschilderung - Naturpark Stechlin-Ruppiner Land<\/title>\n<meta name=\"robots\" content=\"index, follow, max-snippet:-1, max-image-preview:large, max-video-preview:-1\" \/>\n<link rel=\"canonical\" href=\"https:\/\/www.naturparkmagazin.de\/stechlin\/wummsee-rundwanderweg-erhaelt-neue-beschilderung\/\" \/>\n<meta property=\"og:locale\" content=\"de_DE\" \/>\n<meta property=\"og:type\" content=\"article\" \/>\n<meta property=\"og:title\" content=\"Wummsee-Rundwanderweg erh\u00e4lt neue Beschilderung - Naturpark Stechlin-Ruppiner Land\" \/>\n<meta property=\"og:description\" content=\"Gemeinsam mit den Auszubildenden der Waldarbeitsschule Kunsterspring hat Olaf Wolff im Fr\u00fchjahr die Beschilderung des Wummsee-Rundwanderweges erneuert.\" \/>\n<meta property=\"og:url\" content=\"https:\/\/www.naturparkmagazin.de\/stechlin\/wummsee-rundwanderweg-erhaelt-neue-beschilderung\/\" \/>\n<meta property=\"og:site_name\" content=\"Naturpark Stechlin-Ruppiner Land\" \/>\n<meta property=\"article:published_time\" content=\"2020-04-14T14:11:17+00:00\" \/>\n<meta property=\"article:modified_time\" content=\"2020-04-22T05:41:01+00:00\" \/>\n<meta property=\"og:image\" content=\"https:\/\/www.naturparkmagazin.de\/stechlin\/wp-content\/uploads\/sites\/38\/olaff-wolff.jpg\" \/>\n\t<meta property=\"og:image:width\" content=\"200\" \/>\n\t<meta property=\"og:image:height\" content=\"200\" \/>\n\t<meta property=\"og:image:type\" content=\"image\/jpeg\" \/>\n<meta name=\"author\" content=\"marioschrumpf\" \/>\n<meta name=\"twitter:label1\" content=\"Verfasst von\" \/>\n\t<meta name=\"twitter:data1\" content=\"marioschrumpf\" \/>\n\t<meta name=\"twitter:label2\" content=\"Gesch\u00e4tzte Lesezeit\" \/>\n\t<meta name=\"twitter:data2\" content=\"1\u00a0Minute\" \/>\n<script type=\"application\/ld+json\" class=\"yoast-schema-graph\">{\"@context\":\"https:\/\/schema.org\",\"@graph\":[{\"@type\":\"WebPage\",\"@id\":\"https:\/\/www.naturparkmagazin.de\/stechlin\/wummsee-rundwanderweg-erhaelt-neue-beschilderung\/\",\"url\":\"https:\/\/www.naturparkmagazin.de\/stechlin\/wummsee-rundwanderweg-erhaelt-neue-beschilderung\/\",\"name\":\"Wummsee-Rundwanderweg erh\u00e4lt neue Beschilderung - Naturpark Stechlin-Ruppiner Land\",\"isPartOf\":{\"@id\":\"https:\/\/www.naturparkmagazin.de\/stechlin\/#website\"},\"datePublished\":\"2020-04-14T14:11:17+00:00\",\"dateModified\":\"2020-04-22T05:41:01+00:00\",\"author\":{\"@id\":\"https:\/\/www.naturparkmagazin.de\/stechlin\/#\/schema\/person\/3f0d93203df21c806dd63c76d9bb28bc\"},\"breadcrumb\":{\"@id\":\"https:\/\/www.naturparkmagazin.de\/stechlin\/wummsee-rundwanderweg-erhaelt-neue-beschilderung\/#breadcrumb\"},\"inLanguage\":\"de\",\"potentialAction\":[{\"@type\":\"ReadAction\",\"target\":[\"https:\/\/www.naturparkmagazin.de\/stechlin\/wummsee-rundwanderweg-erhaelt-neue-beschilderung\/\"]}]},{\"@type\":\"BreadcrumbList\",\"@id\":\"https:\/\/www.naturparkmagazin.de\/stechlin\/wummsee-rundwanderweg-erhaelt-neue-beschilderung\/#breadcrumb\",\"itemListElement\":[{\"@type\":\"ListItem\",\"position\":1,\"name\":\"Home\",\"item\":\"https:\/\/www.naturparkmagazin.de\/stechlin\/\"},{\"@type\":\"ListItem\",\"position\":2,\"name\":\"Wummsee-Rundwanderweg erh\u00e4lt neue Beschilderung\"}]},{\"@type\":\"WebSite\",\"@id\":\"https:\/\/www.naturparkmagazin.de\/stechlin\/#website\",\"url\":\"https:\/\/www.naturparkmagazin.de\/stechlin\/\",\"name\":\"Naturpark Stechlin-Ruppiner Land\",\"description\":\"\",\"potentialAction\":[{\"@type\":\"SearchAction\",\"target\":{\"@type\":\"EntryPoint\",\"urlTemplate\":\"https:\/\/www.naturparkmagazin.de\/stechlin\/?s={search_term_string}\"},\"query-input\":\"required name=search_term_string\"}],\"inLanguage\":\"de\"},{\"@type\":\"Person\",\"@id\":\"https:\/\/www.naturparkmagazin.de\/stechlin\/#\/schema\/person\/3f0d93203df21c806dd63c76d9bb28bc\",\"name\":\"marioschrumpf\",\"url\":\"https:\/\/www.naturparkmagazin.de\/stechlin\/author\/marioschrumpf\/\"}]}<\/script>\n<!-- \/ Yoast SEO plugin. -->","yoast_head_json":{"title":"Wummsee-Rundwanderweg erh\u00e4lt neue Beschilderung - Naturpark Stechlin-Ruppiner Land","robots":{"index":"index","follow":"follow","max-snippet":"max-snippet:-1","max-image-preview":"max-image-preview:large","max-video-preview":"max-video-preview:-1"},"canonical":"https:\/\/www.naturparkmagazin.de\/stechlin\/wummsee-rundwanderweg-erhaelt-neue-beschilderung\/","og_locale":"de_DE","og_type":"article","og_title":"Wummsee-Rundwanderweg erh\u00e4lt neue Beschilderung - Naturpark Stechlin-Ruppiner Land","og_description":"Gemeinsam mit den Auszubildenden der Waldarbeitsschule Kunsterspring hat Olaf Wolff im Fr\u00fchjahr die Beschilderung des Wummsee-Rundwanderweges erneuert.","og_url":"https:\/\/www.naturparkmagazin.de\/stechlin\/wummsee-rundwanderweg-erhaelt-neue-beschilderung\/","og_site_name":"Naturpark Stechlin-Ruppiner Land","article_published_time":"2020-04-14T14:11:17+00:00","article_modified_time":"2020-04-22T05:41:01+00:00","og_image":[{"width":200,"height":200,"url":"https:\/\/www.naturparkmagazin.de\/stechlin\/wp-content\/uploads\/sites\/38\/olaff-wolff.jpg","type":"image\/jpeg"}],"author":"marioschrumpf","twitter_misc":{"Verfasst von":"marioschrumpf","Gesch\u00e4tzte Lesezeit":"1\u00a0Minute"},"schema":{"@context":"https:\/\/schema.org","@graph":[{"@type":"WebPage","@id":"https:\/\/www.naturparkmagazin.de\/stechlin\/wummsee-rundwanderweg-erhaelt-neue-beschilderung\/","url":"https:\/\/www.naturparkmagazin.de\/stechlin\/wummsee-rundwanderweg-erhaelt-neue-beschilderung\/","name":"Wummsee-Rundwanderweg erh\u00e4lt neue Beschilderung - Naturpark Stechlin-Ruppiner Land","isPartOf":{"@id":"https:\/\/www.naturparkmagazin.de\/stechlin\/#website"},"datePublished":"2020-04-14T14:11:17+00:00","dateModified":"2020-04-22T05:41:01+00:00","author":{"@id":"https:\/\/www.naturparkmagazin.de\/stechlin\/#\/schema\/person\/3f0d93203df21c806dd63c76d9bb28bc"},"breadcrumb":{"@id":"https:\/\/www.naturparkmagazin.de\/stechlin\/wummsee-rundwanderweg-erhaelt-neue-beschilderung\/#breadcrumb"},"inLanguage":"de","potentialAction":[{"@type":"ReadAction","target":["https:\/\/www.naturparkmagazin.de\/stechlin\/wummsee-rundwanderweg-erhaelt-neue-beschilderung\/"]}]},{"@type":"BreadcrumbList","@id":"https:\/\/www.naturparkmagazin.de\/stechlin\/wummsee-rundwanderweg-erhaelt-neue-beschilderung\/#breadcrumb","itemListElement":[{"@type":"ListItem","position":1,"name":"Home","item":"https:\/\/www.naturparkmagazin.de\/stechlin\/"},{"@type":"ListItem","position":2,"name":"Wummsee-Rundwanderweg erh\u00e4lt neue Beschilderung"}]},{"@type":"WebSite","@id":"https:\/\/www.naturparkmagazin.de\/stechlin\/#website","url":"https:\/\/www.naturparkmagazin.de\/stechlin\/","name":"Naturpark Stechlin-Ruppiner Land","description":"","potentialAction":[{"@type":"SearchAction","target":{"@type":"EntryPoint","urlTemplate":"https:\/\/www.naturparkmagazin.de\/stechlin\/?s={search_term_string}"},"query-input":"required name=search_term_string"}],"inLanguage":"de"},{"@type":"Person","@id":"https:\/\/www.naturparkmagazin.de\/stechlin\/#\/schema\/person\/3f0d93203df21c806dd63c76d9bb28bc","name":"marioschrumpf","url":"https:\/\/www.naturparkmagazin.de\/stechlin\/author\/marioschrumpf\/"}]}},"_links":{"self":[{"href":"https:\/\/www.naturparkmagazin.de\/stechlin\/wp-json\/wp\/v2\/posts\/9454"}],"collection":[{"href":"https:\/\/www.naturparkmagazin.de\/stechlin\/wp-json\/wp\/v2\/posts"}],"about":[{"href":"https:\/\/www.naturparkmagazin.de\/stechlin\/wp-json\/wp\/v2\/types\/post"}],"author":[{"embeddable":true,"href":"https:\/\/www.naturparkmagazin.de\/stechlin\/wp-json\/wp\/v2\/users\/39"}],"replies":[{"embeddable":true,"href":"https:\/\/www.naturparkmagazin.de\/stechlin\/wp-json\/wp\/v2\/comments?post=9454"}],"version-history":[{"count":3,"href":"https:\/\/www.naturparkmagazin.de\/stechlin\/wp-json\/wp\/v2\/posts\/9454\/revisions"}],"predecessor-version":[{"id":9469,"href":"https:\/\/www.naturparkmagazin.de\/stechlin\/wp-json\/wp\/v2\/posts\/9454\/revisions\/9469"}],"wp:featuredmedia":[{"embeddable":true,"href":"https:\/\/www.naturparkmagazin.de\/stechlin\/wp-json\/wp\/v2\/media\/9464"}],"wp:attachment":[{"href":"https:\/\/www.naturparkmagazin.de\/stechlin\/wp-json\/wp\/v2\/media?parent=9454"}],"wp:term":[{"taxonomy":"category","embeddable":true,"href":"https:\/\/www.naturparkmagazin.de\/stechlin\/wp-json\/wp\/v2\/categories?post=9454"},{"taxonomy":"post_tag","embeddable":true,"href":"https:\/\/www.naturparkmagazin.de\/stechlin\/wp-json\/wp\/v2\/tags?post=9454"}],"curies":[{"name":"wp","href":"https:\/\/api.w.org\/{rel}","templated":true}]}}