{"id":946,"date":"2014-04-17T11:20:46","date_gmt":"2014-04-17T09:20:46","guid":{"rendered":"http:\/\/www.naturparkmagazin.de\/stechlin\/?p=946"},"modified":"2025-04-22T11:38:23","modified_gmt":"2025-04-22T09:38:23","slug":"tag-der-graefin-im-kulturgutshaus-koepernitz","status":"publish","type":"post","link":"https:\/\/www.naturparkmagazin.de\/stechlin\/tag-der-graefin-im-kulturgutshaus-koepernitz\/","title":{"rendered":"Tag der Gr\u00e4fin im KulturGutshaus K\u00f6pernitz 2014"},"content":{"rendered":"<div id=\"attachment_558\" style=\"width: 510px\" class=\"wp-caption alignnone\"><a href=\"https:\/\/www.naturparkmagazin.de\/stechlin\/wp-content\/uploads\/sites\/38\/Gutshaus-K\u00f6pernitz.jpg\"><img aria-describedby=\"caption-attachment-558\" decoding=\"async\" loading=\"lazy\" class=\"size-full wp-image-558\" alt=\"KulturGutshaus K\u00f6pernitz\" src=\"https:\/\/www.naturparkmagazin.de\/stechlin\/wp-content\/uploads\/sites\/38\/Gutshaus-K\u00f6pernitz.jpg\" width=\"500\" height=\"335\" srcset=\"https:\/\/www.naturparkmagazin.de\/stechlin\/wp-content\/uploads\/sites\/38\/Gutshaus-K\u00f6pernitz.jpg 500w, https:\/\/www.naturparkmagazin.de\/stechlin\/wp-content\/uploads\/sites\/38\/Gutshaus-K\u00f6pernitz-300x201.jpg 300w, https:\/\/www.naturparkmagazin.de\/stechlin\/wp-content\/uploads\/sites\/38\/Gutshaus-K\u00f6pernitz-200x134.jpg 200w\" sizes=\"(max-width: 500px) 100vw, 500px\" \/><\/a><p id=\"caption-attachment-558\" class=\"wp-caption-text\">KulturGutshaus K\u00f6pernitz<\/p><\/div>\n<p>Unter dem Motto &#8222;<em>Wenn Grabsteine erz\u00e4hlen &#8211; Geschichte(n) um Ferdinant von Bredow<\/em>&#8220; l\u00e4dt der KulturGutshaus K\u00f6pernitz e. V. zum traditionellen Tag der Gr\u00e4fin ein. Am <strong>10. Mai<\/strong> wird es ab 14 Uhr Ausstellungen, F\u00fchrungen, Vortr\u00e4ge und Gespr\u00e4che im K\u00f6pernitzer Gemeindezentrum geben. Der Eintritt ist frei. Weitere Informationen unter Tel.: 033931\/37855.<\/p>\n","protected":false},"excerpt":{"rendered":"<p>Unter dem Motto &#8222;Wenn Grabsteine erz\u00e4hlen &#8211; Geschichte(n) um Ferdinant von Bredow&#8220; l\u00e4dt der KulturGutshaus K\u00f6pernitz e. V. am 10. Mai ab 14 Uhr zum traditionellen Tag der Gr\u00e4fin ein.<\/p>\n","protected":false},"author":39,"featured_media":947,"comment_status":"open","ping_status":"open","sticky":false,"template":"","format":"standard","meta":[],"categories":[11],"tags":[],"yoast_head":"<!-- This site is optimized with the Yoast SEO plugin v19.10 - https:\/\/yoast.com\/wordpress\/plugins\/seo\/ -->\n<title>Tag der Gr\u00e4fin im KulturGutshaus K\u00f6pernitz 2014 - Naturpark Stechlin-Ruppiner Land<\/title>\n<meta name=\"robots\" content=\"index, follow, max-snippet:-1, max-image-preview:large, max-video-preview:-1\" \/>\n<link rel=\"canonical\" href=\"https:\/\/www.naturparkmagazin.de\/stechlin\/tag-der-graefin-im-kulturgutshaus-koepernitz\/\" \/>\n<meta property=\"og:locale\" content=\"de_DE\" \/>\n<meta property=\"og:type\" content=\"article\" \/>\n<meta property=\"og:title\" content=\"Tag der Gr\u00e4fin im KulturGutshaus K\u00f6pernitz 2014 - Naturpark Stechlin-Ruppiner Land\" \/>\n<meta property=\"og:description\" content=\"Unter dem Motto &quot;Wenn Grabsteine erz\u00e4hlen - Geschichte(n) um Ferdinant von Bredow&quot; l\u00e4dt der KulturGutshaus K\u00f6pernitz e. V. am 10. Mai ab 14 Uhr zum traditionellen Tag der Gr\u00e4fin ein.\" \/>\n<meta property=\"og:url\" content=\"https:\/\/www.naturparkmagazin.de\/stechlin\/tag-der-graefin-im-kulturgutshaus-koepernitz\/\" \/>\n<meta property=\"og:site_name\" content=\"Naturpark Stechlin-Ruppiner Land\" \/>\n<meta property=\"article:published_time\" content=\"2014-04-17T09:20:46+00:00\" \/>\n<meta property=\"article:modified_time\" content=\"2025-04-22T09:38:23+00:00\" \/>\n<meta property=\"og:image\" content=\"https:\/\/www.naturparkmagazin.de\/stechlin\/wp-content\/uploads\/sites\/38\/Friedhof-K\u00f6pernitz.jpg\" \/>\n\t<meta property=\"og:image:width\" content=\"500\" \/>\n\t<meta property=\"og:image:height\" content=\"335\" \/>\n\t<meta property=\"og:image:type\" content=\"image\/jpeg\" \/>\n<meta name=\"author\" content=\"marioschrumpf\" \/>\n<meta name=\"twitter:label1\" content=\"Verfasst von\" \/>\n\t<meta name=\"twitter:data1\" content=\"marioschrumpf\" \/>\n<script type=\"application\/ld+json\" class=\"yoast-schema-graph\">{\"@context\":\"https:\/\/schema.org\",\"@graph\":[{\"@type\":\"WebPage\",\"@id\":\"https:\/\/www.naturparkmagazin.de\/stechlin\/tag-der-graefin-im-kulturgutshaus-koepernitz\/\",\"url\":\"https:\/\/www.naturparkmagazin.de\/stechlin\/tag-der-graefin-im-kulturgutshaus-koepernitz\/\",\"name\":\"Tag der Gr\u00e4fin im KulturGutshaus K\u00f6pernitz 2014 - Naturpark Stechlin-Ruppiner Land\",\"isPartOf\":{\"@id\":\"https:\/\/www.naturparkmagazin.de\/stechlin\/#website\"},\"datePublished\":\"2014-04-17T09:20:46+00:00\",\"dateModified\":\"2025-04-22T09:38:23+00:00\",\"author\":{\"@id\":\"https:\/\/www.naturparkmagazin.de\/stechlin\/#\/schema\/person\/3f0d93203df21c806dd63c76d9bb28bc\"},\"breadcrumb\":{\"@id\":\"https:\/\/www.naturparkmagazin.de\/stechlin\/tag-der-graefin-im-kulturgutshaus-koepernitz\/#breadcrumb\"},\"inLanguage\":\"de\",\"potentialAction\":[{\"@type\":\"ReadAction\",\"target\":[\"https:\/\/www.naturparkmagazin.de\/stechlin\/tag-der-graefin-im-kulturgutshaus-koepernitz\/\"]}]},{\"@type\":\"BreadcrumbList\",\"@id\":\"https:\/\/www.naturparkmagazin.de\/stechlin\/tag-der-graefin-im-kulturgutshaus-koepernitz\/#breadcrumb\",\"itemListElement\":[{\"@type\":\"ListItem\",\"position\":1,\"name\":\"Home\",\"item\":\"https:\/\/www.naturparkmagazin.de\/stechlin\/\"},{\"@type\":\"ListItem\",\"position\":2,\"name\":\"Tag der Gr\u00e4fin im KulturGutshaus K\u00f6pernitz 2014\"}]},{\"@type\":\"WebSite\",\"@id\":\"https:\/\/www.naturparkmagazin.de\/stechlin\/#website\",\"url\":\"https:\/\/www.naturparkmagazin.de\/stechlin\/\",\"name\":\"Naturpark Stechlin-Ruppiner Land\",\"description\":\"\",\"potentialAction\":[{\"@type\":\"SearchAction\",\"target\":{\"@type\":\"EntryPoint\",\"urlTemplate\":\"https:\/\/www.naturparkmagazin.de\/stechlin\/?s={search_term_string}\"},\"query-input\":\"required name=search_term_string\"}],\"inLanguage\":\"de\"},{\"@type\":\"Person\",\"@id\":\"https:\/\/www.naturparkmagazin.de\/stechlin\/#\/schema\/person\/3f0d93203df21c806dd63c76d9bb28bc\",\"name\":\"marioschrumpf\",\"url\":\"https:\/\/www.naturparkmagazin.de\/stechlin\/author\/marioschrumpf\/\"}]}<\/script>\n<!-- \/ Yoast SEO plugin. -->","yoast_head_json":{"title":"Tag der Gr\u00e4fin im KulturGutshaus K\u00f6pernitz 2014 - Naturpark Stechlin-Ruppiner Land","robots":{"index":"index","follow":"follow","max-snippet":"max-snippet:-1","max-image-preview":"max-image-preview:large","max-video-preview":"max-video-preview:-1"},"canonical":"https:\/\/www.naturparkmagazin.de\/stechlin\/tag-der-graefin-im-kulturgutshaus-koepernitz\/","og_locale":"de_DE","og_type":"article","og_title":"Tag der Gr\u00e4fin im KulturGutshaus K\u00f6pernitz 2014 - Naturpark Stechlin-Ruppiner Land","og_description":"Unter dem Motto \"Wenn Grabsteine erz\u00e4hlen - Geschichte(n) um Ferdinant von Bredow\" l\u00e4dt der KulturGutshaus K\u00f6pernitz e. V. am 10. Mai ab 14 Uhr zum traditionellen Tag der Gr\u00e4fin ein.","og_url":"https:\/\/www.naturparkmagazin.de\/stechlin\/tag-der-graefin-im-kulturgutshaus-koepernitz\/","og_site_name":"Naturpark Stechlin-Ruppiner Land","article_published_time":"2014-04-17T09:20:46+00:00","article_modified_time":"2025-04-22T09:38:23+00:00","og_image":[{"width":500,"height":335,"url":"https:\/\/www.naturparkmagazin.de\/stechlin\/wp-content\/uploads\/sites\/38\/Friedhof-K\u00f6pernitz.jpg","type":"image\/jpeg"}],"author":"marioschrumpf","twitter_misc":{"Verfasst von":"marioschrumpf"},"schema":{"@context":"https:\/\/schema.org","@graph":[{"@type":"WebPage","@id":"https:\/\/www.naturparkmagazin.de\/stechlin\/tag-der-graefin-im-kulturgutshaus-koepernitz\/","url":"https:\/\/www.naturparkmagazin.de\/stechlin\/tag-der-graefin-im-kulturgutshaus-koepernitz\/","name":"Tag der Gr\u00e4fin im KulturGutshaus K\u00f6pernitz 2014 - Naturpark Stechlin-Ruppiner Land","isPartOf":{"@id":"https:\/\/www.naturparkmagazin.de\/stechlin\/#website"},"datePublished":"2014-04-17T09:20:46+00:00","dateModified":"2025-04-22T09:38:23+00:00","author":{"@id":"https:\/\/www.naturparkmagazin.de\/stechlin\/#\/schema\/person\/3f0d93203df21c806dd63c76d9bb28bc"},"breadcrumb":{"@id":"https:\/\/www.naturparkmagazin.de\/stechlin\/tag-der-graefin-im-kulturgutshaus-koepernitz\/#breadcrumb"},"inLanguage":"de","potentialAction":[{"@type":"ReadAction","target":["https:\/\/www.naturparkmagazin.de\/stechlin\/tag-der-graefin-im-kulturgutshaus-koepernitz\/"]}]},{"@type":"BreadcrumbList","@id":"https:\/\/www.naturparkmagazin.de\/stechlin\/tag-der-graefin-im-kulturgutshaus-koepernitz\/#breadcrumb","itemListElement":[{"@type":"ListItem","position":1,"name":"Home","item":"https:\/\/www.naturparkmagazin.de\/stechlin\/"},{"@type":"ListItem","position":2,"name":"Tag der Gr\u00e4fin im KulturGutshaus K\u00f6pernitz 2014"}]},{"@type":"WebSite","@id":"https:\/\/www.naturparkmagazin.de\/stechlin\/#website","url":"https:\/\/www.naturparkmagazin.de\/stechlin\/","name":"Naturpark Stechlin-Ruppiner Land","description":"","potentialAction":[{"@type":"SearchAction","target":{"@type":"EntryPoint","urlTemplate":"https:\/\/www.naturparkmagazin.de\/stechlin\/?s={search_term_string}"},"query-input":"required name=search_term_string"}],"inLanguage":"de"},{"@type":"Person","@id":"https:\/\/www.naturparkmagazin.de\/stechlin\/#\/schema\/person\/3f0d93203df21c806dd63c76d9bb28bc","name":"marioschrumpf","url":"https:\/\/www.naturparkmagazin.de\/stechlin\/author\/marioschrumpf\/"}]}},"_links":{"self":[{"href":"https:\/\/www.naturparkmagazin.de\/stechlin\/wp-json\/wp\/v2\/posts\/946"}],"collection":[{"href":"https:\/\/www.naturparkmagazin.de\/stechlin\/wp-json\/wp\/v2\/posts"}],"about":[{"href":"https:\/\/www.naturparkmagazin.de\/stechlin\/wp-json\/wp\/v2\/types\/post"}],"author":[{"embeddable":true,"href":"https:\/\/www.naturparkmagazin.de\/stechlin\/wp-json\/wp\/v2\/users\/39"}],"replies":[{"embeddable":true,"href":"https:\/\/www.naturparkmagazin.de\/stechlin\/wp-json\/wp\/v2\/comments?post=946"}],"version-history":[{"count":4,"href":"https:\/\/www.naturparkmagazin.de\/stechlin\/wp-json\/wp\/v2\/posts\/946\/revisions"}],"predecessor-version":[{"id":17099,"href":"https:\/\/www.naturparkmagazin.de\/stechlin\/wp-json\/wp\/v2\/posts\/946\/revisions\/17099"}],"wp:featuredmedia":[{"embeddable":true,"href":"https:\/\/www.naturparkmagazin.de\/stechlin\/wp-json\/wp\/v2\/media\/947"}],"wp:attachment":[{"href":"https:\/\/www.naturparkmagazin.de\/stechlin\/wp-json\/wp\/v2\/media?parent=946"}],"wp:term":[{"taxonomy":"category","embeddable":true,"href":"https:\/\/www.naturparkmagazin.de\/stechlin\/wp-json\/wp\/v2\/categories?post=946"},{"taxonomy":"post_tag","embeddable":true,"href":"https:\/\/www.naturparkmagazin.de\/stechlin\/wp-json\/wp\/v2\/tags?post=946"}],"curies":[{"name":"wp","href":"https:\/\/api.w.org\/{rel}","templated":true}]}}