{"id":9470,"date":"2020-04-14T12:53:14","date_gmt":"2020-04-14T10:53:14","guid":{"rendered":"https:\/\/www.naturparkmagazin.de\/stechlin\/?p=9470"},"modified":"2020-04-22T13:17:50","modified_gmt":"2020-04-22T11:17:50","slug":"brandenburgs-preussen-museum-oeffnet-wieder-ab-22-april-2020","status":"publish","type":"post","link":"https:\/\/www.naturparkmagazin.de\/stechlin\/brandenburgs-preussen-museum-oeffnet-wieder-ab-22-april-2020\/","title":{"rendered":"Brandenburgs-Preu\u00dfen Museum \u00f6ffnet wieder ab 22. April 2020"},"content":{"rendered":"<p><a href=\"https:\/\/www.naturparkmagazin.de\/stechlin\/wp-content\/uploads\/sites\/38\/V\u00f6gel_17.jpg\"><img decoding=\"async\" loading=\"lazy\" class=\"aligncenter size-thumbnail wp-image-9301\" src=\"https:\/\/www.naturparkmagazin.de\/stechlin\/wp-content\/uploads\/sites\/38\/V\u00f6gel_17-300x180.jpg\" alt=\"NP SRL\/Anke Kneifel\" width=\"300\" height=\"180\" srcset=\"https:\/\/www.naturparkmagazin.de\/stechlin\/wp-content\/uploads\/sites\/38\/V\u00f6gel_17-300x180.jpg 300w, https:\/\/www.naturparkmagazin.de\/stechlin\/wp-content\/uploads\/sites\/38\/V\u00f6gel_17.jpg 500w, https:\/\/www.naturparkmagazin.de\/stechlin\/wp-content\/uploads\/sites\/38\/V\u00f6gel_17-200x120.jpg 200w\" sizes=\"(max-width: 300px) 100vw, 300px\" \/><\/a>Ab Mittwoch, <strong>22. April<\/strong>, d\u00fcrfen <strong>Museen in Brandenburg<\/strong> unter Einhaltung bestimmter Ma\u00dfnahmen wieder \u00f6ffnen.<\/p>\n<p>Wir k\u00f6nnen bis zu 20 BesucherInnen gleichzeitig ins Museum lassen, das sollte selbst an Wochenenden nicht zu l\u00e4ngeren Wartezeiten f\u00fchren. Besuche von Gruppen, \u00f6ffentliche F\u00fchrungen und Vortr\u00e4ge sind leider weiterhin nicht m\u00f6glich, daher m\u00fcssen wir leider alle bis Ende Mai angek\u00fcndigten Veranstaltungen erst einmal absagen.<\/p>\n<p>Bitte halten Sie die Abstandsregel von 1,5 Metern auch im Museum unbedingt ein und machen Sie von den M\u00f6glichkeiten einer gr\u00fcndlichen H\u00e4ndereinigung Gebrauch. Bitte haben Sie Verst\u00e4ndnis daf\u00fcr, dass unsere Mitarbeiter Sie auf das Einhalten von Abst\u00e4nden hinweisen werden.<\/p>\n<p><a href=\"https:\/\/www.naturparkmagazin.de\/stechlin\/wp-content\/uploads\/sites\/38\/Insekten_10.jpg\"><img decoding=\"async\" loading=\"lazy\" class=\"aligncenter size-thumbnail wp-image-9303\" src=\"https:\/\/www.naturparkmagazin.de\/stechlin\/wp-content\/uploads\/sites\/38\/Insekten_10-300x180.jpg\" alt=\"NP SRL\/Anke Kneifel\" width=\"300\" height=\"180\" srcset=\"https:\/\/www.naturparkmagazin.de\/stechlin\/wp-content\/uploads\/sites\/38\/Insekten_10-300x180.jpg 300w, https:\/\/www.naturparkmagazin.de\/stechlin\/wp-content\/uploads\/sites\/38\/Insekten_10.jpg 500w, https:\/\/www.naturparkmagazin.de\/stechlin\/wp-content\/uploads\/sites\/38\/Insekten_10-200x120.jpg 200w\" sizes=\"(max-width: 300px) 100vw, 300px\" \/><\/a>Wir empfehlen sowohl den Besuch der gerade fertig \u00fcberarbeiteten Hauptausstellung als auch die diesj\u00e4hrige <strong>Sonderausstellung \u201eWilde Heimat Brandenburg\u201c<\/strong> mit den atemberaubend sch\u00f6nen Naturfotos der Neuruppiner Steinmetzmeisterin und <strong>Naturfotografin Anke Kneifel<\/strong>.<\/p>\n<p>Einige Wustrauer Gastst\u00e4tten, das \u201eTheodors\u201c und der \u201eAlte Zieten\u201c, bieten Kuchen, Kaffee und andere Getr\u00e4nke im Au\u00dfer-Haus-Verkauf an.\n<a href=\"https:\/\/www.naturparkmagazin.de\/stechlin\/wp-content\/uploads\/sites\/38\/Insekten_11.jpg\"><img decoding=\"async\" loading=\"lazy\" class=\"aligncenter size-thumbnail wp-image-9302\" src=\"https:\/\/www.naturparkmagazin.de\/stechlin\/wp-content\/uploads\/sites\/38\/Insekten_11-300x180.jpg\" alt=\"NP SRL\/Anke Kneifel\" width=\"300\" height=\"180\" srcset=\"https:\/\/www.naturparkmagazin.de\/stechlin\/wp-content\/uploads\/sites\/38\/Insekten_11-300x180.jpg 300w, https:\/\/www.naturparkmagazin.de\/stechlin\/wp-content\/uploads\/sites\/38\/Insekten_11.jpg 500w, https:\/\/www.naturparkmagazin.de\/stechlin\/wp-content\/uploads\/sites\/38\/Insekten_11-200x120.jpg 200w\" sizes=\"(max-width: 300px) 100vw, 300px\" \/><\/a>Bei herrlichem Fr\u00fchlingswetter lockt ein Spaziergang am See entlang oder durch das Rhinluch. Und auch der <strong>Tierpark in Kunsterspring<\/strong> (<a href=\"https:\/\/tierpark-kunsterspring.de\">https:\/\/tierpark-kunsterspring.de<\/a>\/) wird ab dem <strong>22. April<\/strong> wieder ge\u00f6ffnet sein.<\/p>\n<p>Wir freuen uns auf Ihren Besuch.<\/p>\n<p>Bitte bleiben Sie gesund!\nMit herzlichen Gr\u00fc\u00dfen\nIhr Team des\nBrandenburg-Preu\u00dfen Museums<\/p>\n","protected":false},"excerpt":{"rendered":"<p>Ab Mittwoch, 22. April, d\u00fcrfen Museen in Brandenburg unter Einhaltung bestimmter Ma\u00dfnahmen wieder \u00f6ffnen.<\/p>\n","protected":false},"author":39,"featured_media":9304,"comment_status":"open","ping_status":"open","sticky":false,"template":"","format":"standard","meta":[],"categories":[7],"tags":[],"yoast_head":"<!-- This site is optimized with the Yoast SEO plugin v19.10 - https:\/\/yoast.com\/wordpress\/plugins\/seo\/ -->\n<title>Brandenburgs-Preu\u00dfen Museum \u00f6ffnet wieder ab 22. April 2020 - Naturpark Stechlin-Ruppiner Land<\/title>\n<meta name=\"robots\" content=\"index, follow, max-snippet:-1, max-image-preview:large, max-video-preview:-1\" \/>\n<link rel=\"canonical\" href=\"https:\/\/www.naturparkmagazin.de\/stechlin\/brandenburgs-preussen-museum-oeffnet-wieder-ab-22-april-2020\/\" \/>\n<meta property=\"og:locale\" content=\"de_DE\" \/>\n<meta property=\"og:type\" content=\"article\" \/>\n<meta property=\"og:title\" content=\"Brandenburgs-Preu\u00dfen Museum \u00f6ffnet wieder ab 22. April 2020 - Naturpark Stechlin-Ruppiner Land\" \/>\n<meta property=\"og:description\" content=\"Ab Mittwoch, 22. April, d\u00fcrfen Museen in Brandenburg unter Einhaltung bestimmter Ma\u00dfnahmen wieder \u00f6ffnen.\" \/>\n<meta property=\"og:url\" content=\"https:\/\/www.naturparkmagazin.de\/stechlin\/brandenburgs-preussen-museum-oeffnet-wieder-ab-22-april-2020\/\" \/>\n<meta property=\"og:site_name\" content=\"Naturpark Stechlin-Ruppiner Land\" \/>\n<meta property=\"article:published_time\" content=\"2020-04-14T10:53:14+00:00\" \/>\n<meta property=\"article:modified_time\" content=\"2020-04-22T11:17:50+00:00\" \/>\n<meta property=\"og:image\" content=\"https:\/\/www.naturparkmagazin.de\/stechlin\/wp-content\/uploads\/sites\/38\/Fuchs.jpg\" \/>\n\t<meta property=\"og:image:width\" content=\"200\" \/>\n\t<meta property=\"og:image:height\" content=\"200\" \/>\n\t<meta property=\"og:image:type\" content=\"image\/jpeg\" \/>\n<meta name=\"author\" content=\"marioschrumpf\" \/>\n<meta name=\"twitter:label1\" content=\"Verfasst von\" \/>\n\t<meta name=\"twitter:data1\" content=\"marioschrumpf\" \/>\n\t<meta name=\"twitter:label2\" content=\"Gesch\u00e4tzte Lesezeit\" \/>\n\t<meta name=\"twitter:data2\" content=\"1\u00a0Minute\" \/>\n<script type=\"application\/ld+json\" class=\"yoast-schema-graph\">{\"@context\":\"https:\/\/schema.org\",\"@graph\":[{\"@type\":\"WebPage\",\"@id\":\"https:\/\/www.naturparkmagazin.de\/stechlin\/brandenburgs-preussen-museum-oeffnet-wieder-ab-22-april-2020\/\",\"url\":\"https:\/\/www.naturparkmagazin.de\/stechlin\/brandenburgs-preussen-museum-oeffnet-wieder-ab-22-april-2020\/\",\"name\":\"Brandenburgs-Preu\u00dfen Museum \u00f6ffnet wieder ab 22. April 2020 - Naturpark Stechlin-Ruppiner Land\",\"isPartOf\":{\"@id\":\"https:\/\/www.naturparkmagazin.de\/stechlin\/#website\"},\"datePublished\":\"2020-04-14T10:53:14+00:00\",\"dateModified\":\"2020-04-22T11:17:50+00:00\",\"author\":{\"@id\":\"https:\/\/www.naturparkmagazin.de\/stechlin\/#\/schema\/person\/3f0d93203df21c806dd63c76d9bb28bc\"},\"breadcrumb\":{\"@id\":\"https:\/\/www.naturparkmagazin.de\/stechlin\/brandenburgs-preussen-museum-oeffnet-wieder-ab-22-april-2020\/#breadcrumb\"},\"inLanguage\":\"de\",\"potentialAction\":[{\"@type\":\"ReadAction\",\"target\":[\"https:\/\/www.naturparkmagazin.de\/stechlin\/brandenburgs-preussen-museum-oeffnet-wieder-ab-22-april-2020\/\"]}]},{\"@type\":\"BreadcrumbList\",\"@id\":\"https:\/\/www.naturparkmagazin.de\/stechlin\/brandenburgs-preussen-museum-oeffnet-wieder-ab-22-april-2020\/#breadcrumb\",\"itemListElement\":[{\"@type\":\"ListItem\",\"position\":1,\"name\":\"Home\",\"item\":\"https:\/\/www.naturparkmagazin.de\/stechlin\/\"},{\"@type\":\"ListItem\",\"position\":2,\"name\":\"Brandenburgs-Preu\u00dfen Museum \u00f6ffnet wieder ab 22. April 2020\"}]},{\"@type\":\"WebSite\",\"@id\":\"https:\/\/www.naturparkmagazin.de\/stechlin\/#website\",\"url\":\"https:\/\/www.naturparkmagazin.de\/stechlin\/\",\"name\":\"Naturpark Stechlin-Ruppiner Land\",\"description\":\"\",\"potentialAction\":[{\"@type\":\"SearchAction\",\"target\":{\"@type\":\"EntryPoint\",\"urlTemplate\":\"https:\/\/www.naturparkmagazin.de\/stechlin\/?s={search_term_string}\"},\"query-input\":\"required name=search_term_string\"}],\"inLanguage\":\"de\"},{\"@type\":\"Person\",\"@id\":\"https:\/\/www.naturparkmagazin.de\/stechlin\/#\/schema\/person\/3f0d93203df21c806dd63c76d9bb28bc\",\"name\":\"marioschrumpf\",\"url\":\"https:\/\/www.naturparkmagazin.de\/stechlin\/author\/marioschrumpf\/\"}]}<\/script>\n<!-- \/ Yoast SEO plugin. -->","yoast_head_json":{"title":"Brandenburgs-Preu\u00dfen Museum \u00f6ffnet wieder ab 22. April 2020 - Naturpark Stechlin-Ruppiner Land","robots":{"index":"index","follow":"follow","max-snippet":"max-snippet:-1","max-image-preview":"max-image-preview:large","max-video-preview":"max-video-preview:-1"},"canonical":"https:\/\/www.naturparkmagazin.de\/stechlin\/brandenburgs-preussen-museum-oeffnet-wieder-ab-22-april-2020\/","og_locale":"de_DE","og_type":"article","og_title":"Brandenburgs-Preu\u00dfen Museum \u00f6ffnet wieder ab 22. April 2020 - Naturpark Stechlin-Ruppiner Land","og_description":"Ab Mittwoch, 22. April, d\u00fcrfen Museen in Brandenburg unter Einhaltung bestimmter Ma\u00dfnahmen wieder \u00f6ffnen.","og_url":"https:\/\/www.naturparkmagazin.de\/stechlin\/brandenburgs-preussen-museum-oeffnet-wieder-ab-22-april-2020\/","og_site_name":"Naturpark Stechlin-Ruppiner Land","article_published_time":"2020-04-14T10:53:14+00:00","article_modified_time":"2020-04-22T11:17:50+00:00","og_image":[{"width":200,"height":200,"url":"https:\/\/www.naturparkmagazin.de\/stechlin\/wp-content\/uploads\/sites\/38\/Fuchs.jpg","type":"image\/jpeg"}],"author":"marioschrumpf","twitter_misc":{"Verfasst von":"marioschrumpf","Gesch\u00e4tzte Lesezeit":"1\u00a0Minute"},"schema":{"@context":"https:\/\/schema.org","@graph":[{"@type":"WebPage","@id":"https:\/\/www.naturparkmagazin.de\/stechlin\/brandenburgs-preussen-museum-oeffnet-wieder-ab-22-april-2020\/","url":"https:\/\/www.naturparkmagazin.de\/stechlin\/brandenburgs-preussen-museum-oeffnet-wieder-ab-22-april-2020\/","name":"Brandenburgs-Preu\u00dfen Museum \u00f6ffnet wieder ab 22. April 2020 - Naturpark Stechlin-Ruppiner Land","isPartOf":{"@id":"https:\/\/www.naturparkmagazin.de\/stechlin\/#website"},"datePublished":"2020-04-14T10:53:14+00:00","dateModified":"2020-04-22T11:17:50+00:00","author":{"@id":"https:\/\/www.naturparkmagazin.de\/stechlin\/#\/schema\/person\/3f0d93203df21c806dd63c76d9bb28bc"},"breadcrumb":{"@id":"https:\/\/www.naturparkmagazin.de\/stechlin\/brandenburgs-preussen-museum-oeffnet-wieder-ab-22-april-2020\/#breadcrumb"},"inLanguage":"de","potentialAction":[{"@type":"ReadAction","target":["https:\/\/www.naturparkmagazin.de\/stechlin\/brandenburgs-preussen-museum-oeffnet-wieder-ab-22-april-2020\/"]}]},{"@type":"BreadcrumbList","@id":"https:\/\/www.naturparkmagazin.de\/stechlin\/brandenburgs-preussen-museum-oeffnet-wieder-ab-22-april-2020\/#breadcrumb","itemListElement":[{"@type":"ListItem","position":1,"name":"Home","item":"https:\/\/www.naturparkmagazin.de\/stechlin\/"},{"@type":"ListItem","position":2,"name":"Brandenburgs-Preu\u00dfen Museum \u00f6ffnet wieder ab 22. April 2020"}]},{"@type":"WebSite","@id":"https:\/\/www.naturparkmagazin.de\/stechlin\/#website","url":"https:\/\/www.naturparkmagazin.de\/stechlin\/","name":"Naturpark Stechlin-Ruppiner Land","description":"","potentialAction":[{"@type":"SearchAction","target":{"@type":"EntryPoint","urlTemplate":"https:\/\/www.naturparkmagazin.de\/stechlin\/?s={search_term_string}"},"query-input":"required name=search_term_string"}],"inLanguage":"de"},{"@type":"Person","@id":"https:\/\/www.naturparkmagazin.de\/stechlin\/#\/schema\/person\/3f0d93203df21c806dd63c76d9bb28bc","name":"marioschrumpf","url":"https:\/\/www.naturparkmagazin.de\/stechlin\/author\/marioschrumpf\/"}]}},"_links":{"self":[{"href":"https:\/\/www.naturparkmagazin.de\/stechlin\/wp-json\/wp\/v2\/posts\/9470"}],"collection":[{"href":"https:\/\/www.naturparkmagazin.de\/stechlin\/wp-json\/wp\/v2\/posts"}],"about":[{"href":"https:\/\/www.naturparkmagazin.de\/stechlin\/wp-json\/wp\/v2\/types\/post"}],"author":[{"embeddable":true,"href":"https:\/\/www.naturparkmagazin.de\/stechlin\/wp-json\/wp\/v2\/users\/39"}],"replies":[{"embeddable":true,"href":"https:\/\/www.naturparkmagazin.de\/stechlin\/wp-json\/wp\/v2\/comments?post=9470"}],"version-history":[{"count":2,"href":"https:\/\/www.naturparkmagazin.de\/stechlin\/wp-json\/wp\/v2\/posts\/9470\/revisions"}],"predecessor-version":[{"id":9472,"href":"https:\/\/www.naturparkmagazin.de\/stechlin\/wp-json\/wp\/v2\/posts\/9470\/revisions\/9472"}],"wp:featuredmedia":[{"embeddable":true,"href":"https:\/\/www.naturparkmagazin.de\/stechlin\/wp-json\/wp\/v2\/media\/9304"}],"wp:attachment":[{"href":"https:\/\/www.naturparkmagazin.de\/stechlin\/wp-json\/wp\/v2\/media?parent=9470"}],"wp:term":[{"taxonomy":"category","embeddable":true,"href":"https:\/\/www.naturparkmagazin.de\/stechlin\/wp-json\/wp\/v2\/categories?post=9470"},{"taxonomy":"post_tag","embeddable":true,"href":"https:\/\/www.naturparkmagazin.de\/stechlin\/wp-json\/wp\/v2\/tags?post=9470"}],"curies":[{"name":"wp","href":"https:\/\/api.w.org\/{rel}","templated":true}]}}