{"id":9479,"date":"2020-05-15T09:40:13","date_gmt":"2020-05-15T07:40:13","guid":{"rendered":"https:\/\/www.naturparkmagazin.de\/stechlin\/?p=9479"},"modified":"2025-06-19T13:42:09","modified_gmt":"2025-06-19T11:42:09","slug":"metamorphosen-wandlungen-25-kuenstler-zum-25","status":"publish","type":"post","link":"https:\/\/www.naturparkmagazin.de\/stechlin\/metamorphosen-wandlungen-25-kuenstler-zum-25\/","title":{"rendered":"Ausstellung &#8222;Metamorphosen &#8211; Wandlungen. 25 K\u00fcnstler zum 25.&#8220; (2020)"},"content":{"rendered":"<p><a href=\"https:\/\/www.naturparkmagazin.de\/stechlin\/wp-content\/uploads\/sites\/38\/250x220-25-ziegelhof-jubi-logo_klein.jpg\"><img decoding=\"async\" loading=\"lazy\" class=\"aligncenter size-full wp-image-9480\" src=\"https:\/\/www.naturparkmagazin.de\/stechlin\/wp-content\/uploads\/sites\/38\/250x220-25-ziegelhof-jubi-logo_klein.jpg\" alt=\"NP SRL\/ziegelhof -jubi\" width=\"250\" height=\"220\" srcset=\"https:\/\/www.naturparkmagazin.de\/stechlin\/wp-content\/uploads\/sites\/38\/250x220-25-ziegelhof-jubi-logo_klein.jpg 250w, https:\/\/www.naturparkmagazin.de\/stechlin\/wp-content\/uploads\/sites\/38\/250x220-25-ziegelhof-jubi-logo_klein-200x176.jpg 200w\" sizes=\"(max-width: 250px) 100vw, 250px\" \/><\/a><strong>Ab<\/strong> <strong>8. Mai<\/strong> zeigen wir im Ziegelhof Zehdenick\u00a0unsere gro\u00dfe Jubil\u00e4umsausstellung <strong>&#8222;Metamorphosen &#8211; Wandlungen. 25 K\u00fcnstler zum 25.&#8220; \u00a0<\/strong>25 K\u00fcnstler, die auch schon in der Vergangenheit einmal im Ziegelhof ihre Arbeiten zeigten, waren eingeladen, erneut Ausschnitte aus ihrem Schaffen zu pr\u00e4sentieren &#8211; aber was sind schon Zahlen, auch wenn solche Quantit\u00e4ten (125 Ausstellungen bisher und mehr als 600 kulinarische Lesungen) uns ein stolzes L\u00e4cheln ins Gesicht zaubern. Um so schwieriger war die qualitative Auswahl. Alle, rundweg alle K\u00fcnstlerinnen und K\u00fcnstler, die wir ansprachen, waren angetan von der Idee, wollten das Ihrige dazutun zu dieser pr\u00e4chtigen Schau von Ideen, Kreativit\u00e4t, Lust an der Kunst &#8211; von Menschen, die unterschiedlicher nicht sein k\u00f6nnen. Eigens f\u00fcr diese Schau haben wir auch einen aufw\u00e4ndig gestalteten, 80seitigen Katalog herausgebracht. Hierin wie in der Weinstube und im Garten sind Arbeiten zu sehen von: Akte One, Gerhard Axmann, Jutta Barth, Britta Bastian, Brigitte Czorny, G. Dora Eckhardt, Kerstin Evers, J\u00f6rg Faak, Genia Frohberg, Gotthold Gloger, Diego Gorter (Equador), Ilse Greve, Uwe Halling, Walter Herzog, Kanesl (Serbien), Linde Kauert, Marlis Konrad, Stephan Kox, Christin Lutze, Gisela-Margret Obst, Barbara Pohl, Matthias Schilling, Cornelia Schlemmer, Loz Verney (England), Volker Witte und Martin Zuska.<\/p>\n<p>Die Ausstellung pr\u00e4sentiert &#8211; den R\u00e4umlichkeiten \u201egeschuldet\u201c &#8211; eines Auswahl der Auswahl (mehr zeigt der Katalog). Dabei ist es doch so: Die R\u00e4umlichkeiten, unser geliebter Ziegelhof, sind ja auch selbst Anregung. Dem interessierten Publikum werden die Arbeiten in einem Ambiente pr\u00e4sentiert, das mehr oder weniger an Zuhause erinnern k\u00f6nnte, also nicht in einem \u201eWhite Cube\u201c der vielen, oft bewusst n\u00fcchtern gehaltenen Galerier\u00e4ume. Das schafft N\u00e4he, baut Ressentiments, Hemmschwellen ab, regt auch den weniger Kundigen zum Hinsehen an, vielleicht auch eine Metamorphose &#8230; und vielleicht ein zus\u00e4tzlicher Anreiz zum Kauf (Unterst\u00fctzung der K\u00fcnstler &#8211; siehe oben).<\/p>\n<p>Der Ziegelhof hat w\u00e4hrend dieser 25 Jahre Wandlungen vollzogen, aber auch wir alle haben dies wohl. Und die beteiligten K\u00fcnstler sicher ebenso. So ist diese Ausstellung eine Erinnerung an Vergangenes &#8211; der Kataalog f\u00fchrt u.a. s\u00e4mtliche Ausstellungen auf und zeigt zahlreiche Plakate -, vielleicht eine (Zwischen-)Bilanz, aber auch ein Protokoll, freilich ein unvollst\u00e4ndiges, womit sich die hier Vertretenen gegenw\u00e4rtig befassen (werden). Dem geneigten Publikum w\u00fcnschen die Inhaber des Ziegelhofs viel Inspiration und Vergn\u00fcgen bei dieser Exposition.<\/p>\n<p><a href=\"https:\/\/www.naturparkmagazin.de\/stechlin\/wp-content\/uploads\/sites\/38\/Logo-Ziegelhof.gif\"><img decoding=\"async\" loading=\"lazy\" class=\"aligncenter size-thumbnail wp-image-9482\" src=\"https:\/\/www.naturparkmagazin.de\/stechlin\/wp-content\/uploads\/sites\/38\/Logo-Ziegelhof-300x82.gif\" alt=\"NP SRL\/Ziegelhof Zehdenick\" width=\"300\" height=\"82\" srcset=\"https:\/\/www.naturparkmagazin.de\/stechlin\/wp-content\/uploads\/sites\/38\/Logo-Ziegelhof-300x82.gif 300w, https:\/\/www.naturparkmagazin.de\/stechlin\/wp-content\/uploads\/sites\/38\/Logo-Ziegelhof-620x170.gif 620w, https:\/\/www.naturparkmagazin.de\/stechlin\/wp-content\/uploads\/sites\/38\/Logo-Ziegelhof-200x55.gif 200w\" sizes=\"(max-width: 300px) 100vw, 300px\" \/><\/a>Info:<\/p>\n<p><strong>Vom 8. Mai bis 3. Oktober 2020<\/strong>:\nAusstellung anl\u00e4\u00dflich des 25. Ziegelhof-Geburtstages:\nMetamorphosen \u2013 Wandlungen. 25 K\u00fcnstler zum 25.<\/p>\n<p>Katalog zur Ausstellung: 18 Euro.<\/p>\n<p><strong>ge\u00f6ffnet freitags bis sonntags ab 14 Uhr (bitte Abstandsregeln beachten)<\/strong><\/p>\n<p>Ziegelhof. Vinothek &amp; Kr\u00e4uterei. Am Kirchplatz 12, 16792 Zehdenick\n03307-310883 oder 0171-4445366\n<a href=\"http:\/\/www.ziegelhofonline.de\">www.ziegelhofonline.de<\/a><\/p>\n","protected":false},"excerpt":{"rendered":"<p>Ab 8. Mai zeigen wir im Ziegelhof Zehdenick unsere gro\u00dfe Jubil\u00e4umsausstellung &#8222;Metamorphosen &#8211; Wandlungen. 25 K\u00fcnstler zum 25.&#8220;  <\/p>\n","protected":false},"author":39,"featured_media":9481,"comment_status":"open","ping_status":"open","sticky":false,"template":"","format":"standard","meta":[],"categories":[11],"tags":[],"yoast_head":"<!-- This site is optimized with the Yoast SEO plugin v19.10 - https:\/\/yoast.com\/wordpress\/plugins\/seo\/ -->\n<title>Ausstellung &quot;Metamorphosen - Wandlungen. 25 K\u00fcnstler zum 25.&quot; (2020) - Naturpark Stechlin-Ruppiner Land<\/title>\n<meta name=\"robots\" content=\"index, follow, max-snippet:-1, max-image-preview:large, max-video-preview:-1\" \/>\n<link rel=\"canonical\" href=\"https:\/\/www.naturparkmagazin.de\/stechlin\/metamorphosen-wandlungen-25-kuenstler-zum-25\/\" \/>\n<meta property=\"og:locale\" content=\"de_DE\" \/>\n<meta property=\"og:type\" content=\"article\" \/>\n<meta property=\"og:title\" content=\"Ausstellung &quot;Metamorphosen - Wandlungen. 25 K\u00fcnstler zum 25.&quot; (2020) - Naturpark Stechlin-Ruppiner Land\" \/>\n<meta property=\"og:description\" content=\"Ab 8. Mai zeigen wir im Ziegelhof Zehdenick unsere gro\u00dfe Jubil\u00e4umsausstellung &quot;Metamorphosen - Wandlungen. 25 K\u00fcnstler zum 25.&quot;\" \/>\n<meta property=\"og:url\" content=\"https:\/\/www.naturparkmagazin.de\/stechlin\/metamorphosen-wandlungen-25-kuenstler-zum-25\/\" \/>\n<meta property=\"og:site_name\" content=\"Naturpark Stechlin-Ruppiner Land\" \/>\n<meta property=\"article:published_time\" content=\"2020-05-15T07:40:13+00:00\" \/>\n<meta property=\"article:modified_time\" content=\"2025-06-19T11:42:09+00:00\" \/>\n<meta property=\"og:image\" content=\"https:\/\/www.naturparkmagazin.de\/stechlin\/wp-content\/uploads\/sites\/38\/200x200-25-ziegelhof-jubi-logo_klein.jpg\" \/>\n\t<meta property=\"og:image:width\" content=\"200\" \/>\n\t<meta property=\"og:image:height\" content=\"200\" \/>\n\t<meta property=\"og:image:type\" content=\"image\/jpeg\" \/>\n<meta name=\"author\" content=\"marioschrumpf\" \/>\n<meta name=\"twitter:label1\" content=\"Verfasst von\" \/>\n\t<meta name=\"twitter:data1\" content=\"marioschrumpf\" \/>\n\t<meta name=\"twitter:label2\" content=\"Gesch\u00e4tzte Lesezeit\" \/>\n\t<meta name=\"twitter:data2\" content=\"2\u00a0Minuten\" \/>\n<script type=\"application\/ld+json\" class=\"yoast-schema-graph\">{\"@context\":\"https:\/\/schema.org\",\"@graph\":[{\"@type\":\"WebPage\",\"@id\":\"https:\/\/www.naturparkmagazin.de\/stechlin\/metamorphosen-wandlungen-25-kuenstler-zum-25\/\",\"url\":\"https:\/\/www.naturparkmagazin.de\/stechlin\/metamorphosen-wandlungen-25-kuenstler-zum-25\/\",\"name\":\"Ausstellung \\\"Metamorphosen - Wandlungen. 25 K\u00fcnstler zum 25.\\\" (2020) - Naturpark Stechlin-Ruppiner Land\",\"isPartOf\":{\"@id\":\"https:\/\/www.naturparkmagazin.de\/stechlin\/#website\"},\"datePublished\":\"2020-05-15T07:40:13+00:00\",\"dateModified\":\"2025-06-19T11:42:09+00:00\",\"author\":{\"@id\":\"https:\/\/www.naturparkmagazin.de\/stechlin\/#\/schema\/person\/3f0d93203df21c806dd63c76d9bb28bc\"},\"breadcrumb\":{\"@id\":\"https:\/\/www.naturparkmagazin.de\/stechlin\/metamorphosen-wandlungen-25-kuenstler-zum-25\/#breadcrumb\"},\"inLanguage\":\"de\",\"potentialAction\":[{\"@type\":\"ReadAction\",\"target\":[\"https:\/\/www.naturparkmagazin.de\/stechlin\/metamorphosen-wandlungen-25-kuenstler-zum-25\/\"]}]},{\"@type\":\"BreadcrumbList\",\"@id\":\"https:\/\/www.naturparkmagazin.de\/stechlin\/metamorphosen-wandlungen-25-kuenstler-zum-25\/#breadcrumb\",\"itemListElement\":[{\"@type\":\"ListItem\",\"position\":1,\"name\":\"Home\",\"item\":\"https:\/\/www.naturparkmagazin.de\/stechlin\/\"},{\"@type\":\"ListItem\",\"position\":2,\"name\":\"Ausstellung &#8222;Metamorphosen &#8211; Wandlungen. 25 K\u00fcnstler zum 25.&#8220; (2020)\"}]},{\"@type\":\"WebSite\",\"@id\":\"https:\/\/www.naturparkmagazin.de\/stechlin\/#website\",\"url\":\"https:\/\/www.naturparkmagazin.de\/stechlin\/\",\"name\":\"Naturpark Stechlin-Ruppiner Land\",\"description\":\"\",\"potentialAction\":[{\"@type\":\"SearchAction\",\"target\":{\"@type\":\"EntryPoint\",\"urlTemplate\":\"https:\/\/www.naturparkmagazin.de\/stechlin\/?s={search_term_string}\"},\"query-input\":\"required name=search_term_string\"}],\"inLanguage\":\"de\"},{\"@type\":\"Person\",\"@id\":\"https:\/\/www.naturparkmagazin.de\/stechlin\/#\/schema\/person\/3f0d93203df21c806dd63c76d9bb28bc\",\"name\":\"marioschrumpf\",\"url\":\"https:\/\/www.naturparkmagazin.de\/stechlin\/author\/marioschrumpf\/\"}]}<\/script>\n<!-- \/ Yoast SEO plugin. -->","yoast_head_json":{"title":"Ausstellung \"Metamorphosen - Wandlungen. 25 K\u00fcnstler zum 25.\" (2020) - Naturpark Stechlin-Ruppiner Land","robots":{"index":"index","follow":"follow","max-snippet":"max-snippet:-1","max-image-preview":"max-image-preview:large","max-video-preview":"max-video-preview:-1"},"canonical":"https:\/\/www.naturparkmagazin.de\/stechlin\/metamorphosen-wandlungen-25-kuenstler-zum-25\/","og_locale":"de_DE","og_type":"article","og_title":"Ausstellung \"Metamorphosen - Wandlungen. 25 K\u00fcnstler zum 25.\" (2020) - Naturpark Stechlin-Ruppiner Land","og_description":"Ab 8. Mai zeigen wir im Ziegelhof Zehdenick unsere gro\u00dfe Jubil\u00e4umsausstellung \"Metamorphosen - Wandlungen. 25 K\u00fcnstler zum 25.\"","og_url":"https:\/\/www.naturparkmagazin.de\/stechlin\/metamorphosen-wandlungen-25-kuenstler-zum-25\/","og_site_name":"Naturpark Stechlin-Ruppiner Land","article_published_time":"2020-05-15T07:40:13+00:00","article_modified_time":"2025-06-19T11:42:09+00:00","og_image":[{"width":200,"height":200,"url":"https:\/\/www.naturparkmagazin.de\/stechlin\/wp-content\/uploads\/sites\/38\/200x200-25-ziegelhof-jubi-logo_klein.jpg","type":"image\/jpeg"}],"author":"marioschrumpf","twitter_misc":{"Verfasst von":"marioschrumpf","Gesch\u00e4tzte Lesezeit":"2\u00a0Minuten"},"schema":{"@context":"https:\/\/schema.org","@graph":[{"@type":"WebPage","@id":"https:\/\/www.naturparkmagazin.de\/stechlin\/metamorphosen-wandlungen-25-kuenstler-zum-25\/","url":"https:\/\/www.naturparkmagazin.de\/stechlin\/metamorphosen-wandlungen-25-kuenstler-zum-25\/","name":"Ausstellung \"Metamorphosen - Wandlungen. 25 K\u00fcnstler zum 25.\" (2020) - Naturpark Stechlin-Ruppiner Land","isPartOf":{"@id":"https:\/\/www.naturparkmagazin.de\/stechlin\/#website"},"datePublished":"2020-05-15T07:40:13+00:00","dateModified":"2025-06-19T11:42:09+00:00","author":{"@id":"https:\/\/www.naturparkmagazin.de\/stechlin\/#\/schema\/person\/3f0d93203df21c806dd63c76d9bb28bc"},"breadcrumb":{"@id":"https:\/\/www.naturparkmagazin.de\/stechlin\/metamorphosen-wandlungen-25-kuenstler-zum-25\/#breadcrumb"},"inLanguage":"de","potentialAction":[{"@type":"ReadAction","target":["https:\/\/www.naturparkmagazin.de\/stechlin\/metamorphosen-wandlungen-25-kuenstler-zum-25\/"]}]},{"@type":"BreadcrumbList","@id":"https:\/\/www.naturparkmagazin.de\/stechlin\/metamorphosen-wandlungen-25-kuenstler-zum-25\/#breadcrumb","itemListElement":[{"@type":"ListItem","position":1,"name":"Home","item":"https:\/\/www.naturparkmagazin.de\/stechlin\/"},{"@type":"ListItem","position":2,"name":"Ausstellung &#8222;Metamorphosen &#8211; Wandlungen. 25 K\u00fcnstler zum 25.&#8220; (2020)"}]},{"@type":"WebSite","@id":"https:\/\/www.naturparkmagazin.de\/stechlin\/#website","url":"https:\/\/www.naturparkmagazin.de\/stechlin\/","name":"Naturpark Stechlin-Ruppiner Land","description":"","potentialAction":[{"@type":"SearchAction","target":{"@type":"EntryPoint","urlTemplate":"https:\/\/www.naturparkmagazin.de\/stechlin\/?s={search_term_string}"},"query-input":"required name=search_term_string"}],"inLanguage":"de"},{"@type":"Person","@id":"https:\/\/www.naturparkmagazin.de\/stechlin\/#\/schema\/person\/3f0d93203df21c806dd63c76d9bb28bc","name":"marioschrumpf","url":"https:\/\/www.naturparkmagazin.de\/stechlin\/author\/marioschrumpf\/"}]}},"_links":{"self":[{"href":"https:\/\/www.naturparkmagazin.de\/stechlin\/wp-json\/wp\/v2\/posts\/9479"}],"collection":[{"href":"https:\/\/www.naturparkmagazin.de\/stechlin\/wp-json\/wp\/v2\/posts"}],"about":[{"href":"https:\/\/www.naturparkmagazin.de\/stechlin\/wp-json\/wp\/v2\/types\/post"}],"author":[{"embeddable":true,"href":"https:\/\/www.naturparkmagazin.de\/stechlin\/wp-json\/wp\/v2\/users\/39"}],"replies":[{"embeddable":true,"href":"https:\/\/www.naturparkmagazin.de\/stechlin\/wp-json\/wp\/v2\/comments?post=9479"}],"version-history":[{"count":6,"href":"https:\/\/www.naturparkmagazin.de\/stechlin\/wp-json\/wp\/v2\/posts\/9479\/revisions"}],"predecessor-version":[{"id":17516,"href":"https:\/\/www.naturparkmagazin.de\/stechlin\/wp-json\/wp\/v2\/posts\/9479\/revisions\/17516"}],"wp:featuredmedia":[{"embeddable":true,"href":"https:\/\/www.naturparkmagazin.de\/stechlin\/wp-json\/wp\/v2\/media\/9481"}],"wp:attachment":[{"href":"https:\/\/www.naturparkmagazin.de\/stechlin\/wp-json\/wp\/v2\/media?parent=9479"}],"wp:term":[{"taxonomy":"category","embeddable":true,"href":"https:\/\/www.naturparkmagazin.de\/stechlin\/wp-json\/wp\/v2\/categories?post=9479"},{"taxonomy":"post_tag","embeddable":true,"href":"https:\/\/www.naturparkmagazin.de\/stechlin\/wp-json\/wp\/v2\/tags?post=9479"}],"curies":[{"name":"wp","href":"https:\/\/api.w.org\/{rel}","templated":true}]}}