{"id":949,"date":"2014-04-17T11:17:41","date_gmt":"2014-04-17T09:17:41","guid":{"rendered":"http:\/\/www.naturparkmagazin.de\/stechlin\/?p=949"},"modified":"2014-04-23T18:45:09","modified_gmt":"2014-04-23T16:45:09","slug":"internationaler-museumstag-im-glasmuseum-neuglobsow","status":"publish","type":"post","link":"https:\/\/www.naturparkmagazin.de\/stechlin\/internationaler-museumstag-im-glasmuseum-neuglobsow\/","title":{"rendered":"Internationaler Museumstag im Glasmuseum Neuglobsow"},"content":{"rendered":"<p><a href=\"https:\/\/www.naturparkmagazin.de\/stechlin\/wp-content\/uploads\/sites\/38\/03.jpg\"><img decoding=\"async\" loading=\"lazy\" class=\"alignnone size-medium wp-image-950\" alt=\"NP SRL\/Dr. Mario Schrumpf\" src=\"https:\/\/www.naturparkmagazin.de\/stechlin\/wp-content\/uploads\/sites\/38\/03-620x398.jpg\" width=\"620\" height=\"398\" \/><\/a><\/p>\n<p>Schauen Sie Glasbl\u00e4ser (Rainer Schultrich) am <strong>17. Mai<\/strong> \u00fcber die Schulter bei der Herstellung seiner Glaskunst. Am Internationalen Museumstag wird es Sonderausstellungen und andere Aktionen, Basteln mit Glas und spezielle Museumsf\u00fchrungen geben. Ab 10 Uhr erwartet das barrierefreie Haus seine G\u00e4ste. Weitere Informationen \u00fcber Tel.: 033082\/40863.<\/p>\n","protected":false},"excerpt":{"rendered":"<p>Schauen Sie Glasbl\u00e4ser (Rainer Schultrich) am 17. Mai \u00fcber die Schulter bei der Herstellung seiner Glaskunst.<\/p>\n","protected":false},"author":39,"featured_media":972,"comment_status":"open","ping_status":"open","sticky":false,"template":"","format":"standard","meta":[],"categories":[11],"tags":[],"yoast_head":"<!-- This site is optimized with the Yoast SEO plugin v19.10 - https:\/\/yoast.com\/wordpress\/plugins\/seo\/ -->\n<title>Internationaler Museumstag im Glasmuseum Neuglobsow - Naturpark Stechlin-Ruppiner Land<\/title>\n<meta name=\"robots\" content=\"index, follow, max-snippet:-1, max-image-preview:large, max-video-preview:-1\" \/>\n<link rel=\"canonical\" href=\"https:\/\/www.naturparkmagazin.de\/stechlin\/internationaler-museumstag-im-glasmuseum-neuglobsow\/\" \/>\n<meta property=\"og:locale\" content=\"de_DE\" \/>\n<meta property=\"og:type\" content=\"article\" \/>\n<meta property=\"og:title\" content=\"Internationaler Museumstag im Glasmuseum Neuglobsow - Naturpark Stechlin-Ruppiner Land\" \/>\n<meta property=\"og:description\" content=\"Schauen Sie Glasbl\u00e4ser (Rainer Schultrich) am 17. Mai \u00fcber die Schulter bei der Herstellung seiner Glaskunst.\" \/>\n<meta property=\"og:url\" content=\"https:\/\/www.naturparkmagazin.de\/stechlin\/internationaler-museumstag-im-glasmuseum-neuglobsow\/\" \/>\n<meta property=\"og:site_name\" content=\"Naturpark Stechlin-Ruppiner Land\" \/>\n<meta property=\"article:published_time\" content=\"2014-04-17T09:17:41+00:00\" \/>\n<meta property=\"article:modified_time\" content=\"2014-04-23T16:45:09+00:00\" \/>\n<meta property=\"og:image\" content=\"https:\/\/www.naturparkmagazin.de\/stechlin\/wp-content\/uploads\/sites\/38\/Glasmuseum.jpg\" \/>\n\t<meta property=\"og:image:width\" content=\"500\" \/>\n\t<meta property=\"og:image:height\" content=\"340\" \/>\n\t<meta property=\"og:image:type\" content=\"image\/jpeg\" \/>\n<meta name=\"author\" content=\"marioschrumpf\" \/>\n<meta name=\"twitter:label1\" content=\"Verfasst von\" \/>\n\t<meta name=\"twitter:data1\" content=\"marioschrumpf\" \/>\n<script type=\"application\/ld+json\" class=\"yoast-schema-graph\">{\"@context\":\"https:\/\/schema.org\",\"@graph\":[{\"@type\":\"WebPage\",\"@id\":\"https:\/\/www.naturparkmagazin.de\/stechlin\/internationaler-museumstag-im-glasmuseum-neuglobsow\/\",\"url\":\"https:\/\/www.naturparkmagazin.de\/stechlin\/internationaler-museumstag-im-glasmuseum-neuglobsow\/\",\"name\":\"Internationaler Museumstag im Glasmuseum Neuglobsow - Naturpark Stechlin-Ruppiner Land\",\"isPartOf\":{\"@id\":\"https:\/\/www.naturparkmagazin.de\/stechlin\/#website\"},\"datePublished\":\"2014-04-17T09:17:41+00:00\",\"dateModified\":\"2014-04-23T16:45:09+00:00\",\"author\":{\"@id\":\"https:\/\/www.naturparkmagazin.de\/stechlin\/#\/schema\/person\/3f0d93203df21c806dd63c76d9bb28bc\"},\"breadcrumb\":{\"@id\":\"https:\/\/www.naturparkmagazin.de\/stechlin\/internationaler-museumstag-im-glasmuseum-neuglobsow\/#breadcrumb\"},\"inLanguage\":\"de\",\"potentialAction\":[{\"@type\":\"ReadAction\",\"target\":[\"https:\/\/www.naturparkmagazin.de\/stechlin\/internationaler-museumstag-im-glasmuseum-neuglobsow\/\"]}]},{\"@type\":\"BreadcrumbList\",\"@id\":\"https:\/\/www.naturparkmagazin.de\/stechlin\/internationaler-museumstag-im-glasmuseum-neuglobsow\/#breadcrumb\",\"itemListElement\":[{\"@type\":\"ListItem\",\"position\":1,\"name\":\"Home\",\"item\":\"https:\/\/www.naturparkmagazin.de\/stechlin\/\"},{\"@type\":\"ListItem\",\"position\":2,\"name\":\"Internationaler Museumstag im Glasmuseum Neuglobsow\"}]},{\"@type\":\"WebSite\",\"@id\":\"https:\/\/www.naturparkmagazin.de\/stechlin\/#website\",\"url\":\"https:\/\/www.naturparkmagazin.de\/stechlin\/\",\"name\":\"Naturpark Stechlin-Ruppiner Land\",\"description\":\"\",\"potentialAction\":[{\"@type\":\"SearchAction\",\"target\":{\"@type\":\"EntryPoint\",\"urlTemplate\":\"https:\/\/www.naturparkmagazin.de\/stechlin\/?s={search_term_string}\"},\"query-input\":\"required name=search_term_string\"}],\"inLanguage\":\"de\"},{\"@type\":\"Person\",\"@id\":\"https:\/\/www.naturparkmagazin.de\/stechlin\/#\/schema\/person\/3f0d93203df21c806dd63c76d9bb28bc\",\"name\":\"marioschrumpf\",\"url\":\"https:\/\/www.naturparkmagazin.de\/stechlin\/author\/marioschrumpf\/\"}]}<\/script>\n<!-- \/ Yoast SEO plugin. -->","yoast_head_json":{"title":"Internationaler Museumstag im Glasmuseum Neuglobsow - Naturpark Stechlin-Ruppiner Land","robots":{"index":"index","follow":"follow","max-snippet":"max-snippet:-1","max-image-preview":"max-image-preview:large","max-video-preview":"max-video-preview:-1"},"canonical":"https:\/\/www.naturparkmagazin.de\/stechlin\/internationaler-museumstag-im-glasmuseum-neuglobsow\/","og_locale":"de_DE","og_type":"article","og_title":"Internationaler Museumstag im Glasmuseum Neuglobsow - Naturpark Stechlin-Ruppiner Land","og_description":"Schauen Sie Glasbl\u00e4ser (Rainer Schultrich) am 17. Mai \u00fcber die Schulter bei der Herstellung seiner Glaskunst.","og_url":"https:\/\/www.naturparkmagazin.de\/stechlin\/internationaler-museumstag-im-glasmuseum-neuglobsow\/","og_site_name":"Naturpark Stechlin-Ruppiner Land","article_published_time":"2014-04-17T09:17:41+00:00","article_modified_time":"2014-04-23T16:45:09+00:00","og_image":[{"width":500,"height":340,"url":"https:\/\/www.naturparkmagazin.de\/stechlin\/wp-content\/uploads\/sites\/38\/Glasmuseum.jpg","type":"image\/jpeg"}],"author":"marioschrumpf","twitter_misc":{"Verfasst von":"marioschrumpf"},"schema":{"@context":"https:\/\/schema.org","@graph":[{"@type":"WebPage","@id":"https:\/\/www.naturparkmagazin.de\/stechlin\/internationaler-museumstag-im-glasmuseum-neuglobsow\/","url":"https:\/\/www.naturparkmagazin.de\/stechlin\/internationaler-museumstag-im-glasmuseum-neuglobsow\/","name":"Internationaler Museumstag im Glasmuseum Neuglobsow - Naturpark Stechlin-Ruppiner Land","isPartOf":{"@id":"https:\/\/www.naturparkmagazin.de\/stechlin\/#website"},"datePublished":"2014-04-17T09:17:41+00:00","dateModified":"2014-04-23T16:45:09+00:00","author":{"@id":"https:\/\/www.naturparkmagazin.de\/stechlin\/#\/schema\/person\/3f0d93203df21c806dd63c76d9bb28bc"},"breadcrumb":{"@id":"https:\/\/www.naturparkmagazin.de\/stechlin\/internationaler-museumstag-im-glasmuseum-neuglobsow\/#breadcrumb"},"inLanguage":"de","potentialAction":[{"@type":"ReadAction","target":["https:\/\/www.naturparkmagazin.de\/stechlin\/internationaler-museumstag-im-glasmuseum-neuglobsow\/"]}]},{"@type":"BreadcrumbList","@id":"https:\/\/www.naturparkmagazin.de\/stechlin\/internationaler-museumstag-im-glasmuseum-neuglobsow\/#breadcrumb","itemListElement":[{"@type":"ListItem","position":1,"name":"Home","item":"https:\/\/www.naturparkmagazin.de\/stechlin\/"},{"@type":"ListItem","position":2,"name":"Internationaler Museumstag im Glasmuseum Neuglobsow"}]},{"@type":"WebSite","@id":"https:\/\/www.naturparkmagazin.de\/stechlin\/#website","url":"https:\/\/www.naturparkmagazin.de\/stechlin\/","name":"Naturpark Stechlin-Ruppiner Land","description":"","potentialAction":[{"@type":"SearchAction","target":{"@type":"EntryPoint","urlTemplate":"https:\/\/www.naturparkmagazin.de\/stechlin\/?s={search_term_string}"},"query-input":"required name=search_term_string"}],"inLanguage":"de"},{"@type":"Person","@id":"https:\/\/www.naturparkmagazin.de\/stechlin\/#\/schema\/person\/3f0d93203df21c806dd63c76d9bb28bc","name":"marioschrumpf","url":"https:\/\/www.naturparkmagazin.de\/stechlin\/author\/marioschrumpf\/"}]}},"_links":{"self":[{"href":"https:\/\/www.naturparkmagazin.de\/stechlin\/wp-json\/wp\/v2\/posts\/949"}],"collection":[{"href":"https:\/\/www.naturparkmagazin.de\/stechlin\/wp-json\/wp\/v2\/posts"}],"about":[{"href":"https:\/\/www.naturparkmagazin.de\/stechlin\/wp-json\/wp\/v2\/types\/post"}],"author":[{"embeddable":true,"href":"https:\/\/www.naturparkmagazin.de\/stechlin\/wp-json\/wp\/v2\/users\/39"}],"replies":[{"embeddable":true,"href":"https:\/\/www.naturparkmagazin.de\/stechlin\/wp-json\/wp\/v2\/comments?post=949"}],"version-history":[{"count":2,"href":"https:\/\/www.naturparkmagazin.de\/stechlin\/wp-json\/wp\/v2\/posts\/949\/revisions"}],"predecessor-version":[{"id":991,"href":"https:\/\/www.naturparkmagazin.de\/stechlin\/wp-json\/wp\/v2\/posts\/949\/revisions\/991"}],"wp:featuredmedia":[{"embeddable":true,"href":"https:\/\/www.naturparkmagazin.de\/stechlin\/wp-json\/wp\/v2\/media\/972"}],"wp:attachment":[{"href":"https:\/\/www.naturparkmagazin.de\/stechlin\/wp-json\/wp\/v2\/media?parent=949"}],"wp:term":[{"taxonomy":"category","embeddable":true,"href":"https:\/\/www.naturparkmagazin.de\/stechlin\/wp-json\/wp\/v2\/categories?post=949"},{"taxonomy":"post_tag","embeddable":true,"href":"https:\/\/www.naturparkmagazin.de\/stechlin\/wp-json\/wp\/v2\/tags?post=949"}],"curies":[{"name":"wp","href":"https:\/\/api.w.org\/{rel}","templated":true}]}}