{"id":9537,"date":"2020-05-15T08:00:34","date_gmt":"2020-05-15T06:00:34","guid":{"rendered":"https:\/\/www.naturparkmagazin.de\/stechlin\/?p=9537"},"modified":"2020-05-26T09:35:34","modified_gmt":"2020-05-26T07:35:34","slug":"da-wuerden-fritz-und-heinrich-staunen","status":"publish","type":"post","link":"https:\/\/www.naturparkmagazin.de\/stechlin\/da-wuerden-fritz-und-heinrich-staunen\/","title":{"rendered":"Da w\u00fcrden Fritz und Heinrich staunen\u2026"},"content":{"rendered":"<div id=\"attachment_9538\" style=\"width: 310px\" class=\"wp-caption aligncenter\"><a href=\"https:\/\/www.naturparkmagazin.de\/stechlin\/wp-content\/uploads\/sites\/38\/Schlosg\u00e4rtnerei-017-003_J\u00fcrgen-Rammelt.jpg\"><img aria-describedby=\"caption-attachment-9538\" decoding=\"async\" loading=\"lazy\" class=\"size-thumbnail wp-image-9538\" src=\"https:\/\/www.naturparkmagazin.de\/stechlin\/wp-content\/uploads\/sites\/38\/Schlosg\u00e4rtnerei-017-003_J\u00fcrgen-Rammelt-300x180.jpg\" alt=\"Orchideen im Schlossgarten\" width=\"300\" height=\"180\" srcset=\"https:\/\/www.naturparkmagazin.de\/stechlin\/wp-content\/uploads\/sites\/38\/Schlosg\u00e4rtnerei-017-003_J\u00fcrgen-Rammelt-300x180.jpg 300w, https:\/\/www.naturparkmagazin.de\/stechlin\/wp-content\/uploads\/sites\/38\/Schlosg\u00e4rtnerei-017-003_J\u00fcrgen-Rammelt.jpg 500w, https:\/\/www.naturparkmagazin.de\/stechlin\/wp-content\/uploads\/sites\/38\/Schlosg\u00e4rtnerei-017-003_J\u00fcrgen-Rammelt-200x120.jpg 200w\" sizes=\"(max-width: 300px) 100vw, 300px\" \/><\/a><p id=\"caption-attachment-9538\" class=\"wp-caption-text\">Orchideen im Schlosspark (Foto: J\u00fcrgen Rammelt)<\/p><\/div>\n<p>&#8230;was f\u00fcr Fahrzeuge so in ihrem Gartenreich unterwegs sind. Da staunen sogar Leute, die heute durch den Schlosspark Rheinsberg flanieren.<\/p>\n<p>Die Pflege der Feuchtwiesen innerhalb der \u201e<em>Englischen Partie<\/em>\u201c wird sehr aufwendig betrieben um, das Breitbl\u00e4ttrige Knabenkraut, eine einheimische, bundesweit gef\u00e4hrdete Orchideenart zu f\u00f6rdern. Mit Moorraupen, M\u00e4hbalken und Freischneidern wird verhindert, dass die Orchideen \u00fcberwuchert werden.<\/p>\n<p>Mit der Bekanntmachung des Naturparks 2001 haben die Mitarbeiter der Verwaltung viele Orchideenfl\u00e4chen zur Pflege \u00fcbertragen bekommen. Gemeinsam mit Naturschutzverb\u00e4nden, Ehrenamtlern und Landwirten werden die Fl\u00e4chen, finanziert mit Mitteln des Vertragsnaturschutzes, gepflegt.<\/p>\n<p>Richtig Fahrt nahm die Aufnahme neuer Fl\u00e4chen in den Vertragsnaturschutz und die Fortf\u00fchrung der Pflege der vorhandenen Fl\u00e4chen mit dem Arbeitsantritt von Heiko Strobel auf. Er k\u00fcmmert sich um das Management wertvoller Fl\u00e4chen im Naturpark.<\/p>\n<p>Mit Geld aus dem Vertragsnaturschutz werden Landschaftspflegema\u00dfnahmen zur F\u00f6rderung der Orchideenbest\u00e4nde finanziert.<\/p>\n<p>Im Rahmen unserer Monitoringaufgaben sind wir Ranger im Naturpark Stechlin \u2013 Ruppiner Land daf\u00fcr zust\u00e4ndig, Bestandsver\u00e4nderung zu dokumentieren. Das machen wir durch die j\u00e4hrliche Z\u00e4hlung der bl\u00fchenden Exemplare. Aktuell z\u00e4hlen wir Orchideen auf 13 Fl\u00e4chen im Naturpark. Dar\u00fcber hinaus \u00a0schauen wir uns drei Verdachtsfl\u00e4chen an.<\/p>\n<p>\u201e<em>Verd\u00e4chtig<\/em>\u201c sind Fl\u00e4chen auf denen es fr\u00fcher Vorkommen gab, die aber aufgrund der eingestellten Wiesennutzung irgendwann erloschen sind. Werden diese Fl\u00e4chen wieder in Pflege genommen, kehren oft in k\u00fcrzester Zeit die Orchideen zur\u00fcck.<\/p>\n<p>Im Schlosspark Rheinsberg haben wir am 18.5.2020 <strong>2.486 bl\u00fchende Exemplare<\/strong> des Breitbl\u00e4ttrigen Knabenkrautes gez\u00e4hlt.<\/p>\n<p>Noch ein Grund zum Staunen\u2026!<\/p>\n<p>&nbsp;<\/p>\n<p>Anke Rudnik<\/p>\n<p>Gebietsleiterin der Naturwacht<\/p>\n","protected":false},"excerpt":{"rendered":"<p>&#8230;was f\u00fcr Fahrzeuge so in ihrem Gartenreich unterwegs sind. Da staunen sogar Leute, die heute durch den Schlosspark Rheinsberg flanieren.<\/p>\n","protected":false},"author":39,"featured_media":7060,"comment_status":"open","ping_status":"open","sticky":false,"template":"","format":"standard","meta":[],"categories":[7],"tags":[],"yoast_head":"<!-- This site is optimized with the Yoast SEO plugin v19.10 - https:\/\/yoast.com\/wordpress\/plugins\/seo\/ -->\n<title>Da w\u00fcrden Fritz und Heinrich staunen\u2026 - Naturpark Stechlin-Ruppiner Land<\/title>\n<meta name=\"robots\" content=\"index, follow, max-snippet:-1, max-image-preview:large, max-video-preview:-1\" \/>\n<link rel=\"canonical\" href=\"https:\/\/www.naturparkmagazin.de\/stechlin\/da-wuerden-fritz-und-heinrich-staunen\/\" \/>\n<meta property=\"og:locale\" content=\"de_DE\" \/>\n<meta property=\"og:type\" content=\"article\" \/>\n<meta property=\"og:title\" content=\"Da w\u00fcrden Fritz und Heinrich staunen\u2026 - Naturpark Stechlin-Ruppiner Land\" \/>\n<meta property=\"og:description\" content=\"...was f\u00fcr Fahrzeuge so in ihrem Gartenreich unterwegs sind. Da staunen sogar Leute, die heute durch den Schlosspark Rheinsberg flanieren.\" \/>\n<meta property=\"og:url\" content=\"https:\/\/www.naturparkmagazin.de\/stechlin\/da-wuerden-fritz-und-heinrich-staunen\/\" \/>\n<meta property=\"og:site_name\" content=\"Naturpark Stechlin-Ruppiner Land\" \/>\n<meta property=\"article:published_time\" content=\"2020-05-15T06:00:34+00:00\" \/>\n<meta property=\"article:modified_time\" content=\"2020-05-26T07:35:34+00:00\" \/>\n<meta property=\"og:image\" content=\"https:\/\/www.naturparkmagazin.de\/stechlin\/wp-content\/uploads\/sites\/38\/Orchideen_14.jpg\" \/>\n\t<meta property=\"og:image:width\" content=\"200\" \/>\n\t<meta property=\"og:image:height\" content=\"200\" \/>\n\t<meta property=\"og:image:type\" content=\"image\/jpeg\" \/>\n<meta name=\"author\" content=\"marioschrumpf\" \/>\n<meta name=\"twitter:label1\" content=\"Verfasst von\" \/>\n\t<meta name=\"twitter:data1\" content=\"marioschrumpf\" \/>\n\t<meta name=\"twitter:label2\" content=\"Gesch\u00e4tzte Lesezeit\" \/>\n\t<meta name=\"twitter:data2\" content=\"1\u00a0Minute\" \/>\n<script type=\"application\/ld+json\" class=\"yoast-schema-graph\">{\"@context\":\"https:\/\/schema.org\",\"@graph\":[{\"@type\":\"WebPage\",\"@id\":\"https:\/\/www.naturparkmagazin.de\/stechlin\/da-wuerden-fritz-und-heinrich-staunen\/\",\"url\":\"https:\/\/www.naturparkmagazin.de\/stechlin\/da-wuerden-fritz-und-heinrich-staunen\/\",\"name\":\"Da w\u00fcrden Fritz und Heinrich staunen\u2026 - Naturpark Stechlin-Ruppiner Land\",\"isPartOf\":{\"@id\":\"https:\/\/www.naturparkmagazin.de\/stechlin\/#website\"},\"datePublished\":\"2020-05-15T06:00:34+00:00\",\"dateModified\":\"2020-05-26T07:35:34+00:00\",\"author\":{\"@id\":\"https:\/\/www.naturparkmagazin.de\/stechlin\/#\/schema\/person\/3f0d93203df21c806dd63c76d9bb28bc\"},\"breadcrumb\":{\"@id\":\"https:\/\/www.naturparkmagazin.de\/stechlin\/da-wuerden-fritz-und-heinrich-staunen\/#breadcrumb\"},\"inLanguage\":\"de\",\"potentialAction\":[{\"@type\":\"ReadAction\",\"target\":[\"https:\/\/www.naturparkmagazin.de\/stechlin\/da-wuerden-fritz-und-heinrich-staunen\/\"]}]},{\"@type\":\"BreadcrumbList\",\"@id\":\"https:\/\/www.naturparkmagazin.de\/stechlin\/da-wuerden-fritz-und-heinrich-staunen\/#breadcrumb\",\"itemListElement\":[{\"@type\":\"ListItem\",\"position\":1,\"name\":\"Home\",\"item\":\"https:\/\/www.naturparkmagazin.de\/stechlin\/\"},{\"@type\":\"ListItem\",\"position\":2,\"name\":\"Da w\u00fcrden Fritz und Heinrich staunen\u2026\"}]},{\"@type\":\"WebSite\",\"@id\":\"https:\/\/www.naturparkmagazin.de\/stechlin\/#website\",\"url\":\"https:\/\/www.naturparkmagazin.de\/stechlin\/\",\"name\":\"Naturpark Stechlin-Ruppiner Land\",\"description\":\"\",\"potentialAction\":[{\"@type\":\"SearchAction\",\"target\":{\"@type\":\"EntryPoint\",\"urlTemplate\":\"https:\/\/www.naturparkmagazin.de\/stechlin\/?s={search_term_string}\"},\"query-input\":\"required name=search_term_string\"}],\"inLanguage\":\"de\"},{\"@type\":\"Person\",\"@id\":\"https:\/\/www.naturparkmagazin.de\/stechlin\/#\/schema\/person\/3f0d93203df21c806dd63c76d9bb28bc\",\"name\":\"marioschrumpf\",\"url\":\"https:\/\/www.naturparkmagazin.de\/stechlin\/author\/marioschrumpf\/\"}]}<\/script>\n<!-- \/ Yoast SEO plugin. -->","yoast_head_json":{"title":"Da w\u00fcrden Fritz und Heinrich staunen\u2026 - Naturpark Stechlin-Ruppiner Land","robots":{"index":"index","follow":"follow","max-snippet":"max-snippet:-1","max-image-preview":"max-image-preview:large","max-video-preview":"max-video-preview:-1"},"canonical":"https:\/\/www.naturparkmagazin.de\/stechlin\/da-wuerden-fritz-und-heinrich-staunen\/","og_locale":"de_DE","og_type":"article","og_title":"Da w\u00fcrden Fritz und Heinrich staunen\u2026 - Naturpark Stechlin-Ruppiner Land","og_description":"...was f\u00fcr Fahrzeuge so in ihrem Gartenreich unterwegs sind. Da staunen sogar Leute, die heute durch den Schlosspark Rheinsberg flanieren.","og_url":"https:\/\/www.naturparkmagazin.de\/stechlin\/da-wuerden-fritz-und-heinrich-staunen\/","og_site_name":"Naturpark Stechlin-Ruppiner Land","article_published_time":"2020-05-15T06:00:34+00:00","article_modified_time":"2020-05-26T07:35:34+00:00","og_image":[{"width":200,"height":200,"url":"https:\/\/www.naturparkmagazin.de\/stechlin\/wp-content\/uploads\/sites\/38\/Orchideen_14.jpg","type":"image\/jpeg"}],"author":"marioschrumpf","twitter_misc":{"Verfasst von":"marioschrumpf","Gesch\u00e4tzte Lesezeit":"1\u00a0Minute"},"schema":{"@context":"https:\/\/schema.org","@graph":[{"@type":"WebPage","@id":"https:\/\/www.naturparkmagazin.de\/stechlin\/da-wuerden-fritz-und-heinrich-staunen\/","url":"https:\/\/www.naturparkmagazin.de\/stechlin\/da-wuerden-fritz-und-heinrich-staunen\/","name":"Da w\u00fcrden Fritz und Heinrich staunen\u2026 - Naturpark Stechlin-Ruppiner Land","isPartOf":{"@id":"https:\/\/www.naturparkmagazin.de\/stechlin\/#website"},"datePublished":"2020-05-15T06:00:34+00:00","dateModified":"2020-05-26T07:35:34+00:00","author":{"@id":"https:\/\/www.naturparkmagazin.de\/stechlin\/#\/schema\/person\/3f0d93203df21c806dd63c76d9bb28bc"},"breadcrumb":{"@id":"https:\/\/www.naturparkmagazin.de\/stechlin\/da-wuerden-fritz-und-heinrich-staunen\/#breadcrumb"},"inLanguage":"de","potentialAction":[{"@type":"ReadAction","target":["https:\/\/www.naturparkmagazin.de\/stechlin\/da-wuerden-fritz-und-heinrich-staunen\/"]}]},{"@type":"BreadcrumbList","@id":"https:\/\/www.naturparkmagazin.de\/stechlin\/da-wuerden-fritz-und-heinrich-staunen\/#breadcrumb","itemListElement":[{"@type":"ListItem","position":1,"name":"Home","item":"https:\/\/www.naturparkmagazin.de\/stechlin\/"},{"@type":"ListItem","position":2,"name":"Da w\u00fcrden Fritz und Heinrich staunen\u2026"}]},{"@type":"WebSite","@id":"https:\/\/www.naturparkmagazin.de\/stechlin\/#website","url":"https:\/\/www.naturparkmagazin.de\/stechlin\/","name":"Naturpark Stechlin-Ruppiner Land","description":"","potentialAction":[{"@type":"SearchAction","target":{"@type":"EntryPoint","urlTemplate":"https:\/\/www.naturparkmagazin.de\/stechlin\/?s={search_term_string}"},"query-input":"required name=search_term_string"}],"inLanguage":"de"},{"@type":"Person","@id":"https:\/\/www.naturparkmagazin.de\/stechlin\/#\/schema\/person\/3f0d93203df21c806dd63c76d9bb28bc","name":"marioschrumpf","url":"https:\/\/www.naturparkmagazin.de\/stechlin\/author\/marioschrumpf\/"}]}},"_links":{"self":[{"href":"https:\/\/www.naturparkmagazin.de\/stechlin\/wp-json\/wp\/v2\/posts\/9537"}],"collection":[{"href":"https:\/\/www.naturparkmagazin.de\/stechlin\/wp-json\/wp\/v2\/posts"}],"about":[{"href":"https:\/\/www.naturparkmagazin.de\/stechlin\/wp-json\/wp\/v2\/types\/post"}],"author":[{"embeddable":true,"href":"https:\/\/www.naturparkmagazin.de\/stechlin\/wp-json\/wp\/v2\/users\/39"}],"replies":[{"embeddable":true,"href":"https:\/\/www.naturparkmagazin.de\/stechlin\/wp-json\/wp\/v2\/comments?post=9537"}],"version-history":[{"count":4,"href":"https:\/\/www.naturparkmagazin.de\/stechlin\/wp-json\/wp\/v2\/posts\/9537\/revisions"}],"predecessor-version":[{"id":9549,"href":"https:\/\/www.naturparkmagazin.de\/stechlin\/wp-json\/wp\/v2\/posts\/9537\/revisions\/9549"}],"wp:featuredmedia":[{"embeddable":true,"href":"https:\/\/www.naturparkmagazin.de\/stechlin\/wp-json\/wp\/v2\/media\/7060"}],"wp:attachment":[{"href":"https:\/\/www.naturparkmagazin.de\/stechlin\/wp-json\/wp\/v2\/media?parent=9537"}],"wp:term":[{"taxonomy":"category","embeddable":true,"href":"https:\/\/www.naturparkmagazin.de\/stechlin\/wp-json\/wp\/v2\/categories?post=9537"},{"taxonomy":"post_tag","embeddable":true,"href":"https:\/\/www.naturparkmagazin.de\/stechlin\/wp-json\/wp\/v2\/tags?post=9537"}],"curies":[{"name":"wp","href":"https:\/\/api.w.org\/{rel}","templated":true}]}}