{"id":958,"date":"2014-04-17T13:20:58","date_gmt":"2014-04-17T11:20:58","guid":{"rendered":"http:\/\/www.naturparkmagazin.de\/stechlin\/?p=958"},"modified":"2014-04-23T18:42:03","modified_gmt":"2014-04-23T16:42:03","slug":"20-jahre-foerderverein-naturlandschaft-stechlin-und-menzer-heide-e-v","status":"publish","type":"post","link":"https:\/\/www.naturparkmagazin.de\/stechlin\/20-jahre-foerderverein-naturlandschaft-stechlin-und-menzer-heide-e-v\/","title":{"rendered":"20 Jahre F\u00f6rderverein Naturlandschaft Stechlin und Menzer Heide e.V."},"content":{"rendered":"<p>&nbsp;<\/p>\n<div id=\"attachment_964\" style=\"width: 510px\" class=\"wp-caption alignnone\"><a href=\"https:\/\/www.naturparkmagazin.de\/stechlin\/wp-content\/uploads\/sites\/38\/F\u00d6Vii0002.jpg\"><img aria-describedby=\"caption-attachment-964\" decoding=\"async\" loading=\"lazy\" class=\"size-full wp-image-964\" alt=\"Aufmerksam verfolgen die G\u00e4ste den Vortrag \u00fcber die Entwicklung des F\u00f6rdervereins.\" src=\"https:\/\/www.naturparkmagazin.de\/stechlin\/wp-content\/uploads\/sites\/38\/F\u00d6Vii0002.jpg\" width=\"500\" height=\"335\" srcset=\"https:\/\/www.naturparkmagazin.de\/stechlin\/wp-content\/uploads\/sites\/38\/F\u00d6Vii0002.jpg 500w, https:\/\/www.naturparkmagazin.de\/stechlin\/wp-content\/uploads\/sites\/38\/F\u00d6Vii0002-300x201.jpg 300w, https:\/\/www.naturparkmagazin.de\/stechlin\/wp-content\/uploads\/sites\/38\/F\u00d6Vii0002-200x134.jpg 200w\" sizes=\"(max-width: 500px) 100vw, 500px\" \/><\/a><p id=\"caption-attachment-964\" class=\"wp-caption-text\">Aufmerksam verfolgen die G\u00e4ste den Vortrag \u00fcber die Entwicklung des F\u00f6rdervereins.<\/p><\/div>\n<p>Am 4. April feierte der F\u00f6rderverein in einer erweiterten Mitgliederversammlung\u00a0sein 20j\u00e4hriges\u00a0Jubil\u00e4um. Zur Zeit sind ca. 80 Privatpersonen und 6 Institutionen Mitglied. Der Vorsitzende Dr. Wolfgang Henkel berichtete in einem eindrucksvollen Vortrag von den Anf\u00e4ngen bis zu aktuellen Projekten. &#8222;<em>Ohne das Engagement des F\u00f6rdervereins g\u00e4be es heute keinen Naturpark<\/em>!&#8220; sagt Henkel nicht ohne Stolz. Heute betreibt der Verein das Besucherzentrum des Naturparks, das NaturParkHaus Stechlin und die Regionalwerkstatt Stechlin in Menz sowie das Glasmuseum Neuglobsow. Dies auch zuk\u00fcnftig unter den schlechter werdenden Rahmenbedingungen abzusichern, ist die gr\u00f6\u00dfte Herausforderung vor der z. Zt. der F\u00f6rderverein steht.<\/p>\n","protected":false},"excerpt":{"rendered":"<p> Am 4. April feierte der F\u00f6rderverein in einer erweiterten Mitgliederversammlung sein 20 j\u00e4hriges Jubil\u00e4um.<\/p>\n","protected":false},"author":39,"featured_media":963,"comment_status":"open","ping_status":"open","sticky":false,"template":"","format":"standard","meta":[],"categories":[7],"tags":[],"yoast_head":"<!-- This site is optimized with the Yoast SEO plugin v19.10 - https:\/\/yoast.com\/wordpress\/plugins\/seo\/ -->\n<title>20 Jahre F\u00f6rderverein Naturlandschaft Stechlin und Menzer Heide e.V. - Naturpark Stechlin-Ruppiner Land<\/title>\n<meta name=\"robots\" content=\"index, follow, max-snippet:-1, max-image-preview:large, max-video-preview:-1\" \/>\n<link rel=\"canonical\" href=\"https:\/\/www.naturparkmagazin.de\/stechlin\/20-jahre-foerderverein-naturlandschaft-stechlin-und-menzer-heide-e-v\/\" \/>\n<meta property=\"og:locale\" content=\"de_DE\" \/>\n<meta property=\"og:type\" content=\"article\" \/>\n<meta property=\"og:title\" content=\"20 Jahre F\u00f6rderverein Naturlandschaft Stechlin und Menzer Heide e.V. - Naturpark Stechlin-Ruppiner Land\" \/>\n<meta property=\"og:description\" content=\"Am 4. April feierte der F\u00f6rderverein in einer erweiterten Mitgliederversammlung sein 20 j\u00e4hriges Jubil\u00e4um.\" \/>\n<meta property=\"og:url\" content=\"https:\/\/www.naturparkmagazin.de\/stechlin\/20-jahre-foerderverein-naturlandschaft-stechlin-und-menzer-heide-e-v\/\" \/>\n<meta property=\"og:site_name\" content=\"Naturpark Stechlin-Ruppiner Land\" \/>\n<meta property=\"article:published_time\" content=\"2014-04-17T11:20:58+00:00\" \/>\n<meta property=\"article:modified_time\" content=\"2014-04-23T16:42:03+00:00\" \/>\n<meta property=\"og:image\" content=\"https:\/\/www.naturparkmagazin.de\/stechlin\/wp-content\/uploads\/sites\/38\/Danke-f.-Wolfgang-Henkel-5.jpg\" \/>\n\t<meta property=\"og:image:width\" content=\"500\" \/>\n\t<meta property=\"og:image:height\" content=\"473\" \/>\n\t<meta property=\"og:image:type\" content=\"image\/jpeg\" \/>\n<meta name=\"author\" content=\"marioschrumpf\" \/>\n<meta name=\"twitter:label1\" content=\"Verfasst von\" \/>\n\t<meta name=\"twitter:data1\" content=\"marioschrumpf\" \/>\n\t<meta name=\"twitter:label2\" content=\"Gesch\u00e4tzte Lesezeit\" \/>\n\t<meta name=\"twitter:data2\" content=\"1\u00a0Minute\" \/>\n<script type=\"application\/ld+json\" class=\"yoast-schema-graph\">{\"@context\":\"https:\/\/schema.org\",\"@graph\":[{\"@type\":\"WebPage\",\"@id\":\"https:\/\/www.naturparkmagazin.de\/stechlin\/20-jahre-foerderverein-naturlandschaft-stechlin-und-menzer-heide-e-v\/\",\"url\":\"https:\/\/www.naturparkmagazin.de\/stechlin\/20-jahre-foerderverein-naturlandschaft-stechlin-und-menzer-heide-e-v\/\",\"name\":\"20 Jahre F\u00f6rderverein Naturlandschaft Stechlin und Menzer Heide e.V. - Naturpark Stechlin-Ruppiner Land\",\"isPartOf\":{\"@id\":\"https:\/\/www.naturparkmagazin.de\/stechlin\/#website\"},\"datePublished\":\"2014-04-17T11:20:58+00:00\",\"dateModified\":\"2014-04-23T16:42:03+00:00\",\"author\":{\"@id\":\"https:\/\/www.naturparkmagazin.de\/stechlin\/#\/schema\/person\/3f0d93203df21c806dd63c76d9bb28bc\"},\"breadcrumb\":{\"@id\":\"https:\/\/www.naturparkmagazin.de\/stechlin\/20-jahre-foerderverein-naturlandschaft-stechlin-und-menzer-heide-e-v\/#breadcrumb\"},\"inLanguage\":\"de\",\"potentialAction\":[{\"@type\":\"ReadAction\",\"target\":[\"https:\/\/www.naturparkmagazin.de\/stechlin\/20-jahre-foerderverein-naturlandschaft-stechlin-und-menzer-heide-e-v\/\"]}]},{\"@type\":\"BreadcrumbList\",\"@id\":\"https:\/\/www.naturparkmagazin.de\/stechlin\/20-jahre-foerderverein-naturlandschaft-stechlin-und-menzer-heide-e-v\/#breadcrumb\",\"itemListElement\":[{\"@type\":\"ListItem\",\"position\":1,\"name\":\"Home\",\"item\":\"https:\/\/www.naturparkmagazin.de\/stechlin\/\"},{\"@type\":\"ListItem\",\"position\":2,\"name\":\"20 Jahre F\u00f6rderverein Naturlandschaft Stechlin und Menzer Heide e.V.\"}]},{\"@type\":\"WebSite\",\"@id\":\"https:\/\/www.naturparkmagazin.de\/stechlin\/#website\",\"url\":\"https:\/\/www.naturparkmagazin.de\/stechlin\/\",\"name\":\"Naturpark Stechlin-Ruppiner Land\",\"description\":\"\",\"potentialAction\":[{\"@type\":\"SearchAction\",\"target\":{\"@type\":\"EntryPoint\",\"urlTemplate\":\"https:\/\/www.naturparkmagazin.de\/stechlin\/?s={search_term_string}\"},\"query-input\":\"required name=search_term_string\"}],\"inLanguage\":\"de\"},{\"@type\":\"Person\",\"@id\":\"https:\/\/www.naturparkmagazin.de\/stechlin\/#\/schema\/person\/3f0d93203df21c806dd63c76d9bb28bc\",\"name\":\"marioschrumpf\",\"url\":\"https:\/\/www.naturparkmagazin.de\/stechlin\/author\/marioschrumpf\/\"}]}<\/script>\n<!-- \/ Yoast SEO plugin. -->","yoast_head_json":{"title":"20 Jahre F\u00f6rderverein Naturlandschaft Stechlin und Menzer Heide e.V. - Naturpark Stechlin-Ruppiner Land","robots":{"index":"index","follow":"follow","max-snippet":"max-snippet:-1","max-image-preview":"max-image-preview:large","max-video-preview":"max-video-preview:-1"},"canonical":"https:\/\/www.naturparkmagazin.de\/stechlin\/20-jahre-foerderverein-naturlandschaft-stechlin-und-menzer-heide-e-v\/","og_locale":"de_DE","og_type":"article","og_title":"20 Jahre F\u00f6rderverein Naturlandschaft Stechlin und Menzer Heide e.V. - Naturpark Stechlin-Ruppiner Land","og_description":"Am 4. April feierte der F\u00f6rderverein in einer erweiterten Mitgliederversammlung sein 20 j\u00e4hriges Jubil\u00e4um.","og_url":"https:\/\/www.naturparkmagazin.de\/stechlin\/20-jahre-foerderverein-naturlandschaft-stechlin-und-menzer-heide-e-v\/","og_site_name":"Naturpark Stechlin-Ruppiner Land","article_published_time":"2014-04-17T11:20:58+00:00","article_modified_time":"2014-04-23T16:42:03+00:00","og_image":[{"width":500,"height":473,"url":"https:\/\/www.naturparkmagazin.de\/stechlin\/wp-content\/uploads\/sites\/38\/Danke-f.-Wolfgang-Henkel-5.jpg","type":"image\/jpeg"}],"author":"marioschrumpf","twitter_misc":{"Verfasst von":"marioschrumpf","Gesch\u00e4tzte Lesezeit":"1\u00a0Minute"},"schema":{"@context":"https:\/\/schema.org","@graph":[{"@type":"WebPage","@id":"https:\/\/www.naturparkmagazin.de\/stechlin\/20-jahre-foerderverein-naturlandschaft-stechlin-und-menzer-heide-e-v\/","url":"https:\/\/www.naturparkmagazin.de\/stechlin\/20-jahre-foerderverein-naturlandschaft-stechlin-und-menzer-heide-e-v\/","name":"20 Jahre F\u00f6rderverein Naturlandschaft Stechlin und Menzer Heide e.V. - Naturpark Stechlin-Ruppiner Land","isPartOf":{"@id":"https:\/\/www.naturparkmagazin.de\/stechlin\/#website"},"datePublished":"2014-04-17T11:20:58+00:00","dateModified":"2014-04-23T16:42:03+00:00","author":{"@id":"https:\/\/www.naturparkmagazin.de\/stechlin\/#\/schema\/person\/3f0d93203df21c806dd63c76d9bb28bc"},"breadcrumb":{"@id":"https:\/\/www.naturparkmagazin.de\/stechlin\/20-jahre-foerderverein-naturlandschaft-stechlin-und-menzer-heide-e-v\/#breadcrumb"},"inLanguage":"de","potentialAction":[{"@type":"ReadAction","target":["https:\/\/www.naturparkmagazin.de\/stechlin\/20-jahre-foerderverein-naturlandschaft-stechlin-und-menzer-heide-e-v\/"]}]},{"@type":"BreadcrumbList","@id":"https:\/\/www.naturparkmagazin.de\/stechlin\/20-jahre-foerderverein-naturlandschaft-stechlin-und-menzer-heide-e-v\/#breadcrumb","itemListElement":[{"@type":"ListItem","position":1,"name":"Home","item":"https:\/\/www.naturparkmagazin.de\/stechlin\/"},{"@type":"ListItem","position":2,"name":"20 Jahre F\u00f6rderverein Naturlandschaft Stechlin und Menzer Heide e.V."}]},{"@type":"WebSite","@id":"https:\/\/www.naturparkmagazin.de\/stechlin\/#website","url":"https:\/\/www.naturparkmagazin.de\/stechlin\/","name":"Naturpark Stechlin-Ruppiner Land","description":"","potentialAction":[{"@type":"SearchAction","target":{"@type":"EntryPoint","urlTemplate":"https:\/\/www.naturparkmagazin.de\/stechlin\/?s={search_term_string}"},"query-input":"required name=search_term_string"}],"inLanguage":"de"},{"@type":"Person","@id":"https:\/\/www.naturparkmagazin.de\/stechlin\/#\/schema\/person\/3f0d93203df21c806dd63c76d9bb28bc","name":"marioschrumpf","url":"https:\/\/www.naturparkmagazin.de\/stechlin\/author\/marioschrumpf\/"}]}},"_links":{"self":[{"href":"https:\/\/www.naturparkmagazin.de\/stechlin\/wp-json\/wp\/v2\/posts\/958"}],"collection":[{"href":"https:\/\/www.naturparkmagazin.de\/stechlin\/wp-json\/wp\/v2\/posts"}],"about":[{"href":"https:\/\/www.naturparkmagazin.de\/stechlin\/wp-json\/wp\/v2\/types\/post"}],"author":[{"embeddable":true,"href":"https:\/\/www.naturparkmagazin.de\/stechlin\/wp-json\/wp\/v2\/users\/39"}],"replies":[{"embeddable":true,"href":"https:\/\/www.naturparkmagazin.de\/stechlin\/wp-json\/wp\/v2\/comments?post=958"}],"version-history":[{"count":3,"href":"https:\/\/www.naturparkmagazin.de\/stechlin\/wp-json\/wp\/v2\/posts\/958\/revisions"}],"predecessor-version":[{"id":988,"href":"https:\/\/www.naturparkmagazin.de\/stechlin\/wp-json\/wp\/v2\/posts\/958\/revisions\/988"}],"wp:featuredmedia":[{"embeddable":true,"href":"https:\/\/www.naturparkmagazin.de\/stechlin\/wp-json\/wp\/v2\/media\/963"}],"wp:attachment":[{"href":"https:\/\/www.naturparkmagazin.de\/stechlin\/wp-json\/wp\/v2\/media?parent=958"}],"wp:term":[{"taxonomy":"category","embeddable":true,"href":"https:\/\/www.naturparkmagazin.de\/stechlin\/wp-json\/wp\/v2\/categories?post=958"},{"taxonomy":"post_tag","embeddable":true,"href":"https:\/\/www.naturparkmagazin.de\/stechlin\/wp-json\/wp\/v2\/tags?post=958"}],"curies":[{"name":"wp","href":"https:\/\/api.w.org\/{rel}","templated":true}]}}