{"id":9591,"date":"2020-06-15T07:57:48","date_gmt":"2020-06-15T05:57:48","guid":{"rendered":"https:\/\/www.naturparkmagazin.de\/stechlin\/?p=9591"},"modified":"2020-06-26T14:59:01","modified_gmt":"2020-06-26T12:59:01","slug":"wieder-eroeffnung-des-naturparkhauses-stechlin","status":"publish","type":"post","link":"https:\/\/www.naturparkmagazin.de\/stechlin\/wieder-eroeffnung-des-naturparkhauses-stechlin\/","title":{"rendered":"(Wieder-)Er\u00f6ffnung des NaturParkHauses Stechlin"},"content":{"rendered":"<p><a href=\"https:\/\/www.naturparkmagazin.de\/stechlin\/wp-content\/uploads\/sites\/38\/NaturParkHaus-Stechlin1-e1517994561849.jpg\"><img decoding=\"async\" loading=\"lazy\" class=\"aligncenter size-thumbnail wp-image-1372\" src=\"https:\/\/www.naturparkmagazin.de\/stechlin\/wp-content\/uploads\/sites\/38\/NaturParkHaus-Stechlin1-300x225.jpg\" alt=\"NaturParkHaus Stechlin\" width=\"300\" height=\"225\" \/><\/a>P\u00fcnktlich zum Beginn der Sommerferien &#8211; ab Montag, dem <strong>29.06.2020<\/strong> werden wir das Besucherzentrum NaturParkHaus Stechlin in Menz wieder f\u00fcr G\u00e4ste \u00f6ffnen.<\/p>\n<p>Wie \u201egewohnt\u201c zu den normalen und bekannten \u00d6ffnungszeiten.<\/p>\n<p>Allerdings \u201ewie gewohnt\u201c geht es leider doch nicht.<\/p>\n<p>Denn, wie der Eine oder Andere schon bemerkt hat, befindet sich der Infocounter bereits hinter einer \u201eSpuckschutz-Scheibe\u201c<\/p>\n<p>Ausserdem gilt:<\/p>\n<p>&#8211; max. 5 Personen oder eine Familie sind zeitgleich in der Ausstellung\n&#8211; nur eine Person tritt an den Infotresen, die anderen Besucher werden gebeten drau\u00dfen zu warten.\n&#8211; es wird um bargeldlose Bezahlung mit Gutscheinen gebeten, bei Barzahlung wird mit Handschuhen und \u201eGeldschale\u201c gearbeitet\n&#8211; Betreten der Ausstellung nur mit Handschuhen und Mundschutz. Sollten keine Handschuhe mitgebracht werden, so kann man k\u00e4uflich Einmalhandschuhe\u00a0 zus\u00e4tzlich zum Eintritt (ca. 0,50 EUR\/Paar) erwerben.\n&#8211; es gibt nur die \u201eEinbahnstra\u00dfen\u201c-Regelung entlang der Pfeile auf dem Fu\u00dfboden\n&#8211; nach Verlassen der Ausstellung wird f\u00fcr 20 min. gel\u00fcftet. Die evtl. n\u00e4chsten G\u00e4ste werden gebeten zu warten und solange sich die Ausstellung im Saal der Regionalwerkstatt\u00a0oder den Sinnesgarten anzusehen\n&#8211;\u00a0w\u00e4hrend der\u00a0F\u00fchrungen im Sinnesgarten, bleibt das NPH in dieser Zeit unter Umst\u00e4nden geschlossen (je nach Personal)<\/p>\n","protected":false},"excerpt":{"rendered":"<p>P\u00fcnktlich zum Beginn der Sommerferien &#8211; ab Montag, dem 29.06.2020 werden wir das Besucherzentrum NaturParkHaus Stechlin wieder f\u00fcr G\u00e4ste \u00f6ffnen.<\/p>\n","protected":false},"author":39,"featured_media":1372,"comment_status":"open","ping_status":"open","sticky":false,"template":"","format":"standard","meta":[],"categories":[11],"tags":[],"yoast_head":"<!-- This site is optimized with the Yoast SEO plugin v19.10 - https:\/\/yoast.com\/wordpress\/plugins\/seo\/ -->\n<title>(Wieder-)Er\u00f6ffnung des NaturParkHauses Stechlin - Naturpark Stechlin-Ruppiner Land<\/title>\n<meta name=\"robots\" content=\"index, follow, max-snippet:-1, max-image-preview:large, max-video-preview:-1\" \/>\n<link rel=\"canonical\" href=\"https:\/\/www.naturparkmagazin.de\/stechlin\/wieder-eroeffnung-des-naturparkhauses-stechlin\/\" \/>\n<meta property=\"og:locale\" content=\"de_DE\" \/>\n<meta property=\"og:type\" content=\"article\" \/>\n<meta property=\"og:title\" content=\"(Wieder-)Er\u00f6ffnung des NaturParkHauses Stechlin - Naturpark Stechlin-Ruppiner Land\" \/>\n<meta property=\"og:description\" content=\"P\u00fcnktlich zum Beginn der Sommerferien - ab Montag, dem 29.06.2020 werden wir das Besucherzentrum NaturParkHaus Stechlin wieder f\u00fcr G\u00e4ste \u00f6ffnen.\" \/>\n<meta property=\"og:url\" content=\"https:\/\/www.naturparkmagazin.de\/stechlin\/wieder-eroeffnung-des-naturparkhauses-stechlin\/\" \/>\n<meta property=\"og:site_name\" content=\"Naturpark Stechlin-Ruppiner Land\" \/>\n<meta property=\"article:published_time\" content=\"2020-06-15T05:57:48+00:00\" \/>\n<meta property=\"article:modified_time\" content=\"2020-06-26T12:59:01+00:00\" \/>\n<meta property=\"og:image\" content=\"https:\/\/www.naturparkmagazin.de\/stechlin\/wp-content\/uploads\/sites\/38\/NaturParkHaus-Stechlin1-e1517994561849.jpg\" \/>\n\t<meta property=\"og:image:width\" content=\"267\" \/>\n\t<meta property=\"og:image:height\" content=\"200\" \/>\n\t<meta property=\"og:image:type\" content=\"image\/jpeg\" \/>\n<meta name=\"author\" content=\"marioschrumpf\" \/>\n<meta name=\"twitter:label1\" content=\"Verfasst von\" \/>\n\t<meta name=\"twitter:data1\" content=\"marioschrumpf\" \/>\n\t<meta name=\"twitter:label2\" content=\"Gesch\u00e4tzte Lesezeit\" \/>\n\t<meta name=\"twitter:data2\" content=\"1\u00a0Minute\" \/>\n<script type=\"application\/ld+json\" class=\"yoast-schema-graph\">{\"@context\":\"https:\/\/schema.org\",\"@graph\":[{\"@type\":\"WebPage\",\"@id\":\"https:\/\/www.naturparkmagazin.de\/stechlin\/wieder-eroeffnung-des-naturparkhauses-stechlin\/\",\"url\":\"https:\/\/www.naturparkmagazin.de\/stechlin\/wieder-eroeffnung-des-naturparkhauses-stechlin\/\",\"name\":\"(Wieder-)Er\u00f6ffnung des NaturParkHauses Stechlin - Naturpark Stechlin-Ruppiner Land\",\"isPartOf\":{\"@id\":\"https:\/\/www.naturparkmagazin.de\/stechlin\/#website\"},\"datePublished\":\"2020-06-15T05:57:48+00:00\",\"dateModified\":\"2020-06-26T12:59:01+00:00\",\"author\":{\"@id\":\"https:\/\/www.naturparkmagazin.de\/stechlin\/#\/schema\/person\/3f0d93203df21c806dd63c76d9bb28bc\"},\"breadcrumb\":{\"@id\":\"https:\/\/www.naturparkmagazin.de\/stechlin\/wieder-eroeffnung-des-naturparkhauses-stechlin\/#breadcrumb\"},\"inLanguage\":\"de\",\"potentialAction\":[{\"@type\":\"ReadAction\",\"target\":[\"https:\/\/www.naturparkmagazin.de\/stechlin\/wieder-eroeffnung-des-naturparkhauses-stechlin\/\"]}]},{\"@type\":\"BreadcrumbList\",\"@id\":\"https:\/\/www.naturparkmagazin.de\/stechlin\/wieder-eroeffnung-des-naturparkhauses-stechlin\/#breadcrumb\",\"itemListElement\":[{\"@type\":\"ListItem\",\"position\":1,\"name\":\"Home\",\"item\":\"https:\/\/www.naturparkmagazin.de\/stechlin\/\"},{\"@type\":\"ListItem\",\"position\":2,\"name\":\"(Wieder-)Er\u00f6ffnung des NaturParkHauses Stechlin\"}]},{\"@type\":\"WebSite\",\"@id\":\"https:\/\/www.naturparkmagazin.de\/stechlin\/#website\",\"url\":\"https:\/\/www.naturparkmagazin.de\/stechlin\/\",\"name\":\"Naturpark Stechlin-Ruppiner Land\",\"description\":\"\",\"potentialAction\":[{\"@type\":\"SearchAction\",\"target\":{\"@type\":\"EntryPoint\",\"urlTemplate\":\"https:\/\/www.naturparkmagazin.de\/stechlin\/?s={search_term_string}\"},\"query-input\":\"required name=search_term_string\"}],\"inLanguage\":\"de\"},{\"@type\":\"Person\",\"@id\":\"https:\/\/www.naturparkmagazin.de\/stechlin\/#\/schema\/person\/3f0d93203df21c806dd63c76d9bb28bc\",\"name\":\"marioschrumpf\",\"url\":\"https:\/\/www.naturparkmagazin.de\/stechlin\/author\/marioschrumpf\/\"}]}<\/script>\n<!-- \/ Yoast SEO plugin. -->","yoast_head_json":{"title":"(Wieder-)Er\u00f6ffnung des NaturParkHauses Stechlin - Naturpark Stechlin-Ruppiner Land","robots":{"index":"index","follow":"follow","max-snippet":"max-snippet:-1","max-image-preview":"max-image-preview:large","max-video-preview":"max-video-preview:-1"},"canonical":"https:\/\/www.naturparkmagazin.de\/stechlin\/wieder-eroeffnung-des-naturparkhauses-stechlin\/","og_locale":"de_DE","og_type":"article","og_title":"(Wieder-)Er\u00f6ffnung des NaturParkHauses Stechlin - Naturpark Stechlin-Ruppiner Land","og_description":"P\u00fcnktlich zum Beginn der Sommerferien - ab Montag, dem 29.06.2020 werden wir das Besucherzentrum NaturParkHaus Stechlin wieder f\u00fcr G\u00e4ste \u00f6ffnen.","og_url":"https:\/\/www.naturparkmagazin.de\/stechlin\/wieder-eroeffnung-des-naturparkhauses-stechlin\/","og_site_name":"Naturpark Stechlin-Ruppiner Land","article_published_time":"2020-06-15T05:57:48+00:00","article_modified_time":"2020-06-26T12:59:01+00:00","og_image":[{"width":267,"height":200,"url":"https:\/\/www.naturparkmagazin.de\/stechlin\/wp-content\/uploads\/sites\/38\/NaturParkHaus-Stechlin1-e1517994561849.jpg","type":"image\/jpeg"}],"author":"marioschrumpf","twitter_misc":{"Verfasst von":"marioschrumpf","Gesch\u00e4tzte Lesezeit":"1\u00a0Minute"},"schema":{"@context":"https:\/\/schema.org","@graph":[{"@type":"WebPage","@id":"https:\/\/www.naturparkmagazin.de\/stechlin\/wieder-eroeffnung-des-naturparkhauses-stechlin\/","url":"https:\/\/www.naturparkmagazin.de\/stechlin\/wieder-eroeffnung-des-naturparkhauses-stechlin\/","name":"(Wieder-)Er\u00f6ffnung des NaturParkHauses Stechlin - Naturpark Stechlin-Ruppiner Land","isPartOf":{"@id":"https:\/\/www.naturparkmagazin.de\/stechlin\/#website"},"datePublished":"2020-06-15T05:57:48+00:00","dateModified":"2020-06-26T12:59:01+00:00","author":{"@id":"https:\/\/www.naturparkmagazin.de\/stechlin\/#\/schema\/person\/3f0d93203df21c806dd63c76d9bb28bc"},"breadcrumb":{"@id":"https:\/\/www.naturparkmagazin.de\/stechlin\/wieder-eroeffnung-des-naturparkhauses-stechlin\/#breadcrumb"},"inLanguage":"de","potentialAction":[{"@type":"ReadAction","target":["https:\/\/www.naturparkmagazin.de\/stechlin\/wieder-eroeffnung-des-naturparkhauses-stechlin\/"]}]},{"@type":"BreadcrumbList","@id":"https:\/\/www.naturparkmagazin.de\/stechlin\/wieder-eroeffnung-des-naturparkhauses-stechlin\/#breadcrumb","itemListElement":[{"@type":"ListItem","position":1,"name":"Home","item":"https:\/\/www.naturparkmagazin.de\/stechlin\/"},{"@type":"ListItem","position":2,"name":"(Wieder-)Er\u00f6ffnung des NaturParkHauses Stechlin"}]},{"@type":"WebSite","@id":"https:\/\/www.naturparkmagazin.de\/stechlin\/#website","url":"https:\/\/www.naturparkmagazin.de\/stechlin\/","name":"Naturpark Stechlin-Ruppiner Land","description":"","potentialAction":[{"@type":"SearchAction","target":{"@type":"EntryPoint","urlTemplate":"https:\/\/www.naturparkmagazin.de\/stechlin\/?s={search_term_string}"},"query-input":"required name=search_term_string"}],"inLanguage":"de"},{"@type":"Person","@id":"https:\/\/www.naturparkmagazin.de\/stechlin\/#\/schema\/person\/3f0d93203df21c806dd63c76d9bb28bc","name":"marioschrumpf","url":"https:\/\/www.naturparkmagazin.de\/stechlin\/author\/marioschrumpf\/"}]}},"_links":{"self":[{"href":"https:\/\/www.naturparkmagazin.de\/stechlin\/wp-json\/wp\/v2\/posts\/9591"}],"collection":[{"href":"https:\/\/www.naturparkmagazin.de\/stechlin\/wp-json\/wp\/v2\/posts"}],"about":[{"href":"https:\/\/www.naturparkmagazin.de\/stechlin\/wp-json\/wp\/v2\/types\/post"}],"author":[{"embeddable":true,"href":"https:\/\/www.naturparkmagazin.de\/stechlin\/wp-json\/wp\/v2\/users\/39"}],"replies":[{"embeddable":true,"href":"https:\/\/www.naturparkmagazin.de\/stechlin\/wp-json\/wp\/v2\/comments?post=9591"}],"version-history":[{"count":4,"href":"https:\/\/www.naturparkmagazin.de\/stechlin\/wp-json\/wp\/v2\/posts\/9591\/revisions"}],"predecessor-version":[{"id":9624,"href":"https:\/\/www.naturparkmagazin.de\/stechlin\/wp-json\/wp\/v2\/posts\/9591\/revisions\/9624"}],"wp:featuredmedia":[{"embeddable":true,"href":"https:\/\/www.naturparkmagazin.de\/stechlin\/wp-json\/wp\/v2\/media\/1372"}],"wp:attachment":[{"href":"https:\/\/www.naturparkmagazin.de\/stechlin\/wp-json\/wp\/v2\/media?parent=9591"}],"wp:term":[{"taxonomy":"category","embeddable":true,"href":"https:\/\/www.naturparkmagazin.de\/stechlin\/wp-json\/wp\/v2\/categories?post=9591"},{"taxonomy":"post_tag","embeddable":true,"href":"https:\/\/www.naturparkmagazin.de\/stechlin\/wp-json\/wp\/v2\/tags?post=9591"}],"curies":[{"name":"wp","href":"https:\/\/api.w.org\/{rel}","templated":true}]}}