{"id":9602,"date":"2020-06-15T09:04:59","date_gmt":"2020-06-15T07:04:59","guid":{"rendered":"https:\/\/www.naturparkmagazin.de\/stechlin\/?p=9602"},"modified":"2020-07-01T12:26:28","modified_gmt":"2020-07-01T10:26:28","slug":"feldtag-am-kalksee","status":"publish","type":"post","link":"https:\/\/www.naturparkmagazin.de\/stechlin\/feldtag-am-kalksee\/","title":{"rendered":"Feldtag am Kalksee"},"content":{"rendered":"<p><span style=\"color: #000000;font-family: Calibri\">Der Bericht zur Lage der Natur vom 19.05.2020 des Bundesministeriums f\u00fcr Umwelt, Naturschutz und nukleare Sicherheit fordert die <em>\u201egro\u00dffl\u00e4chige Umsetzung von hochwirksamen Ma\u00dfnahmen wie etwa selbstbegr\u00fcnte Ackerbrachen, Bl\u00fchfl\u00e4chen aus autochthonem regionalem Saatgut, Pufferstreifen sowie Formen des extensiven Getreideanbaus&#8220;<\/em>.<\/span><\/p>\n<div id=\"attachment_9605\" style=\"width: 310px\" class=\"wp-caption aligncenter\"><a href=\"https:\/\/www.naturparkmagazin.de\/stechlin\/wp-content\/uploads\/sites\/38\/andreas_einleitung-ins-thema.jpg\"><img aria-describedby=\"caption-attachment-9605\" decoding=\"async\" loading=\"lazy\" class=\"wp-image-9605 size-thumbnail\" src=\"https:\/\/www.naturparkmagazin.de\/stechlin\/wp-content\/uploads\/sites\/38\/andreas_einleitung-ins-thema-300x180.jpg\" alt=\"NP SRL (Silke Oldorff)\" width=\"300\" height=\"180\" srcset=\"https:\/\/www.naturparkmagazin.de\/stechlin\/wp-content\/uploads\/sites\/38\/andreas_einleitung-ins-thema-300x180.jpg 300w, https:\/\/www.naturparkmagazin.de\/stechlin\/wp-content\/uploads\/sites\/38\/andreas_einleitung-ins-thema.jpg 500w, https:\/\/www.naturparkmagazin.de\/stechlin\/wp-content\/uploads\/sites\/38\/andreas_einleitung-ins-thema-200x120.jpg 200w\" sizes=\"(max-width: 300px) 100vw, 300px\" \/><\/a><p id=\"caption-attachment-9605\" class=\"wp-caption-text\">Andreas Bergmann stimmt einleitend die Gruppe auf die Dringlichkeit des gew\u00e4hlten Themas ein.<\/p><\/div>\n<p><span style=\"color: #000000;font-family: Calibri\">Unter diesem Themenkomplex\u00a0hatten am 12. Juni der Landschaftspflegeverband Prignitz Ruppiner Land e.V., zusammen <span style=\"font-family: Calibri\">mit dem Naturpark Stechlin-Ruppiner Land und der Rheinsberger Preussenquelle<\/span>\u00a0\u00a0zum zweiten Feldtag am Kalksee eingeladen. Gemeinsam\u00a0wurden die Bem\u00fchungen zum Schutz des Klarwassersees vorgestellt.<\/span><\/p>\n<p><span style=\"color: #000000;font-family: Calibri\">Der Schwerpunkt in diesem Jahr lag auf dem Segetalartenschutz.\u00a0So wurden\u00a0Ma\u00dfnahmen und F\u00f6rderm\u00f6glichkeiten rund um den Schutz der Ackerbegleitflora vorgestellt.<\/span><\/p>\n<div id=\"attachment_9606\" style=\"width: 310px\" class=\"wp-caption aligncenter\"><a href=\"https:\/\/www.naturparkmagazin.de\/stechlin\/wp-content\/uploads\/sites\/38\/heiko_vertragsnaturschutz.jpg\"><img aria-describedby=\"caption-attachment-9606\" decoding=\"async\" loading=\"lazy\" class=\"wp-image-9606 size-thumbnail\" src=\"https:\/\/www.naturparkmagazin.de\/stechlin\/wp-content\/uploads\/sites\/38\/heiko_vertragsnaturschutz-300x180.jpg\" alt=\"NP SRL (Silke Oldorff)\" width=\"300\" height=\"180\" srcset=\"https:\/\/www.naturparkmagazin.de\/stechlin\/wp-content\/uploads\/sites\/38\/heiko_vertragsnaturschutz-300x180.jpg 300w, https:\/\/www.naturparkmagazin.de\/stechlin\/wp-content\/uploads\/sites\/38\/heiko_vertragsnaturschutz.jpg 500w, https:\/\/www.naturparkmagazin.de\/stechlin\/wp-content\/uploads\/sites\/38\/heiko_vertragsnaturschutz-200x120.jpg 200w\" sizes=\"(max-width: 300px) 100vw, 300px\" \/><\/a><p id=\"caption-attachment-9606\" class=\"wp-caption-text\">Heiko Strobel erkl\u00e4rt das Instrument des Vertragsnaturschutzes am &#8222;lebenden&#8220; Objekt.<\/p><\/div>\n<p><span style=\"color: #000000;font-family: Calibri\">Zu Fu\u00df ging es \u00fcber vier Kilometer entlang verschiedener Feldfl\u00e4chen zur\u00fcck zum Ausgangspunkt. Auf dem Spaziergang wurden Bl\u00fch- und Segetalschutzfl\u00e4chen sowie Fl\u00e4chen in der Umstellung auf eine \u00f6kologische Betriebsweise gezeigt und erl\u00e4utert, welche Rolle dabei der Vertragsnaturschutz als Instrument der Honorierung von Leistungen der Landwirte spielt. Nat\u00fcrlich war auch f\u00fcr das leibliche Wohl gesorgt.<\/span><\/p>\n<div id=\"attachment_9607\" style=\"width: 310px\" class=\"wp-caption aligncenter\"><a href=\"https:\/\/www.naturparkmagazin.de\/stechlin\/wp-content\/uploads\/sites\/38\/silke_ackerwildkr\u00e4uter.jpg\"><img aria-describedby=\"caption-attachment-9607\" decoding=\"async\" loading=\"lazy\" class=\"wp-image-9607 size-thumbnail\" src=\"https:\/\/www.naturparkmagazin.de\/stechlin\/wp-content\/uploads\/sites\/38\/silke_ackerwildkr\u00e4uter-300x180.jpg\" alt=\"Archiv Rheinsberger Preussenquelle\" width=\"300\" height=\"180\" srcset=\"https:\/\/www.naturparkmagazin.de\/stechlin\/wp-content\/uploads\/sites\/38\/silke_ackerwildkr\u00e4uter-300x180.jpg 300w, https:\/\/www.naturparkmagazin.de\/stechlin\/wp-content\/uploads\/sites\/38\/silke_ackerwildkr\u00e4uter.jpg 500w, https:\/\/www.naturparkmagazin.de\/stechlin\/wp-content\/uploads\/sites\/38\/silke_ackerwildkr\u00e4uter-200x120.jpg 200w\" sizes=\"(max-width: 300px) 100vw, 300px\" \/><\/a><p id=\"caption-attachment-9607\" class=\"wp-caption-text\">Silke Oldorff beschreibt die Motive und Anstrengungen zum Erhalt von Ackerwildkr\u00e4utern im Naturpark Stechlin-Ruppiner Land.<\/p><\/div>\n<p>Ausf\u00fchrlich beschreibt der <a href=\"https:\/\/www.bleibt-natuerlich.de\/nachhaltigkeit\/bunt-statt-monoton-eine-exkursion-zu-den-wildkraeutern\/\" target=\"_blank\">Blogbeitrag der Rheinsberger Preussenquelle<\/a> die Exkursion unter dem Thema Nachhaltigkeit.<\/p>\n","protected":false},"excerpt":{"rendered":"<p>20 Teilnehmer folgten am 12. Juni der Einladung zum 2. Feldtag an den Kalksee bei Binenwalde.<\/p>\n","protected":false},"author":39,"featured_media":9604,"comment_status":"open","ping_status":"open","sticky":false,"template":"","format":"standard","meta":[],"categories":[7],"tags":[],"yoast_head":"<!-- This site is optimized with the Yoast SEO plugin v19.10 - https:\/\/yoast.com\/wordpress\/plugins\/seo\/ -->\n<title>Feldtag am Kalksee - Naturpark Stechlin-Ruppiner Land<\/title>\n<meta name=\"robots\" content=\"index, follow, max-snippet:-1, max-image-preview:large, max-video-preview:-1\" \/>\n<link rel=\"canonical\" href=\"https:\/\/www.naturparkmagazin.de\/stechlin\/feldtag-am-kalksee\/\" \/>\n<meta property=\"og:locale\" content=\"de_DE\" \/>\n<meta property=\"og:type\" content=\"article\" \/>\n<meta property=\"og:title\" content=\"Feldtag am Kalksee - Naturpark Stechlin-Ruppiner Land\" \/>\n<meta property=\"og:description\" content=\"20 Teilnehmer folgten am 12. Juni der Einladung zum 2. Feldtag an den Kalksee bei Binenwalde.\" \/>\n<meta property=\"og:url\" content=\"https:\/\/www.naturparkmagazin.de\/stechlin\/feldtag-am-kalksee\/\" \/>\n<meta property=\"og:site_name\" content=\"Naturpark Stechlin-Ruppiner Land\" \/>\n<meta property=\"article:published_time\" content=\"2020-06-15T07:04:59+00:00\" \/>\n<meta property=\"article:modified_time\" content=\"2020-07-01T10:26:28+00:00\" \/>\n<meta property=\"og:image\" content=\"https:\/\/www.naturparkmagazin.de\/stechlin\/wp-content\/uploads\/sites\/38\/2.feldtag_aufh\u00e4nger.jpg\" \/>\n\t<meta property=\"og:image:width\" content=\"200\" \/>\n\t<meta property=\"og:image:height\" content=\"200\" \/>\n\t<meta property=\"og:image:type\" content=\"image\/jpeg\" \/>\n<meta name=\"author\" content=\"marioschrumpf\" \/>\n<meta name=\"twitter:label1\" content=\"Verfasst von\" \/>\n\t<meta name=\"twitter:data1\" content=\"marioschrumpf\" \/>\n\t<meta name=\"twitter:label2\" content=\"Gesch\u00e4tzte Lesezeit\" \/>\n\t<meta name=\"twitter:data2\" content=\"1\u00a0Minute\" \/>\n<script type=\"application\/ld+json\" class=\"yoast-schema-graph\">{\"@context\":\"https:\/\/schema.org\",\"@graph\":[{\"@type\":\"WebPage\",\"@id\":\"https:\/\/www.naturparkmagazin.de\/stechlin\/feldtag-am-kalksee\/\",\"url\":\"https:\/\/www.naturparkmagazin.de\/stechlin\/feldtag-am-kalksee\/\",\"name\":\"Feldtag am Kalksee - Naturpark Stechlin-Ruppiner Land\",\"isPartOf\":{\"@id\":\"https:\/\/www.naturparkmagazin.de\/stechlin\/#website\"},\"datePublished\":\"2020-06-15T07:04:59+00:00\",\"dateModified\":\"2020-07-01T10:26:28+00:00\",\"author\":{\"@id\":\"https:\/\/www.naturparkmagazin.de\/stechlin\/#\/schema\/person\/3f0d93203df21c806dd63c76d9bb28bc\"},\"breadcrumb\":{\"@id\":\"https:\/\/www.naturparkmagazin.de\/stechlin\/feldtag-am-kalksee\/#breadcrumb\"},\"inLanguage\":\"de\",\"potentialAction\":[{\"@type\":\"ReadAction\",\"target\":[\"https:\/\/www.naturparkmagazin.de\/stechlin\/feldtag-am-kalksee\/\"]}]},{\"@type\":\"BreadcrumbList\",\"@id\":\"https:\/\/www.naturparkmagazin.de\/stechlin\/feldtag-am-kalksee\/#breadcrumb\",\"itemListElement\":[{\"@type\":\"ListItem\",\"position\":1,\"name\":\"Home\",\"item\":\"https:\/\/www.naturparkmagazin.de\/stechlin\/\"},{\"@type\":\"ListItem\",\"position\":2,\"name\":\"Feldtag am Kalksee\"}]},{\"@type\":\"WebSite\",\"@id\":\"https:\/\/www.naturparkmagazin.de\/stechlin\/#website\",\"url\":\"https:\/\/www.naturparkmagazin.de\/stechlin\/\",\"name\":\"Naturpark Stechlin-Ruppiner Land\",\"description\":\"\",\"potentialAction\":[{\"@type\":\"SearchAction\",\"target\":{\"@type\":\"EntryPoint\",\"urlTemplate\":\"https:\/\/www.naturparkmagazin.de\/stechlin\/?s={search_term_string}\"},\"query-input\":\"required name=search_term_string\"}],\"inLanguage\":\"de\"},{\"@type\":\"Person\",\"@id\":\"https:\/\/www.naturparkmagazin.de\/stechlin\/#\/schema\/person\/3f0d93203df21c806dd63c76d9bb28bc\",\"name\":\"marioschrumpf\",\"url\":\"https:\/\/www.naturparkmagazin.de\/stechlin\/author\/marioschrumpf\/\"}]}<\/script>\n<!-- \/ Yoast SEO plugin. -->","yoast_head_json":{"title":"Feldtag am Kalksee - Naturpark Stechlin-Ruppiner Land","robots":{"index":"index","follow":"follow","max-snippet":"max-snippet:-1","max-image-preview":"max-image-preview:large","max-video-preview":"max-video-preview:-1"},"canonical":"https:\/\/www.naturparkmagazin.de\/stechlin\/feldtag-am-kalksee\/","og_locale":"de_DE","og_type":"article","og_title":"Feldtag am Kalksee - Naturpark Stechlin-Ruppiner Land","og_description":"20 Teilnehmer folgten am 12. Juni der Einladung zum 2. Feldtag an den Kalksee bei Binenwalde.","og_url":"https:\/\/www.naturparkmagazin.de\/stechlin\/feldtag-am-kalksee\/","og_site_name":"Naturpark Stechlin-Ruppiner Land","article_published_time":"2020-06-15T07:04:59+00:00","article_modified_time":"2020-07-01T10:26:28+00:00","og_image":[{"width":200,"height":200,"url":"https:\/\/www.naturparkmagazin.de\/stechlin\/wp-content\/uploads\/sites\/38\/2.feldtag_aufh\u00e4nger.jpg","type":"image\/jpeg"}],"author":"marioschrumpf","twitter_misc":{"Verfasst von":"marioschrumpf","Gesch\u00e4tzte Lesezeit":"1\u00a0Minute"},"schema":{"@context":"https:\/\/schema.org","@graph":[{"@type":"WebPage","@id":"https:\/\/www.naturparkmagazin.de\/stechlin\/feldtag-am-kalksee\/","url":"https:\/\/www.naturparkmagazin.de\/stechlin\/feldtag-am-kalksee\/","name":"Feldtag am Kalksee - Naturpark Stechlin-Ruppiner Land","isPartOf":{"@id":"https:\/\/www.naturparkmagazin.de\/stechlin\/#website"},"datePublished":"2020-06-15T07:04:59+00:00","dateModified":"2020-07-01T10:26:28+00:00","author":{"@id":"https:\/\/www.naturparkmagazin.de\/stechlin\/#\/schema\/person\/3f0d93203df21c806dd63c76d9bb28bc"},"breadcrumb":{"@id":"https:\/\/www.naturparkmagazin.de\/stechlin\/feldtag-am-kalksee\/#breadcrumb"},"inLanguage":"de","potentialAction":[{"@type":"ReadAction","target":["https:\/\/www.naturparkmagazin.de\/stechlin\/feldtag-am-kalksee\/"]}]},{"@type":"BreadcrumbList","@id":"https:\/\/www.naturparkmagazin.de\/stechlin\/feldtag-am-kalksee\/#breadcrumb","itemListElement":[{"@type":"ListItem","position":1,"name":"Home","item":"https:\/\/www.naturparkmagazin.de\/stechlin\/"},{"@type":"ListItem","position":2,"name":"Feldtag am Kalksee"}]},{"@type":"WebSite","@id":"https:\/\/www.naturparkmagazin.de\/stechlin\/#website","url":"https:\/\/www.naturparkmagazin.de\/stechlin\/","name":"Naturpark Stechlin-Ruppiner Land","description":"","potentialAction":[{"@type":"SearchAction","target":{"@type":"EntryPoint","urlTemplate":"https:\/\/www.naturparkmagazin.de\/stechlin\/?s={search_term_string}"},"query-input":"required name=search_term_string"}],"inLanguage":"de"},{"@type":"Person","@id":"https:\/\/www.naturparkmagazin.de\/stechlin\/#\/schema\/person\/3f0d93203df21c806dd63c76d9bb28bc","name":"marioschrumpf","url":"https:\/\/www.naturparkmagazin.de\/stechlin\/author\/marioschrumpf\/"}]}},"_links":{"self":[{"href":"https:\/\/www.naturparkmagazin.de\/stechlin\/wp-json\/wp\/v2\/posts\/9602"}],"collection":[{"href":"https:\/\/www.naturparkmagazin.de\/stechlin\/wp-json\/wp\/v2\/posts"}],"about":[{"href":"https:\/\/www.naturparkmagazin.de\/stechlin\/wp-json\/wp\/v2\/types\/post"}],"author":[{"embeddable":true,"href":"https:\/\/www.naturparkmagazin.de\/stechlin\/wp-json\/wp\/v2\/users\/39"}],"replies":[{"embeddable":true,"href":"https:\/\/www.naturparkmagazin.de\/stechlin\/wp-json\/wp\/v2\/comments?post=9602"}],"version-history":[{"count":7,"href":"https:\/\/www.naturparkmagazin.de\/stechlin\/wp-json\/wp\/v2\/posts\/9602\/revisions"}],"predecessor-version":[{"id":9649,"href":"https:\/\/www.naturparkmagazin.de\/stechlin\/wp-json\/wp\/v2\/posts\/9602\/revisions\/9649"}],"wp:featuredmedia":[{"embeddable":true,"href":"https:\/\/www.naturparkmagazin.de\/stechlin\/wp-json\/wp\/v2\/media\/9604"}],"wp:attachment":[{"href":"https:\/\/www.naturparkmagazin.de\/stechlin\/wp-json\/wp\/v2\/media?parent=9602"}],"wp:term":[{"taxonomy":"category","embeddable":true,"href":"https:\/\/www.naturparkmagazin.de\/stechlin\/wp-json\/wp\/v2\/categories?post=9602"},{"taxonomy":"post_tag","embeddable":true,"href":"https:\/\/www.naturparkmagazin.de\/stechlin\/wp-json\/wp\/v2\/tags?post=9602"}],"curies":[{"name":"wp","href":"https:\/\/api.w.org\/{rel}","templated":true}]}}