{"id":9616,"date":"2020-06-15T11:42:51","date_gmt":"2020-06-15T09:42:51","guid":{"rendered":"https:\/\/www.naturparkmagazin.de\/stechlin\/?p=9616"},"modified":"2020-06-26T15:01:08","modified_gmt":"2020-06-26T13:01:08","slug":"reiterhof-wurde-als-schwalbenfreundliche-einrichtung-geehrt","status":"publish","type":"post","link":"https:\/\/www.naturparkmagazin.de\/stechlin\/reiterhof-wurde-als-schwalbenfreundliche-einrichtung-geehrt\/","title":{"rendered":"Reiterhof wurde als schwalbenfreundliche Einrichtung geehrt"},"content":{"rendered":"<div id=\"attachment_9618\" style=\"width: 310px\" class=\"wp-caption aligncenter\"><a href=\"https:\/\/www.naturparkmagazin.de\/stechlin\/wp-content\/uploads\/sites\/38\/Schwalben-willkommen-046.jpg\"><img aria-describedby=\"caption-attachment-9618\" decoding=\"async\" loading=\"lazy\" class=\"wp-image-9618 size-thumbnail\" src=\"https:\/\/www.naturparkmagazin.de\/stechlin\/wp-content\/uploads\/sites\/38\/Schwalben-willkommen-046-300x180.jpg\" alt=\"NP SRL\/J\u00fcrgen Rammelt\" width=\"300\" height=\"180\" srcset=\"https:\/\/www.naturparkmagazin.de\/stechlin\/wp-content\/uploads\/sites\/38\/Schwalben-willkommen-046-300x180.jpg 300w, https:\/\/www.naturparkmagazin.de\/stechlin\/wp-content\/uploads\/sites\/38\/Schwalben-willkommen-046.jpg 500w, https:\/\/www.naturparkmagazin.de\/stechlin\/wp-content\/uploads\/sites\/38\/Schwalben-willkommen-046-200x120.jpg 200w\" sizes=\"(max-width: 300px) 100vw, 300px\" \/><\/a><p id=\"caption-attachment-9618\" class=\"wp-caption-text\">15 Nester haben die Schwalbe um diese Lampe gebaut<\/p><\/div>\n<p>Es ist ein wahres Schwalben-Paradies, der Pferdestall des Reiterhofs &#8222;Am Rheinsberger Leuchtturm&#8220;. \u00dcber 70 Nester hat Besitzer Torsten Erdmann in dem Geb\u00e4ude mit den Boxen f\u00fcr die Vierbeiner gez\u00e4hlt. Allein an einer Leuchte im Eingangsbereich des Stalles befinden sich 15 Nester. Aus einigen lugen die Schn\u00e4bel der jungen V\u00f6gel hervor, die von ihren Eltern unentwegt mit Nahrung versorgt werden.<\/p>\n<p>Im ganzen Stall herrscht reger Flugbetrieb. An den W\u00e4nden, im Dachgeb\u00e4lk und an anderen Stellen haben die V\u00f6gel ihre halbrunden Nester gebaut. Sowohl im Stall als auch im Umfeld des Reiterhofes scheint es von Fliegen, M\u00fccken und anderen Insekten zu wimmeln, die den Schwalben als Futter dienen. Aber auch an anderen Stellen des weitr\u00e4umigen Reiterhofes haben die V\u00f6gel ihre Nester gebaut.<\/p>\n<p>F\u00fcr Torsten Erdmann ist das Vorhandensein der V\u00f6gel normal. &#8222;<em>Sie f\u00fchlen sich hier heimisch<\/em>&#8222;, erkl\u00e4rt der Eigent\u00fcmer der Pension mit der Kutscherstube, der neben eigenen Pferden auch Pensionstieren ein Zuhause bietet. Die Stallatmosph\u00e4re scheint Schwalben zu gefallen. Selbst bei Reinigungsarbeiten achtet der Pferdewirt akribisch darauf, dass die V\u00f6gel nicht gest\u00f6rt werden.<\/p>\n<div id=\"attachment_9619\" style=\"width: 310px\" class=\"wp-caption aligncenter\"><a href=\"https:\/\/www.naturparkmagazin.de\/stechlin\/wp-content\/uploads\/sites\/38\/Schwalben-willkommen-037.jpg\"><img aria-describedby=\"caption-attachment-9619\" decoding=\"async\" loading=\"lazy\" class=\"wp-image-9619 size-thumbnail\" src=\"https:\/\/www.naturparkmagazin.de\/stechlin\/wp-content\/uploads\/sites\/38\/Schwalben-willkommen-037-300x180.jpg\" alt=\"NP SRL\/J\u00fcrgen Rammelt\" width=\"300\" height=\"180\" srcset=\"https:\/\/www.naturparkmagazin.de\/stechlin\/wp-content\/uploads\/sites\/38\/Schwalben-willkommen-037-300x180.jpg 300w, https:\/\/www.naturparkmagazin.de\/stechlin\/wp-content\/uploads\/sites\/38\/Schwalben-willkommen-037.jpg 500w, https:\/\/www.naturparkmagazin.de\/stechlin\/wp-content\/uploads\/sites\/38\/Schwalben-willkommen-037-200x120.jpg 200w\" sizes=\"(max-width: 300px) 100vw, 300px\" \/><\/a><p id=\"caption-attachment-9619\" class=\"wp-caption-text\">Silke Oldorff, Torsten Erdmann und Bernd Ewert bei der \u00dcbergabe der Auszeichnung<\/p><\/div>\n<p>Aus den H\u00e4nden von Bernd Ewert, dem Vorsitzenden des NABU-Kreisverbandes Neuruppin und der stellvertretenden Naturparkleiterin Silke Oldorff, erhielt Torsten Erdmann die Urkunde und <strong>Plakette &#8222;Schwalben willkommen&#8220;.<\/strong> Es ist eine Anerkennung, indem Besitzer solcher Geb\u00e4udestrukturen f\u00fcr den Schutz der auf Hilfe angewiesenen Vogelarten diese W\u00fcrdigung erfahren.<\/p>\n<p>Vorgeschlagen wurde der Reiterhof von J\u00fcrgen Rammelt, freier Journalist aus Rheinsberg.<\/p>\n","protected":false},"excerpt":{"rendered":"<p>Es ist ein wahres Schwalben-Paradies, der Pferdestall des Reiterhofs &#8222;Am Rheinsberger Leuchtturm&#8220;.<\/p>\n","protected":false},"author":39,"featured_media":9617,"comment_status":"open","ping_status":"open","sticky":false,"template":"","format":"standard","meta":[],"categories":[7],"tags":[],"yoast_head":"<!-- This site is optimized with the Yoast SEO plugin v19.10 - https:\/\/yoast.com\/wordpress\/plugins\/seo\/ -->\n<title>Reiterhof wurde als schwalbenfreundliche Einrichtung geehrt - Naturpark Stechlin-Ruppiner Land<\/title>\n<meta name=\"robots\" content=\"index, follow, max-snippet:-1, max-image-preview:large, max-video-preview:-1\" \/>\n<link rel=\"canonical\" href=\"https:\/\/www.naturparkmagazin.de\/stechlin\/reiterhof-wurde-als-schwalbenfreundliche-einrichtung-geehrt\/\" \/>\n<meta property=\"og:locale\" content=\"de_DE\" \/>\n<meta property=\"og:type\" content=\"article\" \/>\n<meta property=\"og:title\" content=\"Reiterhof wurde als schwalbenfreundliche Einrichtung geehrt - Naturpark Stechlin-Ruppiner Land\" \/>\n<meta property=\"og:description\" content=\"Es ist ein wahres Schwalben-Paradies, der Pferdestall des Reiterhofs &quot;Am Rheinsberger Leuchtturm&quot;.\" \/>\n<meta property=\"og:url\" content=\"https:\/\/www.naturparkmagazin.de\/stechlin\/reiterhof-wurde-als-schwalbenfreundliche-einrichtung-geehrt\/\" \/>\n<meta property=\"og:site_name\" content=\"Naturpark Stechlin-Ruppiner Land\" \/>\n<meta property=\"article:published_time\" content=\"2020-06-15T09:42:51+00:00\" \/>\n<meta property=\"article:modified_time\" content=\"2020-06-26T13:01:08+00:00\" \/>\n<meta property=\"og:image\" content=\"https:\/\/www.naturparkmagazin.de\/stechlin\/wp-content\/uploads\/sites\/38\/Schwalben-willkommen.jpg\" \/>\n\t<meta property=\"og:image:width\" content=\"200\" \/>\n\t<meta property=\"og:image:height\" content=\"200\" \/>\n\t<meta property=\"og:image:type\" content=\"image\/jpeg\" \/>\n<meta name=\"author\" content=\"marioschrumpf\" \/>\n<meta name=\"twitter:label1\" content=\"Verfasst von\" \/>\n\t<meta name=\"twitter:data1\" content=\"marioschrumpf\" \/>\n\t<meta name=\"twitter:label2\" content=\"Gesch\u00e4tzte Lesezeit\" \/>\n\t<meta name=\"twitter:data2\" content=\"1\u00a0Minute\" \/>\n<script type=\"application\/ld+json\" class=\"yoast-schema-graph\">{\"@context\":\"https:\/\/schema.org\",\"@graph\":[{\"@type\":\"WebPage\",\"@id\":\"https:\/\/www.naturparkmagazin.de\/stechlin\/reiterhof-wurde-als-schwalbenfreundliche-einrichtung-geehrt\/\",\"url\":\"https:\/\/www.naturparkmagazin.de\/stechlin\/reiterhof-wurde-als-schwalbenfreundliche-einrichtung-geehrt\/\",\"name\":\"Reiterhof wurde als schwalbenfreundliche Einrichtung geehrt - Naturpark Stechlin-Ruppiner Land\",\"isPartOf\":{\"@id\":\"https:\/\/www.naturparkmagazin.de\/stechlin\/#website\"},\"datePublished\":\"2020-06-15T09:42:51+00:00\",\"dateModified\":\"2020-06-26T13:01:08+00:00\",\"author\":{\"@id\":\"https:\/\/www.naturparkmagazin.de\/stechlin\/#\/schema\/person\/3f0d93203df21c806dd63c76d9bb28bc\"},\"breadcrumb\":{\"@id\":\"https:\/\/www.naturparkmagazin.de\/stechlin\/reiterhof-wurde-als-schwalbenfreundliche-einrichtung-geehrt\/#breadcrumb\"},\"inLanguage\":\"de\",\"potentialAction\":[{\"@type\":\"ReadAction\",\"target\":[\"https:\/\/www.naturparkmagazin.de\/stechlin\/reiterhof-wurde-als-schwalbenfreundliche-einrichtung-geehrt\/\"]}]},{\"@type\":\"BreadcrumbList\",\"@id\":\"https:\/\/www.naturparkmagazin.de\/stechlin\/reiterhof-wurde-als-schwalbenfreundliche-einrichtung-geehrt\/#breadcrumb\",\"itemListElement\":[{\"@type\":\"ListItem\",\"position\":1,\"name\":\"Home\",\"item\":\"https:\/\/www.naturparkmagazin.de\/stechlin\/\"},{\"@type\":\"ListItem\",\"position\":2,\"name\":\"Reiterhof wurde als schwalbenfreundliche Einrichtung geehrt\"}]},{\"@type\":\"WebSite\",\"@id\":\"https:\/\/www.naturparkmagazin.de\/stechlin\/#website\",\"url\":\"https:\/\/www.naturparkmagazin.de\/stechlin\/\",\"name\":\"Naturpark Stechlin-Ruppiner Land\",\"description\":\"\",\"potentialAction\":[{\"@type\":\"SearchAction\",\"target\":{\"@type\":\"EntryPoint\",\"urlTemplate\":\"https:\/\/www.naturparkmagazin.de\/stechlin\/?s={search_term_string}\"},\"query-input\":\"required name=search_term_string\"}],\"inLanguage\":\"de\"},{\"@type\":\"Person\",\"@id\":\"https:\/\/www.naturparkmagazin.de\/stechlin\/#\/schema\/person\/3f0d93203df21c806dd63c76d9bb28bc\",\"name\":\"marioschrumpf\",\"url\":\"https:\/\/www.naturparkmagazin.de\/stechlin\/author\/marioschrumpf\/\"}]}<\/script>\n<!-- \/ Yoast SEO plugin. -->","yoast_head_json":{"title":"Reiterhof wurde als schwalbenfreundliche Einrichtung geehrt - Naturpark Stechlin-Ruppiner Land","robots":{"index":"index","follow":"follow","max-snippet":"max-snippet:-1","max-image-preview":"max-image-preview:large","max-video-preview":"max-video-preview:-1"},"canonical":"https:\/\/www.naturparkmagazin.de\/stechlin\/reiterhof-wurde-als-schwalbenfreundliche-einrichtung-geehrt\/","og_locale":"de_DE","og_type":"article","og_title":"Reiterhof wurde als schwalbenfreundliche Einrichtung geehrt - Naturpark Stechlin-Ruppiner Land","og_description":"Es ist ein wahres Schwalben-Paradies, der Pferdestall des Reiterhofs \"Am Rheinsberger Leuchtturm\".","og_url":"https:\/\/www.naturparkmagazin.de\/stechlin\/reiterhof-wurde-als-schwalbenfreundliche-einrichtung-geehrt\/","og_site_name":"Naturpark Stechlin-Ruppiner Land","article_published_time":"2020-06-15T09:42:51+00:00","article_modified_time":"2020-06-26T13:01:08+00:00","og_image":[{"width":200,"height":200,"url":"https:\/\/www.naturparkmagazin.de\/stechlin\/wp-content\/uploads\/sites\/38\/Schwalben-willkommen.jpg","type":"image\/jpeg"}],"author":"marioschrumpf","twitter_misc":{"Verfasst von":"marioschrumpf","Gesch\u00e4tzte Lesezeit":"1\u00a0Minute"},"schema":{"@context":"https:\/\/schema.org","@graph":[{"@type":"WebPage","@id":"https:\/\/www.naturparkmagazin.de\/stechlin\/reiterhof-wurde-als-schwalbenfreundliche-einrichtung-geehrt\/","url":"https:\/\/www.naturparkmagazin.de\/stechlin\/reiterhof-wurde-als-schwalbenfreundliche-einrichtung-geehrt\/","name":"Reiterhof wurde als schwalbenfreundliche Einrichtung geehrt - Naturpark Stechlin-Ruppiner Land","isPartOf":{"@id":"https:\/\/www.naturparkmagazin.de\/stechlin\/#website"},"datePublished":"2020-06-15T09:42:51+00:00","dateModified":"2020-06-26T13:01:08+00:00","author":{"@id":"https:\/\/www.naturparkmagazin.de\/stechlin\/#\/schema\/person\/3f0d93203df21c806dd63c76d9bb28bc"},"breadcrumb":{"@id":"https:\/\/www.naturparkmagazin.de\/stechlin\/reiterhof-wurde-als-schwalbenfreundliche-einrichtung-geehrt\/#breadcrumb"},"inLanguage":"de","potentialAction":[{"@type":"ReadAction","target":["https:\/\/www.naturparkmagazin.de\/stechlin\/reiterhof-wurde-als-schwalbenfreundliche-einrichtung-geehrt\/"]}]},{"@type":"BreadcrumbList","@id":"https:\/\/www.naturparkmagazin.de\/stechlin\/reiterhof-wurde-als-schwalbenfreundliche-einrichtung-geehrt\/#breadcrumb","itemListElement":[{"@type":"ListItem","position":1,"name":"Home","item":"https:\/\/www.naturparkmagazin.de\/stechlin\/"},{"@type":"ListItem","position":2,"name":"Reiterhof wurde als schwalbenfreundliche Einrichtung geehrt"}]},{"@type":"WebSite","@id":"https:\/\/www.naturparkmagazin.de\/stechlin\/#website","url":"https:\/\/www.naturparkmagazin.de\/stechlin\/","name":"Naturpark Stechlin-Ruppiner Land","description":"","potentialAction":[{"@type":"SearchAction","target":{"@type":"EntryPoint","urlTemplate":"https:\/\/www.naturparkmagazin.de\/stechlin\/?s={search_term_string}"},"query-input":"required name=search_term_string"}],"inLanguage":"de"},{"@type":"Person","@id":"https:\/\/www.naturparkmagazin.de\/stechlin\/#\/schema\/person\/3f0d93203df21c806dd63c76d9bb28bc","name":"marioschrumpf","url":"https:\/\/www.naturparkmagazin.de\/stechlin\/author\/marioschrumpf\/"}]}},"_links":{"self":[{"href":"https:\/\/www.naturparkmagazin.de\/stechlin\/wp-json\/wp\/v2\/posts\/9616"}],"collection":[{"href":"https:\/\/www.naturparkmagazin.de\/stechlin\/wp-json\/wp\/v2\/posts"}],"about":[{"href":"https:\/\/www.naturparkmagazin.de\/stechlin\/wp-json\/wp\/v2\/types\/post"}],"author":[{"embeddable":true,"href":"https:\/\/www.naturparkmagazin.de\/stechlin\/wp-json\/wp\/v2\/users\/39"}],"replies":[{"embeddable":true,"href":"https:\/\/www.naturparkmagazin.de\/stechlin\/wp-json\/wp\/v2\/comments?post=9616"}],"version-history":[{"count":3,"href":"https:\/\/www.naturparkmagazin.de\/stechlin\/wp-json\/wp\/v2\/posts\/9616\/revisions"}],"predecessor-version":[{"id":9626,"href":"https:\/\/www.naturparkmagazin.de\/stechlin\/wp-json\/wp\/v2\/posts\/9616\/revisions\/9626"}],"wp:featuredmedia":[{"embeddable":true,"href":"https:\/\/www.naturparkmagazin.de\/stechlin\/wp-json\/wp\/v2\/media\/9617"}],"wp:attachment":[{"href":"https:\/\/www.naturparkmagazin.de\/stechlin\/wp-json\/wp\/v2\/media?parent=9616"}],"wp:term":[{"taxonomy":"category","embeddable":true,"href":"https:\/\/www.naturparkmagazin.de\/stechlin\/wp-json\/wp\/v2\/categories?post=9616"},{"taxonomy":"post_tag","embeddable":true,"href":"https:\/\/www.naturparkmagazin.de\/stechlin\/wp-json\/wp\/v2\/tags?post=9616"}],"curies":[{"name":"wp","href":"https:\/\/api.w.org\/{rel}","templated":true}]}}