{"id":9643,"date":"2020-06-15T15:49:14","date_gmt":"2020-06-15T13:49:14","guid":{"rendered":"https:\/\/www.naturparkmagazin.de\/stechlin\/?p=9643"},"modified":"2020-07-01T12:24:50","modified_gmt":"2020-07-01T10:24:50","slug":"liebe-leserinnen-und-leser-62","status":"publish","type":"post","link":"https:\/\/www.naturparkmagazin.de\/stechlin\/liebe-leserinnen-und-leser-62\/","title":{"rendered":"Liebe Leserinnen und Leser,"},"content":{"rendered":"<p>ich freue mich, dass p\u00fcnktlich zum Beginn der Sommerferien in Berlin und Brandenburg das NaturParkHaus Stechlin, Besucherzentrum unseres Naturparks wieder seine T\u00fcren f\u00fcr Sie \u00f6ffnet.<\/p>\n<p>Auch wenn Corona uns spezielle Hygienema\u00dfnahmen diktiert, steht unser Haus f\u00fcr Sie, unsere G\u00e4ste, wieder bereit. Die KollegInnen vom F\u00f6rderverein Naturlandschaft Stechlin und Menzer Heide e.V. und unsere Natur- und Landschaftsf\u00fchrerInnen haben dar\u00fcber hinaus interessante Exkursionsangebote zusammengestellt.<\/p>\n<p>Herzlich willkommen in unserem Naturpark! Genie\u00dfen Sie den Sommer!<\/p>\n<p>Viel Spa\u00df beim Lesen!<\/p>\n<p>&nbsp;<\/p>\n<p>Dr. Mario Schrumpf<\/p>\n<p>Naturparkleiter<\/p>\n<p>&nbsp;<\/p>\n","protected":false},"excerpt":{"rendered":"<p>ich freue mich, dass p\u00fcnktlich zum Beginn der Sommerferien in Berlin und Brandenburg das NaturParkHaus Stechlin, Besucherzentrum unseres Naturparks wieder seine T\u00fcren f\u00fcr Sie \u00f6ffnet. Auch wenn Corona uns spezielle Hygienema\u00dfnahmen diktiert, steht unser Haus f\u00fcr Sie, unsere G\u00e4ste, wieder bereit. Die KollegInnen vom F\u00f6rderverein Naturlandschaft Stechlin und Menzer Heide e.V. und unsere Natur- und<\/p>\n","protected":false},"author":39,"featured_media":0,"comment_status":"open","ping_status":"open","sticky":false,"template":"","format":"standard","meta":[],"categories":[52],"tags":[],"yoast_head":"<!-- This site is optimized with the Yoast SEO plugin v19.10 - https:\/\/yoast.com\/wordpress\/plugins\/seo\/ -->\n<title>Liebe Leserinnen und Leser, - Naturpark Stechlin-Ruppiner Land<\/title>\n<meta name=\"robots\" content=\"index, follow, max-snippet:-1, max-image-preview:large, max-video-preview:-1\" \/>\n<link rel=\"canonical\" href=\"https:\/\/www.naturparkmagazin.de\/stechlin\/liebe-leserinnen-und-leser-62\/\" \/>\n<meta property=\"og:locale\" content=\"de_DE\" \/>\n<meta property=\"og:type\" content=\"article\" \/>\n<meta property=\"og:title\" content=\"Liebe Leserinnen und Leser, - Naturpark Stechlin-Ruppiner Land\" \/>\n<meta property=\"og:description\" content=\"ich freue mich, dass p\u00fcnktlich zum Beginn der Sommerferien in Berlin und Brandenburg das NaturParkHaus Stechlin, Besucherzentrum unseres Naturparks wieder seine T\u00fcren f\u00fcr Sie \u00f6ffnet. Auch wenn Corona uns spezielle Hygienema\u00dfnahmen diktiert, steht unser Haus f\u00fcr Sie, unsere G\u00e4ste, wieder bereit. Die KollegInnen vom F\u00f6rderverein Naturlandschaft Stechlin und Menzer Heide e.V. und unsere Natur- und\" \/>\n<meta property=\"og:url\" content=\"https:\/\/www.naturparkmagazin.de\/stechlin\/liebe-leserinnen-und-leser-62\/\" \/>\n<meta property=\"og:site_name\" content=\"Naturpark Stechlin-Ruppiner Land\" \/>\n<meta property=\"article:published_time\" content=\"2020-06-15T13:49:14+00:00\" \/>\n<meta property=\"article:modified_time\" content=\"2020-07-01T10:24:50+00:00\" \/>\n<meta name=\"author\" content=\"marioschrumpf\" \/>\n<meta name=\"twitter:label1\" content=\"Verfasst von\" \/>\n\t<meta name=\"twitter:data1\" content=\"marioschrumpf\" \/>\n<script type=\"application\/ld+json\" class=\"yoast-schema-graph\">{\"@context\":\"https:\/\/schema.org\",\"@graph\":[{\"@type\":\"WebPage\",\"@id\":\"https:\/\/www.naturparkmagazin.de\/stechlin\/liebe-leserinnen-und-leser-62\/\",\"url\":\"https:\/\/www.naturparkmagazin.de\/stechlin\/liebe-leserinnen-und-leser-62\/\",\"name\":\"Liebe Leserinnen und Leser, - Naturpark Stechlin-Ruppiner Land\",\"isPartOf\":{\"@id\":\"https:\/\/www.naturparkmagazin.de\/stechlin\/#website\"},\"datePublished\":\"2020-06-15T13:49:14+00:00\",\"dateModified\":\"2020-07-01T10:24:50+00:00\",\"author\":{\"@id\":\"https:\/\/www.naturparkmagazin.de\/stechlin\/#\/schema\/person\/3f0d93203df21c806dd63c76d9bb28bc\"},\"breadcrumb\":{\"@id\":\"https:\/\/www.naturparkmagazin.de\/stechlin\/liebe-leserinnen-und-leser-62\/#breadcrumb\"},\"inLanguage\":\"de\",\"potentialAction\":[{\"@type\":\"ReadAction\",\"target\":[\"https:\/\/www.naturparkmagazin.de\/stechlin\/liebe-leserinnen-und-leser-62\/\"]}]},{\"@type\":\"BreadcrumbList\",\"@id\":\"https:\/\/www.naturparkmagazin.de\/stechlin\/liebe-leserinnen-und-leser-62\/#breadcrumb\",\"itemListElement\":[{\"@type\":\"ListItem\",\"position\":1,\"name\":\"Home\",\"item\":\"https:\/\/www.naturparkmagazin.de\/stechlin\/\"},{\"@type\":\"ListItem\",\"position\":2,\"name\":\"Liebe Leserinnen und Leser,\"}]},{\"@type\":\"WebSite\",\"@id\":\"https:\/\/www.naturparkmagazin.de\/stechlin\/#website\",\"url\":\"https:\/\/www.naturparkmagazin.de\/stechlin\/\",\"name\":\"Naturpark Stechlin-Ruppiner Land\",\"description\":\"\",\"potentialAction\":[{\"@type\":\"SearchAction\",\"target\":{\"@type\":\"EntryPoint\",\"urlTemplate\":\"https:\/\/www.naturparkmagazin.de\/stechlin\/?s={search_term_string}\"},\"query-input\":\"required name=search_term_string\"}],\"inLanguage\":\"de\"},{\"@type\":\"Person\",\"@id\":\"https:\/\/www.naturparkmagazin.de\/stechlin\/#\/schema\/person\/3f0d93203df21c806dd63c76d9bb28bc\",\"name\":\"marioschrumpf\",\"url\":\"https:\/\/www.naturparkmagazin.de\/stechlin\/author\/marioschrumpf\/\"}]}<\/script>\n<!-- \/ Yoast SEO plugin. -->","yoast_head_json":{"title":"Liebe Leserinnen und Leser, - Naturpark Stechlin-Ruppiner Land","robots":{"index":"index","follow":"follow","max-snippet":"max-snippet:-1","max-image-preview":"max-image-preview:large","max-video-preview":"max-video-preview:-1"},"canonical":"https:\/\/www.naturparkmagazin.de\/stechlin\/liebe-leserinnen-und-leser-62\/","og_locale":"de_DE","og_type":"article","og_title":"Liebe Leserinnen und Leser, - Naturpark Stechlin-Ruppiner Land","og_description":"ich freue mich, dass p\u00fcnktlich zum Beginn der Sommerferien in Berlin und Brandenburg das NaturParkHaus Stechlin, Besucherzentrum unseres Naturparks wieder seine T\u00fcren f\u00fcr Sie \u00f6ffnet. Auch wenn Corona uns spezielle Hygienema\u00dfnahmen diktiert, steht unser Haus f\u00fcr Sie, unsere G\u00e4ste, wieder bereit. Die KollegInnen vom F\u00f6rderverein Naturlandschaft Stechlin und Menzer Heide e.V. und unsere Natur- und","og_url":"https:\/\/www.naturparkmagazin.de\/stechlin\/liebe-leserinnen-und-leser-62\/","og_site_name":"Naturpark Stechlin-Ruppiner Land","article_published_time":"2020-06-15T13:49:14+00:00","article_modified_time":"2020-07-01T10:24:50+00:00","author":"marioschrumpf","twitter_misc":{"Verfasst von":"marioschrumpf"},"schema":{"@context":"https:\/\/schema.org","@graph":[{"@type":"WebPage","@id":"https:\/\/www.naturparkmagazin.de\/stechlin\/liebe-leserinnen-und-leser-62\/","url":"https:\/\/www.naturparkmagazin.de\/stechlin\/liebe-leserinnen-und-leser-62\/","name":"Liebe Leserinnen und Leser, - Naturpark Stechlin-Ruppiner Land","isPartOf":{"@id":"https:\/\/www.naturparkmagazin.de\/stechlin\/#website"},"datePublished":"2020-06-15T13:49:14+00:00","dateModified":"2020-07-01T10:24:50+00:00","author":{"@id":"https:\/\/www.naturparkmagazin.de\/stechlin\/#\/schema\/person\/3f0d93203df21c806dd63c76d9bb28bc"},"breadcrumb":{"@id":"https:\/\/www.naturparkmagazin.de\/stechlin\/liebe-leserinnen-und-leser-62\/#breadcrumb"},"inLanguage":"de","potentialAction":[{"@type":"ReadAction","target":["https:\/\/www.naturparkmagazin.de\/stechlin\/liebe-leserinnen-und-leser-62\/"]}]},{"@type":"BreadcrumbList","@id":"https:\/\/www.naturparkmagazin.de\/stechlin\/liebe-leserinnen-und-leser-62\/#breadcrumb","itemListElement":[{"@type":"ListItem","position":1,"name":"Home","item":"https:\/\/www.naturparkmagazin.de\/stechlin\/"},{"@type":"ListItem","position":2,"name":"Liebe Leserinnen und Leser,"}]},{"@type":"WebSite","@id":"https:\/\/www.naturparkmagazin.de\/stechlin\/#website","url":"https:\/\/www.naturparkmagazin.de\/stechlin\/","name":"Naturpark Stechlin-Ruppiner Land","description":"","potentialAction":[{"@type":"SearchAction","target":{"@type":"EntryPoint","urlTemplate":"https:\/\/www.naturparkmagazin.de\/stechlin\/?s={search_term_string}"},"query-input":"required name=search_term_string"}],"inLanguage":"de"},{"@type":"Person","@id":"https:\/\/www.naturparkmagazin.de\/stechlin\/#\/schema\/person\/3f0d93203df21c806dd63c76d9bb28bc","name":"marioschrumpf","url":"https:\/\/www.naturparkmagazin.de\/stechlin\/author\/marioschrumpf\/"}]}},"_links":{"self":[{"href":"https:\/\/www.naturparkmagazin.de\/stechlin\/wp-json\/wp\/v2\/posts\/9643"}],"collection":[{"href":"https:\/\/www.naturparkmagazin.de\/stechlin\/wp-json\/wp\/v2\/posts"}],"about":[{"href":"https:\/\/www.naturparkmagazin.de\/stechlin\/wp-json\/wp\/v2\/types\/post"}],"author":[{"embeddable":true,"href":"https:\/\/www.naturparkmagazin.de\/stechlin\/wp-json\/wp\/v2\/users\/39"}],"replies":[{"embeddable":true,"href":"https:\/\/www.naturparkmagazin.de\/stechlin\/wp-json\/wp\/v2\/comments?post=9643"}],"version-history":[{"count":3,"href":"https:\/\/www.naturparkmagazin.de\/stechlin\/wp-json\/wp\/v2\/posts\/9643\/revisions"}],"predecessor-version":[{"id":9648,"href":"https:\/\/www.naturparkmagazin.de\/stechlin\/wp-json\/wp\/v2\/posts\/9643\/revisions\/9648"}],"wp:attachment":[{"href":"https:\/\/www.naturparkmagazin.de\/stechlin\/wp-json\/wp\/v2\/media?parent=9643"}],"wp:term":[{"taxonomy":"category","embeddable":true,"href":"https:\/\/www.naturparkmagazin.de\/stechlin\/wp-json\/wp\/v2\/categories?post=9643"},{"taxonomy":"post_tag","embeddable":true,"href":"https:\/\/www.naturparkmagazin.de\/stechlin\/wp-json\/wp\/v2\/tags?post=9643"}],"curies":[{"name":"wp","href":"https:\/\/api.w.org\/{rel}","templated":true}]}}