{"id":9653,"date":"2020-07-17T08:03:41","date_gmt":"2020-07-17T06:03:41","guid":{"rendered":"https:\/\/www.naturparkmagazin.de\/stechlin\/?p=9653"},"modified":"2025-05-14T12:01:51","modified_gmt":"2025-05-14T10:01:51","slug":"bric-a-brac-jetzt-in-zernikow","status":"publish","type":"post","link":"https:\/\/www.naturparkmagazin.de\/stechlin\/bric-a-brac-jetzt-in-zernikow\/","title":{"rendered":"Bric \u00e0 Brac jetzt in Zernikow (2020)"},"content":{"rendered":"<div id=\"attachment_9656\" style=\"width: 310px\" class=\"wp-caption aligncenter\"><a href=\"https:\/\/www.naturparkmagazin.de\/stechlin\/wp-content\/uploads\/sites\/38\/Cafe-Bric-a-Brac_47.jpg\"><img aria-describedby=\"caption-attachment-9656\" decoding=\"async\" loading=\"lazy\" class=\"size-thumbnail wp-image-9656\" src=\"https:\/\/www.naturparkmagazin.de\/stechlin\/wp-content\/uploads\/sites\/38\/Cafe-Bric-a-Brac_47-300x180.jpg\" alt=\"Der ehemalige Schafstall auf Gut Zernikow.\" width=\"300\" height=\"180\" srcset=\"https:\/\/www.naturparkmagazin.de\/stechlin\/wp-content\/uploads\/sites\/38\/Cafe-Bric-a-Brac_47-300x180.jpg 300w, https:\/\/www.naturparkmagazin.de\/stechlin\/wp-content\/uploads\/sites\/38\/Cafe-Bric-a-Brac_47.jpg 500w, https:\/\/www.naturparkmagazin.de\/stechlin\/wp-content\/uploads\/sites\/38\/Cafe-Bric-a-Brac_47-200x120.jpg 200w\" sizes=\"(max-width: 300px) 100vw, 300px\" \/><\/a><p id=\"caption-attachment-9656\" class=\"wp-caption-text\">Der ehemalige Schafstall auf Gut Zernikow.<\/p><\/div>\n<p>Das \u00fcber Jahre in Menz beheimatete franz\u00f6sische Caf\u00e9 hat neu auf Gut Zernikow er\u00f6ffnet.<\/p>\n<p>Bereits ab Pfingsten empfangen Jan Koch und seine Frau Aurore G\u00e4ste am neuen Standort. Im ehemaligen Schafstall auf Gut Zernikow stehen sowohl im Innenbereich als auch im Au\u00dfengel\u00e4nde ausreichend Pl\u00e4tze zur Verf\u00fcgung.<\/p>\n<div id=\"attachment_9655\" style=\"width: 310px\" class=\"wp-caption aligncenter\"><a href=\"https:\/\/www.naturparkmagazin.de\/stechlin\/wp-content\/uploads\/sites\/38\/Cafe-Bric-a-Brac_51.jpg\"><img aria-describedby=\"caption-attachment-9655\" decoding=\"async\" loading=\"lazy\" class=\"size-thumbnail wp-image-9655\" src=\"https:\/\/www.naturparkmagazin.de\/stechlin\/wp-content\/uploads\/sites\/38\/Cafe-Bric-a-Brac_51-300x180.jpg\" alt=\"Blick ins Innere des Cafes.\" width=\"300\" height=\"180\" srcset=\"https:\/\/www.naturparkmagazin.de\/stechlin\/wp-content\/uploads\/sites\/38\/Cafe-Bric-a-Brac_51-300x180.jpg 300w, https:\/\/www.naturparkmagazin.de\/stechlin\/wp-content\/uploads\/sites\/38\/Cafe-Bric-a-Brac_51.jpg 500w, https:\/\/www.naturparkmagazin.de\/stechlin\/wp-content\/uploads\/sites\/38\/Cafe-Bric-a-Brac_51-200x120.jpg 200w\" sizes=\"(max-width: 300px) 100vw, 300px\" \/><\/a><p id=\"caption-attachment-9655\" class=\"wp-caption-text\">Blick ins Innere des Caf\u00e9s.<\/p><\/div>\n<p>Ge\u00f6ffnet ist:<\/p>\n<p>30.5.-21.6.20, Sa 12-20 Uhr und So 12-18 Uhr<\/p>\n<p>24.6.-30.820., Mi-Sa 12-20 Uhr und So 12-18:30 Uhr<\/p>\n<p>2.9.-4.10.20, Fr-Sa 12-20 Uhr und So 12-18:30 Uhr<\/p>\n<div id=\"attachment_9654\" style=\"width: 310px\" class=\"wp-caption aligncenter\"><a href=\"https:\/\/www.naturparkmagazin.de\/stechlin\/wp-content\/uploads\/sites\/38\/Cafe-Bric-a-Brac_55.jpg\"><img aria-describedby=\"caption-attachment-9654\" decoding=\"async\" loading=\"lazy\" class=\"size-thumbnail wp-image-9654\" src=\"https:\/\/www.naturparkmagazin.de\/stechlin\/wp-content\/uploads\/sites\/38\/Cafe-Bric-a-Brac_55-300x180.jpg\" alt=\"Jan Koch empf\u00e4ngt seine G\u00e4ste ab sofort in Zernikow.\" width=\"300\" height=\"180\" srcset=\"https:\/\/www.naturparkmagazin.de\/stechlin\/wp-content\/uploads\/sites\/38\/Cafe-Bric-a-Brac_55-300x180.jpg 300w, https:\/\/www.naturparkmagazin.de\/stechlin\/wp-content\/uploads\/sites\/38\/Cafe-Bric-a-Brac_55.jpg 500w, https:\/\/www.naturparkmagazin.de\/stechlin\/wp-content\/uploads\/sites\/38\/Cafe-Bric-a-Brac_55-200x120.jpg 200w\" sizes=\"(max-width: 300px) 100vw, 300px\" \/><\/a><p id=\"caption-attachment-9654\" class=\"wp-caption-text\">Jan Koch empf\u00e4ngt seine G\u00e4ste ab sofort in Zernikow.<\/p><\/div>\n","protected":false},"excerpt":{"rendered":"<p>Das \u00fcber Jahre in Menz beheimatete franz\u00f6sische Caf\u00e9 hat neu auf Gut Zernikow er\u00f6ffnet.<\/p>\n","protected":false},"author":39,"featured_media":9657,"comment_status":"open","ping_status":"open","sticky":false,"template":"","format":"standard","meta":[],"categories":[7],"tags":[],"yoast_head":"<!-- This site is optimized with the Yoast SEO plugin v19.10 - https:\/\/yoast.com\/wordpress\/plugins\/seo\/ -->\n<title>Bric \u00e0 Brac jetzt in Zernikow (2020) - Naturpark Stechlin-Ruppiner Land<\/title>\n<meta name=\"robots\" content=\"index, follow, max-snippet:-1, max-image-preview:large, max-video-preview:-1\" \/>\n<link rel=\"canonical\" href=\"https:\/\/www.naturparkmagazin.de\/stechlin\/bric-a-brac-jetzt-in-zernikow\/\" \/>\n<meta property=\"og:locale\" content=\"de_DE\" \/>\n<meta property=\"og:type\" content=\"article\" \/>\n<meta property=\"og:title\" content=\"Bric \u00e0 Brac jetzt in Zernikow (2020) - Naturpark Stechlin-Ruppiner Land\" \/>\n<meta property=\"og:description\" content=\"Das \u00fcber Jahre in Menz beheimatete franz\u00f6sische Caf\u00e9 hat neu auf Gut Zernikow er\u00f6ffnet.\" \/>\n<meta property=\"og:url\" content=\"https:\/\/www.naturparkmagazin.de\/stechlin\/bric-a-brac-jetzt-in-zernikow\/\" \/>\n<meta property=\"og:site_name\" content=\"Naturpark Stechlin-Ruppiner Land\" \/>\n<meta property=\"article:published_time\" content=\"2020-07-17T06:03:41+00:00\" \/>\n<meta property=\"article:modified_time\" content=\"2025-05-14T10:01:51+00:00\" \/>\n<meta property=\"og:image\" content=\"https:\/\/www.naturparkmagazin.de\/stechlin\/wp-content\/uploads\/sites\/38\/Cafe-Bric-a-Brac_49.jpg\" \/>\n\t<meta property=\"og:image:width\" content=\"200\" \/>\n\t<meta property=\"og:image:height\" content=\"200\" \/>\n\t<meta property=\"og:image:type\" content=\"image\/jpeg\" \/>\n<meta name=\"author\" content=\"marioschrumpf\" \/>\n<meta name=\"twitter:label1\" content=\"Verfasst von\" \/>\n\t<meta name=\"twitter:data1\" content=\"marioschrumpf\" \/>\n\t<meta name=\"twitter:label2\" content=\"Gesch\u00e4tzte Lesezeit\" \/>\n\t<meta name=\"twitter:data2\" content=\"2\u00a0Minuten\" \/>\n<script type=\"application\/ld+json\" class=\"yoast-schema-graph\">{\"@context\":\"https:\/\/schema.org\",\"@graph\":[{\"@type\":\"WebPage\",\"@id\":\"https:\/\/www.naturparkmagazin.de\/stechlin\/bric-a-brac-jetzt-in-zernikow\/\",\"url\":\"https:\/\/www.naturparkmagazin.de\/stechlin\/bric-a-brac-jetzt-in-zernikow\/\",\"name\":\"Bric \u00e0 Brac jetzt in Zernikow (2020) - Naturpark Stechlin-Ruppiner Land\",\"isPartOf\":{\"@id\":\"https:\/\/www.naturparkmagazin.de\/stechlin\/#website\"},\"datePublished\":\"2020-07-17T06:03:41+00:00\",\"dateModified\":\"2025-05-14T10:01:51+00:00\",\"author\":{\"@id\":\"https:\/\/www.naturparkmagazin.de\/stechlin\/#\/schema\/person\/3f0d93203df21c806dd63c76d9bb28bc\"},\"breadcrumb\":{\"@id\":\"https:\/\/www.naturparkmagazin.de\/stechlin\/bric-a-brac-jetzt-in-zernikow\/#breadcrumb\"},\"inLanguage\":\"de\",\"potentialAction\":[{\"@type\":\"ReadAction\",\"target\":[\"https:\/\/www.naturparkmagazin.de\/stechlin\/bric-a-brac-jetzt-in-zernikow\/\"]}]},{\"@type\":\"BreadcrumbList\",\"@id\":\"https:\/\/www.naturparkmagazin.de\/stechlin\/bric-a-brac-jetzt-in-zernikow\/#breadcrumb\",\"itemListElement\":[{\"@type\":\"ListItem\",\"position\":1,\"name\":\"Home\",\"item\":\"https:\/\/www.naturparkmagazin.de\/stechlin\/\"},{\"@type\":\"ListItem\",\"position\":2,\"name\":\"Bric \u00e0 Brac jetzt in Zernikow (2020)\"}]},{\"@type\":\"WebSite\",\"@id\":\"https:\/\/www.naturparkmagazin.de\/stechlin\/#website\",\"url\":\"https:\/\/www.naturparkmagazin.de\/stechlin\/\",\"name\":\"Naturpark Stechlin-Ruppiner Land\",\"description\":\"\",\"potentialAction\":[{\"@type\":\"SearchAction\",\"target\":{\"@type\":\"EntryPoint\",\"urlTemplate\":\"https:\/\/www.naturparkmagazin.de\/stechlin\/?s={search_term_string}\"},\"query-input\":\"required name=search_term_string\"}],\"inLanguage\":\"de\"},{\"@type\":\"Person\",\"@id\":\"https:\/\/www.naturparkmagazin.de\/stechlin\/#\/schema\/person\/3f0d93203df21c806dd63c76d9bb28bc\",\"name\":\"marioschrumpf\",\"url\":\"https:\/\/www.naturparkmagazin.de\/stechlin\/author\/marioschrumpf\/\"}]}<\/script>\n<!-- \/ Yoast SEO plugin. -->","yoast_head_json":{"title":"Bric \u00e0 Brac jetzt in Zernikow (2020) - Naturpark Stechlin-Ruppiner Land","robots":{"index":"index","follow":"follow","max-snippet":"max-snippet:-1","max-image-preview":"max-image-preview:large","max-video-preview":"max-video-preview:-1"},"canonical":"https:\/\/www.naturparkmagazin.de\/stechlin\/bric-a-brac-jetzt-in-zernikow\/","og_locale":"de_DE","og_type":"article","og_title":"Bric \u00e0 Brac jetzt in Zernikow (2020) - Naturpark Stechlin-Ruppiner Land","og_description":"Das \u00fcber Jahre in Menz beheimatete franz\u00f6sische Caf\u00e9 hat neu auf Gut Zernikow er\u00f6ffnet.","og_url":"https:\/\/www.naturparkmagazin.de\/stechlin\/bric-a-brac-jetzt-in-zernikow\/","og_site_name":"Naturpark Stechlin-Ruppiner Land","article_published_time":"2020-07-17T06:03:41+00:00","article_modified_time":"2025-05-14T10:01:51+00:00","og_image":[{"width":200,"height":200,"url":"https:\/\/www.naturparkmagazin.de\/stechlin\/wp-content\/uploads\/sites\/38\/Cafe-Bric-a-Brac_49.jpg","type":"image\/jpeg"}],"author":"marioschrumpf","twitter_misc":{"Verfasst von":"marioschrumpf","Gesch\u00e4tzte Lesezeit":"2\u00a0Minuten"},"schema":{"@context":"https:\/\/schema.org","@graph":[{"@type":"WebPage","@id":"https:\/\/www.naturparkmagazin.de\/stechlin\/bric-a-brac-jetzt-in-zernikow\/","url":"https:\/\/www.naturparkmagazin.de\/stechlin\/bric-a-brac-jetzt-in-zernikow\/","name":"Bric \u00e0 Brac jetzt in Zernikow (2020) - Naturpark Stechlin-Ruppiner Land","isPartOf":{"@id":"https:\/\/www.naturparkmagazin.de\/stechlin\/#website"},"datePublished":"2020-07-17T06:03:41+00:00","dateModified":"2025-05-14T10:01:51+00:00","author":{"@id":"https:\/\/www.naturparkmagazin.de\/stechlin\/#\/schema\/person\/3f0d93203df21c806dd63c76d9bb28bc"},"breadcrumb":{"@id":"https:\/\/www.naturparkmagazin.de\/stechlin\/bric-a-brac-jetzt-in-zernikow\/#breadcrumb"},"inLanguage":"de","potentialAction":[{"@type":"ReadAction","target":["https:\/\/www.naturparkmagazin.de\/stechlin\/bric-a-brac-jetzt-in-zernikow\/"]}]},{"@type":"BreadcrumbList","@id":"https:\/\/www.naturparkmagazin.de\/stechlin\/bric-a-brac-jetzt-in-zernikow\/#breadcrumb","itemListElement":[{"@type":"ListItem","position":1,"name":"Home","item":"https:\/\/www.naturparkmagazin.de\/stechlin\/"},{"@type":"ListItem","position":2,"name":"Bric \u00e0 Brac jetzt in Zernikow (2020)"}]},{"@type":"WebSite","@id":"https:\/\/www.naturparkmagazin.de\/stechlin\/#website","url":"https:\/\/www.naturparkmagazin.de\/stechlin\/","name":"Naturpark Stechlin-Ruppiner Land","description":"","potentialAction":[{"@type":"SearchAction","target":{"@type":"EntryPoint","urlTemplate":"https:\/\/www.naturparkmagazin.de\/stechlin\/?s={search_term_string}"},"query-input":"required name=search_term_string"}],"inLanguage":"de"},{"@type":"Person","@id":"https:\/\/www.naturparkmagazin.de\/stechlin\/#\/schema\/person\/3f0d93203df21c806dd63c76d9bb28bc","name":"marioschrumpf","url":"https:\/\/www.naturparkmagazin.de\/stechlin\/author\/marioschrumpf\/"}]}},"_links":{"self":[{"href":"https:\/\/www.naturparkmagazin.de\/stechlin\/wp-json\/wp\/v2\/posts\/9653"}],"collection":[{"href":"https:\/\/www.naturparkmagazin.de\/stechlin\/wp-json\/wp\/v2\/posts"}],"about":[{"href":"https:\/\/www.naturparkmagazin.de\/stechlin\/wp-json\/wp\/v2\/types\/post"}],"author":[{"embeddable":true,"href":"https:\/\/www.naturparkmagazin.de\/stechlin\/wp-json\/wp\/v2\/users\/39"}],"replies":[{"embeddable":true,"href":"https:\/\/www.naturparkmagazin.de\/stechlin\/wp-json\/wp\/v2\/comments?post=9653"}],"version-history":[{"count":4,"href":"https:\/\/www.naturparkmagazin.de\/stechlin\/wp-json\/wp\/v2\/posts\/9653\/revisions"}],"predecessor-version":[{"id":17267,"href":"https:\/\/www.naturparkmagazin.de\/stechlin\/wp-json\/wp\/v2\/posts\/9653\/revisions\/17267"}],"wp:featuredmedia":[{"embeddable":true,"href":"https:\/\/www.naturparkmagazin.de\/stechlin\/wp-json\/wp\/v2\/media\/9657"}],"wp:attachment":[{"href":"https:\/\/www.naturparkmagazin.de\/stechlin\/wp-json\/wp\/v2\/media?parent=9653"}],"wp:term":[{"taxonomy":"category","embeddable":true,"href":"https:\/\/www.naturparkmagazin.de\/stechlin\/wp-json\/wp\/v2\/categories?post=9653"},{"taxonomy":"post_tag","embeddable":true,"href":"https:\/\/www.naturparkmagazin.de\/stechlin\/wp-json\/wp\/v2\/tags?post=9653"}],"curies":[{"name":"wp","href":"https:\/\/api.w.org\/{rel}","templated":true}]}}