{"id":966,"date":"2014-04-17T13:36:34","date_gmt":"2014-04-17T11:36:34","guid":{"rendered":"http:\/\/www.naturparkmagazin.de\/stechlin\/?p=966"},"modified":"2014-04-28T08:45:36","modified_gmt":"2014-04-28T06:45:36","slug":"arbeitseinsatz-in-der-apelallee-der-kita-wiesenwichtel","status":"publish","type":"post","link":"https:\/\/www.naturparkmagazin.de\/stechlin\/arbeitseinsatz-in-der-apelallee-der-kita-wiesenwichtel\/","title":{"rendered":"Arbeitseinsatz in der Apfelallee der Kita Wiesenwichtel"},"content":{"rendered":"<p>&nbsp;<\/p>\n<div id=\"attachment_968\" style=\"width: 510px\" class=\"wp-caption alignnone\"><a href=\"https:\/\/www.naturparkmagazin.de\/stechlin\/wp-content\/uploads\/sites\/38\/k-Wiesenwichtel3.jpg\"><img aria-describedby=\"caption-attachment-968\" decoding=\"async\" loading=\"lazy\" class=\"size-full wp-image-968 \" alt=\"Als alles geschafft war, gab es Saft, Br\u00f6tchen und Kaffee ...\" src=\"https:\/\/www.naturparkmagazin.de\/stechlin\/wp-content\/uploads\/sites\/38\/k-Wiesenwichtel3.jpg\" width=\"500\" height=\"300\" srcset=\"https:\/\/www.naturparkmagazin.de\/stechlin\/wp-content\/uploads\/sites\/38\/k-Wiesenwichtel3.jpg 500w, https:\/\/www.naturparkmagazin.de\/stechlin\/wp-content\/uploads\/sites\/38\/k-Wiesenwichtel3-300x180.jpg 300w, https:\/\/www.naturparkmagazin.de\/stechlin\/wp-content\/uploads\/sites\/38\/k-Wiesenwichtel3-200x120.jpg 200w\" sizes=\"(max-width: 500px) 100vw, 500px\" \/><\/a><p id=\"caption-attachment-968\" class=\"wp-caption-text\">Als alles geschafft war, gab es Saft, Br\u00f6tchen und Kaffee &#8230;<\/p><\/div>\n<p>Der Zehdenicker Apfelmann J\u00fcrgen Sinnecker hat zusammen mit 20 Eltern plus Kinder die Linower Apfelallee am ersten Aprilwochenende gepflegt. Es ist in Linow zu einer guten Tradition geworden, dass jedes Kind am Ende seiner Kitazeit einen Apfelbaum pflanzt. Die Hochst\u00e4mme alter Apfelsorten werden durch die Kita Wiesenwichtel gepflegt. So k\u00f6nnen die Kinder von der Bl\u00fcte im Fr\u00fchjahr bis zur Ernte im Herbst die Entwicklung der paradiesischen Frucht &#8222;live&#8220; miterleben. Das Projekt wurde finanziell vom Umweltministerium gef\u00f6rdert. Der Naturpark unterst\u00fctzt die Aktion durch Bereitstellung von Pflanzgut aus seinem Genressourcenprojekt. Weitere Infos unter <a href=\"http:\/\/www.der-Apfelmann.de\">www.der-Apfelmann.de<\/a><\/p>\n<div id=\"attachment_969\" style=\"width: 630px\" class=\"wp-caption alignnone\"><a href=\"https:\/\/www.naturparkmagazin.de\/stechlin\/wp-content\/uploads\/sites\/38\/Wiesenwichtel1.jpg\"><img aria-describedby=\"caption-attachment-969\" decoding=\"async\" loading=\"lazy\" class=\"size-medium wp-image-969\" alt=\"Auch die ganz kleinen haben geholfen!\" src=\"https:\/\/www.naturparkmagazin.de\/stechlin\/wp-content\/uploads\/sites\/38\/Wiesenwichtel1-620x414.jpg\" width=\"620\" height=\"414\" \/><\/a><p id=\"caption-attachment-969\" class=\"wp-caption-text\">Auch die ganz kleinen haben geholfen!<\/p><\/div>\n","protected":false},"excerpt":{"rendered":"<p>Der Zehdenicker Apfelmann J\u00fcrgen Sinnecker war zusammen mit 20 Eltern&amp;Kindern in der Linower Apfelallee zum Arbeitseinsatz. <\/p>\n","protected":false},"author":39,"featured_media":967,"comment_status":"open","ping_status":"open","sticky":false,"template":"","format":"standard","meta":[],"categories":[7],"tags":[],"yoast_head":"<!-- This site is optimized with the Yoast SEO plugin v19.10 - https:\/\/yoast.com\/wordpress\/plugins\/seo\/ -->\n<title>Arbeitseinsatz in der Apfelallee der Kita Wiesenwichtel - Naturpark Stechlin-Ruppiner Land<\/title>\n<meta name=\"robots\" content=\"index, follow, max-snippet:-1, max-image-preview:large, max-video-preview:-1\" \/>\n<link rel=\"canonical\" href=\"https:\/\/www.naturparkmagazin.de\/stechlin\/arbeitseinsatz-in-der-apelallee-der-kita-wiesenwichtel\/\" \/>\n<meta property=\"og:locale\" content=\"de_DE\" \/>\n<meta property=\"og:type\" content=\"article\" \/>\n<meta property=\"og:title\" content=\"Arbeitseinsatz in der Apfelallee der Kita Wiesenwichtel - Naturpark Stechlin-Ruppiner Land\" \/>\n<meta property=\"og:description\" content=\"Der Zehdenicker Apfelmann J\u00fcrgen Sinnecker war zusammen mit 20 Eltern&amp;Kindern in der Linower Apfelallee zum Arbeitseinsatz.\" \/>\n<meta property=\"og:url\" content=\"https:\/\/www.naturparkmagazin.de\/stechlin\/arbeitseinsatz-in-der-apelallee-der-kita-wiesenwichtel\/\" \/>\n<meta property=\"og:site_name\" content=\"Naturpark Stechlin-Ruppiner Land\" \/>\n<meta property=\"article:published_time\" content=\"2014-04-17T11:36:34+00:00\" \/>\n<meta property=\"article:modified_time\" content=\"2014-04-28T06:45:36+00:00\" \/>\n<meta property=\"og:image\" content=\"https:\/\/www.naturparkmagazin.de\/stechlin\/wp-content\/uploads\/sites\/38\/k-Wiesenwichtel_Infotafel.jpg\" \/>\n\t<meta property=\"og:image:width\" content=\"500\" \/>\n\t<meta property=\"og:image:height\" content=\"300\" \/>\n\t<meta property=\"og:image:type\" content=\"image\/jpeg\" \/>\n<meta name=\"author\" content=\"marioschrumpf\" \/>\n<meta name=\"twitter:label1\" content=\"Verfasst von\" \/>\n\t<meta name=\"twitter:data1\" content=\"marioschrumpf\" \/>\n\t<meta name=\"twitter:label2\" content=\"Gesch\u00e4tzte Lesezeit\" \/>\n\t<meta name=\"twitter:data2\" content=\"1\u00a0Minute\" \/>\n<script type=\"application\/ld+json\" class=\"yoast-schema-graph\">{\"@context\":\"https:\/\/schema.org\",\"@graph\":[{\"@type\":\"WebPage\",\"@id\":\"https:\/\/www.naturparkmagazin.de\/stechlin\/arbeitseinsatz-in-der-apelallee-der-kita-wiesenwichtel\/\",\"url\":\"https:\/\/www.naturparkmagazin.de\/stechlin\/arbeitseinsatz-in-der-apelallee-der-kita-wiesenwichtel\/\",\"name\":\"Arbeitseinsatz in der Apfelallee der Kita Wiesenwichtel - Naturpark Stechlin-Ruppiner Land\",\"isPartOf\":{\"@id\":\"https:\/\/www.naturparkmagazin.de\/stechlin\/#website\"},\"datePublished\":\"2014-04-17T11:36:34+00:00\",\"dateModified\":\"2014-04-28T06:45:36+00:00\",\"author\":{\"@id\":\"https:\/\/www.naturparkmagazin.de\/stechlin\/#\/schema\/person\/3f0d93203df21c806dd63c76d9bb28bc\"},\"breadcrumb\":{\"@id\":\"https:\/\/www.naturparkmagazin.de\/stechlin\/arbeitseinsatz-in-der-apelallee-der-kita-wiesenwichtel\/#breadcrumb\"},\"inLanguage\":\"de\",\"potentialAction\":[{\"@type\":\"ReadAction\",\"target\":[\"https:\/\/www.naturparkmagazin.de\/stechlin\/arbeitseinsatz-in-der-apelallee-der-kita-wiesenwichtel\/\"]}]},{\"@type\":\"BreadcrumbList\",\"@id\":\"https:\/\/www.naturparkmagazin.de\/stechlin\/arbeitseinsatz-in-der-apelallee-der-kita-wiesenwichtel\/#breadcrumb\",\"itemListElement\":[{\"@type\":\"ListItem\",\"position\":1,\"name\":\"Home\",\"item\":\"https:\/\/www.naturparkmagazin.de\/stechlin\/\"},{\"@type\":\"ListItem\",\"position\":2,\"name\":\"Arbeitseinsatz in der Apfelallee der Kita Wiesenwichtel\"}]},{\"@type\":\"WebSite\",\"@id\":\"https:\/\/www.naturparkmagazin.de\/stechlin\/#website\",\"url\":\"https:\/\/www.naturparkmagazin.de\/stechlin\/\",\"name\":\"Naturpark Stechlin-Ruppiner Land\",\"description\":\"\",\"potentialAction\":[{\"@type\":\"SearchAction\",\"target\":{\"@type\":\"EntryPoint\",\"urlTemplate\":\"https:\/\/www.naturparkmagazin.de\/stechlin\/?s={search_term_string}\"},\"query-input\":\"required name=search_term_string\"}],\"inLanguage\":\"de\"},{\"@type\":\"Person\",\"@id\":\"https:\/\/www.naturparkmagazin.de\/stechlin\/#\/schema\/person\/3f0d93203df21c806dd63c76d9bb28bc\",\"name\":\"marioschrumpf\",\"url\":\"https:\/\/www.naturparkmagazin.de\/stechlin\/author\/marioschrumpf\/\"}]}<\/script>\n<!-- \/ Yoast SEO plugin. -->","yoast_head_json":{"title":"Arbeitseinsatz in der Apfelallee der Kita Wiesenwichtel - Naturpark Stechlin-Ruppiner Land","robots":{"index":"index","follow":"follow","max-snippet":"max-snippet:-1","max-image-preview":"max-image-preview:large","max-video-preview":"max-video-preview:-1"},"canonical":"https:\/\/www.naturparkmagazin.de\/stechlin\/arbeitseinsatz-in-der-apelallee-der-kita-wiesenwichtel\/","og_locale":"de_DE","og_type":"article","og_title":"Arbeitseinsatz in der Apfelallee der Kita Wiesenwichtel - Naturpark Stechlin-Ruppiner Land","og_description":"Der Zehdenicker Apfelmann J\u00fcrgen Sinnecker war zusammen mit 20 Eltern&amp;Kindern in der Linower Apfelallee zum Arbeitseinsatz.","og_url":"https:\/\/www.naturparkmagazin.de\/stechlin\/arbeitseinsatz-in-der-apelallee-der-kita-wiesenwichtel\/","og_site_name":"Naturpark Stechlin-Ruppiner Land","article_published_time":"2014-04-17T11:36:34+00:00","article_modified_time":"2014-04-28T06:45:36+00:00","og_image":[{"width":500,"height":300,"url":"https:\/\/www.naturparkmagazin.de\/stechlin\/wp-content\/uploads\/sites\/38\/k-Wiesenwichtel_Infotafel.jpg","type":"image\/jpeg"}],"author":"marioschrumpf","twitter_misc":{"Verfasst von":"marioschrumpf","Gesch\u00e4tzte Lesezeit":"1\u00a0Minute"},"schema":{"@context":"https:\/\/schema.org","@graph":[{"@type":"WebPage","@id":"https:\/\/www.naturparkmagazin.de\/stechlin\/arbeitseinsatz-in-der-apelallee-der-kita-wiesenwichtel\/","url":"https:\/\/www.naturparkmagazin.de\/stechlin\/arbeitseinsatz-in-der-apelallee-der-kita-wiesenwichtel\/","name":"Arbeitseinsatz in der Apfelallee der Kita Wiesenwichtel - Naturpark Stechlin-Ruppiner Land","isPartOf":{"@id":"https:\/\/www.naturparkmagazin.de\/stechlin\/#website"},"datePublished":"2014-04-17T11:36:34+00:00","dateModified":"2014-04-28T06:45:36+00:00","author":{"@id":"https:\/\/www.naturparkmagazin.de\/stechlin\/#\/schema\/person\/3f0d93203df21c806dd63c76d9bb28bc"},"breadcrumb":{"@id":"https:\/\/www.naturparkmagazin.de\/stechlin\/arbeitseinsatz-in-der-apelallee-der-kita-wiesenwichtel\/#breadcrumb"},"inLanguage":"de","potentialAction":[{"@type":"ReadAction","target":["https:\/\/www.naturparkmagazin.de\/stechlin\/arbeitseinsatz-in-der-apelallee-der-kita-wiesenwichtel\/"]}]},{"@type":"BreadcrumbList","@id":"https:\/\/www.naturparkmagazin.de\/stechlin\/arbeitseinsatz-in-der-apelallee-der-kita-wiesenwichtel\/#breadcrumb","itemListElement":[{"@type":"ListItem","position":1,"name":"Home","item":"https:\/\/www.naturparkmagazin.de\/stechlin\/"},{"@type":"ListItem","position":2,"name":"Arbeitseinsatz in der Apfelallee der Kita Wiesenwichtel"}]},{"@type":"WebSite","@id":"https:\/\/www.naturparkmagazin.de\/stechlin\/#website","url":"https:\/\/www.naturparkmagazin.de\/stechlin\/","name":"Naturpark Stechlin-Ruppiner Land","description":"","potentialAction":[{"@type":"SearchAction","target":{"@type":"EntryPoint","urlTemplate":"https:\/\/www.naturparkmagazin.de\/stechlin\/?s={search_term_string}"},"query-input":"required name=search_term_string"}],"inLanguage":"de"},{"@type":"Person","@id":"https:\/\/www.naturparkmagazin.de\/stechlin\/#\/schema\/person\/3f0d93203df21c806dd63c76d9bb28bc","name":"marioschrumpf","url":"https:\/\/www.naturparkmagazin.de\/stechlin\/author\/marioschrumpf\/"}]}},"_links":{"self":[{"href":"https:\/\/www.naturparkmagazin.de\/stechlin\/wp-json\/wp\/v2\/posts\/966"}],"collection":[{"href":"https:\/\/www.naturparkmagazin.de\/stechlin\/wp-json\/wp\/v2\/posts"}],"about":[{"href":"https:\/\/www.naturparkmagazin.de\/stechlin\/wp-json\/wp\/v2\/types\/post"}],"author":[{"embeddable":true,"href":"https:\/\/www.naturparkmagazin.de\/stechlin\/wp-json\/wp\/v2\/users\/39"}],"replies":[{"embeddable":true,"href":"https:\/\/www.naturparkmagazin.de\/stechlin\/wp-json\/wp\/v2\/comments?post=966"}],"version-history":[{"count":4,"href":"https:\/\/www.naturparkmagazin.de\/stechlin\/wp-json\/wp\/v2\/posts\/966\/revisions"}],"predecessor-version":[{"id":1016,"href":"https:\/\/www.naturparkmagazin.de\/stechlin\/wp-json\/wp\/v2\/posts\/966\/revisions\/1016"}],"wp:featuredmedia":[{"embeddable":true,"href":"https:\/\/www.naturparkmagazin.de\/stechlin\/wp-json\/wp\/v2\/media\/967"}],"wp:attachment":[{"href":"https:\/\/www.naturparkmagazin.de\/stechlin\/wp-json\/wp\/v2\/media?parent=966"}],"wp:term":[{"taxonomy":"category","embeddable":true,"href":"https:\/\/www.naturparkmagazin.de\/stechlin\/wp-json\/wp\/v2\/categories?post=966"},{"taxonomy":"post_tag","embeddable":true,"href":"https:\/\/www.naturparkmagazin.de\/stechlin\/wp-json\/wp\/v2\/tags?post=966"}],"curies":[{"name":"wp","href":"https:\/\/api.w.org\/{rel}","templated":true}]}}