{"id":9671,"date":"2020-07-17T09:30:51","date_gmt":"2020-07-17T07:30:51","guid":{"rendered":"https:\/\/www.naturparkmagazin.de\/stechlin\/?p=9671"},"modified":"2020-07-16T12:38:05","modified_gmt":"2020-07-16T10:38:05","slug":"gruene-landtagsabgeordnete-besucht-naturpark","status":"publish","type":"post","link":"https:\/\/www.naturparkmagazin.de\/stechlin\/gruene-landtagsabgeordnete-besucht-naturpark\/","title":{"rendered":"Gr\u00fcne Landtagsabgeordnete besucht Naturpark"},"content":{"rendered":"<p>Die agrar- und umweltpolitische Sprecherin der Landtagsfraktion B\u00fcndnis90\/Die Gr\u00fcnen. Isabell Hiekel, besuchte den Naturpark. Im Rahmen ihrer Sommerreise machte sie Station im j\u00fcngsten Gro\u00dfschutzgebiet Brandenburgs.<\/p>\n<div id=\"attachment_9675\" style=\"width: 310px\" class=\"wp-caption aligncenter\"><a href=\"https:\/\/www.naturparkmagazin.de\/stechlin\/wp-content\/uploads\/sites\/38\/Isabell-Hiekel_47.jpg\"><img aria-describedby=\"caption-attachment-9675\" decoding=\"async\" loading=\"lazy\" class=\"size-thumbnail wp-image-9675\" src=\"https:\/\/www.naturparkmagazin.de\/stechlin\/wp-content\/uploads\/sites\/38\/Isabell-Hiekel_47-300x180.jpg\" alt=\"Biolandwirt Frank Rumpe und Isabell Hiekel stellen ein Infoschild am Bl\u00fchstreifen auf.\" width=\"300\" height=\"180\" srcset=\"https:\/\/www.naturparkmagazin.de\/stechlin\/wp-content\/uploads\/sites\/38\/Isabell-Hiekel_47-300x180.jpg 300w, https:\/\/www.naturparkmagazin.de\/stechlin\/wp-content\/uploads\/sites\/38\/Isabell-Hiekel_47.jpg 500w, https:\/\/www.naturparkmagazin.de\/stechlin\/wp-content\/uploads\/sites\/38\/Isabell-Hiekel_47-200x120.jpg 200w\" sizes=\"(max-width: 300px) 100vw, 300px\" \/><\/a><p id=\"caption-attachment-9675\" class=\"wp-caption-text\">Biolandwirt Frank Rumpe und Isabell Hiekel stellen ein Infoschild am Bl\u00fchstreifen auf.<\/p><\/div>\n<div id=\"attachment_9676\" style=\"width: 310px\" class=\"wp-caption aligncenter\"><a href=\"https:\/\/www.naturparkmagazin.de\/stechlin\/wp-content\/uploads\/sites\/38\/Isabell-Hiekel_26.jpg\"><img aria-describedby=\"caption-attachment-9676\" decoding=\"async\" loading=\"lazy\" class=\"size-thumbnail wp-image-9676\" src=\"https:\/\/www.naturparkmagazin.de\/stechlin\/wp-content\/uploads\/sites\/38\/Isabell-Hiekel_26-300x180.jpg\" alt=\"Silke Oldorff zeigt die gesch\u00fctzten Ackerwildkr\u00e4uter.\" width=\"300\" height=\"180\" srcset=\"https:\/\/www.naturparkmagazin.de\/stechlin\/wp-content\/uploads\/sites\/38\/Isabell-Hiekel_26-300x180.jpg 300w, https:\/\/www.naturparkmagazin.de\/stechlin\/wp-content\/uploads\/sites\/38\/Isabell-Hiekel_26.jpg 500w, https:\/\/www.naturparkmagazin.de\/stechlin\/wp-content\/uploads\/sites\/38\/Isabell-Hiekel_26-200x120.jpg 200w\" sizes=\"(max-width: 300px) 100vw, 300px\" \/><\/a><p id=\"caption-attachment-9676\" class=\"wp-caption-text\">Silke Oldorff zeigt die gesch\u00fctzten Ackerwildkr\u00e4uter.<\/p><\/div>\n<p>Am Stadtrand von F\u00fcrstenberg\/H. informierte sie sich auf den Ackerfl\u00e4chen von Frank Rumpe, wie Landwirtschaft und Naturschutz zusammenarbeiten. Der Inhaber des Biohofes Kepos Altglobsow pr\u00e4sentierte stolz das Ackerflorenprojekt, die Heckenpflanzungen und das revitalisierte Kleingew\u00e4sser.<\/p>\n<div id=\"attachment_9674\" style=\"width: 310px\" class=\"wp-caption aligncenter\"><a href=\"https:\/\/www.naturparkmagazin.de\/stechlin\/wp-content\/uploads\/sites\/38\/Isabell-Hiekel_56.jpg\"><img aria-describedby=\"caption-attachment-9674\" decoding=\"async\" loading=\"lazy\" class=\"size-thumbnail wp-image-9674\" src=\"https:\/\/www.naturparkmagazin.de\/stechlin\/wp-content\/uploads\/sites\/38\/Isabell-Hiekel_56-300x180.jpg\" alt=\"Susanne Ludwig stellt ihr Unternehmen, das Cafe Glasklar vor.\" width=\"300\" height=\"180\" srcset=\"https:\/\/www.naturparkmagazin.de\/stechlin\/wp-content\/uploads\/sites\/38\/Isabell-Hiekel_56-300x180.jpg 300w, https:\/\/www.naturparkmagazin.de\/stechlin\/wp-content\/uploads\/sites\/38\/Isabell-Hiekel_56.jpg 500w, https:\/\/www.naturparkmagazin.de\/stechlin\/wp-content\/uploads\/sites\/38\/Isabell-Hiekel_56-200x120.jpg 200w\" sizes=\"(max-width: 300px) 100vw, 300px\" \/><\/a><p id=\"caption-attachment-9674\" class=\"wp-caption-text\">Susanne Ludwig stellt ihr Unternehmen, das Cafe Glasklar vor.<\/p><\/div>\n<p>Susanne Ludwig, Inhaberin des Cafe Glasklar in Neuglobsow stellte ihr Unternehmen vor.<\/p>\n<div id=\"attachment_9677\" style=\"width: 310px\" class=\"wp-caption aligncenter\"><a href=\"https:\/\/www.naturparkmagazin.de\/stechlin\/wp-content\/uploads\/sites\/38\/Isabell-Hiekel_64.jpg\"><img aria-describedby=\"caption-attachment-9677\" decoding=\"async\" loading=\"lazy\" class=\"size-thumbnail wp-image-9677\" src=\"https:\/\/www.naturparkmagazin.de\/stechlin\/wp-content\/uploads\/sites\/38\/Isabell-Hiekel_64-300x180.jpg\" alt=\"Thomas Gonsiorczyk informiert \u00fcber die Probleme am Stechlinsee.\" width=\"300\" height=\"180\" srcset=\"https:\/\/www.naturparkmagazin.de\/stechlin\/wp-content\/uploads\/sites\/38\/Isabell-Hiekel_64-300x180.jpg 300w, https:\/\/www.naturparkmagazin.de\/stechlin\/wp-content\/uploads\/sites\/38\/Isabell-Hiekel_64.jpg 500w, https:\/\/www.naturparkmagazin.de\/stechlin\/wp-content\/uploads\/sites\/38\/Isabell-Hiekel_64-200x120.jpg 200w\" sizes=\"(max-width: 300px) 100vw, 300px\" \/><\/a><p id=\"caption-attachment-9677\" class=\"wp-caption-text\">Thomas Gonsiorczyk informiert \u00fcber die Probleme am Stechlinsee.<\/p><\/div>\n<p>Im Institut f\u00fcr Gew\u00e4sser\u00f6kologie und Binnenfischerei stand die rasante Eutrophierung des Stechlin im Mittelpunkt. Hiekel versprach Unterst\u00fctzung bei der F\u00f6rdermittelakquise, um den Stechlinsee zu retten.<\/p>\n<div id=\"attachment_9673\" style=\"width: 310px\" class=\"wp-caption aligncenter\"><a href=\"https:\/\/www.naturparkmagazin.de\/stechlin\/wp-content\/uploads\/sites\/38\/Isabell-Hiekel_69.jpg\"><img aria-describedby=\"caption-attachment-9673\" decoding=\"async\" loading=\"lazy\" class=\"size-thumbnail wp-image-9673\" src=\"https:\/\/www.naturparkmagazin.de\/stechlin\/wp-content\/uploads\/sites\/38\/Isabell-Hiekel_69-300x180.jpg\" alt=\"Besuch im NaturParkHaus Stechlin.\" width=\"300\" height=\"180\" srcset=\"https:\/\/www.naturparkmagazin.de\/stechlin\/wp-content\/uploads\/sites\/38\/Isabell-Hiekel_69-300x180.jpg 300w, https:\/\/www.naturparkmagazin.de\/stechlin\/wp-content\/uploads\/sites\/38\/Isabell-Hiekel_69.jpg 500w, https:\/\/www.naturparkmagazin.de\/stechlin\/wp-content\/uploads\/sites\/38\/Isabell-Hiekel_69-200x120.jpg 200w\" sizes=\"(max-width: 300px) 100vw, 300px\" \/><\/a><p id=\"caption-attachment-9673\" class=\"wp-caption-text\">Besuch im NaturParkHaus Stechlin.<\/p><\/div>\n<p>Im Besucherzentrum NaturParkHaus Stechlin hinterfragte die Landtagsabgeordnete, wie zuk\u00fcnftig die Unterst\u00fctzung des Landes f\u00fcr die Umweltbildungsarbeit verbessert werden kann.<\/p>\n<p>&nbsp;<\/p>\n","protected":false},"excerpt":{"rendered":"<p>Die agrar- und umweltpolitische Sprecherin der Landtagsfraktion B\u00fcndnis90\/Gr\u00fcne. Isabell Hiekel, besuchte den Naturpark.<\/p>\n","protected":false},"author":39,"featured_media":9672,"comment_status":"open","ping_status":"open","sticky":false,"template":"","format":"standard","meta":[],"categories":[7],"tags":[],"yoast_head":"<!-- This site is optimized with the Yoast SEO plugin v19.10 - https:\/\/yoast.com\/wordpress\/plugins\/seo\/ -->\n<title>Gr\u00fcne Landtagsabgeordnete besucht Naturpark - Naturpark Stechlin-Ruppiner Land<\/title>\n<meta name=\"robots\" content=\"index, follow, max-snippet:-1, max-image-preview:large, max-video-preview:-1\" \/>\n<link rel=\"canonical\" href=\"https:\/\/www.naturparkmagazin.de\/stechlin\/gruene-landtagsabgeordnete-besucht-naturpark\/\" \/>\n<meta property=\"og:locale\" content=\"de_DE\" \/>\n<meta property=\"og:type\" content=\"article\" \/>\n<meta property=\"og:title\" content=\"Gr\u00fcne Landtagsabgeordnete besucht Naturpark - Naturpark Stechlin-Ruppiner Land\" \/>\n<meta property=\"og:description\" content=\"Die agrar- und umweltpolitische Sprecherin der Landtagsfraktion B\u00fcndnis90\/Gr\u00fcne. Isabell Hiekel, besuchte den Naturpark.\" \/>\n<meta property=\"og:url\" content=\"https:\/\/www.naturparkmagazin.de\/stechlin\/gruene-landtagsabgeordnete-besucht-naturpark\/\" \/>\n<meta property=\"og:site_name\" content=\"Naturpark Stechlin-Ruppiner Land\" \/>\n<meta property=\"article:published_time\" content=\"2020-07-17T07:30:51+00:00\" \/>\n<meta property=\"article:modified_time\" content=\"2020-07-16T10:38:05+00:00\" \/>\n<meta property=\"og:image\" content=\"https:\/\/www.naturparkmagazin.de\/stechlin\/wp-content\/uploads\/sites\/38\/Isabell-Hiekel_72.jpg\" \/>\n\t<meta property=\"og:image:width\" content=\"200\" \/>\n\t<meta property=\"og:image:height\" content=\"200\" \/>\n\t<meta property=\"og:image:type\" content=\"image\/jpeg\" \/>\n<meta name=\"author\" content=\"marioschrumpf\" \/>\n<meta name=\"twitter:label1\" content=\"Verfasst von\" \/>\n\t<meta name=\"twitter:data1\" content=\"marioschrumpf\" \/>\n\t<meta name=\"twitter:label2\" content=\"Gesch\u00e4tzte Lesezeit\" \/>\n\t<meta name=\"twitter:data2\" content=\"1\u00a0Minute\" \/>\n<script type=\"application\/ld+json\" class=\"yoast-schema-graph\">{\"@context\":\"https:\/\/schema.org\",\"@graph\":[{\"@type\":\"WebPage\",\"@id\":\"https:\/\/www.naturparkmagazin.de\/stechlin\/gruene-landtagsabgeordnete-besucht-naturpark\/\",\"url\":\"https:\/\/www.naturparkmagazin.de\/stechlin\/gruene-landtagsabgeordnete-besucht-naturpark\/\",\"name\":\"Gr\u00fcne Landtagsabgeordnete besucht Naturpark - Naturpark Stechlin-Ruppiner Land\",\"isPartOf\":{\"@id\":\"https:\/\/www.naturparkmagazin.de\/stechlin\/#website\"},\"datePublished\":\"2020-07-17T07:30:51+00:00\",\"dateModified\":\"2020-07-16T10:38:05+00:00\",\"author\":{\"@id\":\"https:\/\/www.naturparkmagazin.de\/stechlin\/#\/schema\/person\/3f0d93203df21c806dd63c76d9bb28bc\"},\"breadcrumb\":{\"@id\":\"https:\/\/www.naturparkmagazin.de\/stechlin\/gruene-landtagsabgeordnete-besucht-naturpark\/#breadcrumb\"},\"inLanguage\":\"de\",\"potentialAction\":[{\"@type\":\"ReadAction\",\"target\":[\"https:\/\/www.naturparkmagazin.de\/stechlin\/gruene-landtagsabgeordnete-besucht-naturpark\/\"]}]},{\"@type\":\"BreadcrumbList\",\"@id\":\"https:\/\/www.naturparkmagazin.de\/stechlin\/gruene-landtagsabgeordnete-besucht-naturpark\/#breadcrumb\",\"itemListElement\":[{\"@type\":\"ListItem\",\"position\":1,\"name\":\"Home\",\"item\":\"https:\/\/www.naturparkmagazin.de\/stechlin\/\"},{\"@type\":\"ListItem\",\"position\":2,\"name\":\"Gr\u00fcne Landtagsabgeordnete besucht Naturpark\"}]},{\"@type\":\"WebSite\",\"@id\":\"https:\/\/www.naturparkmagazin.de\/stechlin\/#website\",\"url\":\"https:\/\/www.naturparkmagazin.de\/stechlin\/\",\"name\":\"Naturpark Stechlin-Ruppiner Land\",\"description\":\"\",\"potentialAction\":[{\"@type\":\"SearchAction\",\"target\":{\"@type\":\"EntryPoint\",\"urlTemplate\":\"https:\/\/www.naturparkmagazin.de\/stechlin\/?s={search_term_string}\"},\"query-input\":\"required name=search_term_string\"}],\"inLanguage\":\"de\"},{\"@type\":\"Person\",\"@id\":\"https:\/\/www.naturparkmagazin.de\/stechlin\/#\/schema\/person\/3f0d93203df21c806dd63c76d9bb28bc\",\"name\":\"marioschrumpf\",\"url\":\"https:\/\/www.naturparkmagazin.de\/stechlin\/author\/marioschrumpf\/\"}]}<\/script>\n<!-- \/ Yoast SEO plugin. -->","yoast_head_json":{"title":"Gr\u00fcne Landtagsabgeordnete besucht Naturpark - Naturpark Stechlin-Ruppiner Land","robots":{"index":"index","follow":"follow","max-snippet":"max-snippet:-1","max-image-preview":"max-image-preview:large","max-video-preview":"max-video-preview:-1"},"canonical":"https:\/\/www.naturparkmagazin.de\/stechlin\/gruene-landtagsabgeordnete-besucht-naturpark\/","og_locale":"de_DE","og_type":"article","og_title":"Gr\u00fcne Landtagsabgeordnete besucht Naturpark - Naturpark Stechlin-Ruppiner Land","og_description":"Die agrar- und umweltpolitische Sprecherin der Landtagsfraktion B\u00fcndnis90\/Gr\u00fcne. Isabell Hiekel, besuchte den Naturpark.","og_url":"https:\/\/www.naturparkmagazin.de\/stechlin\/gruene-landtagsabgeordnete-besucht-naturpark\/","og_site_name":"Naturpark Stechlin-Ruppiner Land","article_published_time":"2020-07-17T07:30:51+00:00","article_modified_time":"2020-07-16T10:38:05+00:00","og_image":[{"width":200,"height":200,"url":"https:\/\/www.naturparkmagazin.de\/stechlin\/wp-content\/uploads\/sites\/38\/Isabell-Hiekel_72.jpg","type":"image\/jpeg"}],"author":"marioschrumpf","twitter_misc":{"Verfasst von":"marioschrumpf","Gesch\u00e4tzte Lesezeit":"1\u00a0Minute"},"schema":{"@context":"https:\/\/schema.org","@graph":[{"@type":"WebPage","@id":"https:\/\/www.naturparkmagazin.de\/stechlin\/gruene-landtagsabgeordnete-besucht-naturpark\/","url":"https:\/\/www.naturparkmagazin.de\/stechlin\/gruene-landtagsabgeordnete-besucht-naturpark\/","name":"Gr\u00fcne Landtagsabgeordnete besucht Naturpark - Naturpark Stechlin-Ruppiner Land","isPartOf":{"@id":"https:\/\/www.naturparkmagazin.de\/stechlin\/#website"},"datePublished":"2020-07-17T07:30:51+00:00","dateModified":"2020-07-16T10:38:05+00:00","author":{"@id":"https:\/\/www.naturparkmagazin.de\/stechlin\/#\/schema\/person\/3f0d93203df21c806dd63c76d9bb28bc"},"breadcrumb":{"@id":"https:\/\/www.naturparkmagazin.de\/stechlin\/gruene-landtagsabgeordnete-besucht-naturpark\/#breadcrumb"},"inLanguage":"de","potentialAction":[{"@type":"ReadAction","target":["https:\/\/www.naturparkmagazin.de\/stechlin\/gruene-landtagsabgeordnete-besucht-naturpark\/"]}]},{"@type":"BreadcrumbList","@id":"https:\/\/www.naturparkmagazin.de\/stechlin\/gruene-landtagsabgeordnete-besucht-naturpark\/#breadcrumb","itemListElement":[{"@type":"ListItem","position":1,"name":"Home","item":"https:\/\/www.naturparkmagazin.de\/stechlin\/"},{"@type":"ListItem","position":2,"name":"Gr\u00fcne Landtagsabgeordnete besucht Naturpark"}]},{"@type":"WebSite","@id":"https:\/\/www.naturparkmagazin.de\/stechlin\/#website","url":"https:\/\/www.naturparkmagazin.de\/stechlin\/","name":"Naturpark Stechlin-Ruppiner Land","description":"","potentialAction":[{"@type":"SearchAction","target":{"@type":"EntryPoint","urlTemplate":"https:\/\/www.naturparkmagazin.de\/stechlin\/?s={search_term_string}"},"query-input":"required name=search_term_string"}],"inLanguage":"de"},{"@type":"Person","@id":"https:\/\/www.naturparkmagazin.de\/stechlin\/#\/schema\/person\/3f0d93203df21c806dd63c76d9bb28bc","name":"marioschrumpf","url":"https:\/\/www.naturparkmagazin.de\/stechlin\/author\/marioschrumpf\/"}]}},"_links":{"self":[{"href":"https:\/\/www.naturparkmagazin.de\/stechlin\/wp-json\/wp\/v2\/posts\/9671"}],"collection":[{"href":"https:\/\/www.naturparkmagazin.de\/stechlin\/wp-json\/wp\/v2\/posts"}],"about":[{"href":"https:\/\/www.naturparkmagazin.de\/stechlin\/wp-json\/wp\/v2\/types\/post"}],"author":[{"embeddable":true,"href":"https:\/\/www.naturparkmagazin.de\/stechlin\/wp-json\/wp\/v2\/users\/39"}],"replies":[{"embeddable":true,"href":"https:\/\/www.naturparkmagazin.de\/stechlin\/wp-json\/wp\/v2\/comments?post=9671"}],"version-history":[{"count":3,"href":"https:\/\/www.naturparkmagazin.de\/stechlin\/wp-json\/wp\/v2\/posts\/9671\/revisions"}],"predecessor-version":[{"id":9702,"href":"https:\/\/www.naturparkmagazin.de\/stechlin\/wp-json\/wp\/v2\/posts\/9671\/revisions\/9702"}],"wp:featuredmedia":[{"embeddable":true,"href":"https:\/\/www.naturparkmagazin.de\/stechlin\/wp-json\/wp\/v2\/media\/9672"}],"wp:attachment":[{"href":"https:\/\/www.naturparkmagazin.de\/stechlin\/wp-json\/wp\/v2\/media?parent=9671"}],"wp:term":[{"taxonomy":"category","embeddable":true,"href":"https:\/\/www.naturparkmagazin.de\/stechlin\/wp-json\/wp\/v2\/categories?post=9671"},{"taxonomy":"post_tag","embeddable":true,"href":"https:\/\/www.naturparkmagazin.de\/stechlin\/wp-json\/wp\/v2\/tags?post=9671"}],"curies":[{"name":"wp","href":"https:\/\/api.w.org\/{rel}","templated":true}]}}