{"id":9691,"date":"2020-07-17T10:35:21","date_gmt":"2020-07-17T08:35:21","guid":{"rendered":"https:\/\/www.naturparkmagazin.de\/stechlin\/?p=9691"},"modified":"2020-07-16T10:49:44","modified_gmt":"2020-07-16T08:49:44","slug":"wenn-es-nacht-wird-im-wald","status":"publish","type":"post","link":"https:\/\/www.naturparkmagazin.de\/stechlin\/wenn-es-nacht-wird-im-wald\/","title":{"rendered":"Wenn es Nacht wird im Wald &#8230;"},"content":{"rendered":"<div id=\"attachment_9693\" style=\"width: 190px\" class=\"wp-caption aligncenter\"><a href=\"https:\/\/www.naturparkmagazin.de\/stechlin\/wp-content\/uploads\/sites\/38\/BrauneLangohren-Foto-Teubner.jpg\"><img aria-describedby=\"caption-attachment-9693\" decoding=\"async\" loading=\"lazy\" class=\"size-full wp-image-9693\" src=\"https:\/\/www.naturparkmagazin.de\/stechlin\/wp-content\/uploads\/sites\/38\/BrauneLangohren-Foto-Teubner.jpg\" alt=\"Braunes Langohr\" width=\"180\" height=\"250\" \/><\/a><p id=\"caption-attachment-9693\" class=\"wp-caption-text\">Braunes Langohr<\/p><\/div>\n<p>Lassen Sie uns gemeinsam \u201eabh\u00e4ngen\u201c, wie die Flederm\u00e4use am Tag, wie die Zweige der B\u00e4ume bei Nacht. Welches Gef\u00fchl beschleicht uns, wenn der Tag geht und die Nacht kommt? Schlafen auch B\u00e4ume? Welche \u201eNachtschw\u00e4rmer\u201c sind unterwegs?<\/p>\n<p><strong>Datum:<\/strong> Freitag, 14. August 2020<\/p>\n<p><strong>Treff:<\/strong> 20 Uhr, Gro\u00dfer Barschsee, Parkplatz zum Gro\u00dfen Barschsee (Moorlehrpfad) Stra\u00dfe zwischen Menz und Rheinsberg (L 15), 16775 Menz<\/p>\n<p><strong>Erleben:<\/strong> dreist\u00fcndige \u201eSitzrunde\u201c im n\u00e4chtlichen Wald<\/p>\n<p><strong>Ranger:<\/strong> Anke Rudnik<\/p>\n<p><strong>Anmeldung:<\/strong> bis 13.08.2020 erforderlich<\/p>\n<p><strong>Kontakt:<\/strong> 033082\/50214 oder stechlin-ruppinerland@naturwacht.de<\/p>\n<p><strong>Hinweis:<\/strong> Bitte bequeme Sitzgelegenheit mitbringen<\/p>\n","protected":false},"excerpt":{"rendered":"<p>Lassen Sie uns gemeinsam \u201eabh\u00e4ngen\u201c, wie die Flederm\u00e4use am Tag, wie die Zweige der B\u00e4ume bei Nacht.<\/p>\n","protected":false},"author":39,"featured_media":9692,"comment_status":"open","ping_status":"open","sticky":false,"template":"","format":"standard","meta":[],"categories":[11],"tags":[],"yoast_head":"<!-- This site is optimized with the Yoast SEO plugin v19.10 - https:\/\/yoast.com\/wordpress\/plugins\/seo\/ -->\n<title>Wenn es Nacht wird im Wald ... - Naturpark Stechlin-Ruppiner Land<\/title>\n<meta name=\"robots\" content=\"index, follow, max-snippet:-1, max-image-preview:large, max-video-preview:-1\" \/>\n<link rel=\"canonical\" href=\"https:\/\/www.naturparkmagazin.de\/stechlin\/wenn-es-nacht-wird-im-wald\/\" \/>\n<meta property=\"og:locale\" content=\"de_DE\" \/>\n<meta property=\"og:type\" content=\"article\" \/>\n<meta property=\"og:title\" content=\"Wenn es Nacht wird im Wald ... - Naturpark Stechlin-Ruppiner Land\" \/>\n<meta property=\"og:description\" content=\"Lassen Sie uns gemeinsam \u201eabh\u00e4ngen\u201c, wie die Flederm\u00e4use am Tag, wie die Zweige der B\u00e4ume bei Nacht.\" \/>\n<meta property=\"og:url\" content=\"https:\/\/www.naturparkmagazin.de\/stechlin\/wenn-es-nacht-wird-im-wald\/\" \/>\n<meta property=\"og:site_name\" content=\"Naturpark Stechlin-Ruppiner Land\" \/>\n<meta property=\"article:published_time\" content=\"2020-07-17T08:35:21+00:00\" \/>\n<meta property=\"article:modified_time\" content=\"2020-07-16T08:49:44+00:00\" \/>\n<meta property=\"og:image\" content=\"https:\/\/www.naturparkmagazin.de\/stechlin\/wp-content\/uploads\/sites\/38\/M\u00fcckenfledermaus-Foto-Teubner.jpg\" \/>\n\t<meta property=\"og:image:width\" content=\"200\" \/>\n\t<meta property=\"og:image:height\" content=\"200\" \/>\n\t<meta property=\"og:image:type\" content=\"image\/jpeg\" \/>\n<meta name=\"author\" content=\"marioschrumpf\" \/>\n<meta name=\"twitter:label1\" content=\"Verfasst von\" \/>\n\t<meta name=\"twitter:data1\" content=\"marioschrumpf\" \/>\n<script type=\"application\/ld+json\" class=\"yoast-schema-graph\">{\"@context\":\"https:\/\/schema.org\",\"@graph\":[{\"@type\":\"WebPage\",\"@id\":\"https:\/\/www.naturparkmagazin.de\/stechlin\/wenn-es-nacht-wird-im-wald\/\",\"url\":\"https:\/\/www.naturparkmagazin.de\/stechlin\/wenn-es-nacht-wird-im-wald\/\",\"name\":\"Wenn es Nacht wird im Wald ... - Naturpark Stechlin-Ruppiner Land\",\"isPartOf\":{\"@id\":\"https:\/\/www.naturparkmagazin.de\/stechlin\/#website\"},\"datePublished\":\"2020-07-17T08:35:21+00:00\",\"dateModified\":\"2020-07-16T08:49:44+00:00\",\"author\":{\"@id\":\"https:\/\/www.naturparkmagazin.de\/stechlin\/#\/schema\/person\/3f0d93203df21c806dd63c76d9bb28bc\"},\"breadcrumb\":{\"@id\":\"https:\/\/www.naturparkmagazin.de\/stechlin\/wenn-es-nacht-wird-im-wald\/#breadcrumb\"},\"inLanguage\":\"de\",\"potentialAction\":[{\"@type\":\"ReadAction\",\"target\":[\"https:\/\/www.naturparkmagazin.de\/stechlin\/wenn-es-nacht-wird-im-wald\/\"]}]},{\"@type\":\"BreadcrumbList\",\"@id\":\"https:\/\/www.naturparkmagazin.de\/stechlin\/wenn-es-nacht-wird-im-wald\/#breadcrumb\",\"itemListElement\":[{\"@type\":\"ListItem\",\"position\":1,\"name\":\"Home\",\"item\":\"https:\/\/www.naturparkmagazin.de\/stechlin\/\"},{\"@type\":\"ListItem\",\"position\":2,\"name\":\"Wenn es Nacht wird im Wald &#8230;\"}]},{\"@type\":\"WebSite\",\"@id\":\"https:\/\/www.naturparkmagazin.de\/stechlin\/#website\",\"url\":\"https:\/\/www.naturparkmagazin.de\/stechlin\/\",\"name\":\"Naturpark Stechlin-Ruppiner Land\",\"description\":\"\",\"potentialAction\":[{\"@type\":\"SearchAction\",\"target\":{\"@type\":\"EntryPoint\",\"urlTemplate\":\"https:\/\/www.naturparkmagazin.de\/stechlin\/?s={search_term_string}\"},\"query-input\":\"required name=search_term_string\"}],\"inLanguage\":\"de\"},{\"@type\":\"Person\",\"@id\":\"https:\/\/www.naturparkmagazin.de\/stechlin\/#\/schema\/person\/3f0d93203df21c806dd63c76d9bb28bc\",\"name\":\"marioschrumpf\",\"url\":\"https:\/\/www.naturparkmagazin.de\/stechlin\/author\/marioschrumpf\/\"}]}<\/script>\n<!-- \/ Yoast SEO plugin. -->","yoast_head_json":{"title":"Wenn es Nacht wird im Wald ... - Naturpark Stechlin-Ruppiner Land","robots":{"index":"index","follow":"follow","max-snippet":"max-snippet:-1","max-image-preview":"max-image-preview:large","max-video-preview":"max-video-preview:-1"},"canonical":"https:\/\/www.naturparkmagazin.de\/stechlin\/wenn-es-nacht-wird-im-wald\/","og_locale":"de_DE","og_type":"article","og_title":"Wenn es Nacht wird im Wald ... - Naturpark Stechlin-Ruppiner Land","og_description":"Lassen Sie uns gemeinsam \u201eabh\u00e4ngen\u201c, wie die Flederm\u00e4use am Tag, wie die Zweige der B\u00e4ume bei Nacht.","og_url":"https:\/\/www.naturparkmagazin.de\/stechlin\/wenn-es-nacht-wird-im-wald\/","og_site_name":"Naturpark Stechlin-Ruppiner Land","article_published_time":"2020-07-17T08:35:21+00:00","article_modified_time":"2020-07-16T08:49:44+00:00","og_image":[{"width":200,"height":200,"url":"https:\/\/www.naturparkmagazin.de\/stechlin\/wp-content\/uploads\/sites\/38\/M\u00fcckenfledermaus-Foto-Teubner.jpg","type":"image\/jpeg"}],"author":"marioschrumpf","twitter_misc":{"Verfasst von":"marioschrumpf"},"schema":{"@context":"https:\/\/schema.org","@graph":[{"@type":"WebPage","@id":"https:\/\/www.naturparkmagazin.de\/stechlin\/wenn-es-nacht-wird-im-wald\/","url":"https:\/\/www.naturparkmagazin.de\/stechlin\/wenn-es-nacht-wird-im-wald\/","name":"Wenn es Nacht wird im Wald ... - Naturpark Stechlin-Ruppiner Land","isPartOf":{"@id":"https:\/\/www.naturparkmagazin.de\/stechlin\/#website"},"datePublished":"2020-07-17T08:35:21+00:00","dateModified":"2020-07-16T08:49:44+00:00","author":{"@id":"https:\/\/www.naturparkmagazin.de\/stechlin\/#\/schema\/person\/3f0d93203df21c806dd63c76d9bb28bc"},"breadcrumb":{"@id":"https:\/\/www.naturparkmagazin.de\/stechlin\/wenn-es-nacht-wird-im-wald\/#breadcrumb"},"inLanguage":"de","potentialAction":[{"@type":"ReadAction","target":["https:\/\/www.naturparkmagazin.de\/stechlin\/wenn-es-nacht-wird-im-wald\/"]}]},{"@type":"BreadcrumbList","@id":"https:\/\/www.naturparkmagazin.de\/stechlin\/wenn-es-nacht-wird-im-wald\/#breadcrumb","itemListElement":[{"@type":"ListItem","position":1,"name":"Home","item":"https:\/\/www.naturparkmagazin.de\/stechlin\/"},{"@type":"ListItem","position":2,"name":"Wenn es Nacht wird im Wald &#8230;"}]},{"@type":"WebSite","@id":"https:\/\/www.naturparkmagazin.de\/stechlin\/#website","url":"https:\/\/www.naturparkmagazin.de\/stechlin\/","name":"Naturpark Stechlin-Ruppiner Land","description":"","potentialAction":[{"@type":"SearchAction","target":{"@type":"EntryPoint","urlTemplate":"https:\/\/www.naturparkmagazin.de\/stechlin\/?s={search_term_string}"},"query-input":"required name=search_term_string"}],"inLanguage":"de"},{"@type":"Person","@id":"https:\/\/www.naturparkmagazin.de\/stechlin\/#\/schema\/person\/3f0d93203df21c806dd63c76d9bb28bc","name":"marioschrumpf","url":"https:\/\/www.naturparkmagazin.de\/stechlin\/author\/marioschrumpf\/"}]}},"_links":{"self":[{"href":"https:\/\/www.naturparkmagazin.de\/stechlin\/wp-json\/wp\/v2\/posts\/9691"}],"collection":[{"href":"https:\/\/www.naturparkmagazin.de\/stechlin\/wp-json\/wp\/v2\/posts"}],"about":[{"href":"https:\/\/www.naturparkmagazin.de\/stechlin\/wp-json\/wp\/v2\/types\/post"}],"author":[{"embeddable":true,"href":"https:\/\/www.naturparkmagazin.de\/stechlin\/wp-json\/wp\/v2\/users\/39"}],"replies":[{"embeddable":true,"href":"https:\/\/www.naturparkmagazin.de\/stechlin\/wp-json\/wp\/v2\/comments?post=9691"}],"version-history":[{"count":1,"href":"https:\/\/www.naturparkmagazin.de\/stechlin\/wp-json\/wp\/v2\/posts\/9691\/revisions"}],"predecessor-version":[{"id":9694,"href":"https:\/\/www.naturparkmagazin.de\/stechlin\/wp-json\/wp\/v2\/posts\/9691\/revisions\/9694"}],"wp:featuredmedia":[{"embeddable":true,"href":"https:\/\/www.naturparkmagazin.de\/stechlin\/wp-json\/wp\/v2\/media\/9692"}],"wp:attachment":[{"href":"https:\/\/www.naturparkmagazin.de\/stechlin\/wp-json\/wp\/v2\/media?parent=9691"}],"wp:term":[{"taxonomy":"category","embeddable":true,"href":"https:\/\/www.naturparkmagazin.de\/stechlin\/wp-json\/wp\/v2\/categories?post=9691"},{"taxonomy":"post_tag","embeddable":true,"href":"https:\/\/www.naturparkmagazin.de\/stechlin\/wp-json\/wp\/v2\/tags?post=9691"}],"curies":[{"name":"wp","href":"https:\/\/api.w.org\/{rel}","templated":true}]}}