{"id":9734,"date":"2020-08-14T11:08:39","date_gmt":"2020-08-14T09:08:39","guid":{"rendered":"https:\/\/www.naturparkmagazin.de\/stechlin\/?p=9734"},"modified":"2020-08-25T16:28:30","modified_gmt":"2020-08-25T14:28:30","slug":"muss-aus-wassermangel-fuer-kanutouristen-gesperrt-werden","status":"publish","type":"post","link":"https:\/\/www.naturparkmagazin.de\/stechlin\/muss-aus-wassermangel-fuer-kanutouristen-gesperrt-werden\/","title":{"rendered":"Rheinsberger Rhin muss aus Wassermangel f\u00fcr Kanutouristen gesperrt werden"},"content":{"rendered":"<div id=\"attachment_9736\" style=\"width: 210px\" class=\"wp-caption aligncenter\"><a href=\"https:\/\/www.naturparkmagazin.de\/stechlin\/wp-content\/uploads\/sites\/38\/pegelrot.jpg\"><img aria-describedby=\"caption-attachment-9736\" decoding=\"async\" loading=\"lazy\" class=\"size-full wp-image-9736\" src=\"https:\/\/www.naturparkmagazin.de\/stechlin\/wp-content\/uploads\/sites\/38\/pegelrot.jpg\" alt=\"Fahrverbot Rheinsberger Rhin.\" width=\"200\" height=\"200\" srcset=\"https:\/\/www.naturparkmagazin.de\/stechlin\/wp-content\/uploads\/sites\/38\/pegelrot.jpg 200w, https:\/\/www.naturparkmagazin.de\/stechlin\/wp-content\/uploads\/sites\/38\/pegelrot-30x30.jpg 30w\" sizes=\"(max-width: 200px) 100vw, 200px\" \/><\/a><p id=\"caption-attachment-9736\" class=\"wp-caption-text\">Fahrverbot Rheinsberger Rhin.<\/p><\/div>\n<div id=\"attachment_7340\" style=\"width: 210px\" class=\"wp-caption aligncenter\"><a href=\"https:\/\/www.naturparkmagazin.de\/stechlin\/wp-content\/uploads\/sites\/38\/5_200x200.jpg\"><img aria-describedby=\"caption-attachment-7340\" decoding=\"async\" loading=\"lazy\" class=\"wp-image-7340 size-full\" src=\"https:\/\/www.naturparkmagazin.de\/stechlin\/wp-content\/uploads\/sites\/38\/5_200x200.jpg\" alt=\"NP SRL\/Elke Kopf\" width=\"200\" height=\"200\" srcset=\"https:\/\/www.naturparkmagazin.de\/stechlin\/wp-content\/uploads\/sites\/38\/5_200x200.jpg 200w, https:\/\/www.naturparkmagazin.de\/stechlin\/wp-content\/uploads\/sites\/38\/5_200x200-30x30.jpg 30w\" sizes=\"(max-width: 200px) 100vw, 200px\" \/><\/a><p id=\"caption-attachment-7340\" class=\"wp-caption-text\">Ohne Wasser kein Kanutourismus<\/p><\/div>\n<p>Seit 5. August ist der Rheinsberger Rhin im NSG Rheinsberger Rhin und Hellberge f\u00fcr Kanuten gesperrt. Aufgrund der anhaltenden sommerlichen Witterung ohne Niederschl\u00e4ge sind die Wasserst\u00e4nde in den Rheinsberger Gew\u00e4ssern soweit gesunken, dass nicht mehr genug Wasser f\u00fcr die schadlose Befahrung des Rheinsberger Rhins bereitgestellt werden kann. Der Mindestpegel von 65 cm am Bezugspunkt Oberm\u00fchle in Rheinsberg wurde unterschritten. Damit ist entsprechend der Verordnung des Naturschutzgebietes eine Befahrung unzul\u00e4ssig. Die Naturwacht Stechlin-Ruppiner Land hat die Beschilderung an den Ein- und Aussetzstellen entsprechend aktualisiert. Alle Wassersportler werden im Interesse der Erhaltung dieses einmaligen naturnahen Flie\u00dfgew\u00e4ssers gebeten, die Regelung zu akzeptieren. Die Einhaltung des unumg\u00e4nglichen Fahrverbotes wird entsprechend kontrolliert.<\/p>\n<p style=\"text-align: center\">\n","protected":false},"excerpt":{"rendered":"<p>Seit 5. August ist der Rheinsberger Rhin f\u00fcr Kanuten gesperrt. Aufgrund zu niedriger Wasserst\u00e4nde ist eine schadlose Befahrung nicht mehr m\u00f6glich.<\/p>\n","protected":false},"author":39,"featured_media":9736,"comment_status":"open","ping_status":"open","sticky":false,"template":"","format":"standard","meta":[],"categories":[7],"tags":[],"yoast_head":"<!-- This site is optimized with the Yoast SEO plugin v19.10 - https:\/\/yoast.com\/wordpress\/plugins\/seo\/ -->\n<title>Rheinsberger Rhin muss aus Wassermangel f\u00fcr Kanutouristen gesperrt werden - Naturpark Stechlin-Ruppiner Land<\/title>\n<meta name=\"robots\" content=\"index, follow, max-snippet:-1, max-image-preview:large, max-video-preview:-1\" \/>\n<link rel=\"canonical\" href=\"https:\/\/www.naturparkmagazin.de\/stechlin\/muss-aus-wassermangel-fuer-kanutouristen-gesperrt-werden\/\" \/>\n<meta property=\"og:locale\" content=\"de_DE\" \/>\n<meta property=\"og:type\" content=\"article\" \/>\n<meta property=\"og:title\" content=\"Rheinsberger Rhin muss aus Wassermangel f\u00fcr Kanutouristen gesperrt werden - Naturpark Stechlin-Ruppiner Land\" \/>\n<meta property=\"og:description\" content=\"Seit 5. August ist der Rheinsberger Rhin f\u00fcr Kanuten gesperrt. Aufgrund zu niedriger Wasserst\u00e4nde ist eine schadlose Befahrung nicht mehr m\u00f6glich.\" \/>\n<meta property=\"og:url\" content=\"https:\/\/www.naturparkmagazin.de\/stechlin\/muss-aus-wassermangel-fuer-kanutouristen-gesperrt-werden\/\" \/>\n<meta property=\"og:site_name\" content=\"Naturpark Stechlin-Ruppiner Land\" \/>\n<meta property=\"article:published_time\" content=\"2020-08-14T09:08:39+00:00\" \/>\n<meta property=\"article:modified_time\" content=\"2020-08-25T14:28:30+00:00\" \/>\n<meta property=\"og:image\" content=\"https:\/\/www.naturparkmagazin.de\/stechlin\/wp-content\/uploads\/sites\/38\/pegelrot.jpg\" \/>\n\t<meta property=\"og:image:width\" content=\"200\" \/>\n\t<meta property=\"og:image:height\" content=\"200\" \/>\n\t<meta property=\"og:image:type\" content=\"image\/jpeg\" \/>\n<meta name=\"author\" content=\"marioschrumpf\" \/>\n<meta name=\"twitter:label1\" content=\"Verfasst von\" \/>\n\t<meta name=\"twitter:data1\" content=\"marioschrumpf\" \/>\n\t<meta name=\"twitter:label2\" content=\"Gesch\u00e4tzte Lesezeit\" \/>\n\t<meta name=\"twitter:data2\" content=\"1\u00a0Minute\" \/>\n<script type=\"application\/ld+json\" class=\"yoast-schema-graph\">{\"@context\":\"https:\/\/schema.org\",\"@graph\":[{\"@type\":\"WebPage\",\"@id\":\"https:\/\/www.naturparkmagazin.de\/stechlin\/muss-aus-wassermangel-fuer-kanutouristen-gesperrt-werden\/\",\"url\":\"https:\/\/www.naturparkmagazin.de\/stechlin\/muss-aus-wassermangel-fuer-kanutouristen-gesperrt-werden\/\",\"name\":\"Rheinsberger Rhin muss aus Wassermangel f\u00fcr Kanutouristen gesperrt werden - Naturpark Stechlin-Ruppiner Land\",\"isPartOf\":{\"@id\":\"https:\/\/www.naturparkmagazin.de\/stechlin\/#website\"},\"datePublished\":\"2020-08-14T09:08:39+00:00\",\"dateModified\":\"2020-08-25T14:28:30+00:00\",\"author\":{\"@id\":\"https:\/\/www.naturparkmagazin.de\/stechlin\/#\/schema\/person\/3f0d93203df21c806dd63c76d9bb28bc\"},\"breadcrumb\":{\"@id\":\"https:\/\/www.naturparkmagazin.de\/stechlin\/muss-aus-wassermangel-fuer-kanutouristen-gesperrt-werden\/#breadcrumb\"},\"inLanguage\":\"de\",\"potentialAction\":[{\"@type\":\"ReadAction\",\"target\":[\"https:\/\/www.naturparkmagazin.de\/stechlin\/muss-aus-wassermangel-fuer-kanutouristen-gesperrt-werden\/\"]}]},{\"@type\":\"BreadcrumbList\",\"@id\":\"https:\/\/www.naturparkmagazin.de\/stechlin\/muss-aus-wassermangel-fuer-kanutouristen-gesperrt-werden\/#breadcrumb\",\"itemListElement\":[{\"@type\":\"ListItem\",\"position\":1,\"name\":\"Home\",\"item\":\"https:\/\/www.naturparkmagazin.de\/stechlin\/\"},{\"@type\":\"ListItem\",\"position\":2,\"name\":\"Rheinsberger Rhin muss aus Wassermangel f\u00fcr Kanutouristen gesperrt werden\"}]},{\"@type\":\"WebSite\",\"@id\":\"https:\/\/www.naturparkmagazin.de\/stechlin\/#website\",\"url\":\"https:\/\/www.naturparkmagazin.de\/stechlin\/\",\"name\":\"Naturpark Stechlin-Ruppiner Land\",\"description\":\"\",\"potentialAction\":[{\"@type\":\"SearchAction\",\"target\":{\"@type\":\"EntryPoint\",\"urlTemplate\":\"https:\/\/www.naturparkmagazin.de\/stechlin\/?s={search_term_string}\"},\"query-input\":\"required name=search_term_string\"}],\"inLanguage\":\"de\"},{\"@type\":\"Person\",\"@id\":\"https:\/\/www.naturparkmagazin.de\/stechlin\/#\/schema\/person\/3f0d93203df21c806dd63c76d9bb28bc\",\"name\":\"marioschrumpf\",\"url\":\"https:\/\/www.naturparkmagazin.de\/stechlin\/author\/marioschrumpf\/\"}]}<\/script>\n<!-- \/ Yoast SEO plugin. -->","yoast_head_json":{"title":"Rheinsberger Rhin muss aus Wassermangel f\u00fcr Kanutouristen gesperrt werden - Naturpark Stechlin-Ruppiner Land","robots":{"index":"index","follow":"follow","max-snippet":"max-snippet:-1","max-image-preview":"max-image-preview:large","max-video-preview":"max-video-preview:-1"},"canonical":"https:\/\/www.naturparkmagazin.de\/stechlin\/muss-aus-wassermangel-fuer-kanutouristen-gesperrt-werden\/","og_locale":"de_DE","og_type":"article","og_title":"Rheinsberger Rhin muss aus Wassermangel f\u00fcr Kanutouristen gesperrt werden - Naturpark Stechlin-Ruppiner Land","og_description":"Seit 5. August ist der Rheinsberger Rhin f\u00fcr Kanuten gesperrt. Aufgrund zu niedriger Wasserst\u00e4nde ist eine schadlose Befahrung nicht mehr m\u00f6glich.","og_url":"https:\/\/www.naturparkmagazin.de\/stechlin\/muss-aus-wassermangel-fuer-kanutouristen-gesperrt-werden\/","og_site_name":"Naturpark Stechlin-Ruppiner Land","article_published_time":"2020-08-14T09:08:39+00:00","article_modified_time":"2020-08-25T14:28:30+00:00","og_image":[{"width":200,"height":200,"url":"https:\/\/www.naturparkmagazin.de\/stechlin\/wp-content\/uploads\/sites\/38\/pegelrot.jpg","type":"image\/jpeg"}],"author":"marioschrumpf","twitter_misc":{"Verfasst von":"marioschrumpf","Gesch\u00e4tzte Lesezeit":"1\u00a0Minute"},"schema":{"@context":"https:\/\/schema.org","@graph":[{"@type":"WebPage","@id":"https:\/\/www.naturparkmagazin.de\/stechlin\/muss-aus-wassermangel-fuer-kanutouristen-gesperrt-werden\/","url":"https:\/\/www.naturparkmagazin.de\/stechlin\/muss-aus-wassermangel-fuer-kanutouristen-gesperrt-werden\/","name":"Rheinsberger Rhin muss aus Wassermangel f\u00fcr Kanutouristen gesperrt werden - Naturpark Stechlin-Ruppiner Land","isPartOf":{"@id":"https:\/\/www.naturparkmagazin.de\/stechlin\/#website"},"datePublished":"2020-08-14T09:08:39+00:00","dateModified":"2020-08-25T14:28:30+00:00","author":{"@id":"https:\/\/www.naturparkmagazin.de\/stechlin\/#\/schema\/person\/3f0d93203df21c806dd63c76d9bb28bc"},"breadcrumb":{"@id":"https:\/\/www.naturparkmagazin.de\/stechlin\/muss-aus-wassermangel-fuer-kanutouristen-gesperrt-werden\/#breadcrumb"},"inLanguage":"de","potentialAction":[{"@type":"ReadAction","target":["https:\/\/www.naturparkmagazin.de\/stechlin\/muss-aus-wassermangel-fuer-kanutouristen-gesperrt-werden\/"]}]},{"@type":"BreadcrumbList","@id":"https:\/\/www.naturparkmagazin.de\/stechlin\/muss-aus-wassermangel-fuer-kanutouristen-gesperrt-werden\/#breadcrumb","itemListElement":[{"@type":"ListItem","position":1,"name":"Home","item":"https:\/\/www.naturparkmagazin.de\/stechlin\/"},{"@type":"ListItem","position":2,"name":"Rheinsberger Rhin muss aus Wassermangel f\u00fcr Kanutouristen gesperrt werden"}]},{"@type":"WebSite","@id":"https:\/\/www.naturparkmagazin.de\/stechlin\/#website","url":"https:\/\/www.naturparkmagazin.de\/stechlin\/","name":"Naturpark Stechlin-Ruppiner Land","description":"","potentialAction":[{"@type":"SearchAction","target":{"@type":"EntryPoint","urlTemplate":"https:\/\/www.naturparkmagazin.de\/stechlin\/?s={search_term_string}"},"query-input":"required name=search_term_string"}],"inLanguage":"de"},{"@type":"Person","@id":"https:\/\/www.naturparkmagazin.de\/stechlin\/#\/schema\/person\/3f0d93203df21c806dd63c76d9bb28bc","name":"marioschrumpf","url":"https:\/\/www.naturparkmagazin.de\/stechlin\/author\/marioschrumpf\/"}]}},"_links":{"self":[{"href":"https:\/\/www.naturparkmagazin.de\/stechlin\/wp-json\/wp\/v2\/posts\/9734"}],"collection":[{"href":"https:\/\/www.naturparkmagazin.de\/stechlin\/wp-json\/wp\/v2\/posts"}],"about":[{"href":"https:\/\/www.naturparkmagazin.de\/stechlin\/wp-json\/wp\/v2\/types\/post"}],"author":[{"embeddable":true,"href":"https:\/\/www.naturparkmagazin.de\/stechlin\/wp-json\/wp\/v2\/users\/39"}],"replies":[{"embeddable":true,"href":"https:\/\/www.naturparkmagazin.de\/stechlin\/wp-json\/wp\/v2\/comments?post=9734"}],"version-history":[{"count":5,"href":"https:\/\/www.naturparkmagazin.de\/stechlin\/wp-json\/wp\/v2\/posts\/9734\/revisions"}],"predecessor-version":[{"id":9785,"href":"https:\/\/www.naturparkmagazin.de\/stechlin\/wp-json\/wp\/v2\/posts\/9734\/revisions\/9785"}],"wp:featuredmedia":[{"embeddable":true,"href":"https:\/\/www.naturparkmagazin.de\/stechlin\/wp-json\/wp\/v2\/media\/9736"}],"wp:attachment":[{"href":"https:\/\/www.naturparkmagazin.de\/stechlin\/wp-json\/wp\/v2\/media?parent=9734"}],"wp:term":[{"taxonomy":"category","embeddable":true,"href":"https:\/\/www.naturparkmagazin.de\/stechlin\/wp-json\/wp\/v2\/categories?post=9734"},{"taxonomy":"post_tag","embeddable":true,"href":"https:\/\/www.naturparkmagazin.de\/stechlin\/wp-json\/wp\/v2\/tags?post=9734"}],"curies":[{"name":"wp","href":"https:\/\/api.w.org\/{rel}","templated":true}]}}