{"id":9740,"date":"2020-08-14T11:47:11","date_gmt":"2020-08-14T09:47:11","guid":{"rendered":"https:\/\/www.naturparkmagazin.de\/stechlin\/?p=9740"},"modified":"2020-08-25T15:55:30","modified_gmt":"2020-08-25T13:55:30","slug":"dorfverein-menz-stellt-skulpturen-auf","status":"publish","type":"post","link":"https:\/\/www.naturparkmagazin.de\/stechlin\/dorfverein-menz-stellt-skulpturen-auf\/","title":{"rendered":"Dorfverein Menz stellt Skulpturen auf"},"content":{"rendered":"<div id=\"attachment_9743\" style=\"width: 310px\" class=\"wp-caption aligncenter\"><a href=\"https:\/\/www.naturparkmagazin.de\/stechlin\/wp-content\/uploads\/sites\/38\/Skulpturenaufstellung_017.jpg\"><img aria-describedby=\"caption-attachment-9743\" decoding=\"async\" loading=\"lazy\" class=\"size-thumbnail wp-image-9743\" src=\"https:\/\/www.naturparkmagazin.de\/stechlin\/wp-content\/uploads\/sites\/38\/Skulpturenaufstellung_017-300x180.jpg\" alt=\"Stolz posieren die flei\u00dfigen Helfer vor &quot;ihren Skulpturen&quot;\" width=\"300\" height=\"180\" srcset=\"https:\/\/www.naturparkmagazin.de\/stechlin\/wp-content\/uploads\/sites\/38\/Skulpturenaufstellung_017-300x180.jpg 300w, https:\/\/www.naturparkmagazin.de\/stechlin\/wp-content\/uploads\/sites\/38\/Skulpturenaufstellung_017.jpg 500w, https:\/\/www.naturparkmagazin.de\/stechlin\/wp-content\/uploads\/sites\/38\/Skulpturenaufstellung_017-200x120.jpg 200w\" sizes=\"(max-width: 300px) 100vw, 300px\" \/><\/a><p id=\"caption-attachment-9743\" class=\"wp-caption-text\">Stolz posieren die flei\u00dfigen Helfer vor &#8222;ihren Skulpturen&#8220;<\/p><\/div>\n<p>Bei hochsommerlichen Temperaturen haben 13 Mitglieder des Dorfvereins flei\u00dfig gebuddelt.<\/p>\n<p>Die im Rahmen des 19. Internationalen Kunstsymposiums\u00a0des Naturparks\u00a0 im Herbst 2019 in Menz aus Eichenst\u00e4mmen entstandenen Kunstwerke haben so ihren endg\u00fcltigen Platz im Dorf erhalten.<\/p>\n<div id=\"attachment_9742\" style=\"width: 310px\" class=\"wp-caption aligncenter\"><a href=\"https:\/\/www.naturparkmagazin.de\/stechlin\/wp-content\/uploads\/sites\/38\/Skulpturenaufstellung_001.jpg\"><img aria-describedby=\"caption-attachment-9742\" decoding=\"async\" loading=\"lazy\" class=\"size-thumbnail wp-image-9742\" src=\"https:\/\/www.naturparkmagazin.de\/stechlin\/wp-content\/uploads\/sites\/38\/Skulpturenaufstellung_001-300x180.jpg\" alt=\"Werner Dietrich beim verladen der Skulpturen mit seiner Technik in Neuroofen.\" width=\"300\" height=\"180\" srcset=\"https:\/\/www.naturparkmagazin.de\/stechlin\/wp-content\/uploads\/sites\/38\/Skulpturenaufstellung_001-300x180.jpg 300w, https:\/\/www.naturparkmagazin.de\/stechlin\/wp-content\/uploads\/sites\/38\/Skulpturenaufstellung_001.jpg 500w, https:\/\/www.naturparkmagazin.de\/stechlin\/wp-content\/uploads\/sites\/38\/Skulpturenaufstellung_001-200x120.jpg 200w\" sizes=\"(max-width: 300px) 100vw, 300px\" \/><\/a><p id=\"caption-attachment-9742\" class=\"wp-caption-text\">Werner Dietrich beim Verladen der Skulpturen mit seiner Technik in Neuroofen.<\/p><\/div>\n<p>Gemeinsam mit dem Kunstverein Zehdenick e. V., dem K\u00fcnstlerhof Roofensee und dem Naturpark soll daraus ein Kunstwanderweg entstehen.<\/p>\n<p>Ein herzliches Dankesch\u00f6n an Werner Dietrich, Enrico Runge und Ralf Poltier, die mit ihrer Technik den Transport und die Aufstellung unterst\u00fctzt haben. Und nat\u00fcrlich an die vielen flei\u00dfigen Helfer, die im Schwei\u00dfe ihres Angesichts die Aktion tatkr\u00e4ftig unterst\u00fctzt haben.<\/p>\n<div id=\"attachment_9744\" style=\"width: 310px\" class=\"wp-caption aligncenter\"><a href=\"https:\/\/www.naturparkmagazin.de\/stechlin\/wp-content\/uploads\/sites\/38\/Skulpturenaufstellung_022.jpg\"><img aria-describedby=\"caption-attachment-9744\" decoding=\"async\" loading=\"lazy\" class=\"size-thumbnail wp-image-9744\" src=\"https:\/\/www.naturparkmagazin.de\/stechlin\/wp-content\/uploads\/sites\/38\/Skulpturenaufstellung_022-300x180.jpg\" alt=\"&quot;Horst&quot; erschaffen von Kuno Lomas aus Klein Mutz schwebt am Kranhaken.\" width=\"300\" height=\"180\" srcset=\"https:\/\/www.naturparkmagazin.de\/stechlin\/wp-content\/uploads\/sites\/38\/Skulpturenaufstellung_022-300x180.jpg 300w, https:\/\/www.naturparkmagazin.de\/stechlin\/wp-content\/uploads\/sites\/38\/Skulpturenaufstellung_022.jpg 500w, https:\/\/www.naturparkmagazin.de\/stechlin\/wp-content\/uploads\/sites\/38\/Skulpturenaufstellung_022-200x120.jpg 200w\" sizes=\"(max-width: 300px) 100vw, 300px\" \/><\/a><p id=\"caption-attachment-9744\" class=\"wp-caption-text\">&#8222;Horst&#8220; erschaffen von Kuno Lomas aus Klein Mutz schwebt am Kranhaken.<\/p><\/div>\n<p>&nbsp;<\/p>\n","protected":false},"excerpt":{"rendered":"<p>Bei hochsommerlichen Temperaturen haben 13 Mitglieder des Dorfvereins flei\u00dfig gebuddelt.<\/p>\n","protected":false},"author":39,"featured_media":9741,"comment_status":"open","ping_status":"open","sticky":false,"template":"","format":"standard","meta":[],"categories":[7],"tags":[],"yoast_head":"<!-- This site is optimized with the Yoast SEO plugin v19.10 - https:\/\/yoast.com\/wordpress\/plugins\/seo\/ -->\n<title>Dorfverein Menz stellt Skulpturen auf - Naturpark Stechlin-Ruppiner Land<\/title>\n<meta name=\"robots\" content=\"index, follow, max-snippet:-1, max-image-preview:large, max-video-preview:-1\" \/>\n<link rel=\"canonical\" href=\"https:\/\/www.naturparkmagazin.de\/stechlin\/dorfverein-menz-stellt-skulpturen-auf\/\" \/>\n<meta property=\"og:locale\" content=\"de_DE\" \/>\n<meta property=\"og:type\" content=\"article\" \/>\n<meta property=\"og:title\" content=\"Dorfverein Menz stellt Skulpturen auf - Naturpark Stechlin-Ruppiner Land\" \/>\n<meta property=\"og:description\" content=\"Bei hochsommerlichen Temperaturen haben 13 Mitglieder des Dorfvereins flei\u00dfig gebuddelt.\" \/>\n<meta property=\"og:url\" content=\"https:\/\/www.naturparkmagazin.de\/stechlin\/dorfverein-menz-stellt-skulpturen-auf\/\" \/>\n<meta property=\"og:site_name\" content=\"Naturpark Stechlin-Ruppiner Land\" \/>\n<meta property=\"article:published_time\" content=\"2020-08-14T09:47:11+00:00\" \/>\n<meta property=\"article:modified_time\" content=\"2020-08-25T13:55:30+00:00\" \/>\n<meta property=\"og:image\" content=\"https:\/\/www.naturparkmagazin.de\/stechlin\/wp-content\/uploads\/sites\/38\/skulpturen-menz_alheit.jpg\" \/>\n\t<meta property=\"og:image:width\" content=\"200\" \/>\n\t<meta property=\"og:image:height\" content=\"200\" \/>\n\t<meta property=\"og:image:type\" content=\"image\/jpeg\" \/>\n<meta name=\"author\" content=\"marioschrumpf\" \/>\n<meta name=\"twitter:label1\" content=\"Verfasst von\" \/>\n\t<meta name=\"twitter:data1\" content=\"marioschrumpf\" \/>\n\t<meta name=\"twitter:label2\" content=\"Gesch\u00e4tzte Lesezeit\" \/>\n\t<meta name=\"twitter:data2\" content=\"1\u00a0Minute\" \/>\n<script type=\"application\/ld+json\" class=\"yoast-schema-graph\">{\"@context\":\"https:\/\/schema.org\",\"@graph\":[{\"@type\":\"WebPage\",\"@id\":\"https:\/\/www.naturparkmagazin.de\/stechlin\/dorfverein-menz-stellt-skulpturen-auf\/\",\"url\":\"https:\/\/www.naturparkmagazin.de\/stechlin\/dorfverein-menz-stellt-skulpturen-auf\/\",\"name\":\"Dorfverein Menz stellt Skulpturen auf - Naturpark Stechlin-Ruppiner Land\",\"isPartOf\":{\"@id\":\"https:\/\/www.naturparkmagazin.de\/stechlin\/#website\"},\"datePublished\":\"2020-08-14T09:47:11+00:00\",\"dateModified\":\"2020-08-25T13:55:30+00:00\",\"author\":{\"@id\":\"https:\/\/www.naturparkmagazin.de\/stechlin\/#\/schema\/person\/3f0d93203df21c806dd63c76d9bb28bc\"},\"breadcrumb\":{\"@id\":\"https:\/\/www.naturparkmagazin.de\/stechlin\/dorfverein-menz-stellt-skulpturen-auf\/#breadcrumb\"},\"inLanguage\":\"de\",\"potentialAction\":[{\"@type\":\"ReadAction\",\"target\":[\"https:\/\/www.naturparkmagazin.de\/stechlin\/dorfverein-menz-stellt-skulpturen-auf\/\"]}]},{\"@type\":\"BreadcrumbList\",\"@id\":\"https:\/\/www.naturparkmagazin.de\/stechlin\/dorfverein-menz-stellt-skulpturen-auf\/#breadcrumb\",\"itemListElement\":[{\"@type\":\"ListItem\",\"position\":1,\"name\":\"Home\",\"item\":\"https:\/\/www.naturparkmagazin.de\/stechlin\/\"},{\"@type\":\"ListItem\",\"position\":2,\"name\":\"Dorfverein Menz stellt Skulpturen auf\"}]},{\"@type\":\"WebSite\",\"@id\":\"https:\/\/www.naturparkmagazin.de\/stechlin\/#website\",\"url\":\"https:\/\/www.naturparkmagazin.de\/stechlin\/\",\"name\":\"Naturpark Stechlin-Ruppiner Land\",\"description\":\"\",\"potentialAction\":[{\"@type\":\"SearchAction\",\"target\":{\"@type\":\"EntryPoint\",\"urlTemplate\":\"https:\/\/www.naturparkmagazin.de\/stechlin\/?s={search_term_string}\"},\"query-input\":\"required name=search_term_string\"}],\"inLanguage\":\"de\"},{\"@type\":\"Person\",\"@id\":\"https:\/\/www.naturparkmagazin.de\/stechlin\/#\/schema\/person\/3f0d93203df21c806dd63c76d9bb28bc\",\"name\":\"marioschrumpf\",\"url\":\"https:\/\/www.naturparkmagazin.de\/stechlin\/author\/marioschrumpf\/\"}]}<\/script>\n<!-- \/ Yoast SEO plugin. -->","yoast_head_json":{"title":"Dorfverein Menz stellt Skulpturen auf - Naturpark Stechlin-Ruppiner Land","robots":{"index":"index","follow":"follow","max-snippet":"max-snippet:-1","max-image-preview":"max-image-preview:large","max-video-preview":"max-video-preview:-1"},"canonical":"https:\/\/www.naturparkmagazin.de\/stechlin\/dorfverein-menz-stellt-skulpturen-auf\/","og_locale":"de_DE","og_type":"article","og_title":"Dorfverein Menz stellt Skulpturen auf - Naturpark Stechlin-Ruppiner Land","og_description":"Bei hochsommerlichen Temperaturen haben 13 Mitglieder des Dorfvereins flei\u00dfig gebuddelt.","og_url":"https:\/\/www.naturparkmagazin.de\/stechlin\/dorfverein-menz-stellt-skulpturen-auf\/","og_site_name":"Naturpark Stechlin-Ruppiner Land","article_published_time":"2020-08-14T09:47:11+00:00","article_modified_time":"2020-08-25T13:55:30+00:00","og_image":[{"width":200,"height":200,"url":"https:\/\/www.naturparkmagazin.de\/stechlin\/wp-content\/uploads\/sites\/38\/skulpturen-menz_alheit.jpg","type":"image\/jpeg"}],"author":"marioschrumpf","twitter_misc":{"Verfasst von":"marioschrumpf","Gesch\u00e4tzte Lesezeit":"1\u00a0Minute"},"schema":{"@context":"https:\/\/schema.org","@graph":[{"@type":"WebPage","@id":"https:\/\/www.naturparkmagazin.de\/stechlin\/dorfverein-menz-stellt-skulpturen-auf\/","url":"https:\/\/www.naturparkmagazin.de\/stechlin\/dorfverein-menz-stellt-skulpturen-auf\/","name":"Dorfverein Menz stellt Skulpturen auf - Naturpark Stechlin-Ruppiner Land","isPartOf":{"@id":"https:\/\/www.naturparkmagazin.de\/stechlin\/#website"},"datePublished":"2020-08-14T09:47:11+00:00","dateModified":"2020-08-25T13:55:30+00:00","author":{"@id":"https:\/\/www.naturparkmagazin.de\/stechlin\/#\/schema\/person\/3f0d93203df21c806dd63c76d9bb28bc"},"breadcrumb":{"@id":"https:\/\/www.naturparkmagazin.de\/stechlin\/dorfverein-menz-stellt-skulpturen-auf\/#breadcrumb"},"inLanguage":"de","potentialAction":[{"@type":"ReadAction","target":["https:\/\/www.naturparkmagazin.de\/stechlin\/dorfverein-menz-stellt-skulpturen-auf\/"]}]},{"@type":"BreadcrumbList","@id":"https:\/\/www.naturparkmagazin.de\/stechlin\/dorfverein-menz-stellt-skulpturen-auf\/#breadcrumb","itemListElement":[{"@type":"ListItem","position":1,"name":"Home","item":"https:\/\/www.naturparkmagazin.de\/stechlin\/"},{"@type":"ListItem","position":2,"name":"Dorfverein Menz stellt Skulpturen auf"}]},{"@type":"WebSite","@id":"https:\/\/www.naturparkmagazin.de\/stechlin\/#website","url":"https:\/\/www.naturparkmagazin.de\/stechlin\/","name":"Naturpark Stechlin-Ruppiner Land","description":"","potentialAction":[{"@type":"SearchAction","target":{"@type":"EntryPoint","urlTemplate":"https:\/\/www.naturparkmagazin.de\/stechlin\/?s={search_term_string}"},"query-input":"required name=search_term_string"}],"inLanguage":"de"},{"@type":"Person","@id":"https:\/\/www.naturparkmagazin.de\/stechlin\/#\/schema\/person\/3f0d93203df21c806dd63c76d9bb28bc","name":"marioschrumpf","url":"https:\/\/www.naturparkmagazin.de\/stechlin\/author\/marioschrumpf\/"}]}},"_links":{"self":[{"href":"https:\/\/www.naturparkmagazin.de\/stechlin\/wp-json\/wp\/v2\/posts\/9740"}],"collection":[{"href":"https:\/\/www.naturparkmagazin.de\/stechlin\/wp-json\/wp\/v2\/posts"}],"about":[{"href":"https:\/\/www.naturparkmagazin.de\/stechlin\/wp-json\/wp\/v2\/types\/post"}],"author":[{"embeddable":true,"href":"https:\/\/www.naturparkmagazin.de\/stechlin\/wp-json\/wp\/v2\/users\/39"}],"replies":[{"embeddable":true,"href":"https:\/\/www.naturparkmagazin.de\/stechlin\/wp-json\/wp\/v2\/comments?post=9740"}],"version-history":[{"count":3,"href":"https:\/\/www.naturparkmagazin.de\/stechlin\/wp-json\/wp\/v2\/posts\/9740\/revisions"}],"predecessor-version":[{"id":9780,"href":"https:\/\/www.naturparkmagazin.de\/stechlin\/wp-json\/wp\/v2\/posts\/9740\/revisions\/9780"}],"wp:featuredmedia":[{"embeddable":true,"href":"https:\/\/www.naturparkmagazin.de\/stechlin\/wp-json\/wp\/v2\/media\/9741"}],"wp:attachment":[{"href":"https:\/\/www.naturparkmagazin.de\/stechlin\/wp-json\/wp\/v2\/media?parent=9740"}],"wp:term":[{"taxonomy":"category","embeddable":true,"href":"https:\/\/www.naturparkmagazin.de\/stechlin\/wp-json\/wp\/v2\/categories?post=9740"},{"taxonomy":"post_tag","embeddable":true,"href":"https:\/\/www.naturparkmagazin.de\/stechlin\/wp-json\/wp\/v2\/tags?post=9740"}],"curies":[{"name":"wp","href":"https:\/\/api.w.org\/{rel}","templated":true}]}}