{"id":9755,"date":"2020-08-14T13:14:39","date_gmt":"2020-08-14T11:14:39","guid":{"rendered":"https:\/\/www.naturparkmagazin.de\/stechlin\/?p=9755"},"modified":"2025-01-24T10:02:37","modified_gmt":"2025-01-24T09:02:37","slug":"finanzierung-fuer-naturparkhaus-stechlin-bis-jahresende-gesichert","status":"publish","type":"post","link":"https:\/\/www.naturparkmagazin.de\/stechlin\/finanzierung-fuer-naturparkhaus-stechlin-bis-jahresende-gesichert\/","title":{"rendered":"Finanzierung f\u00fcr NaturParkHaus Stechlin bis Jahresende 2020 gesichert"},"content":{"rendered":"<div id=\"attachment_9748\" style=\"width: 310px\" class=\"wp-caption aligncenter\"><a href=\"https:\/\/www.naturparkmagazin.de\/stechlin\/wp-content\/uploads\/sites\/38\/Staatssekret\u00e4rin_24.jpg\"><img aria-describedby=\"caption-attachment-9748\" decoding=\"async\" loading=\"lazy\" class=\"size-thumbnail wp-image-9748\" src=\"https:\/\/www.naturparkmagazin.de\/stechlin\/wp-content\/uploads\/sites\/38\/Staatssekret\u00e4rin_24-300x180.jpg\" alt=\"Karin Schl\u00f6sser stellt die Ausstellung vor.\" width=\"300\" height=\"180\" srcset=\"https:\/\/www.naturparkmagazin.de\/stechlin\/wp-content\/uploads\/sites\/38\/Staatssekret\u00e4rin_24-300x180.jpg 300w, https:\/\/www.naturparkmagazin.de\/stechlin\/wp-content\/uploads\/sites\/38\/Staatssekret\u00e4rin_24.jpg 500w, https:\/\/www.naturparkmagazin.de\/stechlin\/wp-content\/uploads\/sites\/38\/Staatssekret\u00e4rin_24-200x120.jpg 200w\" sizes=\"(max-width: 300px) 100vw, 300px\" \/><\/a><p id=\"caption-attachment-9748\" class=\"wp-caption-text\">Die Leiterin des Besucherzentrums, Karin Schl\u00f6sser, stellt die Ausstellung vor.<\/p><\/div>\n<p>Bei ihrem Besuch im Naturpark am 20. August \u00fcbergab Umweltstaatssekret\u00e4rin Silvia Bender einen Mittelbescheid.<\/p>\n<div id=\"attachment_9747\" style=\"width: 310px\" class=\"wp-caption aligncenter\"><a href=\"https:\/\/www.naturparkmagazin.de\/stechlin\/wp-content\/uploads\/sites\/38\/Umweltstaatssekret\u00e4rin_27.jpg\"><img aria-describedby=\"caption-attachment-9747\" decoding=\"async\" loading=\"lazy\" class=\"size-thumbnail wp-image-9747\" src=\"https:\/\/www.naturparkmagazin.de\/stechlin\/wp-content\/uploads\/sites\/38\/Umweltstaatssekret\u00e4rin_27-300x180.jpg\" alt=\"J\u00f6rg R. Brinkmann wirbt f\u00fcr ein langfristig gesicherte Finanzierung des Besucherzentrums.\" width=\"300\" height=\"180\" srcset=\"https:\/\/www.naturparkmagazin.de\/stechlin\/wp-content\/uploads\/sites\/38\/Umweltstaatssekret\u00e4rin_27-300x180.jpg 300w, https:\/\/www.naturparkmagazin.de\/stechlin\/wp-content\/uploads\/sites\/38\/Umweltstaatssekret\u00e4rin_27.jpg 500w, https:\/\/www.naturparkmagazin.de\/stechlin\/wp-content\/uploads\/sites\/38\/Umweltstaatssekret\u00e4rin_27-200x120.jpg 200w\" sizes=\"(max-width: 300px) 100vw, 300px\" \/><\/a><p id=\"caption-attachment-9747\" class=\"wp-caption-text\">J\u00f6rg R. Brinkmann wirbt f\u00fcr ein langfristig gesicherte Finanzierung des Besucherzentrums.<\/p><\/div>\n<p>Damit ist der Betrieb des Naturpark-Besucherzentrums durch den Tr\u00e4ger des Hauses den F\u00f6rderverein &#8222;Naturlandschaft Stechlin und Menzer Heide e.V.&#8220; zun\u00e4chst bis Jahresende abgesichert. Aufgrund der coronabedingten mehrmonatigen Schlie\u00dfung des Besucherzentrums und der dadurch fehlenden Einnahmen kann der Tr\u00e4ger den notwendigen Eigenanteil f\u00fcr die vom Land gef\u00f6rderte Bewirtschaftung des Hauses aktuell nicht erbringen.<\/p>\n<p>Das NaturParkHaus bietet den Besuchern eine interaktive Ausstellung zum Thema &#8222;Lebensraum Wald, Wasser und\u00a0Moor&#8220;. Ein Sinnesgarten l\u00e4dt zum Riechen, F\u00fchlen, Schmecken und H\u00f6ren verschiedener Kr\u00e4uter, Str\u00e4ucher und B\u00e4ume ein. Umweltbildungsprogramme werden f\u00fcr verschiedene Altersgruppen angeboten.<\/p>\n<p>&nbsp;<\/p>\n<p>&nbsp;<\/p>\n<div id=\"attachment_9756\" style=\"width: 310px\" class=\"wp-caption aligncenter\"><a href=\"https:\/\/www.naturparkmagazin.de\/stechlin\/wp-content\/uploads\/sites\/38\/Staatssekret\u00e4rin_35.jpg\"><img aria-describedby=\"caption-attachment-9756\" decoding=\"async\" loading=\"lazy\" class=\"size-thumbnail wp-image-9756\" src=\"https:\/\/www.naturparkmagazin.de\/stechlin\/wp-content\/uploads\/sites\/38\/Staatssekret\u00e4rin_35-300x180.jpg\" alt=\"Umweltstaatssekret\u00e4rin Silvia Bender, Naturparkleiter Mario Schrumpf und F\u00f6rdervereins-Vorsitzender J\u00f6rg R. Brinkmann vor dem NaturParkHaus.\" width=\"300\" height=\"180\" srcset=\"https:\/\/www.naturparkmagazin.de\/stechlin\/wp-content\/uploads\/sites\/38\/Staatssekret\u00e4rin_35-300x180.jpg 300w, https:\/\/www.naturparkmagazin.de\/stechlin\/wp-content\/uploads\/sites\/38\/Staatssekret\u00e4rin_35.jpg 500w, https:\/\/www.naturparkmagazin.de\/stechlin\/wp-content\/uploads\/sites\/38\/Staatssekret\u00e4rin_35-200x120.jpg 200w\" sizes=\"(max-width: 300px) 100vw, 300px\" \/><\/a><p id=\"caption-attachment-9756\" class=\"wp-caption-text\">Umweltstaatssekret\u00e4rin Silvia Bender, Naturparkleiter Mario Schrumpf und F\u00f6rdervereins-Vorsitzender J\u00f6rg R. Brinkmann vor dem NaturParkHaus.<\/p><\/div>\n","protected":false},"excerpt":{"rendered":"<p>Bei ihrem Besuch im Naturpark am 20. August \u00fcbergab Umweltstaatssekret\u00e4rin Silvia Bender einen Mittelbescheid.<\/p>\n","protected":false},"author":39,"featured_media":9752,"comment_status":"open","ping_status":"open","sticky":false,"template":"","format":"standard","meta":[],"categories":[7],"tags":[],"yoast_head":"<!-- This site is optimized with the Yoast SEO plugin v19.10 - https:\/\/yoast.com\/wordpress\/plugins\/seo\/ -->\n<title>Finanzierung f\u00fcr NaturParkHaus Stechlin bis Jahresende 2020 gesichert - Naturpark Stechlin-Ruppiner Land<\/title>\n<meta name=\"robots\" content=\"index, follow, max-snippet:-1, max-image-preview:large, max-video-preview:-1\" \/>\n<link rel=\"canonical\" href=\"https:\/\/www.naturparkmagazin.de\/stechlin\/finanzierung-fuer-naturparkhaus-stechlin-bis-jahresende-gesichert\/\" \/>\n<meta property=\"og:locale\" content=\"de_DE\" \/>\n<meta property=\"og:type\" content=\"article\" \/>\n<meta property=\"og:title\" content=\"Finanzierung f\u00fcr NaturParkHaus Stechlin bis Jahresende 2020 gesichert - Naturpark Stechlin-Ruppiner Land\" \/>\n<meta property=\"og:description\" content=\"Bei ihrem Besuch im Naturpark am 20. August \u00fcbergab Umweltstaatssekret\u00e4rin Silvia Bender einen Mittelbescheid.\" \/>\n<meta property=\"og:url\" content=\"https:\/\/www.naturparkmagazin.de\/stechlin\/finanzierung-fuer-naturparkhaus-stechlin-bis-jahresende-gesichert\/\" \/>\n<meta property=\"og:site_name\" content=\"Naturpark Stechlin-Ruppiner Land\" \/>\n<meta property=\"article:published_time\" content=\"2020-08-14T11:14:39+00:00\" \/>\n<meta property=\"article:modified_time\" content=\"2025-01-24T09:02:37+00:00\" \/>\n<meta property=\"og:image\" content=\"https:\/\/www.naturparkmagazin.de\/stechlin\/wp-content\/uploads\/sites\/38\/Umweltstaatssekret\u00e4rin_30.jpg\" \/>\n\t<meta property=\"og:image:width\" content=\"200\" \/>\n\t<meta property=\"og:image:height\" content=\"200\" \/>\n\t<meta property=\"og:image:type\" content=\"image\/jpeg\" \/>\n<meta name=\"author\" content=\"marioschrumpf\" \/>\n<meta name=\"twitter:label1\" content=\"Verfasst von\" \/>\n\t<meta name=\"twitter:data1\" content=\"marioschrumpf\" \/>\n\t<meta name=\"twitter:label2\" content=\"Gesch\u00e4tzte Lesezeit\" \/>\n\t<meta name=\"twitter:data2\" content=\"2\u00a0Minuten\" \/>\n<script type=\"application\/ld+json\" class=\"yoast-schema-graph\">{\"@context\":\"https:\/\/schema.org\",\"@graph\":[{\"@type\":\"WebPage\",\"@id\":\"https:\/\/www.naturparkmagazin.de\/stechlin\/finanzierung-fuer-naturparkhaus-stechlin-bis-jahresende-gesichert\/\",\"url\":\"https:\/\/www.naturparkmagazin.de\/stechlin\/finanzierung-fuer-naturparkhaus-stechlin-bis-jahresende-gesichert\/\",\"name\":\"Finanzierung f\u00fcr NaturParkHaus Stechlin bis Jahresende 2020 gesichert - Naturpark Stechlin-Ruppiner Land\",\"isPartOf\":{\"@id\":\"https:\/\/www.naturparkmagazin.de\/stechlin\/#website\"},\"datePublished\":\"2020-08-14T11:14:39+00:00\",\"dateModified\":\"2025-01-24T09:02:37+00:00\",\"author\":{\"@id\":\"https:\/\/www.naturparkmagazin.de\/stechlin\/#\/schema\/person\/3f0d93203df21c806dd63c76d9bb28bc\"},\"breadcrumb\":{\"@id\":\"https:\/\/www.naturparkmagazin.de\/stechlin\/finanzierung-fuer-naturparkhaus-stechlin-bis-jahresende-gesichert\/#breadcrumb\"},\"inLanguage\":\"de\",\"potentialAction\":[{\"@type\":\"ReadAction\",\"target\":[\"https:\/\/www.naturparkmagazin.de\/stechlin\/finanzierung-fuer-naturparkhaus-stechlin-bis-jahresende-gesichert\/\"]}]},{\"@type\":\"BreadcrumbList\",\"@id\":\"https:\/\/www.naturparkmagazin.de\/stechlin\/finanzierung-fuer-naturparkhaus-stechlin-bis-jahresende-gesichert\/#breadcrumb\",\"itemListElement\":[{\"@type\":\"ListItem\",\"position\":1,\"name\":\"Home\",\"item\":\"https:\/\/www.naturparkmagazin.de\/stechlin\/\"},{\"@type\":\"ListItem\",\"position\":2,\"name\":\"Finanzierung f\u00fcr NaturParkHaus Stechlin bis Jahresende 2020 gesichert\"}]},{\"@type\":\"WebSite\",\"@id\":\"https:\/\/www.naturparkmagazin.de\/stechlin\/#website\",\"url\":\"https:\/\/www.naturparkmagazin.de\/stechlin\/\",\"name\":\"Naturpark Stechlin-Ruppiner Land\",\"description\":\"\",\"potentialAction\":[{\"@type\":\"SearchAction\",\"target\":{\"@type\":\"EntryPoint\",\"urlTemplate\":\"https:\/\/www.naturparkmagazin.de\/stechlin\/?s={search_term_string}\"},\"query-input\":\"required name=search_term_string\"}],\"inLanguage\":\"de\"},{\"@type\":\"Person\",\"@id\":\"https:\/\/www.naturparkmagazin.de\/stechlin\/#\/schema\/person\/3f0d93203df21c806dd63c76d9bb28bc\",\"name\":\"marioschrumpf\",\"url\":\"https:\/\/www.naturparkmagazin.de\/stechlin\/author\/marioschrumpf\/\"}]}<\/script>\n<!-- \/ Yoast SEO plugin. -->","yoast_head_json":{"title":"Finanzierung f\u00fcr NaturParkHaus Stechlin bis Jahresende 2020 gesichert - Naturpark Stechlin-Ruppiner Land","robots":{"index":"index","follow":"follow","max-snippet":"max-snippet:-1","max-image-preview":"max-image-preview:large","max-video-preview":"max-video-preview:-1"},"canonical":"https:\/\/www.naturparkmagazin.de\/stechlin\/finanzierung-fuer-naturparkhaus-stechlin-bis-jahresende-gesichert\/","og_locale":"de_DE","og_type":"article","og_title":"Finanzierung f\u00fcr NaturParkHaus Stechlin bis Jahresende 2020 gesichert - Naturpark Stechlin-Ruppiner Land","og_description":"Bei ihrem Besuch im Naturpark am 20. August \u00fcbergab Umweltstaatssekret\u00e4rin Silvia Bender einen Mittelbescheid.","og_url":"https:\/\/www.naturparkmagazin.de\/stechlin\/finanzierung-fuer-naturparkhaus-stechlin-bis-jahresende-gesichert\/","og_site_name":"Naturpark Stechlin-Ruppiner Land","article_published_time":"2020-08-14T11:14:39+00:00","article_modified_time":"2025-01-24T09:02:37+00:00","og_image":[{"width":200,"height":200,"url":"https:\/\/www.naturparkmagazin.de\/stechlin\/wp-content\/uploads\/sites\/38\/Umweltstaatssekret\u00e4rin_30.jpg","type":"image\/jpeg"}],"author":"marioschrumpf","twitter_misc":{"Verfasst von":"marioschrumpf","Gesch\u00e4tzte Lesezeit":"2\u00a0Minuten"},"schema":{"@context":"https:\/\/schema.org","@graph":[{"@type":"WebPage","@id":"https:\/\/www.naturparkmagazin.de\/stechlin\/finanzierung-fuer-naturparkhaus-stechlin-bis-jahresende-gesichert\/","url":"https:\/\/www.naturparkmagazin.de\/stechlin\/finanzierung-fuer-naturparkhaus-stechlin-bis-jahresende-gesichert\/","name":"Finanzierung f\u00fcr NaturParkHaus Stechlin bis Jahresende 2020 gesichert - Naturpark Stechlin-Ruppiner Land","isPartOf":{"@id":"https:\/\/www.naturparkmagazin.de\/stechlin\/#website"},"datePublished":"2020-08-14T11:14:39+00:00","dateModified":"2025-01-24T09:02:37+00:00","author":{"@id":"https:\/\/www.naturparkmagazin.de\/stechlin\/#\/schema\/person\/3f0d93203df21c806dd63c76d9bb28bc"},"breadcrumb":{"@id":"https:\/\/www.naturparkmagazin.de\/stechlin\/finanzierung-fuer-naturparkhaus-stechlin-bis-jahresende-gesichert\/#breadcrumb"},"inLanguage":"de","potentialAction":[{"@type":"ReadAction","target":["https:\/\/www.naturparkmagazin.de\/stechlin\/finanzierung-fuer-naturparkhaus-stechlin-bis-jahresende-gesichert\/"]}]},{"@type":"BreadcrumbList","@id":"https:\/\/www.naturparkmagazin.de\/stechlin\/finanzierung-fuer-naturparkhaus-stechlin-bis-jahresende-gesichert\/#breadcrumb","itemListElement":[{"@type":"ListItem","position":1,"name":"Home","item":"https:\/\/www.naturparkmagazin.de\/stechlin\/"},{"@type":"ListItem","position":2,"name":"Finanzierung f\u00fcr NaturParkHaus Stechlin bis Jahresende 2020 gesichert"}]},{"@type":"WebSite","@id":"https:\/\/www.naturparkmagazin.de\/stechlin\/#website","url":"https:\/\/www.naturparkmagazin.de\/stechlin\/","name":"Naturpark Stechlin-Ruppiner Land","description":"","potentialAction":[{"@type":"SearchAction","target":{"@type":"EntryPoint","urlTemplate":"https:\/\/www.naturparkmagazin.de\/stechlin\/?s={search_term_string}"},"query-input":"required name=search_term_string"}],"inLanguage":"de"},{"@type":"Person","@id":"https:\/\/www.naturparkmagazin.de\/stechlin\/#\/schema\/person\/3f0d93203df21c806dd63c76d9bb28bc","name":"marioschrumpf","url":"https:\/\/www.naturparkmagazin.de\/stechlin\/author\/marioschrumpf\/"}]}},"_links":{"self":[{"href":"https:\/\/www.naturparkmagazin.de\/stechlin\/wp-json\/wp\/v2\/posts\/9755"}],"collection":[{"href":"https:\/\/www.naturparkmagazin.de\/stechlin\/wp-json\/wp\/v2\/posts"}],"about":[{"href":"https:\/\/www.naturparkmagazin.de\/stechlin\/wp-json\/wp\/v2\/types\/post"}],"author":[{"embeddable":true,"href":"https:\/\/www.naturparkmagazin.de\/stechlin\/wp-json\/wp\/v2\/users\/39"}],"replies":[{"embeddable":true,"href":"https:\/\/www.naturparkmagazin.de\/stechlin\/wp-json\/wp\/v2\/comments?post=9755"}],"version-history":[{"count":6,"href":"https:\/\/www.naturparkmagazin.de\/stechlin\/wp-json\/wp\/v2\/posts\/9755\/revisions"}],"predecessor-version":[{"id":16584,"href":"https:\/\/www.naturparkmagazin.de\/stechlin\/wp-json\/wp\/v2\/posts\/9755\/revisions\/16584"}],"wp:featuredmedia":[{"embeddable":true,"href":"https:\/\/www.naturparkmagazin.de\/stechlin\/wp-json\/wp\/v2\/media\/9752"}],"wp:attachment":[{"href":"https:\/\/www.naturparkmagazin.de\/stechlin\/wp-json\/wp\/v2\/media?parent=9755"}],"wp:term":[{"taxonomy":"category","embeddable":true,"href":"https:\/\/www.naturparkmagazin.de\/stechlin\/wp-json\/wp\/v2\/categories?post=9755"},{"taxonomy":"post_tag","embeddable":true,"href":"https:\/\/www.naturparkmagazin.de\/stechlin\/wp-json\/wp\/v2\/tags?post=9755"}],"curies":[{"name":"wp","href":"https:\/\/api.w.org\/{rel}","templated":true}]}}