{"id":9760,"date":"2020-08-14T13:36:47","date_gmt":"2020-08-14T11:36:47","guid":{"rendered":"https:\/\/www.naturparkmagazin.de\/stechlin\/?p=9760"},"modified":"2025-06-19T13:41:47","modified_gmt":"2025-06-19T11:41:47","slug":"ausstellung-90-jahre-stechlinseebahn","status":"publish","type":"post","link":"https:\/\/www.naturparkmagazin.de\/stechlin\/ausstellung-90-jahre-stechlinseebahn\/","title":{"rendered":"Ausstellung 90 Jahre Stechlinseebahn (2020)"},"content":{"rendered":"<div id=\"attachment_9761\" style=\"width: 310px\" class=\"wp-caption aligncenter\"><a href=\"https:\/\/www.naturparkmagazin.de\/stechlin\/wp-content\/uploads\/sites\/38\/Stechlinseebahn_013.jpg\"><img aria-describedby=\"caption-attachment-9761\" decoding=\"async\" loading=\"lazy\" class=\"size-thumbnail wp-image-9761\" src=\"https:\/\/www.naturparkmagazin.de\/stechlin\/wp-content\/uploads\/sites\/38\/Stechlinseebahn_013-300x180.jpg\" alt=\"Infotafel am ehemaligen Bahnhof Menz\" width=\"300\" height=\"180\" srcset=\"https:\/\/www.naturparkmagazin.de\/stechlin\/wp-content\/uploads\/sites\/38\/Stechlinseebahn_013-300x180.jpg 300w, https:\/\/www.naturparkmagazin.de\/stechlin\/wp-content\/uploads\/sites\/38\/Stechlinseebahn_013.jpg 500w, https:\/\/www.naturparkmagazin.de\/stechlin\/wp-content\/uploads\/sites\/38\/Stechlinseebahn_013-200x120.jpg 200w\" sizes=\"(max-width: 300px) 100vw, 300px\" \/><\/a><p id=\"caption-attachment-9761\" class=\"wp-caption-text\">Infotafel am ehemaligen Bahnhof Menz<\/p><\/div>\n<p>Vor 90 Jahren wurde auf der Strecke von Gransee \u00fcber Schulzendorf, Gro\u00dfwoltersdorf und Menz nach Neuglobsow der Personenzugverkehr aufgenommen. Die Rheinsberger Eisenbahnfreunde e. V. informieren in einer spannenden Ausstellung \u00fcber die Historie dieser Bahnlinie. Neben historischen Fotos haben die Eisenbahnfreaks eine Menge Originalmaterial wie Fahrkarten, Fahrpl\u00e4ne und Bauunterlagen zusammengetragen. Die historische Bahnstrecke kann heute auf einem ausgeschilderten Radweg nacherlebt werden. Gemeinsam mit dem Naturpark gestaltete Infotafeln informieren an den ehemaligen Bahnh\u00f6fen \u00fcber die Geschichte dieser einst f\u00fcr die Stechlinseeregion wichtigen Bahntrasse.<\/p>\n<p>&nbsp;<\/p>\n<div id=\"attachment_9763\" style=\"width: 310px\" class=\"wp-caption aligncenter\"><a href=\"https:\/\/www.naturparkmagazin.de\/stechlin\/wp-content\/uploads\/sites\/38\/Stechlinseeradweg_423.jpg\"><img aria-describedby=\"caption-attachment-9763\" decoding=\"async\" loading=\"lazy\" class=\"size-thumbnail wp-image-9763\" src=\"https:\/\/www.naturparkmagazin.de\/stechlin\/wp-content\/uploads\/sites\/38\/Stechlinseeradweg_423-300x180.jpg\" alt=\"Die Trasse der Stechlinseebahn kann heute auf einem Radweg, wie hier bei Menz, nachgeradelt werden.\" width=\"300\" height=\"180\" srcset=\"https:\/\/www.naturparkmagazin.de\/stechlin\/wp-content\/uploads\/sites\/38\/Stechlinseeradweg_423-300x180.jpg 300w, https:\/\/www.naturparkmagazin.de\/stechlin\/wp-content\/uploads\/sites\/38\/Stechlinseeradweg_423.jpg 500w, https:\/\/www.naturparkmagazin.de\/stechlin\/wp-content\/uploads\/sites\/38\/Stechlinseeradweg_423-200x120.jpg 200w\" sizes=\"(max-width: 300px) 100vw, 300px\" \/><\/a><p id=\"caption-attachment-9763\" class=\"wp-caption-text\">Die Trasse der Stechlinseebahn kann heute auf einem Radweg, wie hier bei Menz,\u00a0per Rad erlebt werden.<\/p><\/div>\n<div id=\"attachment_9762\" style=\"width: 260px\" class=\"wp-caption aligncenter\"><a href=\"https:\/\/www.naturparkmagazin.de\/stechlin\/wp-content\/uploads\/sites\/38\/Stechlinseeradweg_36.jpg\"><img aria-describedby=\"caption-attachment-9762\" decoding=\"async\" loading=\"lazy\" class=\"size-full wp-image-9762\" src=\"https:\/\/www.naturparkmagazin.de\/stechlin\/wp-content\/uploads\/sites\/38\/Stechlinseeradweg_36.jpg\" alt=\"Er\u00f6ffnung des Stechlinsee-Radweges zwischen Menz und Neuglobsow durch Radsportlegende T\u00e4ve Schur (in gelb).\" width=\"250\" height=\"300\" srcset=\"https:\/\/www.naturparkmagazin.de\/stechlin\/wp-content\/uploads\/sites\/38\/Stechlinseeradweg_36.jpg 250w, https:\/\/www.naturparkmagazin.de\/stechlin\/wp-content\/uploads\/sites\/38\/Stechlinseeradweg_36-200x240.jpg 200w\" sizes=\"(max-width: 250px) 100vw, 250px\" \/><\/a><p id=\"caption-attachment-9762\" class=\"wp-caption-text\">Er\u00f6ffnung des erneuerten Stechlinsee-Radweges zwischen Menz und Neuglobsow durch Radsportlegende T\u00e4ve Schur (in gelb).<\/p><\/div>\n","protected":false},"excerpt":{"rendered":"<p>Am 25. September, 18 Uhr wird in der Regionalwerkstatt Stechlin in Menz eine Ausstellung \u00fcber die Geschichte der Stechlinseebahn er\u00f6ffnet.<\/p>\n","protected":false},"author":39,"featured_media":6043,"comment_status":"open","ping_status":"open","sticky":false,"template":"","format":"standard","meta":[],"categories":[11],"tags":[],"yoast_head":"<!-- This site is optimized with the Yoast SEO plugin v19.10 - https:\/\/yoast.com\/wordpress\/plugins\/seo\/ -->\n<title>Ausstellung 90 Jahre Stechlinseebahn (2020) - Naturpark Stechlin-Ruppiner Land<\/title>\n<meta name=\"robots\" content=\"index, follow, max-snippet:-1, max-image-preview:large, max-video-preview:-1\" \/>\n<link rel=\"canonical\" href=\"https:\/\/www.naturparkmagazin.de\/stechlin\/ausstellung-90-jahre-stechlinseebahn\/\" \/>\n<meta property=\"og:locale\" content=\"de_DE\" \/>\n<meta property=\"og:type\" content=\"article\" \/>\n<meta property=\"og:title\" content=\"Ausstellung 90 Jahre Stechlinseebahn (2020) - Naturpark Stechlin-Ruppiner Land\" \/>\n<meta property=\"og:description\" content=\"Am 25. September, 18 Uhr wird in der Regionalwerkstatt Stechlin in Menz eine Ausstellung \u00fcber die Geschichte der Stechlinseebahn er\u00f6ffnet.\" \/>\n<meta property=\"og:url\" content=\"https:\/\/www.naturparkmagazin.de\/stechlin\/ausstellung-90-jahre-stechlinseebahn\/\" \/>\n<meta property=\"og:site_name\" content=\"Naturpark Stechlin-Ruppiner Land\" \/>\n<meta property=\"article:published_time\" content=\"2020-08-14T11:36:47+00:00\" \/>\n<meta property=\"article:modified_time\" content=\"2025-06-19T11:41:47+00:00\" \/>\n<meta property=\"og:image\" content=\"https:\/\/www.naturparkmagazin.de\/stechlin\/wp-content\/uploads\/sites\/38\/Eisenbahn.jpg\" \/>\n\t<meta property=\"og:image:width\" content=\"200\" \/>\n\t<meta property=\"og:image:height\" content=\"200\" \/>\n\t<meta property=\"og:image:type\" content=\"image\/jpeg\" \/>\n<meta name=\"author\" content=\"marioschrumpf\" \/>\n<meta name=\"twitter:label1\" content=\"Verfasst von\" \/>\n\t<meta name=\"twitter:data1\" content=\"marioschrumpf\" \/>\n\t<meta name=\"twitter:label2\" content=\"Gesch\u00e4tzte Lesezeit\" \/>\n\t<meta name=\"twitter:data2\" content=\"1\u00a0Minute\" \/>\n<script type=\"application\/ld+json\" class=\"yoast-schema-graph\">{\"@context\":\"https:\/\/schema.org\",\"@graph\":[{\"@type\":\"WebPage\",\"@id\":\"https:\/\/www.naturparkmagazin.de\/stechlin\/ausstellung-90-jahre-stechlinseebahn\/\",\"url\":\"https:\/\/www.naturparkmagazin.de\/stechlin\/ausstellung-90-jahre-stechlinseebahn\/\",\"name\":\"Ausstellung 90 Jahre Stechlinseebahn (2020) - Naturpark Stechlin-Ruppiner Land\",\"isPartOf\":{\"@id\":\"https:\/\/www.naturparkmagazin.de\/stechlin\/#website\"},\"datePublished\":\"2020-08-14T11:36:47+00:00\",\"dateModified\":\"2025-06-19T11:41:47+00:00\",\"author\":{\"@id\":\"https:\/\/www.naturparkmagazin.de\/stechlin\/#\/schema\/person\/3f0d93203df21c806dd63c76d9bb28bc\"},\"breadcrumb\":{\"@id\":\"https:\/\/www.naturparkmagazin.de\/stechlin\/ausstellung-90-jahre-stechlinseebahn\/#breadcrumb\"},\"inLanguage\":\"de\",\"potentialAction\":[{\"@type\":\"ReadAction\",\"target\":[\"https:\/\/www.naturparkmagazin.de\/stechlin\/ausstellung-90-jahre-stechlinseebahn\/\"]}]},{\"@type\":\"BreadcrumbList\",\"@id\":\"https:\/\/www.naturparkmagazin.de\/stechlin\/ausstellung-90-jahre-stechlinseebahn\/#breadcrumb\",\"itemListElement\":[{\"@type\":\"ListItem\",\"position\":1,\"name\":\"Home\",\"item\":\"https:\/\/www.naturparkmagazin.de\/stechlin\/\"},{\"@type\":\"ListItem\",\"position\":2,\"name\":\"Ausstellung 90 Jahre Stechlinseebahn (2020)\"}]},{\"@type\":\"WebSite\",\"@id\":\"https:\/\/www.naturparkmagazin.de\/stechlin\/#website\",\"url\":\"https:\/\/www.naturparkmagazin.de\/stechlin\/\",\"name\":\"Naturpark Stechlin-Ruppiner Land\",\"description\":\"\",\"potentialAction\":[{\"@type\":\"SearchAction\",\"target\":{\"@type\":\"EntryPoint\",\"urlTemplate\":\"https:\/\/www.naturparkmagazin.de\/stechlin\/?s={search_term_string}\"},\"query-input\":\"required name=search_term_string\"}],\"inLanguage\":\"de\"},{\"@type\":\"Person\",\"@id\":\"https:\/\/www.naturparkmagazin.de\/stechlin\/#\/schema\/person\/3f0d93203df21c806dd63c76d9bb28bc\",\"name\":\"marioschrumpf\",\"url\":\"https:\/\/www.naturparkmagazin.de\/stechlin\/author\/marioschrumpf\/\"}]}<\/script>\n<!-- \/ Yoast SEO plugin. -->","yoast_head_json":{"title":"Ausstellung 90 Jahre Stechlinseebahn (2020) - Naturpark Stechlin-Ruppiner Land","robots":{"index":"index","follow":"follow","max-snippet":"max-snippet:-1","max-image-preview":"max-image-preview:large","max-video-preview":"max-video-preview:-1"},"canonical":"https:\/\/www.naturparkmagazin.de\/stechlin\/ausstellung-90-jahre-stechlinseebahn\/","og_locale":"de_DE","og_type":"article","og_title":"Ausstellung 90 Jahre Stechlinseebahn (2020) - Naturpark Stechlin-Ruppiner Land","og_description":"Am 25. September, 18 Uhr wird in der Regionalwerkstatt Stechlin in Menz eine Ausstellung \u00fcber die Geschichte der Stechlinseebahn er\u00f6ffnet.","og_url":"https:\/\/www.naturparkmagazin.de\/stechlin\/ausstellung-90-jahre-stechlinseebahn\/","og_site_name":"Naturpark Stechlin-Ruppiner Land","article_published_time":"2020-08-14T11:36:47+00:00","article_modified_time":"2025-06-19T11:41:47+00:00","og_image":[{"width":200,"height":200,"url":"https:\/\/www.naturparkmagazin.de\/stechlin\/wp-content\/uploads\/sites\/38\/Eisenbahn.jpg","type":"image\/jpeg"}],"author":"marioschrumpf","twitter_misc":{"Verfasst von":"marioschrumpf","Gesch\u00e4tzte Lesezeit":"1\u00a0Minute"},"schema":{"@context":"https:\/\/schema.org","@graph":[{"@type":"WebPage","@id":"https:\/\/www.naturparkmagazin.de\/stechlin\/ausstellung-90-jahre-stechlinseebahn\/","url":"https:\/\/www.naturparkmagazin.de\/stechlin\/ausstellung-90-jahre-stechlinseebahn\/","name":"Ausstellung 90 Jahre Stechlinseebahn (2020) - Naturpark Stechlin-Ruppiner Land","isPartOf":{"@id":"https:\/\/www.naturparkmagazin.de\/stechlin\/#website"},"datePublished":"2020-08-14T11:36:47+00:00","dateModified":"2025-06-19T11:41:47+00:00","author":{"@id":"https:\/\/www.naturparkmagazin.de\/stechlin\/#\/schema\/person\/3f0d93203df21c806dd63c76d9bb28bc"},"breadcrumb":{"@id":"https:\/\/www.naturparkmagazin.de\/stechlin\/ausstellung-90-jahre-stechlinseebahn\/#breadcrumb"},"inLanguage":"de","potentialAction":[{"@type":"ReadAction","target":["https:\/\/www.naturparkmagazin.de\/stechlin\/ausstellung-90-jahre-stechlinseebahn\/"]}]},{"@type":"BreadcrumbList","@id":"https:\/\/www.naturparkmagazin.de\/stechlin\/ausstellung-90-jahre-stechlinseebahn\/#breadcrumb","itemListElement":[{"@type":"ListItem","position":1,"name":"Home","item":"https:\/\/www.naturparkmagazin.de\/stechlin\/"},{"@type":"ListItem","position":2,"name":"Ausstellung 90 Jahre Stechlinseebahn (2020)"}]},{"@type":"WebSite","@id":"https:\/\/www.naturparkmagazin.de\/stechlin\/#website","url":"https:\/\/www.naturparkmagazin.de\/stechlin\/","name":"Naturpark Stechlin-Ruppiner Land","description":"","potentialAction":[{"@type":"SearchAction","target":{"@type":"EntryPoint","urlTemplate":"https:\/\/www.naturparkmagazin.de\/stechlin\/?s={search_term_string}"},"query-input":"required name=search_term_string"}],"inLanguage":"de"},{"@type":"Person","@id":"https:\/\/www.naturparkmagazin.de\/stechlin\/#\/schema\/person\/3f0d93203df21c806dd63c76d9bb28bc","name":"marioschrumpf","url":"https:\/\/www.naturparkmagazin.de\/stechlin\/author\/marioschrumpf\/"}]}},"_links":{"self":[{"href":"https:\/\/www.naturparkmagazin.de\/stechlin\/wp-json\/wp\/v2\/posts\/9760"}],"collection":[{"href":"https:\/\/www.naturparkmagazin.de\/stechlin\/wp-json\/wp\/v2\/posts"}],"about":[{"href":"https:\/\/www.naturparkmagazin.de\/stechlin\/wp-json\/wp\/v2\/types\/post"}],"author":[{"embeddable":true,"href":"https:\/\/www.naturparkmagazin.de\/stechlin\/wp-json\/wp\/v2\/users\/39"}],"replies":[{"embeddable":true,"href":"https:\/\/www.naturparkmagazin.de\/stechlin\/wp-json\/wp\/v2\/comments?post=9760"}],"version-history":[{"count":3,"href":"https:\/\/www.naturparkmagazin.de\/stechlin\/wp-json\/wp\/v2\/posts\/9760\/revisions"}],"predecessor-version":[{"id":17515,"href":"https:\/\/www.naturparkmagazin.de\/stechlin\/wp-json\/wp\/v2\/posts\/9760\/revisions\/17515"}],"wp:featuredmedia":[{"embeddable":true,"href":"https:\/\/www.naturparkmagazin.de\/stechlin\/wp-json\/wp\/v2\/media\/6043"}],"wp:attachment":[{"href":"https:\/\/www.naturparkmagazin.de\/stechlin\/wp-json\/wp\/v2\/media?parent=9760"}],"wp:term":[{"taxonomy":"category","embeddable":true,"href":"https:\/\/www.naturparkmagazin.de\/stechlin\/wp-json\/wp\/v2\/categories?post=9760"},{"taxonomy":"post_tag","embeddable":true,"href":"https:\/\/www.naturparkmagazin.de\/stechlin\/wp-json\/wp\/v2\/tags?post=9760"}],"curies":[{"name":"wp","href":"https:\/\/api.w.org\/{rel}","templated":true}]}}