{"id":9808,"date":"2020-09-15T13:41:44","date_gmt":"2020-09-15T11:41:44","guid":{"rendered":"https:\/\/www.naturparkmagazin.de\/stechlin\/?p=9808"},"modified":"2020-09-28T10:27:15","modified_gmt":"2020-09-28T08:27:15","slug":"itta-olaj-ist-neue-chefin-des-tourismusverbandes","status":"publish","type":"post","link":"https:\/\/www.naturparkmagazin.de\/stechlin\/itta-olaj-ist-neue-chefin-des-tourismusverbandes\/","title":{"rendered":"Itta Olaj ist neue Chefin des Tourismusverbandes"},"content":{"rendered":"<p>&nbsp;<\/p>\n<div id=\"attachment_9811\" style=\"width: 310px\" class=\"wp-caption aligncenter\"><a href=\"https:\/\/www.naturparkmagazin.de\/stechlin\/wp-content\/uploads\/sites\/38\/Itta-Olaj2.jpg\"><img aria-describedby=\"caption-attachment-9811\" decoding=\"async\" loading=\"lazy\" class=\"size-thumbnail wp-image-9811\" src=\"https:\/\/www.naturparkmagazin.de\/stechlin\/wp-content\/uploads\/sites\/38\/Itta-Olaj2-300x180.jpg\" alt=\"Itta Olaj\" width=\"300\" height=\"180\" srcset=\"https:\/\/www.naturparkmagazin.de\/stechlin\/wp-content\/uploads\/sites\/38\/Itta-Olaj2-300x180.jpg 300w, https:\/\/www.naturparkmagazin.de\/stechlin\/wp-content\/uploads\/sites\/38\/Itta-Olaj2.jpg 500w, https:\/\/www.naturparkmagazin.de\/stechlin\/wp-content\/uploads\/sites\/38\/Itta-Olaj2-200x120.jpg 200w\" sizes=\"(max-width: 300px) 100vw, 300px\" \/><\/a><p id=\"caption-attachment-9811\" class=\"wp-caption-text\">Itta Olaj<\/p><\/div>\n<p>Itta Olaj, seit Januar dieses Jahres beim Tourismusverband Ruppiner Seenland f\u00fcr das Marketing zust\u00e4ndig, wird beim Verband vorerst interimsm\u00e4\u00dfig die Gesch\u00e4ftsf\u00fchrung \u00fcbernehmen. Der bisherige Gesch\u00e4ftsf\u00fchrer Peter Krause und Vorsitzender des Kuratoriums unseres Naturparks hatte den Verband Anfang August verlassen, um Gesch\u00e4ftsf\u00fchrer bei der Landesgartenschaugesellschaft in Beelitz werden zu k\u00f6nnen.<\/p>\n<p>Krause hatte den Verband 22 Jahre gef\u00fchrt. Laut Vorstandsmitglied Werner N\u00fcse hatte es auf die Stellenausschreibung f\u00fcr den Gesch\u00e4ftsf\u00fchrerposten mehrere Bewerbungen\u00a0gegeben. Ein m\u00f6glicher Krause-Nachfolger habe allerdings abgesagt, weshalb man sich vorerst f\u00fcr eine interne L\u00f6sung entschieden hat.\u00a0Ob es dabei bleiben wird, werde Ende des Jahres final entschieden. Die 52-J\u00e4hrige geb\u00fcrtige \u00d6sterreicherin hat einen Universit\u00e4tslehrgang f\u00fcr Kultur- und Medienmanagement absolviert und verf\u00fcgt \u00fcber Berufserfahrung im Marketing und Projektmanagement. Seit 2015 lebt sie im Ruppiner Seenland.<\/p>\n<div id=\"attachment_9812\" style=\"width: 190px\" class=\"wp-caption aligncenter\"><a href=\"https:\/\/www.naturparkmagazin.de\/stechlin\/wp-content\/uploads\/sites\/38\/Peter-Krause_18.jpg\"><img aria-describedby=\"caption-attachment-9812\" decoding=\"async\" loading=\"lazy\" class=\"size-full wp-image-9812\" src=\"https:\/\/www.naturparkmagazin.de\/stechlin\/wp-content\/uploads\/sites\/38\/Peter-Krause_18.jpg\" alt=\"Peter Krause wechselte Anfang August vom Tourismusverband zur LAGS in Beelitz.\" width=\"180\" height=\"250\" \/><\/a><p id=\"caption-attachment-9812\" class=\"wp-caption-text\">Peter Krause wechselte Anfang August vom Tourismusverband zur LAGA in Beelitz.<\/p><\/div>\n<p>Neben den Kreisen Ostprignitz-Ruppin und Oberhavel geh\u00f6ren dem Verband auch die Kommunen Neuruppin, Fehrbellin, Temnitz, Lindow sowie Vereine, Verb\u00e4nde, die Stadtwerke Neuruppin, die RegioNord, der Tourismusservice B\u00fcrgerbahnhof und\u00a0unser Naturpark an.<\/p>\n","protected":false},"excerpt":{"rendered":"<p>Itta Olaj, seit Januar dieses Jahres beim Tourismusverband Ruppiner Seenland f\u00fcr das Marketing zust\u00e4ndig, wird beim Verband vorerst interimsm\u00e4\u00dfig die Gesch\u00e4ftsf\u00fchrung \u00fcbernehmen.<\/p>\n","protected":false},"author":39,"featured_media":9810,"comment_status":"open","ping_status":"open","sticky":false,"template":"","format":"standard","meta":[],"categories":[7],"tags":[],"yoast_head":"<!-- This site is optimized with the Yoast SEO plugin v19.10 - https:\/\/yoast.com\/wordpress\/plugins\/seo\/ -->\n<title>Itta Olaj ist neue Chefin des Tourismusverbandes - Naturpark Stechlin-Ruppiner Land<\/title>\n<meta name=\"robots\" content=\"index, follow, max-snippet:-1, max-image-preview:large, max-video-preview:-1\" \/>\n<link rel=\"canonical\" href=\"https:\/\/www.naturparkmagazin.de\/stechlin\/itta-olaj-ist-neue-chefin-des-tourismusverbandes\/\" \/>\n<meta property=\"og:locale\" content=\"de_DE\" \/>\n<meta property=\"og:type\" content=\"article\" \/>\n<meta property=\"og:title\" content=\"Itta Olaj ist neue Chefin des Tourismusverbandes - Naturpark Stechlin-Ruppiner Land\" \/>\n<meta property=\"og:description\" content=\"Itta Olaj, seit Januar dieses Jahres beim Tourismusverband Ruppiner Seenland f\u00fcr das Marketing zust\u00e4ndig, wird beim Verband vorerst interimsm\u00e4\u00dfig die Gesch\u00e4ftsf\u00fchrung \u00fcbernehmen.\" \/>\n<meta property=\"og:url\" content=\"https:\/\/www.naturparkmagazin.de\/stechlin\/itta-olaj-ist-neue-chefin-des-tourismusverbandes\/\" \/>\n<meta property=\"og:site_name\" content=\"Naturpark Stechlin-Ruppiner Land\" \/>\n<meta property=\"article:published_time\" content=\"2020-09-15T11:41:44+00:00\" \/>\n<meta property=\"article:modified_time\" content=\"2020-09-28T08:27:15+00:00\" \/>\n<meta property=\"og:image\" content=\"https:\/\/www.naturparkmagazin.de\/stechlin\/wp-content\/uploads\/sites\/38\/Itta-Olaj1.jpg\" \/>\n\t<meta property=\"og:image:width\" content=\"200\" \/>\n\t<meta property=\"og:image:height\" content=\"200\" \/>\n\t<meta property=\"og:image:type\" content=\"image\/jpeg\" \/>\n<meta name=\"author\" content=\"marioschrumpf\" \/>\n<meta name=\"twitter:label1\" content=\"Verfasst von\" \/>\n\t<meta name=\"twitter:data1\" content=\"marioschrumpf\" \/>\n\t<meta name=\"twitter:label2\" content=\"Gesch\u00e4tzte Lesezeit\" \/>\n\t<meta name=\"twitter:data2\" content=\"1\u00a0Minute\" \/>\n<script type=\"application\/ld+json\" class=\"yoast-schema-graph\">{\"@context\":\"https:\/\/schema.org\",\"@graph\":[{\"@type\":\"WebPage\",\"@id\":\"https:\/\/www.naturparkmagazin.de\/stechlin\/itta-olaj-ist-neue-chefin-des-tourismusverbandes\/\",\"url\":\"https:\/\/www.naturparkmagazin.de\/stechlin\/itta-olaj-ist-neue-chefin-des-tourismusverbandes\/\",\"name\":\"Itta Olaj ist neue Chefin des Tourismusverbandes - Naturpark Stechlin-Ruppiner Land\",\"isPartOf\":{\"@id\":\"https:\/\/www.naturparkmagazin.de\/stechlin\/#website\"},\"datePublished\":\"2020-09-15T11:41:44+00:00\",\"dateModified\":\"2020-09-28T08:27:15+00:00\",\"author\":{\"@id\":\"https:\/\/www.naturparkmagazin.de\/stechlin\/#\/schema\/person\/3f0d93203df21c806dd63c76d9bb28bc\"},\"breadcrumb\":{\"@id\":\"https:\/\/www.naturparkmagazin.de\/stechlin\/itta-olaj-ist-neue-chefin-des-tourismusverbandes\/#breadcrumb\"},\"inLanguage\":\"de\",\"potentialAction\":[{\"@type\":\"ReadAction\",\"target\":[\"https:\/\/www.naturparkmagazin.de\/stechlin\/itta-olaj-ist-neue-chefin-des-tourismusverbandes\/\"]}]},{\"@type\":\"BreadcrumbList\",\"@id\":\"https:\/\/www.naturparkmagazin.de\/stechlin\/itta-olaj-ist-neue-chefin-des-tourismusverbandes\/#breadcrumb\",\"itemListElement\":[{\"@type\":\"ListItem\",\"position\":1,\"name\":\"Home\",\"item\":\"https:\/\/www.naturparkmagazin.de\/stechlin\/\"},{\"@type\":\"ListItem\",\"position\":2,\"name\":\"Itta Olaj ist neue Chefin des Tourismusverbandes\"}]},{\"@type\":\"WebSite\",\"@id\":\"https:\/\/www.naturparkmagazin.de\/stechlin\/#website\",\"url\":\"https:\/\/www.naturparkmagazin.de\/stechlin\/\",\"name\":\"Naturpark Stechlin-Ruppiner Land\",\"description\":\"\",\"potentialAction\":[{\"@type\":\"SearchAction\",\"target\":{\"@type\":\"EntryPoint\",\"urlTemplate\":\"https:\/\/www.naturparkmagazin.de\/stechlin\/?s={search_term_string}\"},\"query-input\":\"required name=search_term_string\"}],\"inLanguage\":\"de\"},{\"@type\":\"Person\",\"@id\":\"https:\/\/www.naturparkmagazin.de\/stechlin\/#\/schema\/person\/3f0d93203df21c806dd63c76d9bb28bc\",\"name\":\"marioschrumpf\",\"url\":\"https:\/\/www.naturparkmagazin.de\/stechlin\/author\/marioschrumpf\/\"}]}<\/script>\n<!-- \/ Yoast SEO plugin. -->","yoast_head_json":{"title":"Itta Olaj ist neue Chefin des Tourismusverbandes - Naturpark Stechlin-Ruppiner Land","robots":{"index":"index","follow":"follow","max-snippet":"max-snippet:-1","max-image-preview":"max-image-preview:large","max-video-preview":"max-video-preview:-1"},"canonical":"https:\/\/www.naturparkmagazin.de\/stechlin\/itta-olaj-ist-neue-chefin-des-tourismusverbandes\/","og_locale":"de_DE","og_type":"article","og_title":"Itta Olaj ist neue Chefin des Tourismusverbandes - Naturpark Stechlin-Ruppiner Land","og_description":"Itta Olaj, seit Januar dieses Jahres beim Tourismusverband Ruppiner Seenland f\u00fcr das Marketing zust\u00e4ndig, wird beim Verband vorerst interimsm\u00e4\u00dfig die Gesch\u00e4ftsf\u00fchrung \u00fcbernehmen.","og_url":"https:\/\/www.naturparkmagazin.de\/stechlin\/itta-olaj-ist-neue-chefin-des-tourismusverbandes\/","og_site_name":"Naturpark Stechlin-Ruppiner Land","article_published_time":"2020-09-15T11:41:44+00:00","article_modified_time":"2020-09-28T08:27:15+00:00","og_image":[{"width":200,"height":200,"url":"https:\/\/www.naturparkmagazin.de\/stechlin\/wp-content\/uploads\/sites\/38\/Itta-Olaj1.jpg","type":"image\/jpeg"}],"author":"marioschrumpf","twitter_misc":{"Verfasst von":"marioschrumpf","Gesch\u00e4tzte Lesezeit":"1\u00a0Minute"},"schema":{"@context":"https:\/\/schema.org","@graph":[{"@type":"WebPage","@id":"https:\/\/www.naturparkmagazin.de\/stechlin\/itta-olaj-ist-neue-chefin-des-tourismusverbandes\/","url":"https:\/\/www.naturparkmagazin.de\/stechlin\/itta-olaj-ist-neue-chefin-des-tourismusverbandes\/","name":"Itta Olaj ist neue Chefin des Tourismusverbandes - Naturpark Stechlin-Ruppiner Land","isPartOf":{"@id":"https:\/\/www.naturparkmagazin.de\/stechlin\/#website"},"datePublished":"2020-09-15T11:41:44+00:00","dateModified":"2020-09-28T08:27:15+00:00","author":{"@id":"https:\/\/www.naturparkmagazin.de\/stechlin\/#\/schema\/person\/3f0d93203df21c806dd63c76d9bb28bc"},"breadcrumb":{"@id":"https:\/\/www.naturparkmagazin.de\/stechlin\/itta-olaj-ist-neue-chefin-des-tourismusverbandes\/#breadcrumb"},"inLanguage":"de","potentialAction":[{"@type":"ReadAction","target":["https:\/\/www.naturparkmagazin.de\/stechlin\/itta-olaj-ist-neue-chefin-des-tourismusverbandes\/"]}]},{"@type":"BreadcrumbList","@id":"https:\/\/www.naturparkmagazin.de\/stechlin\/itta-olaj-ist-neue-chefin-des-tourismusverbandes\/#breadcrumb","itemListElement":[{"@type":"ListItem","position":1,"name":"Home","item":"https:\/\/www.naturparkmagazin.de\/stechlin\/"},{"@type":"ListItem","position":2,"name":"Itta Olaj ist neue Chefin des Tourismusverbandes"}]},{"@type":"WebSite","@id":"https:\/\/www.naturparkmagazin.de\/stechlin\/#website","url":"https:\/\/www.naturparkmagazin.de\/stechlin\/","name":"Naturpark Stechlin-Ruppiner Land","description":"","potentialAction":[{"@type":"SearchAction","target":{"@type":"EntryPoint","urlTemplate":"https:\/\/www.naturparkmagazin.de\/stechlin\/?s={search_term_string}"},"query-input":"required name=search_term_string"}],"inLanguage":"de"},{"@type":"Person","@id":"https:\/\/www.naturparkmagazin.de\/stechlin\/#\/schema\/person\/3f0d93203df21c806dd63c76d9bb28bc","name":"marioschrumpf","url":"https:\/\/www.naturparkmagazin.de\/stechlin\/author\/marioschrumpf\/"}]}},"_links":{"self":[{"href":"https:\/\/www.naturparkmagazin.de\/stechlin\/wp-json\/wp\/v2\/posts\/9808"}],"collection":[{"href":"https:\/\/www.naturparkmagazin.de\/stechlin\/wp-json\/wp\/v2\/posts"}],"about":[{"href":"https:\/\/www.naturparkmagazin.de\/stechlin\/wp-json\/wp\/v2\/types\/post"}],"author":[{"embeddable":true,"href":"https:\/\/www.naturparkmagazin.de\/stechlin\/wp-json\/wp\/v2\/users\/39"}],"replies":[{"embeddable":true,"href":"https:\/\/www.naturparkmagazin.de\/stechlin\/wp-json\/wp\/v2\/comments?post=9808"}],"version-history":[{"count":2,"href":"https:\/\/www.naturparkmagazin.de\/stechlin\/wp-json\/wp\/v2\/posts\/9808\/revisions"}],"predecessor-version":[{"id":9854,"href":"https:\/\/www.naturparkmagazin.de\/stechlin\/wp-json\/wp\/v2\/posts\/9808\/revisions\/9854"}],"wp:featuredmedia":[{"embeddable":true,"href":"https:\/\/www.naturparkmagazin.de\/stechlin\/wp-json\/wp\/v2\/media\/9810"}],"wp:attachment":[{"href":"https:\/\/www.naturparkmagazin.de\/stechlin\/wp-json\/wp\/v2\/media?parent=9808"}],"wp:term":[{"taxonomy":"category","embeddable":true,"href":"https:\/\/www.naturparkmagazin.de\/stechlin\/wp-json\/wp\/v2\/categories?post=9808"},{"taxonomy":"post_tag","embeddable":true,"href":"https:\/\/www.naturparkmagazin.de\/stechlin\/wp-json\/wp\/v2\/tags?post=9808"}],"curies":[{"name":"wp","href":"https:\/\/api.w.org\/{rel}","templated":true}]}}