{"id":9839,"date":"2020-09-15T08:45:02","date_gmt":"2020-09-15T06:45:02","guid":{"rendered":"https:\/\/www.naturparkmagazin.de\/stechlin\/?p=9839"},"modified":"2020-09-28T11:06:50","modified_gmt":"2020-09-28T09:06:50","slug":"naturparks-stechlin-ruppiner-land-auf-der-einheitsexpo-in-potsdam","status":"publish","type":"post","link":"https:\/\/www.naturparkmagazin.de\/stechlin\/naturparks-stechlin-ruppiner-land-auf-der-einheitsexpo-in-potsdam\/","title":{"rendered":"Naturpark Stechlin-Ruppiner Land auf der EinheitsExpo in Potsdam"},"content":{"rendered":"<div id=\"attachment_9842\" style=\"width: 310px\" class=\"wp-caption aligncenter\"><a href=\"https:\/\/www.naturparkmagazin.de\/stechlin\/wp-content\/uploads\/sites\/38\/Expo-II.jpg\"><img aria-describedby=\"caption-attachment-9842\" decoding=\"async\" loading=\"lazy\" class=\"size-thumbnail wp-image-9842\" src=\"https:\/\/www.naturparkmagazin.de\/stechlin\/wp-content\/uploads\/sites\/38\/Expo-II-300x180.jpg\" alt=\"Olaf Wolff, zertifizierter Natur- und Landschaftsf\u00fchrer pr\u00e4sentiert den Naturpark.\" width=\"300\" height=\"180\" srcset=\"https:\/\/www.naturparkmagazin.de\/stechlin\/wp-content\/uploads\/sites\/38\/Expo-II-300x180.jpg 300w, https:\/\/www.naturparkmagazin.de\/stechlin\/wp-content\/uploads\/sites\/38\/Expo-II.jpg 500w, https:\/\/www.naturparkmagazin.de\/stechlin\/wp-content\/uploads\/sites\/38\/Expo-II-200x120.jpg 200w\" sizes=\"(max-width: 300px) 100vw, 300px\" \/><\/a><p id=\"caption-attachment-9842\" class=\"wp-caption-text\">Olaf Wolff, zertifizierter Natur- und Landschaftsf\u00fchrer pr\u00e4sentiert den Naturpark auf der EinheitsExpo in Potsdam<\/p><\/div>\n<p>Am 12. und 13.09.2020 nutzten Partner sowie touristische Anbieter des Tourismusverbandes Ruppiner Seenland die M\u00f6glichkeit, sich anl\u00e4sslich der Ausstellungsm\u00f6glichkeiten auf der EinheitsExpo in Potsdam zu pr\u00e4sentieren. Dabei war insbesondere das Interesse vieler Besucher an den M\u00f6glichkeiten des Naturtourismus in unserer Region sehr gro\u00df.<\/p>\n<p>F\u00fcr den Naturpark Stechlin-Ruppiner Land \u00a0pr\u00e4sentierte der Natur- und Landschaftsf\u00fchrer Olaf Wolff die Angebote und Besonderheiten rund um unsere Buchenw\u00e4lder, Klarwasserseen, Moore und vieles andere mehr.<\/p>\n<div id=\"attachment_9841\" style=\"width: 310px\" class=\"wp-caption aligncenter\"><a href=\"https:\/\/www.naturparkmagazin.de\/stechlin\/wp-content\/uploads\/sites\/38\/Expo-IV.jpg\"><img aria-describedby=\"caption-attachment-9841\" decoding=\"async\" loading=\"lazy\" class=\"size-thumbnail wp-image-9841\" src=\"https:\/\/www.naturparkmagazin.de\/stechlin\/wp-content\/uploads\/sites\/38\/Expo-IV-300x180.jpg\" alt=\"Der Naturpark stellt sich vor.\" width=\"300\" height=\"180\" srcset=\"https:\/\/www.naturparkmagazin.de\/stechlin\/wp-content\/uploads\/sites\/38\/Expo-IV-300x180.jpg 300w, https:\/\/www.naturparkmagazin.de\/stechlin\/wp-content\/uploads\/sites\/38\/Expo-IV.jpg 500w, https:\/\/www.naturparkmagazin.de\/stechlin\/wp-content\/uploads\/sites\/38\/Expo-IV-200x120.jpg 200w\" sizes=\"(max-width: 300px) 100vw, 300px\" \/><\/a><p id=\"caption-attachment-9841\" class=\"wp-caption-text\">Der Naturpark stellt sich vor.<\/p><\/div>\n","protected":false},"excerpt":{"rendered":"<p>Natur- und Landschaftsf\u00fchrer Olaf Wolff pr\u00e4sentierte f\u00fcr den Naturpark Stechlin-Ruppiner Land Angebote und Besonderheiten rund um unsere Buchenw\u00e4lder, Klarwasserseen, Moore und vieles andere mehr.<\/p>\n","protected":false},"author":39,"featured_media":9840,"comment_status":"open","ping_status":"open","sticky":false,"template":"","format":"standard","meta":[],"categories":[7],"tags":[],"yoast_head":"<!-- This site is optimized with the Yoast SEO plugin v19.10 - https:\/\/yoast.com\/wordpress\/plugins\/seo\/ -->\n<title>Naturpark Stechlin-Ruppiner Land auf der EinheitsExpo in Potsdam - Naturpark Stechlin-Ruppiner Land<\/title>\n<meta name=\"robots\" content=\"index, follow, max-snippet:-1, max-image-preview:large, max-video-preview:-1\" \/>\n<link rel=\"canonical\" href=\"https:\/\/www.naturparkmagazin.de\/stechlin\/naturparks-stechlin-ruppiner-land-auf-der-einheitsexpo-in-potsdam\/\" \/>\n<meta property=\"og:locale\" content=\"de_DE\" \/>\n<meta property=\"og:type\" content=\"article\" \/>\n<meta property=\"og:title\" content=\"Naturpark Stechlin-Ruppiner Land auf der EinheitsExpo in Potsdam - Naturpark Stechlin-Ruppiner Land\" \/>\n<meta property=\"og:description\" content=\"Natur- und Landschaftsf\u00fchrer Olaf Wolff pr\u00e4sentierte f\u00fcr den Naturpark Stechlin-Ruppiner Land Angebote und Besonderheiten rund um unsere Buchenw\u00e4lder, Klarwasserseen, Moore und vieles andere mehr.\" \/>\n<meta property=\"og:url\" content=\"https:\/\/www.naturparkmagazin.de\/stechlin\/naturparks-stechlin-ruppiner-land-auf-der-einheitsexpo-in-potsdam\/\" \/>\n<meta property=\"og:site_name\" content=\"Naturpark Stechlin-Ruppiner Land\" \/>\n<meta property=\"article:published_time\" content=\"2020-09-15T06:45:02+00:00\" \/>\n<meta property=\"article:modified_time\" content=\"2020-09-28T09:06:50+00:00\" \/>\n<meta property=\"og:image\" content=\"https:\/\/www.naturparkmagazin.de\/stechlin\/wp-content\/uploads\/sites\/38\/Expo-III.jpg\" \/>\n\t<meta property=\"og:image:width\" content=\"200\" \/>\n\t<meta property=\"og:image:height\" content=\"200\" \/>\n\t<meta property=\"og:image:type\" content=\"image\/jpeg\" \/>\n<meta name=\"author\" content=\"marioschrumpf\" \/>\n<meta name=\"twitter:label1\" content=\"Verfasst von\" \/>\n\t<meta name=\"twitter:data1\" content=\"marioschrumpf\" \/>\n\t<meta name=\"twitter:label2\" content=\"Gesch\u00e4tzte Lesezeit\" \/>\n\t<meta name=\"twitter:data2\" content=\"1\u00a0Minute\" \/>\n<script type=\"application\/ld+json\" class=\"yoast-schema-graph\">{\"@context\":\"https:\/\/schema.org\",\"@graph\":[{\"@type\":\"WebPage\",\"@id\":\"https:\/\/www.naturparkmagazin.de\/stechlin\/naturparks-stechlin-ruppiner-land-auf-der-einheitsexpo-in-potsdam\/\",\"url\":\"https:\/\/www.naturparkmagazin.de\/stechlin\/naturparks-stechlin-ruppiner-land-auf-der-einheitsexpo-in-potsdam\/\",\"name\":\"Naturpark Stechlin-Ruppiner Land auf der EinheitsExpo in Potsdam - Naturpark Stechlin-Ruppiner Land\",\"isPartOf\":{\"@id\":\"https:\/\/www.naturparkmagazin.de\/stechlin\/#website\"},\"datePublished\":\"2020-09-15T06:45:02+00:00\",\"dateModified\":\"2020-09-28T09:06:50+00:00\",\"author\":{\"@id\":\"https:\/\/www.naturparkmagazin.de\/stechlin\/#\/schema\/person\/3f0d93203df21c806dd63c76d9bb28bc\"},\"breadcrumb\":{\"@id\":\"https:\/\/www.naturparkmagazin.de\/stechlin\/naturparks-stechlin-ruppiner-land-auf-der-einheitsexpo-in-potsdam\/#breadcrumb\"},\"inLanguage\":\"de\",\"potentialAction\":[{\"@type\":\"ReadAction\",\"target\":[\"https:\/\/www.naturparkmagazin.de\/stechlin\/naturparks-stechlin-ruppiner-land-auf-der-einheitsexpo-in-potsdam\/\"]}]},{\"@type\":\"BreadcrumbList\",\"@id\":\"https:\/\/www.naturparkmagazin.de\/stechlin\/naturparks-stechlin-ruppiner-land-auf-der-einheitsexpo-in-potsdam\/#breadcrumb\",\"itemListElement\":[{\"@type\":\"ListItem\",\"position\":1,\"name\":\"Home\",\"item\":\"https:\/\/www.naturparkmagazin.de\/stechlin\/\"},{\"@type\":\"ListItem\",\"position\":2,\"name\":\"Naturpark Stechlin-Ruppiner Land auf der EinheitsExpo in Potsdam\"}]},{\"@type\":\"WebSite\",\"@id\":\"https:\/\/www.naturparkmagazin.de\/stechlin\/#website\",\"url\":\"https:\/\/www.naturparkmagazin.de\/stechlin\/\",\"name\":\"Naturpark Stechlin-Ruppiner Land\",\"description\":\"\",\"potentialAction\":[{\"@type\":\"SearchAction\",\"target\":{\"@type\":\"EntryPoint\",\"urlTemplate\":\"https:\/\/www.naturparkmagazin.de\/stechlin\/?s={search_term_string}\"},\"query-input\":\"required name=search_term_string\"}],\"inLanguage\":\"de\"},{\"@type\":\"Person\",\"@id\":\"https:\/\/www.naturparkmagazin.de\/stechlin\/#\/schema\/person\/3f0d93203df21c806dd63c76d9bb28bc\",\"name\":\"marioschrumpf\",\"url\":\"https:\/\/www.naturparkmagazin.de\/stechlin\/author\/marioschrumpf\/\"}]}<\/script>\n<!-- \/ Yoast SEO plugin. -->","yoast_head_json":{"title":"Naturpark Stechlin-Ruppiner Land auf der EinheitsExpo in Potsdam - Naturpark Stechlin-Ruppiner Land","robots":{"index":"index","follow":"follow","max-snippet":"max-snippet:-1","max-image-preview":"max-image-preview:large","max-video-preview":"max-video-preview:-1"},"canonical":"https:\/\/www.naturparkmagazin.de\/stechlin\/naturparks-stechlin-ruppiner-land-auf-der-einheitsexpo-in-potsdam\/","og_locale":"de_DE","og_type":"article","og_title":"Naturpark Stechlin-Ruppiner Land auf der EinheitsExpo in Potsdam - Naturpark Stechlin-Ruppiner Land","og_description":"Natur- und Landschaftsf\u00fchrer Olaf Wolff pr\u00e4sentierte f\u00fcr den Naturpark Stechlin-Ruppiner Land Angebote und Besonderheiten rund um unsere Buchenw\u00e4lder, Klarwasserseen, Moore und vieles andere mehr.","og_url":"https:\/\/www.naturparkmagazin.de\/stechlin\/naturparks-stechlin-ruppiner-land-auf-der-einheitsexpo-in-potsdam\/","og_site_name":"Naturpark Stechlin-Ruppiner Land","article_published_time":"2020-09-15T06:45:02+00:00","article_modified_time":"2020-09-28T09:06:50+00:00","og_image":[{"width":200,"height":200,"url":"https:\/\/www.naturparkmagazin.de\/stechlin\/wp-content\/uploads\/sites\/38\/Expo-III.jpg","type":"image\/jpeg"}],"author":"marioschrumpf","twitter_misc":{"Verfasst von":"marioschrumpf","Gesch\u00e4tzte Lesezeit":"1\u00a0Minute"},"schema":{"@context":"https:\/\/schema.org","@graph":[{"@type":"WebPage","@id":"https:\/\/www.naturparkmagazin.de\/stechlin\/naturparks-stechlin-ruppiner-land-auf-der-einheitsexpo-in-potsdam\/","url":"https:\/\/www.naturparkmagazin.de\/stechlin\/naturparks-stechlin-ruppiner-land-auf-der-einheitsexpo-in-potsdam\/","name":"Naturpark Stechlin-Ruppiner Land auf der EinheitsExpo in Potsdam - Naturpark Stechlin-Ruppiner Land","isPartOf":{"@id":"https:\/\/www.naturparkmagazin.de\/stechlin\/#website"},"datePublished":"2020-09-15T06:45:02+00:00","dateModified":"2020-09-28T09:06:50+00:00","author":{"@id":"https:\/\/www.naturparkmagazin.de\/stechlin\/#\/schema\/person\/3f0d93203df21c806dd63c76d9bb28bc"},"breadcrumb":{"@id":"https:\/\/www.naturparkmagazin.de\/stechlin\/naturparks-stechlin-ruppiner-land-auf-der-einheitsexpo-in-potsdam\/#breadcrumb"},"inLanguage":"de","potentialAction":[{"@type":"ReadAction","target":["https:\/\/www.naturparkmagazin.de\/stechlin\/naturparks-stechlin-ruppiner-land-auf-der-einheitsexpo-in-potsdam\/"]}]},{"@type":"BreadcrumbList","@id":"https:\/\/www.naturparkmagazin.de\/stechlin\/naturparks-stechlin-ruppiner-land-auf-der-einheitsexpo-in-potsdam\/#breadcrumb","itemListElement":[{"@type":"ListItem","position":1,"name":"Home","item":"https:\/\/www.naturparkmagazin.de\/stechlin\/"},{"@type":"ListItem","position":2,"name":"Naturpark Stechlin-Ruppiner Land auf der EinheitsExpo in Potsdam"}]},{"@type":"WebSite","@id":"https:\/\/www.naturparkmagazin.de\/stechlin\/#website","url":"https:\/\/www.naturparkmagazin.de\/stechlin\/","name":"Naturpark Stechlin-Ruppiner Land","description":"","potentialAction":[{"@type":"SearchAction","target":{"@type":"EntryPoint","urlTemplate":"https:\/\/www.naturparkmagazin.de\/stechlin\/?s={search_term_string}"},"query-input":"required name=search_term_string"}],"inLanguage":"de"},{"@type":"Person","@id":"https:\/\/www.naturparkmagazin.de\/stechlin\/#\/schema\/person\/3f0d93203df21c806dd63c76d9bb28bc","name":"marioschrumpf","url":"https:\/\/www.naturparkmagazin.de\/stechlin\/author\/marioschrumpf\/"}]}},"_links":{"self":[{"href":"https:\/\/www.naturparkmagazin.de\/stechlin\/wp-json\/wp\/v2\/posts\/9839"}],"collection":[{"href":"https:\/\/www.naturparkmagazin.de\/stechlin\/wp-json\/wp\/v2\/posts"}],"about":[{"href":"https:\/\/www.naturparkmagazin.de\/stechlin\/wp-json\/wp\/v2\/types\/post"}],"author":[{"embeddable":true,"href":"https:\/\/www.naturparkmagazin.de\/stechlin\/wp-json\/wp\/v2\/users\/39"}],"replies":[{"embeddable":true,"href":"https:\/\/www.naturparkmagazin.de\/stechlin\/wp-json\/wp\/v2\/comments?post=9839"}],"version-history":[{"count":2,"href":"https:\/\/www.naturparkmagazin.de\/stechlin\/wp-json\/wp\/v2\/posts\/9839\/revisions"}],"predecessor-version":[{"id":9865,"href":"https:\/\/www.naturparkmagazin.de\/stechlin\/wp-json\/wp\/v2\/posts\/9839\/revisions\/9865"}],"wp:featuredmedia":[{"embeddable":true,"href":"https:\/\/www.naturparkmagazin.de\/stechlin\/wp-json\/wp\/v2\/media\/9840"}],"wp:attachment":[{"href":"https:\/\/www.naturparkmagazin.de\/stechlin\/wp-json\/wp\/v2\/media?parent=9839"}],"wp:term":[{"taxonomy":"category","embeddable":true,"href":"https:\/\/www.naturparkmagazin.de\/stechlin\/wp-json\/wp\/v2\/categories?post=9839"},{"taxonomy":"post_tag","embeddable":true,"href":"https:\/\/www.naturparkmagazin.de\/stechlin\/wp-json\/wp\/v2\/tags?post=9839"}],"curies":[{"name":"wp","href":"https:\/\/api.w.org\/{rel}","templated":true}]}}