{"id":9845,"date":"2020-09-15T09:30:56","date_gmt":"2020-09-15T07:30:56","guid":{"rendered":"https:\/\/www.naturparkmagazin.de\/stechlin\/?p=9845"},"modified":"2020-09-28T11:03:12","modified_gmt":"2020-09-28T09:03:12","slug":"neuer-vorstand-im-kuratorium-des-naturparks","status":"publish","type":"post","link":"https:\/\/www.naturparkmagazin.de\/stechlin\/neuer-vorstand-im-kuratorium-des-naturparks\/","title":{"rendered":"Neuer Vorstand im Kuratorium des Naturparks"},"content":{"rendered":"<div id=\"attachment_9846\" style=\"width: 210px\" class=\"wp-caption aligncenter\"><a href=\"https:\/\/www.naturparkmagazin.de\/stechlin\/wp-content\/uploads\/sites\/38\/Werner-N\u00fcse-3.jpg\"><img aria-describedby=\"caption-attachment-9846\" decoding=\"async\" loading=\"lazy\" class=\"size-full wp-image-9846\" src=\"https:\/\/www.naturparkmagazin.de\/stechlin\/wp-content\/uploads\/sites\/38\/Werner-N\u00fcse-3.jpg\" alt=\"&quot;Werner N\u00fcse wurde zum neuen Vorsitzenden gew\u00e4hlt&quot;.\" width=\"200\" height=\"250\" \/><\/a><p id=\"caption-attachment-9846\" class=\"wp-caption-text\">Werner N\u00fcse wurde zum neuen Vorsitzenden gew\u00e4hlt.<\/p><\/div>\n<p>Werner N\u00fcse, Vizelandrat des Landkreises Ostprignitz-Ruppin wurde auf der letzten Sitzung des Kuratoriums zum neuen Vorsitzenden gew\u00e4hlt. Er l\u00f6st den langj\u00e4hrigen Vorsitzenden Peter Krause ab. Der ehemalige Gesch\u00e4ftsf\u00fchrer des Tourismusverbandes Ruppiner Land hatte ab 2006 das Amt inne. Aufgrund beruflicher Ver\u00e4nderungen kandidierte er nicht wieder. Naturparkleiter Dr. Mario Schrumpf bedankte sich im Namen aller Mitglieder f\u00fcr die langj\u00e4hrige, gute Zusammenarbeit.<\/p>\n<div id=\"attachment_9812\" style=\"width: 190px\" class=\"wp-caption aligncenter\"><a href=\"https:\/\/www.naturparkmagazin.de\/stechlin\/wp-content\/uploads\/sites\/38\/Peter-Krause_18.jpg\"><img aria-describedby=\"caption-attachment-9812\" decoding=\"async\" loading=\"lazy\" class=\"size-full wp-image-9812\" src=\"https:\/\/www.naturparkmagazin.de\/stechlin\/wp-content\/uploads\/sites\/38\/Peter-Krause_18.jpg\" alt=\"Peter Krause wechselte Anfang August vom Tourismusverband zur LAGS in Beelitz.\" width=\"180\" height=\"250\" \/><\/a><p id=\"caption-attachment-9812\" class=\"wp-caption-text\">Peter Krause war von 2006-2020 Vorsitzender des Kuratoriums.<\/p><\/div>\n<p>Alter und neuer Stellvertreter ist Bernd Ewert aus Zechlinerh\u00fctte. Der Vorsitzende des NABU Neuruppin vertritt die anerkannten Naturschutzverb\u00e4nde im Kuratorium. Weiterhin wurden in den Vorstand gew\u00e4hlt Anett Engelmann, Leiterin der Hoheitsoberf\u00f6rsterei Neuruppin, J\u00f6rg R. Brinkmann, Vorsitzender des F\u00f6rdervereins Naturlandschaft Stechlin und Menzer Heide e.V. sowie Danilo Lieske, Amtsdirektor Lindow (Mark).<\/p>\n<div id=\"attachment_9847\" style=\"width: 310px\" class=\"wp-caption aligncenter\"><a href=\"https:\/\/www.naturparkmagazin.de\/stechlin\/wp-content\/uploads\/sites\/38\/Kuratorium_02.jpg\"><img aria-describedby=\"caption-attachment-9847\" decoding=\"async\" loading=\"lazy\" class=\"size-thumbnail wp-image-9847\" src=\"https:\/\/www.naturparkmagazin.de\/stechlin\/wp-content\/uploads\/sites\/38\/Kuratorium_02-300x180.jpg\" alt=\"&quot;Der neu gew\u00e4hlte Vorstand&quot;.\" width=\"300\" height=\"180\" srcset=\"https:\/\/www.naturparkmagazin.de\/stechlin\/wp-content\/uploads\/sites\/38\/Kuratorium_02-300x180.jpg 300w, https:\/\/www.naturparkmagazin.de\/stechlin\/wp-content\/uploads\/sites\/38\/Kuratorium_02.jpg 500w, https:\/\/www.naturparkmagazin.de\/stechlin\/wp-content\/uploads\/sites\/38\/Kuratorium_02-200x120.jpg 200w\" sizes=\"(max-width: 300px) 100vw, 300px\" \/><\/a><p id=\"caption-attachment-9847\" class=\"wp-caption-text\">Der neu gew\u00e4hlte Vorstand.<\/p><\/div>\n","protected":false},"excerpt":{"rendered":"<p>Werner N\u00fcse, Vizelandrat des Landkreises Ostprignitz-Ruppin wurde auf der letzten Sitzung des Kuratoriums zum neuen Vorsitzenden gew\u00e4hlt. <\/p>\n","protected":false},"author":39,"featured_media":9848,"comment_status":"open","ping_status":"open","sticky":false,"template":"","format":"standard","meta":[],"categories":[7],"tags":[],"yoast_head":"<!-- This site is optimized with the Yoast SEO plugin v19.10 - https:\/\/yoast.com\/wordpress\/plugins\/seo\/ -->\n<title>Neuer Vorstand im Kuratorium des Naturparks - Naturpark Stechlin-Ruppiner Land<\/title>\n<meta name=\"robots\" content=\"index, follow, max-snippet:-1, max-image-preview:large, max-video-preview:-1\" \/>\n<link rel=\"canonical\" href=\"https:\/\/www.naturparkmagazin.de\/stechlin\/neuer-vorstand-im-kuratorium-des-naturparks\/\" \/>\n<meta property=\"og:locale\" content=\"de_DE\" \/>\n<meta property=\"og:type\" content=\"article\" \/>\n<meta property=\"og:title\" content=\"Neuer Vorstand im Kuratorium des Naturparks - Naturpark Stechlin-Ruppiner Land\" \/>\n<meta property=\"og:description\" content=\"Werner N\u00fcse, Vizelandrat des Landkreises Ostprignitz-Ruppin wurde auf der letzten Sitzung des Kuratoriums zum neuen Vorsitzenden gew\u00e4hlt.\" \/>\n<meta property=\"og:url\" content=\"https:\/\/www.naturparkmagazin.de\/stechlin\/neuer-vorstand-im-kuratorium-des-naturparks\/\" \/>\n<meta property=\"og:site_name\" content=\"Naturpark Stechlin-Ruppiner Land\" \/>\n<meta property=\"article:published_time\" content=\"2020-09-15T07:30:56+00:00\" \/>\n<meta property=\"article:modified_time\" content=\"2020-09-28T09:03:12+00:00\" \/>\n<meta property=\"og:image\" content=\"https:\/\/www.naturparkmagazin.de\/stechlin\/wp-content\/uploads\/sites\/38\/Kuratorium-2020_02.jpg\" \/>\n\t<meta property=\"og:image:width\" content=\"200\" \/>\n\t<meta property=\"og:image:height\" content=\"200\" \/>\n\t<meta property=\"og:image:type\" content=\"image\/jpeg\" \/>\n<meta name=\"author\" content=\"marioschrumpf\" \/>\n<meta name=\"twitter:label1\" content=\"Verfasst von\" \/>\n\t<meta name=\"twitter:data1\" content=\"marioschrumpf\" \/>\n\t<meta name=\"twitter:label2\" content=\"Gesch\u00e4tzte Lesezeit\" \/>\n\t<meta name=\"twitter:data2\" content=\"1\u00a0Minute\" \/>\n<script type=\"application\/ld+json\" class=\"yoast-schema-graph\">{\"@context\":\"https:\/\/schema.org\",\"@graph\":[{\"@type\":\"WebPage\",\"@id\":\"https:\/\/www.naturparkmagazin.de\/stechlin\/neuer-vorstand-im-kuratorium-des-naturparks\/\",\"url\":\"https:\/\/www.naturparkmagazin.de\/stechlin\/neuer-vorstand-im-kuratorium-des-naturparks\/\",\"name\":\"Neuer Vorstand im Kuratorium des Naturparks - Naturpark Stechlin-Ruppiner Land\",\"isPartOf\":{\"@id\":\"https:\/\/www.naturparkmagazin.de\/stechlin\/#website\"},\"datePublished\":\"2020-09-15T07:30:56+00:00\",\"dateModified\":\"2020-09-28T09:03:12+00:00\",\"author\":{\"@id\":\"https:\/\/www.naturparkmagazin.de\/stechlin\/#\/schema\/person\/3f0d93203df21c806dd63c76d9bb28bc\"},\"breadcrumb\":{\"@id\":\"https:\/\/www.naturparkmagazin.de\/stechlin\/neuer-vorstand-im-kuratorium-des-naturparks\/#breadcrumb\"},\"inLanguage\":\"de\",\"potentialAction\":[{\"@type\":\"ReadAction\",\"target\":[\"https:\/\/www.naturparkmagazin.de\/stechlin\/neuer-vorstand-im-kuratorium-des-naturparks\/\"]}]},{\"@type\":\"BreadcrumbList\",\"@id\":\"https:\/\/www.naturparkmagazin.de\/stechlin\/neuer-vorstand-im-kuratorium-des-naturparks\/#breadcrumb\",\"itemListElement\":[{\"@type\":\"ListItem\",\"position\":1,\"name\":\"Home\",\"item\":\"https:\/\/www.naturparkmagazin.de\/stechlin\/\"},{\"@type\":\"ListItem\",\"position\":2,\"name\":\"Neuer Vorstand im Kuratorium des Naturparks\"}]},{\"@type\":\"WebSite\",\"@id\":\"https:\/\/www.naturparkmagazin.de\/stechlin\/#website\",\"url\":\"https:\/\/www.naturparkmagazin.de\/stechlin\/\",\"name\":\"Naturpark Stechlin-Ruppiner Land\",\"description\":\"\",\"potentialAction\":[{\"@type\":\"SearchAction\",\"target\":{\"@type\":\"EntryPoint\",\"urlTemplate\":\"https:\/\/www.naturparkmagazin.de\/stechlin\/?s={search_term_string}\"},\"query-input\":\"required name=search_term_string\"}],\"inLanguage\":\"de\"},{\"@type\":\"Person\",\"@id\":\"https:\/\/www.naturparkmagazin.de\/stechlin\/#\/schema\/person\/3f0d93203df21c806dd63c76d9bb28bc\",\"name\":\"marioschrumpf\",\"url\":\"https:\/\/www.naturparkmagazin.de\/stechlin\/author\/marioschrumpf\/\"}]}<\/script>\n<!-- \/ Yoast SEO plugin. -->","yoast_head_json":{"title":"Neuer Vorstand im Kuratorium des Naturparks - Naturpark Stechlin-Ruppiner Land","robots":{"index":"index","follow":"follow","max-snippet":"max-snippet:-1","max-image-preview":"max-image-preview:large","max-video-preview":"max-video-preview:-1"},"canonical":"https:\/\/www.naturparkmagazin.de\/stechlin\/neuer-vorstand-im-kuratorium-des-naturparks\/","og_locale":"de_DE","og_type":"article","og_title":"Neuer Vorstand im Kuratorium des Naturparks - Naturpark Stechlin-Ruppiner Land","og_description":"Werner N\u00fcse, Vizelandrat des Landkreises Ostprignitz-Ruppin wurde auf der letzten Sitzung des Kuratoriums zum neuen Vorsitzenden gew\u00e4hlt.","og_url":"https:\/\/www.naturparkmagazin.de\/stechlin\/neuer-vorstand-im-kuratorium-des-naturparks\/","og_site_name":"Naturpark Stechlin-Ruppiner Land","article_published_time":"2020-09-15T07:30:56+00:00","article_modified_time":"2020-09-28T09:03:12+00:00","og_image":[{"width":200,"height":200,"url":"https:\/\/www.naturparkmagazin.de\/stechlin\/wp-content\/uploads\/sites\/38\/Kuratorium-2020_02.jpg","type":"image\/jpeg"}],"author":"marioschrumpf","twitter_misc":{"Verfasst von":"marioschrumpf","Gesch\u00e4tzte Lesezeit":"1\u00a0Minute"},"schema":{"@context":"https:\/\/schema.org","@graph":[{"@type":"WebPage","@id":"https:\/\/www.naturparkmagazin.de\/stechlin\/neuer-vorstand-im-kuratorium-des-naturparks\/","url":"https:\/\/www.naturparkmagazin.de\/stechlin\/neuer-vorstand-im-kuratorium-des-naturparks\/","name":"Neuer Vorstand im Kuratorium des Naturparks - Naturpark Stechlin-Ruppiner Land","isPartOf":{"@id":"https:\/\/www.naturparkmagazin.de\/stechlin\/#website"},"datePublished":"2020-09-15T07:30:56+00:00","dateModified":"2020-09-28T09:03:12+00:00","author":{"@id":"https:\/\/www.naturparkmagazin.de\/stechlin\/#\/schema\/person\/3f0d93203df21c806dd63c76d9bb28bc"},"breadcrumb":{"@id":"https:\/\/www.naturparkmagazin.de\/stechlin\/neuer-vorstand-im-kuratorium-des-naturparks\/#breadcrumb"},"inLanguage":"de","potentialAction":[{"@type":"ReadAction","target":["https:\/\/www.naturparkmagazin.de\/stechlin\/neuer-vorstand-im-kuratorium-des-naturparks\/"]}]},{"@type":"BreadcrumbList","@id":"https:\/\/www.naturparkmagazin.de\/stechlin\/neuer-vorstand-im-kuratorium-des-naturparks\/#breadcrumb","itemListElement":[{"@type":"ListItem","position":1,"name":"Home","item":"https:\/\/www.naturparkmagazin.de\/stechlin\/"},{"@type":"ListItem","position":2,"name":"Neuer Vorstand im Kuratorium des Naturparks"}]},{"@type":"WebSite","@id":"https:\/\/www.naturparkmagazin.de\/stechlin\/#website","url":"https:\/\/www.naturparkmagazin.de\/stechlin\/","name":"Naturpark Stechlin-Ruppiner Land","description":"","potentialAction":[{"@type":"SearchAction","target":{"@type":"EntryPoint","urlTemplate":"https:\/\/www.naturparkmagazin.de\/stechlin\/?s={search_term_string}"},"query-input":"required name=search_term_string"}],"inLanguage":"de"},{"@type":"Person","@id":"https:\/\/www.naturparkmagazin.de\/stechlin\/#\/schema\/person\/3f0d93203df21c806dd63c76d9bb28bc","name":"marioschrumpf","url":"https:\/\/www.naturparkmagazin.de\/stechlin\/author\/marioschrumpf\/"}]}},"_links":{"self":[{"href":"https:\/\/www.naturparkmagazin.de\/stechlin\/wp-json\/wp\/v2\/posts\/9845"}],"collection":[{"href":"https:\/\/www.naturparkmagazin.de\/stechlin\/wp-json\/wp\/v2\/posts"}],"about":[{"href":"https:\/\/www.naturparkmagazin.de\/stechlin\/wp-json\/wp\/v2\/types\/post"}],"author":[{"embeddable":true,"href":"https:\/\/www.naturparkmagazin.de\/stechlin\/wp-json\/wp\/v2\/users\/39"}],"replies":[{"embeddable":true,"href":"https:\/\/www.naturparkmagazin.de\/stechlin\/wp-json\/wp\/v2\/comments?post=9845"}],"version-history":[{"count":3,"href":"https:\/\/www.naturparkmagazin.de\/stechlin\/wp-json\/wp\/v2\/posts\/9845\/revisions"}],"predecessor-version":[{"id":9862,"href":"https:\/\/www.naturparkmagazin.de\/stechlin\/wp-json\/wp\/v2\/posts\/9845\/revisions\/9862"}],"wp:featuredmedia":[{"embeddable":true,"href":"https:\/\/www.naturparkmagazin.de\/stechlin\/wp-json\/wp\/v2\/media\/9848"}],"wp:attachment":[{"href":"https:\/\/www.naturparkmagazin.de\/stechlin\/wp-json\/wp\/v2\/media?parent=9845"}],"wp:term":[{"taxonomy":"category","embeddable":true,"href":"https:\/\/www.naturparkmagazin.de\/stechlin\/wp-json\/wp\/v2\/categories?post=9845"},{"taxonomy":"post_tag","embeddable":true,"href":"https:\/\/www.naturparkmagazin.de\/stechlin\/wp-json\/wp\/v2\/tags?post=9845"}],"curies":[{"name":"wp","href":"https:\/\/api.w.org\/{rel}","templated":true}]}}