{"id":9891,"date":"2020-10-16T09:34:40","date_gmt":"2020-10-16T07:34:40","guid":{"rendered":"https:\/\/www.naturparkmagazin.de\/stechlin\/?p=9891"},"modified":"2020-10-27T18:30:22","modified_gmt":"2020-10-27T17:30:22","slug":"von-der-theorie-zum-sumpfporst-der-arbeitskreis-landnutzung-der-brandenburger-naturlandschaften-tagte-im-naturpark-stechlin-ruppiner-land","status":"publish","type":"post","link":"https:\/\/www.naturparkmagazin.de\/stechlin\/von-der-theorie-zum-sumpfporst-der-arbeitskreis-landnutzung-der-brandenburger-naturlandschaften-tagte-im-naturpark-stechlin-ruppiner-land\/","title":{"rendered":"Von der Theorie zum Sumpfporst &#8211; Arbeitskreis Landnutzung zu Gast im Naturpark"},"content":{"rendered":"<p>Zweimal j\u00e4hrlich treffen sich die Verantwortlichen f\u00fcr Vertragsnaturschutz und Landschaftspflege in und au\u00dferhalb der Brandenburger Gro\u00dfschutzgebiete zu einem Erfahrungsaustausch an wechselnden Orten.\u00a0 Am 7. Oktober war unser Naturpark Gastgeber.<\/p>\n<div id=\"attachment_9900\" style=\"width: 310px\" class=\"wp-caption aligncenter\"><a href=\"https:\/\/www.naturparkmagazin.de\/stechlin\/wp-content\/uploads\/sites\/38\/\u00fcberblick-saal.jpg\"><img aria-describedby=\"caption-attachment-9900\" decoding=\"async\" loading=\"lazy\" class=\"wp-image-9900 size-thumbnail\" src=\"https:\/\/www.naturparkmagazin.de\/stechlin\/wp-content\/uploads\/sites\/38\/\u00fcberblick-saal-300x180.jpg\" alt=\"Im Saal der Regionalwerkstatt Stechlin in Menz konnten coronabedingte Abst\u00e4nde eingehalten und Grundlagen zur Arbeit in der Landnutzung der Brandenburger Naturlandschaften ausgetausch werden\" width=\"300\" height=\"180\" srcset=\"https:\/\/www.naturparkmagazin.de\/stechlin\/wp-content\/uploads\/sites\/38\/\u00fcberblick-saal-300x180.jpg 300w, https:\/\/www.naturparkmagazin.de\/stechlin\/wp-content\/uploads\/sites\/38\/\u00fcberblick-saal.jpg 500w, https:\/\/www.naturparkmagazin.de\/stechlin\/wp-content\/uploads\/sites\/38\/\u00fcberblick-saal-200x120.jpg 200w\" sizes=\"(max-width: 300px) 100vw, 300px\" \/><\/a><p id=\"caption-attachment-9900\" class=\"wp-caption-text\">Im Saal der Regionalwerkstatt Stechlin in Menz konnten coronabedingte Abst\u00e4nde eingehalten und Grundlagen zur Arbeit in der Landnutzung in den Brandenburger Naturlandschaften ausgetauscht werden.<\/p><\/div>\n<p>Am Vormittag\u00a0informierten sich\u00a0die Kolleg*innen\u00a0\u00fcber den aktuellen Stand\u00a0organisatorischer Fragen\u00a0des Vertragsnaturschutzes im Land und\u00a0tauschten sich \u00fcber konkrete Probleme und Erfahrungen\u00a0in ihren Gebieten aus. Dabei wurde u.a. die\u00a0neue Verwaltungsvorschrift zu Vertragsnaturschutz im Wald besprochen, die\u00a0ab 2021 erm\u00f6glicht, auch im Wald naturschutzfachliche Zielstellungen besser umzusetzen.<\/p>\n<p>Der zweite Teil der Sitzung f\u00fchrte zu ausgew\u00e4hlten Exkursionspunkten, die repr\u00e4sentativ sind f\u00fcr unseren Naturpark wie\u00a0Wald und Moore.<\/p>\n<div id=\"attachment_9899\" style=\"width: 310px\" class=\"wp-caption aligncenter\"><a href=\"https:\/\/www.naturparkmagazin.de\/stechlin\/wp-content\/uploads\/sites\/38\/buchen-oldorff.jpg\"><img aria-describedby=\"caption-attachment-9899\" decoding=\"async\" loading=\"lazy\" class=\"wp-image-9899 size-thumbnail\" src=\"https:\/\/www.naturparkmagazin.de\/stechlin\/wp-content\/uploads\/sites\/38\/buchen-oldorff-300x180.jpg\" alt=\"Sven Oldorff erl\u00e4uert die Zielstellungen und Realit\u00e4ten einer nachhaltigen Waldwirtschaft im Naturschutzgebiet Stechlin\" width=\"300\" height=\"180\" srcset=\"https:\/\/www.naturparkmagazin.de\/stechlin\/wp-content\/uploads\/sites\/38\/buchen-oldorff-300x180.jpg 300w, https:\/\/www.naturparkmagazin.de\/stechlin\/wp-content\/uploads\/sites\/38\/buchen-oldorff.jpg 500w, https:\/\/www.naturparkmagazin.de\/stechlin\/wp-content\/uploads\/sites\/38\/buchen-oldorff-200x120.jpg 200w\" sizes=\"(max-width: 300px) 100vw, 300px\" \/><\/a><p id=\"caption-attachment-9899\" class=\"wp-caption-text\">Oberf\u00f6rster Sven Oldorff erl\u00e4utert die nachhaltige Waldbewirtschaftung im Naturschutzgebiet Stechlin.<\/p><\/div>\n<p>Im Naturschutzgebiet Stechlin bekamen die Teilnehmer*innen einen &#8222;<em>Crashkurs<\/em>&#8220; in moderner Buchenwaldbewirtschaftung durch den Landeswald-Oberf\u00f6rster Sven Oldorff.<\/p>\n<div id=\"attachment_9898\" style=\"width: 310px\" class=\"wp-caption aligncenter\"><a href=\"https:\/\/www.naturparkmagazin.de\/stechlin\/wp-content\/uploads\/sites\/38\/moor-spr\u00f6ssig.jpg\"><img aria-describedby=\"caption-attachment-9898\" decoding=\"async\" loading=\"lazy\" class=\"wp-image-9898 size-thumbnail\" src=\"https:\/\/www.naturparkmagazin.de\/stechlin\/wp-content\/uploads\/sites\/38\/moor-spr\u00f6ssig-300x180.jpg\" alt=\"J\u00f6rg Spr\u00f6ssig erl\u00e4utert, wie er aus einer Waldwiese ein Moor gezaubert hat\" width=\"300\" height=\"180\" srcset=\"https:\/\/www.naturparkmagazin.de\/stechlin\/wp-content\/uploads\/sites\/38\/moor-spr\u00f6ssig-300x180.jpg 300w, https:\/\/www.naturparkmagazin.de\/stechlin\/wp-content\/uploads\/sites\/38\/moor-spr\u00f6ssig.jpg 500w, https:\/\/www.naturparkmagazin.de\/stechlin\/wp-content\/uploads\/sites\/38\/moor-spr\u00f6ssig-200x120.jpg 200w\" sizes=\"(max-width: 300px) 100vw, 300px\" \/><\/a><p id=\"caption-attachment-9898\" class=\"wp-caption-text\">Revierf\u00f6rster a.D. J\u00f6rg Spr\u00f6\u00dfig erl\u00e4utert, wie er aus einer Waldwiese ein Moor gezaubert hat.<\/p><\/div>\n<p>Revierf\u00f6rster a.D.\u00a0J\u00f6rg Spr\u00f6\u00dfig, berichtete am Beispiel eines wiedervern\u00e4ssten Waldmoores am Teufelssee, wie er zusammen mit unterschiedlichsten Akteuren eine ehemalige Wiese renaturiert hat.<\/p>\n<div id=\"attachment_9897\" style=\"width: 310px\" class=\"wp-caption aligncenter\"><a href=\"https:\/\/www.naturparkmagazin.de\/stechlin\/wp-content\/uploads\/sites\/38\/moor-zauft.jpg\"><img aria-describedby=\"caption-attachment-9897\" decoding=\"async\" loading=\"lazy\" class=\"wp-image-9897 size-thumbnail\" src=\"https:\/\/www.naturparkmagazin.de\/stechlin\/wp-content\/uploads\/sites\/38\/moor-zauft-300x180.jpg\" alt=\"Michael Zauft beschreibt bei str\u00f6mendem Regen aber geduldigen Zuh\u00f6rer*innen Wiedervern\u00e4ssungsma\u00dfnahmen von Waldmooren\" width=\"300\" height=\"180\" srcset=\"https:\/\/www.naturparkmagazin.de\/stechlin\/wp-content\/uploads\/sites\/38\/moor-zauft-300x180.jpg 300w, https:\/\/www.naturparkmagazin.de\/stechlin\/wp-content\/uploads\/sites\/38\/moor-zauft.jpg 500w, https:\/\/www.naturparkmagazin.de\/stechlin\/wp-content\/uploads\/sites\/38\/moor-zauft-200x120.jpg 200w\" sizes=\"(max-width: 300px) 100vw, 300px\" \/><\/a><p id=\"caption-attachment-9897\" class=\"wp-caption-text\">Michael Zauft beschreibt bei str\u00f6mendem Regen den geduldigen Zuh\u00f6rer*innen Wiedervern\u00e4ssungsma\u00dfnahmen von Waldmooren.<\/p><\/div>\n<p>Michael Zauft, Projektleiter des EU-Life-Projektes Feuchtw\u00e4lder beschrieb am Beispiel des Kleinen Barsch-Sees die Vorgehensweise bei\u00a0Wiedervern\u00e4ssungsprojekten.<\/p>\n<div id=\"attachment_9903\" style=\"width: 310px\" class=\"wp-caption aligncenter\"><a href=\"https:\/\/www.naturparkmagazin.de\/stechlin\/wp-content\/uploads\/sites\/38\/steg-moorerlebnispfad.jpg\"><img aria-describedby=\"caption-attachment-9903\" decoding=\"async\" loading=\"lazy\" class=\"wp-image-9903 size-thumbnail\" src=\"https:\/\/www.naturparkmagazin.de\/stechlin\/wp-content\/uploads\/sites\/38\/steg-moorerlebnispfad-300x180.jpg\" alt=\"Der Bohlensteg zum Gro\u00dfen Barsch-See als kleiner teil des Moorerebnispfades, ges\u00e4umt vom bl\u00fchenden Sumpfporst, beschloss diesen eindrucksreichen Tag.\" width=\"300\" height=\"180\" srcset=\"https:\/\/www.naturparkmagazin.de\/stechlin\/wp-content\/uploads\/sites\/38\/steg-moorerlebnispfad-300x180.jpg 300w, https:\/\/www.naturparkmagazin.de\/stechlin\/wp-content\/uploads\/sites\/38\/steg-moorerlebnispfad.jpg 500w, https:\/\/www.naturparkmagazin.de\/stechlin\/wp-content\/uploads\/sites\/38\/steg-moorerlebnispfad-200x120.jpg 200w\" sizes=\"(max-width: 300px) 100vw, 300px\" \/><\/a><p id=\"caption-attachment-9903\" class=\"wp-caption-text\">Am Ende der Exkursion wurde die Station\u00a0Gro\u00dfer Barsch-See des Moorerlebnispfades mit bl\u00fchendem Sumpfporst besucht.<\/p><\/div>\n<p>Den Abschluss dieses umfangreichen Tagesprogramms pr\u00e4gte ein von Regen umsp\u00fclter Blick \u00fcber den Gro\u00dfen Barsch-See. Der bl\u00fchende Sumpfporst rechts und links des Bohlenpfades zauberte den Teilnehmer*innen ein ersch\u00f6pftes, aber breites L\u00e4cheln ins Gesicht.<\/p>\n","protected":false},"excerpt":{"rendered":"<p>Zweimal j\u00e4hrlich treffen sich die Verantwortlichen f\u00fcr Vertragsnaturschutz und Landschaftspflege in und au\u00dferhalb der Brandenburger Gro\u00dfschutzgebiete zu einem Erfahrungsaustausch an wechselnden Orten.<\/p>\n","protected":false},"author":39,"featured_media":9896,"comment_status":"open","ping_status":"open","sticky":false,"template":"","format":"standard","meta":[],"categories":[7],"tags":[],"yoast_head":"<!-- This site is optimized with the Yoast SEO plugin v19.10 - https:\/\/yoast.com\/wordpress\/plugins\/seo\/ -->\n<title>Von der Theorie zum Sumpfporst - Arbeitskreis Landnutzung zu Gast im Naturpark - Naturpark Stechlin-Ruppiner Land<\/title>\n<meta name=\"robots\" content=\"index, follow, max-snippet:-1, max-image-preview:large, max-video-preview:-1\" \/>\n<link rel=\"canonical\" href=\"https:\/\/www.naturparkmagazin.de\/stechlin\/von-der-theorie-zum-sumpfporst-der-arbeitskreis-landnutzung-der-brandenburger-naturlandschaften-tagte-im-naturpark-stechlin-ruppiner-land\/\" \/>\n<meta property=\"og:locale\" content=\"de_DE\" \/>\n<meta property=\"og:type\" content=\"article\" \/>\n<meta property=\"og:title\" content=\"Von der Theorie zum Sumpfporst - Arbeitskreis Landnutzung zu Gast im Naturpark - Naturpark Stechlin-Ruppiner Land\" \/>\n<meta property=\"og:description\" content=\"Zweimal j\u00e4hrlich treffen sich die Verantwortlichen f\u00fcr Vertragsnaturschutz und Landschaftspflege in und au\u00dferhalb der Brandenburger Gro\u00dfschutzgebiete zu einem Erfahrungsaustausch an wechselnden Orten.\" \/>\n<meta property=\"og:url\" content=\"https:\/\/www.naturparkmagazin.de\/stechlin\/von-der-theorie-zum-sumpfporst-der-arbeitskreis-landnutzung-der-brandenburger-naturlandschaften-tagte-im-naturpark-stechlin-ruppiner-land\/\" \/>\n<meta property=\"og:site_name\" content=\"Naturpark Stechlin-Ruppiner Land\" \/>\n<meta property=\"article:published_time\" content=\"2020-10-16T07:34:40+00:00\" \/>\n<meta property=\"article:modified_time\" content=\"2020-10-27T17:30:22+00:00\" \/>\n<meta property=\"og:image\" content=\"https:\/\/www.naturparkmagazin.de\/stechlin\/wp-content\/uploads\/sites\/38\/gr-barschsee-moorerlebnispfad_aufh\u00e4nger.jpg\" \/>\n\t<meta property=\"og:image:width\" content=\"200\" \/>\n\t<meta property=\"og:image:height\" content=\"200\" \/>\n\t<meta property=\"og:image:type\" content=\"image\/jpeg\" \/>\n<meta name=\"author\" content=\"marioschrumpf\" \/>\n<meta name=\"twitter:label1\" content=\"Verfasst von\" \/>\n\t<meta name=\"twitter:data1\" content=\"marioschrumpf\" \/>\n\t<meta name=\"twitter:label2\" content=\"Gesch\u00e4tzte Lesezeit\" \/>\n\t<meta name=\"twitter:data2\" content=\"2\u00a0Minuten\" \/>\n<script type=\"application\/ld+json\" class=\"yoast-schema-graph\">{\"@context\":\"https:\/\/schema.org\",\"@graph\":[{\"@type\":\"WebPage\",\"@id\":\"https:\/\/www.naturparkmagazin.de\/stechlin\/von-der-theorie-zum-sumpfporst-der-arbeitskreis-landnutzung-der-brandenburger-naturlandschaften-tagte-im-naturpark-stechlin-ruppiner-land\/\",\"url\":\"https:\/\/www.naturparkmagazin.de\/stechlin\/von-der-theorie-zum-sumpfporst-der-arbeitskreis-landnutzung-der-brandenburger-naturlandschaften-tagte-im-naturpark-stechlin-ruppiner-land\/\",\"name\":\"Von der Theorie zum Sumpfporst - Arbeitskreis Landnutzung zu Gast im Naturpark - Naturpark Stechlin-Ruppiner Land\",\"isPartOf\":{\"@id\":\"https:\/\/www.naturparkmagazin.de\/stechlin\/#website\"},\"datePublished\":\"2020-10-16T07:34:40+00:00\",\"dateModified\":\"2020-10-27T17:30:22+00:00\",\"author\":{\"@id\":\"https:\/\/www.naturparkmagazin.de\/stechlin\/#\/schema\/person\/3f0d93203df21c806dd63c76d9bb28bc\"},\"breadcrumb\":{\"@id\":\"https:\/\/www.naturparkmagazin.de\/stechlin\/von-der-theorie-zum-sumpfporst-der-arbeitskreis-landnutzung-der-brandenburger-naturlandschaften-tagte-im-naturpark-stechlin-ruppiner-land\/#breadcrumb\"},\"inLanguage\":\"de\",\"potentialAction\":[{\"@type\":\"ReadAction\",\"target\":[\"https:\/\/www.naturparkmagazin.de\/stechlin\/von-der-theorie-zum-sumpfporst-der-arbeitskreis-landnutzung-der-brandenburger-naturlandschaften-tagte-im-naturpark-stechlin-ruppiner-land\/\"]}]},{\"@type\":\"BreadcrumbList\",\"@id\":\"https:\/\/www.naturparkmagazin.de\/stechlin\/von-der-theorie-zum-sumpfporst-der-arbeitskreis-landnutzung-der-brandenburger-naturlandschaften-tagte-im-naturpark-stechlin-ruppiner-land\/#breadcrumb\",\"itemListElement\":[{\"@type\":\"ListItem\",\"position\":1,\"name\":\"Home\",\"item\":\"https:\/\/www.naturparkmagazin.de\/stechlin\/\"},{\"@type\":\"ListItem\",\"position\":2,\"name\":\"Von der Theorie zum Sumpfporst &#8211; Arbeitskreis Landnutzung zu Gast im Naturpark\"}]},{\"@type\":\"WebSite\",\"@id\":\"https:\/\/www.naturparkmagazin.de\/stechlin\/#website\",\"url\":\"https:\/\/www.naturparkmagazin.de\/stechlin\/\",\"name\":\"Naturpark Stechlin-Ruppiner Land\",\"description\":\"\",\"potentialAction\":[{\"@type\":\"SearchAction\",\"target\":{\"@type\":\"EntryPoint\",\"urlTemplate\":\"https:\/\/www.naturparkmagazin.de\/stechlin\/?s={search_term_string}\"},\"query-input\":\"required name=search_term_string\"}],\"inLanguage\":\"de\"},{\"@type\":\"Person\",\"@id\":\"https:\/\/www.naturparkmagazin.de\/stechlin\/#\/schema\/person\/3f0d93203df21c806dd63c76d9bb28bc\",\"name\":\"marioschrumpf\",\"url\":\"https:\/\/www.naturparkmagazin.de\/stechlin\/author\/marioschrumpf\/\"}]}<\/script>\n<!-- \/ Yoast SEO plugin. -->","yoast_head_json":{"title":"Von der Theorie zum Sumpfporst - Arbeitskreis Landnutzung zu Gast im Naturpark - Naturpark Stechlin-Ruppiner Land","robots":{"index":"index","follow":"follow","max-snippet":"max-snippet:-1","max-image-preview":"max-image-preview:large","max-video-preview":"max-video-preview:-1"},"canonical":"https:\/\/www.naturparkmagazin.de\/stechlin\/von-der-theorie-zum-sumpfporst-der-arbeitskreis-landnutzung-der-brandenburger-naturlandschaften-tagte-im-naturpark-stechlin-ruppiner-land\/","og_locale":"de_DE","og_type":"article","og_title":"Von der Theorie zum Sumpfporst - Arbeitskreis Landnutzung zu Gast im Naturpark - Naturpark Stechlin-Ruppiner Land","og_description":"Zweimal j\u00e4hrlich treffen sich die Verantwortlichen f\u00fcr Vertragsnaturschutz und Landschaftspflege in und au\u00dferhalb der Brandenburger Gro\u00dfschutzgebiete zu einem Erfahrungsaustausch an wechselnden Orten.","og_url":"https:\/\/www.naturparkmagazin.de\/stechlin\/von-der-theorie-zum-sumpfporst-der-arbeitskreis-landnutzung-der-brandenburger-naturlandschaften-tagte-im-naturpark-stechlin-ruppiner-land\/","og_site_name":"Naturpark Stechlin-Ruppiner Land","article_published_time":"2020-10-16T07:34:40+00:00","article_modified_time":"2020-10-27T17:30:22+00:00","og_image":[{"width":200,"height":200,"url":"https:\/\/www.naturparkmagazin.de\/stechlin\/wp-content\/uploads\/sites\/38\/gr-barschsee-moorerlebnispfad_aufh\u00e4nger.jpg","type":"image\/jpeg"}],"author":"marioschrumpf","twitter_misc":{"Verfasst von":"marioschrumpf","Gesch\u00e4tzte Lesezeit":"2\u00a0Minuten"},"schema":{"@context":"https:\/\/schema.org","@graph":[{"@type":"WebPage","@id":"https:\/\/www.naturparkmagazin.de\/stechlin\/von-der-theorie-zum-sumpfporst-der-arbeitskreis-landnutzung-der-brandenburger-naturlandschaften-tagte-im-naturpark-stechlin-ruppiner-land\/","url":"https:\/\/www.naturparkmagazin.de\/stechlin\/von-der-theorie-zum-sumpfporst-der-arbeitskreis-landnutzung-der-brandenburger-naturlandschaften-tagte-im-naturpark-stechlin-ruppiner-land\/","name":"Von der Theorie zum Sumpfporst - Arbeitskreis Landnutzung zu Gast im Naturpark - Naturpark Stechlin-Ruppiner Land","isPartOf":{"@id":"https:\/\/www.naturparkmagazin.de\/stechlin\/#website"},"datePublished":"2020-10-16T07:34:40+00:00","dateModified":"2020-10-27T17:30:22+00:00","author":{"@id":"https:\/\/www.naturparkmagazin.de\/stechlin\/#\/schema\/person\/3f0d93203df21c806dd63c76d9bb28bc"},"breadcrumb":{"@id":"https:\/\/www.naturparkmagazin.de\/stechlin\/von-der-theorie-zum-sumpfporst-der-arbeitskreis-landnutzung-der-brandenburger-naturlandschaften-tagte-im-naturpark-stechlin-ruppiner-land\/#breadcrumb"},"inLanguage":"de","potentialAction":[{"@type":"ReadAction","target":["https:\/\/www.naturparkmagazin.de\/stechlin\/von-der-theorie-zum-sumpfporst-der-arbeitskreis-landnutzung-der-brandenburger-naturlandschaften-tagte-im-naturpark-stechlin-ruppiner-land\/"]}]},{"@type":"BreadcrumbList","@id":"https:\/\/www.naturparkmagazin.de\/stechlin\/von-der-theorie-zum-sumpfporst-der-arbeitskreis-landnutzung-der-brandenburger-naturlandschaften-tagte-im-naturpark-stechlin-ruppiner-land\/#breadcrumb","itemListElement":[{"@type":"ListItem","position":1,"name":"Home","item":"https:\/\/www.naturparkmagazin.de\/stechlin\/"},{"@type":"ListItem","position":2,"name":"Von der Theorie zum Sumpfporst &#8211; Arbeitskreis Landnutzung zu Gast im Naturpark"}]},{"@type":"WebSite","@id":"https:\/\/www.naturparkmagazin.de\/stechlin\/#website","url":"https:\/\/www.naturparkmagazin.de\/stechlin\/","name":"Naturpark Stechlin-Ruppiner Land","description":"","potentialAction":[{"@type":"SearchAction","target":{"@type":"EntryPoint","urlTemplate":"https:\/\/www.naturparkmagazin.de\/stechlin\/?s={search_term_string}"},"query-input":"required name=search_term_string"}],"inLanguage":"de"},{"@type":"Person","@id":"https:\/\/www.naturparkmagazin.de\/stechlin\/#\/schema\/person\/3f0d93203df21c806dd63c76d9bb28bc","name":"marioschrumpf","url":"https:\/\/www.naturparkmagazin.de\/stechlin\/author\/marioschrumpf\/"}]}},"_links":{"self":[{"href":"https:\/\/www.naturparkmagazin.de\/stechlin\/wp-json\/wp\/v2\/posts\/9891"}],"collection":[{"href":"https:\/\/www.naturparkmagazin.de\/stechlin\/wp-json\/wp\/v2\/posts"}],"about":[{"href":"https:\/\/www.naturparkmagazin.de\/stechlin\/wp-json\/wp\/v2\/types\/post"}],"author":[{"embeddable":true,"href":"https:\/\/www.naturparkmagazin.de\/stechlin\/wp-json\/wp\/v2\/users\/39"}],"replies":[{"embeddable":true,"href":"https:\/\/www.naturparkmagazin.de\/stechlin\/wp-json\/wp\/v2\/comments?post=9891"}],"version-history":[{"count":11,"href":"https:\/\/www.naturparkmagazin.de\/stechlin\/wp-json\/wp\/v2\/posts\/9891\/revisions"}],"predecessor-version":[{"id":9937,"href":"https:\/\/www.naturparkmagazin.de\/stechlin\/wp-json\/wp\/v2\/posts\/9891\/revisions\/9937"}],"wp:featuredmedia":[{"embeddable":true,"href":"https:\/\/www.naturparkmagazin.de\/stechlin\/wp-json\/wp\/v2\/media\/9896"}],"wp:attachment":[{"href":"https:\/\/www.naturparkmagazin.de\/stechlin\/wp-json\/wp\/v2\/media?parent=9891"}],"wp:term":[{"taxonomy":"category","embeddable":true,"href":"https:\/\/www.naturparkmagazin.de\/stechlin\/wp-json\/wp\/v2\/categories?post=9891"},{"taxonomy":"post_tag","embeddable":true,"href":"https:\/\/www.naturparkmagazin.de\/stechlin\/wp-json\/wp\/v2\/tags?post=9891"}],"curies":[{"name":"wp","href":"https:\/\/api.w.org\/{rel}","templated":true}]}}