{"id":9907,"date":"2020-10-16T12:58:53","date_gmt":"2020-10-16T10:58:53","guid":{"rendered":"https:\/\/www.naturparkmagazin.de\/stechlin\/?p=9907"},"modified":"2020-10-28T09:33:45","modified_gmt":"2020-10-28T08:33:45","slug":"neue-handreichung-veroeffentlicht","status":"publish","type":"post","link":"https:\/\/www.naturparkmagazin.de\/stechlin\/neue-handreichung-veroeffentlicht\/","title":{"rendered":"Neue Handreichung ver\u00f6ffentlicht"},"content":{"rendered":"<p>Nach einer langen Arbeitsphase wurde nun der zweite Teil der <a href=\"https:\/\/www.ekbo.de\/fileadmin\/ekbo\/mandant\/ekbo.de\/0._Startseite\/Handreichung_2020_web.pdf\" target=\"_blank\">Handreichung zur Verpachtung landwirtschaftlicher Nutzfl\u00e4chen<\/a> im Besitz der Evangelischen Kirche Berlin-Brandenburg-schlesische Oberlausitz ver\u00f6ffentlicht.<\/p>\n<p>Darin werden\u00a0Naturschutzma\u00dfnahmen zur Bewahrung der Sch\u00f6pfung und beispielhafte Methoden zur Erhaltung der Biodiversit\u00e4t vorgestellt.<a href=\"https:\/\/www.naturparkmagazin.de\/stechlin\/wp-content\/uploads\/sites\/38\/acker_Jakob_Schenk.jpg\"><img decoding=\"async\" loading=\"lazy\" class=\"aligncenter size-thumbnail wp-image-9909\" src=\"https:\/\/www.naturparkmagazin.de\/stechlin\/wp-content\/uploads\/sites\/38\/acker_Jakob_Schenk-300x180.jpg\" alt=\"NP SRL (Archiv LPV Jakob Schenk)\" width=\"300\" height=\"180\" srcset=\"https:\/\/www.naturparkmagazin.de\/stechlin\/wp-content\/uploads\/sites\/38\/acker_Jakob_Schenk-300x180.jpg 300w, https:\/\/www.naturparkmagazin.de\/stechlin\/wp-content\/uploads\/sites\/38\/acker_Jakob_Schenk.jpg 500w, https:\/\/www.naturparkmagazin.de\/stechlin\/wp-content\/uploads\/sites\/38\/acker_Jakob_Schenk-200x120.jpg 200w\" sizes=\"(max-width: 300px) 100vw, 300px\" \/><\/a><\/p>\n<p>Ma\u00dfgeblich an der Publikation beteiligt war er <a href=\"http:\/\/neu.lpv-prignitz-ruppin.de\/lpv-prignitz-ruppiner-land.html\" target=\"_blank\">Landschaftspflegeverband Prignitz-Ruppiner Land e.V.<\/a>, der sich im F\u00f6rderprojekt <a href=\"https:\/\/www.land-schafft-wandel.de\/lpvProjekteStart.html\" target=\"_blank\">&#8222;<em>Land schafft Wandel<\/em>&#8222;<\/a> unter anderem dem <a href=\"https:\/\/www.land-schafft-wandel.de\/wissenstransferKirche.html\" target=\"_blank\">Wissenstransfer von \u00f6kologischen und sozialen Kriterien bei der Verpachtung von kircheneigenen Fl\u00e4chen<\/a> widmet.<\/p>\n","protected":false},"excerpt":{"rendered":"<p>Nach einer langen Arbeitsphase wurde nun der zweite Teil der Handreichung zur Verpachtung landwirtschaftlicher Nutzfl\u00e4chen im Besitz der Evangelischen Kirche Berlin- Brandenburg-schlesische Oberlausitz ver\u00f6ffentlicht.<\/p>\n","protected":false},"author":39,"featured_media":9910,"comment_status":"open","ping_status":"open","sticky":false,"template":"","format":"standard","meta":[],"categories":[7],"tags":[],"yoast_head":"<!-- This site is optimized with the Yoast SEO plugin v19.10 - https:\/\/yoast.com\/wordpress\/plugins\/seo\/ -->\n<title>Neue Handreichung ver\u00f6ffentlicht - Naturpark Stechlin-Ruppiner Land<\/title>\n<meta name=\"robots\" content=\"index, follow, max-snippet:-1, max-image-preview:large, max-video-preview:-1\" \/>\n<link rel=\"canonical\" href=\"https:\/\/www.naturparkmagazin.de\/stechlin\/neue-handreichung-veroeffentlicht\/\" \/>\n<meta property=\"og:locale\" content=\"de_DE\" \/>\n<meta property=\"og:type\" content=\"article\" \/>\n<meta property=\"og:title\" content=\"Neue Handreichung ver\u00f6ffentlicht - Naturpark Stechlin-Ruppiner Land\" \/>\n<meta property=\"og:description\" content=\"Nach einer langen Arbeitsphase wurde nun der zweite Teil der Handreichung zur Verpachtung landwirtschaftlicher Nutzfl\u00e4chen im Besitz der Evangelischen Kirche Berlin- Brandenburg-schlesische Oberlausitz ver\u00f6ffentlicht.\" \/>\n<meta property=\"og:url\" content=\"https:\/\/www.naturparkmagazin.de\/stechlin\/neue-handreichung-veroeffentlicht\/\" \/>\n<meta property=\"og:site_name\" content=\"Naturpark Stechlin-Ruppiner Land\" \/>\n<meta property=\"article:published_time\" content=\"2020-10-16T10:58:53+00:00\" \/>\n<meta property=\"article:modified_time\" content=\"2020-10-28T08:33:45+00:00\" \/>\n<meta property=\"og:image\" content=\"https:\/\/www.naturparkmagazin.de\/stechlin\/wp-content\/uploads\/sites\/38\/Beratung_Feld_Jakob_Schenk.jpg\" \/>\n\t<meta property=\"og:image:width\" content=\"200\" \/>\n\t<meta property=\"og:image:height\" content=\"200\" \/>\n\t<meta property=\"og:image:type\" content=\"image\/jpeg\" \/>\n<meta name=\"author\" content=\"marioschrumpf\" \/>\n<meta name=\"twitter:label1\" content=\"Verfasst von\" \/>\n\t<meta name=\"twitter:data1\" content=\"marioschrumpf\" \/>\n<script type=\"application\/ld+json\" class=\"yoast-schema-graph\">{\"@context\":\"https:\/\/schema.org\",\"@graph\":[{\"@type\":\"WebPage\",\"@id\":\"https:\/\/www.naturparkmagazin.de\/stechlin\/neue-handreichung-veroeffentlicht\/\",\"url\":\"https:\/\/www.naturparkmagazin.de\/stechlin\/neue-handreichung-veroeffentlicht\/\",\"name\":\"Neue Handreichung ver\u00f6ffentlicht - Naturpark Stechlin-Ruppiner Land\",\"isPartOf\":{\"@id\":\"https:\/\/www.naturparkmagazin.de\/stechlin\/#website\"},\"datePublished\":\"2020-10-16T10:58:53+00:00\",\"dateModified\":\"2020-10-28T08:33:45+00:00\",\"author\":{\"@id\":\"https:\/\/www.naturparkmagazin.de\/stechlin\/#\/schema\/person\/3f0d93203df21c806dd63c76d9bb28bc\"},\"breadcrumb\":{\"@id\":\"https:\/\/www.naturparkmagazin.de\/stechlin\/neue-handreichung-veroeffentlicht\/#breadcrumb\"},\"inLanguage\":\"de\",\"potentialAction\":[{\"@type\":\"ReadAction\",\"target\":[\"https:\/\/www.naturparkmagazin.de\/stechlin\/neue-handreichung-veroeffentlicht\/\"]}]},{\"@type\":\"BreadcrumbList\",\"@id\":\"https:\/\/www.naturparkmagazin.de\/stechlin\/neue-handreichung-veroeffentlicht\/#breadcrumb\",\"itemListElement\":[{\"@type\":\"ListItem\",\"position\":1,\"name\":\"Home\",\"item\":\"https:\/\/www.naturparkmagazin.de\/stechlin\/\"},{\"@type\":\"ListItem\",\"position\":2,\"name\":\"Neue Handreichung ver\u00f6ffentlicht\"}]},{\"@type\":\"WebSite\",\"@id\":\"https:\/\/www.naturparkmagazin.de\/stechlin\/#website\",\"url\":\"https:\/\/www.naturparkmagazin.de\/stechlin\/\",\"name\":\"Naturpark Stechlin-Ruppiner Land\",\"description\":\"\",\"potentialAction\":[{\"@type\":\"SearchAction\",\"target\":{\"@type\":\"EntryPoint\",\"urlTemplate\":\"https:\/\/www.naturparkmagazin.de\/stechlin\/?s={search_term_string}\"},\"query-input\":\"required name=search_term_string\"}],\"inLanguage\":\"de\"},{\"@type\":\"Person\",\"@id\":\"https:\/\/www.naturparkmagazin.de\/stechlin\/#\/schema\/person\/3f0d93203df21c806dd63c76d9bb28bc\",\"name\":\"marioschrumpf\",\"url\":\"https:\/\/www.naturparkmagazin.de\/stechlin\/author\/marioschrumpf\/\"}]}<\/script>\n<!-- \/ Yoast SEO plugin. -->","yoast_head_json":{"title":"Neue Handreichung ver\u00f6ffentlicht - Naturpark Stechlin-Ruppiner Land","robots":{"index":"index","follow":"follow","max-snippet":"max-snippet:-1","max-image-preview":"max-image-preview:large","max-video-preview":"max-video-preview:-1"},"canonical":"https:\/\/www.naturparkmagazin.de\/stechlin\/neue-handreichung-veroeffentlicht\/","og_locale":"de_DE","og_type":"article","og_title":"Neue Handreichung ver\u00f6ffentlicht - Naturpark Stechlin-Ruppiner Land","og_description":"Nach einer langen Arbeitsphase wurde nun der zweite Teil der Handreichung zur Verpachtung landwirtschaftlicher Nutzfl\u00e4chen im Besitz der Evangelischen Kirche Berlin- Brandenburg-schlesische Oberlausitz ver\u00f6ffentlicht.","og_url":"https:\/\/www.naturparkmagazin.de\/stechlin\/neue-handreichung-veroeffentlicht\/","og_site_name":"Naturpark Stechlin-Ruppiner Land","article_published_time":"2020-10-16T10:58:53+00:00","article_modified_time":"2020-10-28T08:33:45+00:00","og_image":[{"width":200,"height":200,"url":"https:\/\/www.naturparkmagazin.de\/stechlin\/wp-content\/uploads\/sites\/38\/Beratung_Feld_Jakob_Schenk.jpg","type":"image\/jpeg"}],"author":"marioschrumpf","twitter_misc":{"Verfasst von":"marioschrumpf"},"schema":{"@context":"https:\/\/schema.org","@graph":[{"@type":"WebPage","@id":"https:\/\/www.naturparkmagazin.de\/stechlin\/neue-handreichung-veroeffentlicht\/","url":"https:\/\/www.naturparkmagazin.de\/stechlin\/neue-handreichung-veroeffentlicht\/","name":"Neue Handreichung ver\u00f6ffentlicht - Naturpark Stechlin-Ruppiner Land","isPartOf":{"@id":"https:\/\/www.naturparkmagazin.de\/stechlin\/#website"},"datePublished":"2020-10-16T10:58:53+00:00","dateModified":"2020-10-28T08:33:45+00:00","author":{"@id":"https:\/\/www.naturparkmagazin.de\/stechlin\/#\/schema\/person\/3f0d93203df21c806dd63c76d9bb28bc"},"breadcrumb":{"@id":"https:\/\/www.naturparkmagazin.de\/stechlin\/neue-handreichung-veroeffentlicht\/#breadcrumb"},"inLanguage":"de","potentialAction":[{"@type":"ReadAction","target":["https:\/\/www.naturparkmagazin.de\/stechlin\/neue-handreichung-veroeffentlicht\/"]}]},{"@type":"BreadcrumbList","@id":"https:\/\/www.naturparkmagazin.de\/stechlin\/neue-handreichung-veroeffentlicht\/#breadcrumb","itemListElement":[{"@type":"ListItem","position":1,"name":"Home","item":"https:\/\/www.naturparkmagazin.de\/stechlin\/"},{"@type":"ListItem","position":2,"name":"Neue Handreichung ver\u00f6ffentlicht"}]},{"@type":"WebSite","@id":"https:\/\/www.naturparkmagazin.de\/stechlin\/#website","url":"https:\/\/www.naturparkmagazin.de\/stechlin\/","name":"Naturpark Stechlin-Ruppiner Land","description":"","potentialAction":[{"@type":"SearchAction","target":{"@type":"EntryPoint","urlTemplate":"https:\/\/www.naturparkmagazin.de\/stechlin\/?s={search_term_string}"},"query-input":"required name=search_term_string"}],"inLanguage":"de"},{"@type":"Person","@id":"https:\/\/www.naturparkmagazin.de\/stechlin\/#\/schema\/person\/3f0d93203df21c806dd63c76d9bb28bc","name":"marioschrumpf","url":"https:\/\/www.naturparkmagazin.de\/stechlin\/author\/marioschrumpf\/"}]}},"_links":{"self":[{"href":"https:\/\/www.naturparkmagazin.de\/stechlin\/wp-json\/wp\/v2\/posts\/9907"}],"collection":[{"href":"https:\/\/www.naturparkmagazin.de\/stechlin\/wp-json\/wp\/v2\/posts"}],"about":[{"href":"https:\/\/www.naturparkmagazin.de\/stechlin\/wp-json\/wp\/v2\/types\/post"}],"author":[{"embeddable":true,"href":"https:\/\/www.naturparkmagazin.de\/stechlin\/wp-json\/wp\/v2\/users\/39"}],"replies":[{"embeddable":true,"href":"https:\/\/www.naturparkmagazin.de\/stechlin\/wp-json\/wp\/v2\/comments?post=9907"}],"version-history":[{"count":10,"href":"https:\/\/www.naturparkmagazin.de\/stechlin\/wp-json\/wp\/v2\/posts\/9907\/revisions"}],"predecessor-version":[{"id":9973,"href":"https:\/\/www.naturparkmagazin.de\/stechlin\/wp-json\/wp\/v2\/posts\/9907\/revisions\/9973"}],"wp:featuredmedia":[{"embeddable":true,"href":"https:\/\/www.naturparkmagazin.de\/stechlin\/wp-json\/wp\/v2\/media\/9910"}],"wp:attachment":[{"href":"https:\/\/www.naturparkmagazin.de\/stechlin\/wp-json\/wp\/v2\/media?parent=9907"}],"wp:term":[{"taxonomy":"category","embeddable":true,"href":"https:\/\/www.naturparkmagazin.de\/stechlin\/wp-json\/wp\/v2\/categories?post=9907"},{"taxonomy":"post_tag","embeddable":true,"href":"https:\/\/www.naturparkmagazin.de\/stechlin\/wp-json\/wp\/v2\/tags?post=9907"}],"curies":[{"name":"wp","href":"https:\/\/api.w.org\/{rel}","templated":true}]}}