{"id":9913,"date":"2020-10-16T13:06:40","date_gmt":"2020-10-16T11:06:40","guid":{"rendered":"https:\/\/www.naturparkmagazin.de\/stechlin\/?p=9913"},"modified":"2020-10-27T17:40:32","modified_gmt":"2020-10-27T16:40:32","slug":"die-sieger-des-diesjaehrigen-gartenwettbewerbs-stehen-fest","status":"publish","type":"post","link":"https:\/\/www.naturparkmagazin.de\/stechlin\/die-sieger-des-diesjaehrigen-gartenwettbewerbs-stehen-fest\/","title":{"rendered":"Die Sieger des diesj\u00e4hrigen Gartenwettbewerbs stehen fest"},"content":{"rendered":"<p>Am Sonntag den 25. Oktober brach p\u00fcnktlich zur feierlichen Preisverleihung im Schul- u. Gemeinschaftsgarten \u201eDossegarten\u201c in Wittstock\/Dosse die Sonne durch die Wolken. Im kleinen Kreis und unter freiem Himmel wurden die Sieger des diesj\u00e4hrigen Gartenwettbewerbs geehrt.<\/p>\n<div id=\"attachment_9919\" style=\"width: 310px\" class=\"wp-caption aligncenter\"><a href=\"https:\/\/www.naturparkmagazin.de\/stechlin\/wp-content\/uploads\/sites\/38\/kaffe-und-kuchen.jpg\"><img aria-describedby=\"caption-attachment-9919\" decoding=\"async\" loading=\"lazy\" class=\"size-thumbnail wp-image-9919\" src=\"https:\/\/www.naturparkmagazin.de\/stechlin\/wp-content\/uploads\/sites\/38\/kaffe-und-kuchen-300x180.jpg\" alt=\"Bei Kaffee und Kuchen konnten sich die Preistr\u00e4ger*innen austauschen.\" width=\"300\" height=\"180\" srcset=\"https:\/\/www.naturparkmagazin.de\/stechlin\/wp-content\/uploads\/sites\/38\/kaffe-und-kuchen-300x180.jpg 300w, https:\/\/www.naturparkmagazin.de\/stechlin\/wp-content\/uploads\/sites\/38\/kaffe-und-kuchen.jpg 500w, https:\/\/www.naturparkmagazin.de\/stechlin\/wp-content\/uploads\/sites\/38\/kaffe-und-kuchen-200x120.jpg 200w\" sizes=\"(max-width: 300px) 100vw, 300px\" \/><\/a><p id=\"caption-attachment-9919\" class=\"wp-caption-text\">Bei Kaffee und Kuchen konnten sich die Preistr\u00e4ger*innen austauschen.<\/p><\/div>\n<p>Gesucht wurden die G\u00e4rten mit einem hohen naturschutzfachlichen Wert, die besonderen Wert auf Struktur- und Artenvielfalt legen.<\/p>\n<p>Alle Bewerbungen zeigten vielf\u00e4ltige Bem\u00fchungen einer naturvertr\u00e4glichen G\u00e4rtnerei, die Gr\u00f6\u00dfe und Form der G\u00e4rten konnten allerdings nicht unterschiedlicher sein. Der Entscheidungsprozess fiel der Jury dementsprechend schwer.<\/p>\n<p>Im ersten Schritt der Auswertung wurden die Bewerbungen anhand der Bilder und Texte analysiert und f\u00fcnf G\u00e4rten ausgew\u00e4hlt. Im zweiten Schritt wurden die selektierten G\u00e4rten besucht und mit Hilfe eines Kriterienkatalogs bewertet.<\/p>\n<p>Die Jury bestand dabei aus Vertretern des Naturparks Stechlin-Ruppiner Land, des Naturschutzbundes (NABU Kreisverband Neuruppin), der Volkssolidarit\u00e4t und des Landschaftspflegeverbandes Prignitz-Ruppiner Land e.V.<\/p>\n<div id=\"attachment_9917\" style=\"width: 310px\" class=\"wp-caption aligncenter\"><a href=\"https:\/\/www.naturparkmagazin.de\/stechlin\/wp-content\/uploads\/sites\/38\/preistr\u00e4gerInnen.jpg\"><img aria-describedby=\"caption-attachment-9917\" decoding=\"async\" loading=\"lazy\" class=\"wp-image-9917 size-thumbnail\" src=\"https:\/\/www.naturparkmagazin.de\/stechlin\/wp-content\/uploads\/sites\/38\/preistr\u00e4gerInnen-300x180.jpg\" alt=\"Die Preistr\u00e4ger*innen (vlnr: Herr Misch - 2.; Familie B\u00fcchner - 1.; Herr Lehmannn - 3.)\" width=\"300\" height=\"180\" srcset=\"https:\/\/www.naturparkmagazin.de\/stechlin\/wp-content\/uploads\/sites\/38\/preistr\u00e4gerInnen-300x180.jpg 300w, https:\/\/www.naturparkmagazin.de\/stechlin\/wp-content\/uploads\/sites\/38\/preistr\u00e4gerInnen.jpg 500w, https:\/\/www.naturparkmagazin.de\/stechlin\/wp-content\/uploads\/sites\/38\/preistr\u00e4gerInnen-200x120.jpg 200w\" sizes=\"(max-width: 300px) 100vw, 300px\" \/><\/a><p id=\"caption-attachment-9917\" class=\"wp-caption-text\">Die Preistr\u00e4ger*innen (vlnr.: Herr Misch (2.); Familie B\u00fcchner (1.); Herr Lehmannn (3.))<\/p><\/div>\n<p>Der Fokus der Bewertung lag die Gartenstruktur (z.B. Hecken, Gew\u00e4sser, Stein- u. Holzhaufen), die biologische Vielfalt und die Gartenbehandlung (z.B. D\u00fcnge- und Pflanzenschutzmitteleinsatz).<\/p>\n<p>Impressionen aus den 3 Preistr\u00e4gerg\u00e4rten:<\/p>\n<div id=\"attachment_9920\" style=\"width: 310px\" class=\"wp-caption aligncenter\"><a href=\"https:\/\/www.naturparkmagazin.de\/stechlin\/wp-content\/uploads\/sites\/38\/platz-1.jpg\"><img aria-describedby=\"caption-attachment-9920\" decoding=\"async\" loading=\"lazy\" class=\"size-thumbnail wp-image-9920\" src=\"https:\/\/www.naturparkmagazin.de\/stechlin\/wp-content\/uploads\/sites\/38\/platz-1-300x180.jpg\" alt=\"1. Platz: Familie B\u00fcchner &amp; Lehmann (Teetz)\" width=\"300\" height=\"180\" srcset=\"https:\/\/www.naturparkmagazin.de\/stechlin\/wp-content\/uploads\/sites\/38\/platz-1-300x180.jpg 300w, https:\/\/www.naturparkmagazin.de\/stechlin\/wp-content\/uploads\/sites\/38\/platz-1.jpg 500w, https:\/\/www.naturparkmagazin.de\/stechlin\/wp-content\/uploads\/sites\/38\/platz-1-200x120.jpg 200w\" sizes=\"(max-width: 300px) 100vw, 300px\" \/><\/a><p id=\"caption-attachment-9920\" class=\"wp-caption-text\">1. Platz: Familie B\u00fcchner &amp; Lehmann (Teetz)<\/p><\/div>\n<div id=\"attachment_9916\" style=\"width: 310px\" class=\"wp-caption aligncenter\"><a href=\"https:\/\/www.naturparkmagazin.de\/stechlin\/wp-content\/uploads\/sites\/38\/platz-2.jpg\"><img aria-describedby=\"caption-attachment-9916\" decoding=\"async\" loading=\"lazy\" class=\"size-thumbnail wp-image-9916\" src=\"https:\/\/www.naturparkmagazin.de\/stechlin\/wp-content\/uploads\/sites\/38\/platz-2-300x180.jpg\" alt=\"2. Platz: Herr Misch (Linow)\" width=\"300\" height=\"180\" srcset=\"https:\/\/www.naturparkmagazin.de\/stechlin\/wp-content\/uploads\/sites\/38\/platz-2-300x180.jpg 300w, https:\/\/www.naturparkmagazin.de\/stechlin\/wp-content\/uploads\/sites\/38\/platz-2.jpg 500w, https:\/\/www.naturparkmagazin.de\/stechlin\/wp-content\/uploads\/sites\/38\/platz-2-200x120.jpg 200w\" sizes=\"(max-width: 300px) 100vw, 300px\" \/><\/a><p id=\"caption-attachment-9916\" class=\"wp-caption-text\">2. Platz: Herr Misch (Linow)<\/p><\/div>\n<div id=\"attachment_9921\" style=\"width: 310px\" class=\"wp-caption aligncenter\"><a href=\"https:\/\/www.naturparkmagazin.de\/stechlin\/wp-content\/uploads\/sites\/38\/platz-3.jpg\"><img aria-describedby=\"caption-attachment-9921\" decoding=\"async\" loading=\"lazy\" class=\"size-thumbnail wp-image-9921\" src=\"https:\/\/www.naturparkmagazin.de\/stechlin\/wp-content\/uploads\/sites\/38\/platz-3-300x180.jpg\" alt=\"3. Platz: Herr Lehmann (Neuglobsow)\" width=\"300\" height=\"180\" srcset=\"https:\/\/www.naturparkmagazin.de\/stechlin\/wp-content\/uploads\/sites\/38\/platz-3-300x180.jpg 300w, https:\/\/www.naturparkmagazin.de\/stechlin\/wp-content\/uploads\/sites\/38\/platz-3.jpg 500w, https:\/\/www.naturparkmagazin.de\/stechlin\/wp-content\/uploads\/sites\/38\/platz-3-200x120.jpg 200w\" sizes=\"(max-width: 300px) 100vw, 300px\" \/><\/a><p id=\"caption-attachment-9921\" class=\"wp-caption-text\">3. Platz: Herr Lehmann (Neuglobsow)<\/p><\/div>\n","protected":false},"excerpt":{"rendered":"<p>Am Sonntag den 25. Oktober brach p\u00fcnktlich zur feierlichen Preisverleihung im Schul- u. Gemeinschaftsgarten \u201eDossegarten\u201c in Wittstock\/Dosse die Sonne durch die Wolken. <\/p>\n","protected":false},"author":39,"featured_media":9918,"comment_status":"open","ping_status":"open","sticky":false,"template":"","format":"standard","meta":[],"categories":[7],"tags":[],"yoast_head":"<!-- This site is optimized with the Yoast SEO plugin v19.10 - https:\/\/yoast.com\/wordpress\/plugins\/seo\/ -->\n<title>Die Sieger des diesj\u00e4hrigen Gartenwettbewerbs stehen fest - Naturpark Stechlin-Ruppiner Land<\/title>\n<meta name=\"robots\" content=\"index, follow, max-snippet:-1, max-image-preview:large, max-video-preview:-1\" \/>\n<link rel=\"canonical\" href=\"https:\/\/www.naturparkmagazin.de\/stechlin\/die-sieger-des-diesjaehrigen-gartenwettbewerbs-stehen-fest\/\" \/>\n<meta property=\"og:locale\" content=\"de_DE\" \/>\n<meta property=\"og:type\" content=\"article\" \/>\n<meta property=\"og:title\" content=\"Die Sieger des diesj\u00e4hrigen Gartenwettbewerbs stehen fest - Naturpark Stechlin-Ruppiner Land\" \/>\n<meta property=\"og:description\" content=\"Am Sonntag den 25. Oktober brach p\u00fcnktlich zur feierlichen Preisverleihung im Schul- u. Gemeinschaftsgarten \u201eDossegarten\u201c in Wittstock\/Dosse die Sonne durch die Wolken.\" \/>\n<meta property=\"og:url\" content=\"https:\/\/www.naturparkmagazin.de\/stechlin\/die-sieger-des-diesjaehrigen-gartenwettbewerbs-stehen-fest\/\" \/>\n<meta property=\"og:site_name\" content=\"Naturpark Stechlin-Ruppiner Land\" \/>\n<meta property=\"article:published_time\" content=\"2020-10-16T11:06:40+00:00\" \/>\n<meta property=\"article:modified_time\" content=\"2020-10-27T16:40:32+00:00\" \/>\n<meta property=\"og:image\" content=\"https:\/\/www.naturparkmagazin.de\/stechlin\/wp-content\/uploads\/sites\/38\/preisverleihung_aufh\u00e4nger.jpg\" \/>\n\t<meta property=\"og:image:width\" content=\"200\" \/>\n\t<meta property=\"og:image:height\" content=\"200\" \/>\n\t<meta property=\"og:image:type\" content=\"image\/jpeg\" \/>\n<meta name=\"author\" content=\"marioschrumpf\" \/>\n<meta name=\"twitter:label1\" content=\"Verfasst von\" \/>\n\t<meta name=\"twitter:data1\" content=\"marioschrumpf\" \/>\n\t<meta name=\"twitter:label2\" content=\"Gesch\u00e4tzte Lesezeit\" \/>\n\t<meta name=\"twitter:data2\" content=\"1\u00a0Minute\" \/>\n<script type=\"application\/ld+json\" class=\"yoast-schema-graph\">{\"@context\":\"https:\/\/schema.org\",\"@graph\":[{\"@type\":\"WebPage\",\"@id\":\"https:\/\/www.naturparkmagazin.de\/stechlin\/die-sieger-des-diesjaehrigen-gartenwettbewerbs-stehen-fest\/\",\"url\":\"https:\/\/www.naturparkmagazin.de\/stechlin\/die-sieger-des-diesjaehrigen-gartenwettbewerbs-stehen-fest\/\",\"name\":\"Die Sieger des diesj\u00e4hrigen Gartenwettbewerbs stehen fest - Naturpark Stechlin-Ruppiner Land\",\"isPartOf\":{\"@id\":\"https:\/\/www.naturparkmagazin.de\/stechlin\/#website\"},\"datePublished\":\"2020-10-16T11:06:40+00:00\",\"dateModified\":\"2020-10-27T16:40:32+00:00\",\"author\":{\"@id\":\"https:\/\/www.naturparkmagazin.de\/stechlin\/#\/schema\/person\/3f0d93203df21c806dd63c76d9bb28bc\"},\"breadcrumb\":{\"@id\":\"https:\/\/www.naturparkmagazin.de\/stechlin\/die-sieger-des-diesjaehrigen-gartenwettbewerbs-stehen-fest\/#breadcrumb\"},\"inLanguage\":\"de\",\"potentialAction\":[{\"@type\":\"ReadAction\",\"target\":[\"https:\/\/www.naturparkmagazin.de\/stechlin\/die-sieger-des-diesjaehrigen-gartenwettbewerbs-stehen-fest\/\"]}]},{\"@type\":\"BreadcrumbList\",\"@id\":\"https:\/\/www.naturparkmagazin.de\/stechlin\/die-sieger-des-diesjaehrigen-gartenwettbewerbs-stehen-fest\/#breadcrumb\",\"itemListElement\":[{\"@type\":\"ListItem\",\"position\":1,\"name\":\"Home\",\"item\":\"https:\/\/www.naturparkmagazin.de\/stechlin\/\"},{\"@type\":\"ListItem\",\"position\":2,\"name\":\"Die Sieger des diesj\u00e4hrigen Gartenwettbewerbs stehen fest\"}]},{\"@type\":\"WebSite\",\"@id\":\"https:\/\/www.naturparkmagazin.de\/stechlin\/#website\",\"url\":\"https:\/\/www.naturparkmagazin.de\/stechlin\/\",\"name\":\"Naturpark Stechlin-Ruppiner Land\",\"description\":\"\",\"potentialAction\":[{\"@type\":\"SearchAction\",\"target\":{\"@type\":\"EntryPoint\",\"urlTemplate\":\"https:\/\/www.naturparkmagazin.de\/stechlin\/?s={search_term_string}\"},\"query-input\":\"required name=search_term_string\"}],\"inLanguage\":\"de\"},{\"@type\":\"Person\",\"@id\":\"https:\/\/www.naturparkmagazin.de\/stechlin\/#\/schema\/person\/3f0d93203df21c806dd63c76d9bb28bc\",\"name\":\"marioschrumpf\",\"url\":\"https:\/\/www.naturparkmagazin.de\/stechlin\/author\/marioschrumpf\/\"}]}<\/script>\n<!-- \/ Yoast SEO plugin. -->","yoast_head_json":{"title":"Die Sieger des diesj\u00e4hrigen Gartenwettbewerbs stehen fest - Naturpark Stechlin-Ruppiner Land","robots":{"index":"index","follow":"follow","max-snippet":"max-snippet:-1","max-image-preview":"max-image-preview:large","max-video-preview":"max-video-preview:-1"},"canonical":"https:\/\/www.naturparkmagazin.de\/stechlin\/die-sieger-des-diesjaehrigen-gartenwettbewerbs-stehen-fest\/","og_locale":"de_DE","og_type":"article","og_title":"Die Sieger des diesj\u00e4hrigen Gartenwettbewerbs stehen fest - Naturpark Stechlin-Ruppiner Land","og_description":"Am Sonntag den 25. Oktober brach p\u00fcnktlich zur feierlichen Preisverleihung im Schul- u. Gemeinschaftsgarten \u201eDossegarten\u201c in Wittstock\/Dosse die Sonne durch die Wolken.","og_url":"https:\/\/www.naturparkmagazin.de\/stechlin\/die-sieger-des-diesjaehrigen-gartenwettbewerbs-stehen-fest\/","og_site_name":"Naturpark Stechlin-Ruppiner Land","article_published_time":"2020-10-16T11:06:40+00:00","article_modified_time":"2020-10-27T16:40:32+00:00","og_image":[{"width":200,"height":200,"url":"https:\/\/www.naturparkmagazin.de\/stechlin\/wp-content\/uploads\/sites\/38\/preisverleihung_aufh\u00e4nger.jpg","type":"image\/jpeg"}],"author":"marioschrumpf","twitter_misc":{"Verfasst von":"marioschrumpf","Gesch\u00e4tzte Lesezeit":"1\u00a0Minute"},"schema":{"@context":"https:\/\/schema.org","@graph":[{"@type":"WebPage","@id":"https:\/\/www.naturparkmagazin.de\/stechlin\/die-sieger-des-diesjaehrigen-gartenwettbewerbs-stehen-fest\/","url":"https:\/\/www.naturparkmagazin.de\/stechlin\/die-sieger-des-diesjaehrigen-gartenwettbewerbs-stehen-fest\/","name":"Die Sieger des diesj\u00e4hrigen Gartenwettbewerbs stehen fest - Naturpark Stechlin-Ruppiner Land","isPartOf":{"@id":"https:\/\/www.naturparkmagazin.de\/stechlin\/#website"},"datePublished":"2020-10-16T11:06:40+00:00","dateModified":"2020-10-27T16:40:32+00:00","author":{"@id":"https:\/\/www.naturparkmagazin.de\/stechlin\/#\/schema\/person\/3f0d93203df21c806dd63c76d9bb28bc"},"breadcrumb":{"@id":"https:\/\/www.naturparkmagazin.de\/stechlin\/die-sieger-des-diesjaehrigen-gartenwettbewerbs-stehen-fest\/#breadcrumb"},"inLanguage":"de","potentialAction":[{"@type":"ReadAction","target":["https:\/\/www.naturparkmagazin.de\/stechlin\/die-sieger-des-diesjaehrigen-gartenwettbewerbs-stehen-fest\/"]}]},{"@type":"BreadcrumbList","@id":"https:\/\/www.naturparkmagazin.de\/stechlin\/die-sieger-des-diesjaehrigen-gartenwettbewerbs-stehen-fest\/#breadcrumb","itemListElement":[{"@type":"ListItem","position":1,"name":"Home","item":"https:\/\/www.naturparkmagazin.de\/stechlin\/"},{"@type":"ListItem","position":2,"name":"Die Sieger des diesj\u00e4hrigen Gartenwettbewerbs stehen fest"}]},{"@type":"WebSite","@id":"https:\/\/www.naturparkmagazin.de\/stechlin\/#website","url":"https:\/\/www.naturparkmagazin.de\/stechlin\/","name":"Naturpark Stechlin-Ruppiner Land","description":"","potentialAction":[{"@type":"SearchAction","target":{"@type":"EntryPoint","urlTemplate":"https:\/\/www.naturparkmagazin.de\/stechlin\/?s={search_term_string}"},"query-input":"required name=search_term_string"}],"inLanguage":"de"},{"@type":"Person","@id":"https:\/\/www.naturparkmagazin.de\/stechlin\/#\/schema\/person\/3f0d93203df21c806dd63c76d9bb28bc","name":"marioschrumpf","url":"https:\/\/www.naturparkmagazin.de\/stechlin\/author\/marioschrumpf\/"}]}},"_links":{"self":[{"href":"https:\/\/www.naturparkmagazin.de\/stechlin\/wp-json\/wp\/v2\/posts\/9913"}],"collection":[{"href":"https:\/\/www.naturparkmagazin.de\/stechlin\/wp-json\/wp\/v2\/posts"}],"about":[{"href":"https:\/\/www.naturparkmagazin.de\/stechlin\/wp-json\/wp\/v2\/types\/post"}],"author":[{"embeddable":true,"href":"https:\/\/www.naturparkmagazin.de\/stechlin\/wp-json\/wp\/v2\/users\/39"}],"replies":[{"embeddable":true,"href":"https:\/\/www.naturparkmagazin.de\/stechlin\/wp-json\/wp\/v2\/comments?post=9913"}],"version-history":[{"count":5,"href":"https:\/\/www.naturparkmagazin.de\/stechlin\/wp-json\/wp\/v2\/posts\/9913\/revisions"}],"predecessor-version":[{"id":9923,"href":"https:\/\/www.naturparkmagazin.de\/stechlin\/wp-json\/wp\/v2\/posts\/9913\/revisions\/9923"}],"wp:featuredmedia":[{"embeddable":true,"href":"https:\/\/www.naturparkmagazin.de\/stechlin\/wp-json\/wp\/v2\/media\/9918"}],"wp:attachment":[{"href":"https:\/\/www.naturparkmagazin.de\/stechlin\/wp-json\/wp\/v2\/media?parent=9913"}],"wp:term":[{"taxonomy":"category","embeddable":true,"href":"https:\/\/www.naturparkmagazin.de\/stechlin\/wp-json\/wp\/v2\/categories?post=9913"},{"taxonomy":"post_tag","embeddable":true,"href":"https:\/\/www.naturparkmagazin.de\/stechlin\/wp-json\/wp\/v2\/tags?post=9913"}],"curies":[{"name":"wp","href":"https:\/\/api.w.org\/{rel}","templated":true}]}}