{"id":9984,"date":"2020-11-10T14:34:41","date_gmt":"2020-11-10T13:34:41","guid":{"rendered":"https:\/\/www.naturparkmagazin.de\/stechlin\/?p=9984"},"modified":"2020-11-20T14:54:31","modified_gmt":"2020-11-20T13:54:31","slug":"liebe-leserinnen-und-leser-67","status":"publish","type":"post","link":"https:\/\/www.naturparkmagazin.de\/stechlin\/liebe-leserinnen-und-leser-67\/","title":{"rendered":"Liebe Leserinnen und Leser,"},"content":{"rendered":"<p>Herbstzeit ist Pflanzzeit! So auch im Naturpark. So wurden unter strenger Beachtung der Corona-Regeln\u00a0mehrere Pflanzprojekte im Naturpark umgesetzt. Im Rahmen der brandenburgweiten &#8222;Aktion Einheitsbuddeln&#8220; wurden in Gro\u00dfwoltersdorf 15 Apfelhochst\u00e4mme und in Katerbow 30 Apfelhochst\u00e4mme aus dem Genressourcenprojekt des Naturparks gemeinsam mit Ehrenamtlichen gepflanzt. In Rossow kamen 55 Laubb\u00e4ume entlang des Heidewanderweges von Rossow in die Kyritz-Ruppiner Heide mit finanzieller Unterst\u00fctzung des Landkreises Ostprignitz-Ruppin in den Boden. Allen Beteiligten ein herzliches Dankesch\u00f6n!<\/p>\n<p>Leider m\u00fcssen aufgrund der versch\u00e4rften Corona-Regeln im Dezember alle Veranstaltungen abgesagt werden. Auch unser Besucherzentrum NaturPark Haus Stechlin muss weiter geschlossen bleiben.<\/p>\n<p>Passen Sie auf sich auf und bleiben Sie gesund!<\/p>\n<p>Viel Spa\u00df beim Lesen!<\/p>\n<p>&nbsp;<\/p>\n<p>Dr. Mario Schrumpf<\/p>\n<p>Naturparkleiter<\/p>\n","protected":false},"excerpt":{"rendered":"<p>Herbstzeit ist Pflanzzeit! So auch im Naturpark. So wurden unter strenger Beachtung der Corona-Regeln\u00a0mehrere Pflanzprojekte im Naturpark umgesetzt. Im Rahmen der brandenburgweiten &#8222;Aktion Einheitsbuddeln&#8220; wurden in Gro\u00dfwoltersdorf 15 Apfelhochst\u00e4mme und in Katerbow 30 Apfelhochst\u00e4mme aus dem Genressourcenprojekt des Naturparks gemeinsam mit Ehrenamtlichen gepflanzt. In Rossow kamen 55 Laubb\u00e4ume entlang des Heidewanderweges von Rossow in die<\/p>\n","protected":false},"author":39,"featured_media":0,"comment_status":"open","ping_status":"open","sticky":false,"template":"","format":"standard","meta":[],"categories":[52],"tags":[],"yoast_head":"<!-- This site is optimized with the Yoast SEO plugin v19.10 - https:\/\/yoast.com\/wordpress\/plugins\/seo\/ -->\n<title>Liebe Leserinnen und Leser, - Naturpark Stechlin-Ruppiner Land<\/title>\n<meta name=\"robots\" content=\"index, follow, max-snippet:-1, max-image-preview:large, max-video-preview:-1\" \/>\n<link rel=\"canonical\" href=\"https:\/\/www.naturparkmagazin.de\/stechlin\/liebe-leserinnen-und-leser-67\/\" \/>\n<meta property=\"og:locale\" content=\"de_DE\" \/>\n<meta property=\"og:type\" content=\"article\" \/>\n<meta property=\"og:title\" content=\"Liebe Leserinnen und Leser, - Naturpark Stechlin-Ruppiner Land\" \/>\n<meta property=\"og:description\" content=\"Herbstzeit ist Pflanzzeit! So auch im Naturpark. So wurden unter strenger Beachtung der Corona-Regeln\u00a0mehrere Pflanzprojekte im Naturpark umgesetzt. Im Rahmen der brandenburgweiten &#8222;Aktion Einheitsbuddeln&#8220; wurden in Gro\u00dfwoltersdorf 15 Apfelhochst\u00e4mme und in Katerbow 30 Apfelhochst\u00e4mme aus dem Genressourcenprojekt des Naturparks gemeinsam mit Ehrenamtlichen gepflanzt. In Rossow kamen 55 Laubb\u00e4ume entlang des Heidewanderweges von Rossow in die\" \/>\n<meta property=\"og:url\" content=\"https:\/\/www.naturparkmagazin.de\/stechlin\/liebe-leserinnen-und-leser-67\/\" \/>\n<meta property=\"og:site_name\" content=\"Naturpark Stechlin-Ruppiner Land\" \/>\n<meta property=\"article:published_time\" content=\"2020-11-10T13:34:41+00:00\" \/>\n<meta property=\"article:modified_time\" content=\"2020-11-20T13:54:31+00:00\" \/>\n<meta name=\"author\" content=\"marioschrumpf\" \/>\n<meta name=\"twitter:label1\" content=\"Verfasst von\" \/>\n\t<meta name=\"twitter:data1\" content=\"marioschrumpf\" \/>\n\t<meta name=\"twitter:label2\" content=\"Gesch\u00e4tzte Lesezeit\" \/>\n\t<meta name=\"twitter:data2\" content=\"1\u00a0Minute\" \/>\n<script type=\"application\/ld+json\" class=\"yoast-schema-graph\">{\"@context\":\"https:\/\/schema.org\",\"@graph\":[{\"@type\":\"WebPage\",\"@id\":\"https:\/\/www.naturparkmagazin.de\/stechlin\/liebe-leserinnen-und-leser-67\/\",\"url\":\"https:\/\/www.naturparkmagazin.de\/stechlin\/liebe-leserinnen-und-leser-67\/\",\"name\":\"Liebe Leserinnen und Leser, - Naturpark Stechlin-Ruppiner Land\",\"isPartOf\":{\"@id\":\"https:\/\/www.naturparkmagazin.de\/stechlin\/#website\"},\"datePublished\":\"2020-11-10T13:34:41+00:00\",\"dateModified\":\"2020-11-20T13:54:31+00:00\",\"author\":{\"@id\":\"https:\/\/www.naturparkmagazin.de\/stechlin\/#\/schema\/person\/3f0d93203df21c806dd63c76d9bb28bc\"},\"breadcrumb\":{\"@id\":\"https:\/\/www.naturparkmagazin.de\/stechlin\/liebe-leserinnen-und-leser-67\/#breadcrumb\"},\"inLanguage\":\"de\",\"potentialAction\":[{\"@type\":\"ReadAction\",\"target\":[\"https:\/\/www.naturparkmagazin.de\/stechlin\/liebe-leserinnen-und-leser-67\/\"]}]},{\"@type\":\"BreadcrumbList\",\"@id\":\"https:\/\/www.naturparkmagazin.de\/stechlin\/liebe-leserinnen-und-leser-67\/#breadcrumb\",\"itemListElement\":[{\"@type\":\"ListItem\",\"position\":1,\"name\":\"Home\",\"item\":\"https:\/\/www.naturparkmagazin.de\/stechlin\/\"},{\"@type\":\"ListItem\",\"position\":2,\"name\":\"Liebe Leserinnen und Leser,\"}]},{\"@type\":\"WebSite\",\"@id\":\"https:\/\/www.naturparkmagazin.de\/stechlin\/#website\",\"url\":\"https:\/\/www.naturparkmagazin.de\/stechlin\/\",\"name\":\"Naturpark Stechlin-Ruppiner Land\",\"description\":\"\",\"potentialAction\":[{\"@type\":\"SearchAction\",\"target\":{\"@type\":\"EntryPoint\",\"urlTemplate\":\"https:\/\/www.naturparkmagazin.de\/stechlin\/?s={search_term_string}\"},\"query-input\":\"required name=search_term_string\"}],\"inLanguage\":\"de\"},{\"@type\":\"Person\",\"@id\":\"https:\/\/www.naturparkmagazin.de\/stechlin\/#\/schema\/person\/3f0d93203df21c806dd63c76d9bb28bc\",\"name\":\"marioschrumpf\",\"url\":\"https:\/\/www.naturparkmagazin.de\/stechlin\/author\/marioschrumpf\/\"}]}<\/script>\n<!-- \/ Yoast SEO plugin. -->","yoast_head_json":{"title":"Liebe Leserinnen und Leser, - Naturpark Stechlin-Ruppiner Land","robots":{"index":"index","follow":"follow","max-snippet":"max-snippet:-1","max-image-preview":"max-image-preview:large","max-video-preview":"max-video-preview:-1"},"canonical":"https:\/\/www.naturparkmagazin.de\/stechlin\/liebe-leserinnen-und-leser-67\/","og_locale":"de_DE","og_type":"article","og_title":"Liebe Leserinnen und Leser, - Naturpark Stechlin-Ruppiner Land","og_description":"Herbstzeit ist Pflanzzeit! So auch im Naturpark. So wurden unter strenger Beachtung der Corona-Regeln\u00a0mehrere Pflanzprojekte im Naturpark umgesetzt. Im Rahmen der brandenburgweiten &#8222;Aktion Einheitsbuddeln&#8220; wurden in Gro\u00dfwoltersdorf 15 Apfelhochst\u00e4mme und in Katerbow 30 Apfelhochst\u00e4mme aus dem Genressourcenprojekt des Naturparks gemeinsam mit Ehrenamtlichen gepflanzt. In Rossow kamen 55 Laubb\u00e4ume entlang des Heidewanderweges von Rossow in die","og_url":"https:\/\/www.naturparkmagazin.de\/stechlin\/liebe-leserinnen-und-leser-67\/","og_site_name":"Naturpark Stechlin-Ruppiner Land","article_published_time":"2020-11-10T13:34:41+00:00","article_modified_time":"2020-11-20T13:54:31+00:00","author":"marioschrumpf","twitter_misc":{"Verfasst von":"marioschrumpf","Gesch\u00e4tzte Lesezeit":"1\u00a0Minute"},"schema":{"@context":"https:\/\/schema.org","@graph":[{"@type":"WebPage","@id":"https:\/\/www.naturparkmagazin.de\/stechlin\/liebe-leserinnen-und-leser-67\/","url":"https:\/\/www.naturparkmagazin.de\/stechlin\/liebe-leserinnen-und-leser-67\/","name":"Liebe Leserinnen und Leser, - Naturpark Stechlin-Ruppiner Land","isPartOf":{"@id":"https:\/\/www.naturparkmagazin.de\/stechlin\/#website"},"datePublished":"2020-11-10T13:34:41+00:00","dateModified":"2020-11-20T13:54:31+00:00","author":{"@id":"https:\/\/www.naturparkmagazin.de\/stechlin\/#\/schema\/person\/3f0d93203df21c806dd63c76d9bb28bc"},"breadcrumb":{"@id":"https:\/\/www.naturparkmagazin.de\/stechlin\/liebe-leserinnen-und-leser-67\/#breadcrumb"},"inLanguage":"de","potentialAction":[{"@type":"ReadAction","target":["https:\/\/www.naturparkmagazin.de\/stechlin\/liebe-leserinnen-und-leser-67\/"]}]},{"@type":"BreadcrumbList","@id":"https:\/\/www.naturparkmagazin.de\/stechlin\/liebe-leserinnen-und-leser-67\/#breadcrumb","itemListElement":[{"@type":"ListItem","position":1,"name":"Home","item":"https:\/\/www.naturparkmagazin.de\/stechlin\/"},{"@type":"ListItem","position":2,"name":"Liebe Leserinnen und Leser,"}]},{"@type":"WebSite","@id":"https:\/\/www.naturparkmagazin.de\/stechlin\/#website","url":"https:\/\/www.naturparkmagazin.de\/stechlin\/","name":"Naturpark Stechlin-Ruppiner Land","description":"","potentialAction":[{"@type":"SearchAction","target":{"@type":"EntryPoint","urlTemplate":"https:\/\/www.naturparkmagazin.de\/stechlin\/?s={search_term_string}"},"query-input":"required name=search_term_string"}],"inLanguage":"de"},{"@type":"Person","@id":"https:\/\/www.naturparkmagazin.de\/stechlin\/#\/schema\/person\/3f0d93203df21c806dd63c76d9bb28bc","name":"marioschrumpf","url":"https:\/\/www.naturparkmagazin.de\/stechlin\/author\/marioschrumpf\/"}]}},"_links":{"self":[{"href":"https:\/\/www.naturparkmagazin.de\/stechlin\/wp-json\/wp\/v2\/posts\/9984"}],"collection":[{"href":"https:\/\/www.naturparkmagazin.de\/stechlin\/wp-json\/wp\/v2\/posts"}],"about":[{"href":"https:\/\/www.naturparkmagazin.de\/stechlin\/wp-json\/wp\/v2\/types\/post"}],"author":[{"embeddable":true,"href":"https:\/\/www.naturparkmagazin.de\/stechlin\/wp-json\/wp\/v2\/users\/39"}],"replies":[{"embeddable":true,"href":"https:\/\/www.naturparkmagazin.de\/stechlin\/wp-json\/wp\/v2\/comments?post=9984"}],"version-history":[{"count":1,"href":"https:\/\/www.naturparkmagazin.de\/stechlin\/wp-json\/wp\/v2\/posts\/9984\/revisions"}],"predecessor-version":[{"id":9985,"href":"https:\/\/www.naturparkmagazin.de\/stechlin\/wp-json\/wp\/v2\/posts\/9984\/revisions\/9985"}],"wp:attachment":[{"href":"https:\/\/www.naturparkmagazin.de\/stechlin\/wp-json\/wp\/v2\/media?parent=9984"}],"wp:term":[{"taxonomy":"category","embeddable":true,"href":"https:\/\/www.naturparkmagazin.de\/stechlin\/wp-json\/wp\/v2\/categories?post=9984"},{"taxonomy":"post_tag","embeddable":true,"href":"https:\/\/www.naturparkmagazin.de\/stechlin\/wp-json\/wp\/v2\/tags?post=9984"}],"curies":[{"name":"wp","href":"https:\/\/api.w.org\/{rel}","templated":true}]}}