{"id":9987,"date":"2020-11-10T14:58:59","date_gmt":"2020-11-10T13:58:59","guid":{"rendered":"https:\/\/www.naturparkmagazin.de\/stechlin\/?p=9987"},"modified":"2020-11-20T16:46:51","modified_gmt":"2020-11-20T15:46:51","slug":"projekt-naturschutztauchen-im-finale-des-natura-2000-awards","status":"publish","type":"post","link":"https:\/\/www.naturparkmagazin.de\/stechlin\/projekt-naturschutztauchen-im-finale-des-natura-2000-awards\/","title":{"rendered":"Projekt Naturschutztauchen im Finale des NATURA 2000-Awards"},"content":{"rendered":"<p>Seit nunmehr zw\u00f6lf Jahren existiert im Naturpark Stechlin-Ruppiner Land eine enge Kooperation zwischen Tauchsport-Verb\u00e4nden, dem NABU und der Naturparkverwaltung.<\/p>\n<p>Geschulte Sporttaucher sammeln ehrenamtlich wertvolle Daten \u00fcber den Erhaltungszustand insbesondere der besonders bedrohten oligo- bis mesotrophen Klarwasserseen, von denen landesweit die meisten im Naturpark liegen. Die Kooperation hat inzwischen weit ausgestrahlt und wurde zum Modell f\u00fcr eine bundesweite Bewegung, zu der mittlerweile 400 Naturschutztaucher aus 13 Bundesl\u00e4ndern z\u00e4hlen.<\/p>\n<p>Diese stolze Bilanz bewog den NABU Regionalverband Gransee als Koordinator des Projektes Tauchen f\u00fcr den Naturschutz zu einer Bewerbung f\u00fcr den \u201eNATURA 2000 Award\u201c der EU-Kommission.\u00a0 Mit dem Preis w\u00fcrdigt die EU-Kommission Initiativen und Projekte, die sich in besonderer Weise f\u00fcr das EU-Schutzgebietsnetz Natura 2000, bestehend aus FFH- und EU-Vogelschutzgebieten, verdient machen.<\/p>\n<p>Noch im Sommer\u00a0 nahm man an, dass die Preisverleihung als physische Veranstaltung im Br\u00fcsseler Barlaymont stattfinden w\u00fcrde k\u00f6nnen. Doch daraus wurde nichts. So fand die Preisverleihung am 14. Oktober 2020 im online-Format statt und EU-Kommissar f\u00fcr Umwelt, Meere und Fischerei Virginjius Sinkevi\u010dius begr\u00fc\u00dfte die 27 Finalisten, die auf einer Videoleinwand zugeschaltet waren. Darunter, in der Kategorie \u201eReconciling interests\/perceptions\u201c, auch das Projekt Naturschutztauchen. Auch wenn in dieser Kategorie letztlich die Partnerschaft f\u00fcr Bulgarische alte Laubw\u00e4lder, getragen von der Bulgarischen Staatlichen Forst-Agentur (EFA) den Preis erhielt, so hat die W\u00fcrdigung als Finalist dem Projekt Naturschutztauchen EU-weite Aufmerksamkeit geschenkt. Neue Kontakte zu Initiativen in anderen Staaten konnten gekn\u00fcpft werden.<\/p>\n<p>Die Naturparkverwaltung gratuliert dem NABU Regionalverband Gransee und insbesondere den mitwirkenden ehrenamtlichen Sporttauchern f\u00fcr die W\u00fcrdigung als Finalist des NATURA 2000 Awards 2020!<a href=\"https:\/\/www.naturparkmagazin.de\/stechlin\/wp-content\/uploads\/sites\/38\/urkunde.jpg\"><img decoding=\"async\" loading=\"lazy\" class=\"aligncenter size-thumbnail wp-image-10008\" src=\"https:\/\/www.naturparkmagazin.de\/stechlin\/wp-content\/uploads\/sites\/38\/urkunde-300x210.jpg\" alt=\"NP SRL\/Mario Schrumpf\" width=\"300\" height=\"210\" srcset=\"https:\/\/www.naturparkmagazin.de\/stechlin\/wp-content\/uploads\/sites\/38\/urkunde-300x210.jpg 300w, https:\/\/www.naturparkmagazin.de\/stechlin\/wp-content\/uploads\/sites\/38\/urkunde.jpg 500w, https:\/\/www.naturparkmagazin.de\/stechlin\/wp-content\/uploads\/sites\/38\/urkunde-200x140.jpg 200w\" sizes=\"(max-width: 300px) 100vw, 300px\" \/><\/a><\/p>\n","protected":false},"excerpt":{"rendered":"<p>Seit nunmehr zw\u00f6lf Jahren existiert im Naturpark Stechlin-Ruppiner Land eine enge Kooperation zwischen Tauchsport-Verb\u00e4nden, dem NABU und der Naturparkverwaltung. <\/p>\n","protected":false},"author":39,"featured_media":8887,"comment_status":"open","ping_status":"open","sticky":false,"template":"","format":"standard","meta":[],"categories":[7],"tags":[],"yoast_head":"<!-- This site is optimized with the Yoast SEO plugin v19.10 - https:\/\/yoast.com\/wordpress\/plugins\/seo\/ -->\n<title>Projekt Naturschutztauchen im Finale des NATURA 2000-Awards - Naturpark Stechlin-Ruppiner Land<\/title>\n<meta name=\"robots\" content=\"index, follow, max-snippet:-1, max-image-preview:large, max-video-preview:-1\" \/>\n<link rel=\"canonical\" href=\"https:\/\/www.naturparkmagazin.de\/stechlin\/projekt-naturschutztauchen-im-finale-des-natura-2000-awards\/\" \/>\n<meta property=\"og:locale\" content=\"de_DE\" \/>\n<meta property=\"og:type\" content=\"article\" \/>\n<meta property=\"og:title\" content=\"Projekt Naturschutztauchen im Finale des NATURA 2000-Awards - Naturpark Stechlin-Ruppiner Land\" \/>\n<meta property=\"og:description\" content=\"Seit nunmehr zw\u00f6lf Jahren existiert im Naturpark Stechlin-Ruppiner Land eine enge Kooperation zwischen Tauchsport-Verb\u00e4nden, dem NABU und der Naturparkverwaltung.\" \/>\n<meta property=\"og:url\" content=\"https:\/\/www.naturparkmagazin.de\/stechlin\/projekt-naturschutztauchen-im-finale-des-natura-2000-awards\/\" \/>\n<meta property=\"og:site_name\" content=\"Naturpark Stechlin-Ruppiner Land\" \/>\n<meta property=\"article:published_time\" content=\"2020-11-10T13:58:59+00:00\" \/>\n<meta property=\"article:modified_time\" content=\"2020-11-20T15:46:51+00:00\" \/>\n<meta property=\"og:image\" content=\"https:\/\/www.naturparkmagazin.de\/stechlin\/wp-content\/uploads\/sites\/38\/Dialog-am-Stechlinsee-2019-Foto-c-Michael-Feierabend.jpg\" \/>\n\t<meta property=\"og:image:width\" content=\"200\" \/>\n\t<meta property=\"og:image:height\" content=\"200\" \/>\n\t<meta property=\"og:image:type\" content=\"image\/jpeg\" \/>\n<meta name=\"author\" content=\"marioschrumpf\" \/>\n<meta name=\"twitter:label1\" content=\"Verfasst von\" \/>\n\t<meta name=\"twitter:data1\" content=\"marioschrumpf\" \/>\n\t<meta name=\"twitter:label2\" content=\"Gesch\u00e4tzte Lesezeit\" \/>\n\t<meta name=\"twitter:data2\" content=\"1\u00a0Minute\" \/>\n<script type=\"application\/ld+json\" class=\"yoast-schema-graph\">{\"@context\":\"https:\/\/schema.org\",\"@graph\":[{\"@type\":\"WebPage\",\"@id\":\"https:\/\/www.naturparkmagazin.de\/stechlin\/projekt-naturschutztauchen-im-finale-des-natura-2000-awards\/\",\"url\":\"https:\/\/www.naturparkmagazin.de\/stechlin\/projekt-naturschutztauchen-im-finale-des-natura-2000-awards\/\",\"name\":\"Projekt Naturschutztauchen im Finale des NATURA 2000-Awards - Naturpark Stechlin-Ruppiner Land\",\"isPartOf\":{\"@id\":\"https:\/\/www.naturparkmagazin.de\/stechlin\/#website\"},\"datePublished\":\"2020-11-10T13:58:59+00:00\",\"dateModified\":\"2020-11-20T15:46:51+00:00\",\"author\":{\"@id\":\"https:\/\/www.naturparkmagazin.de\/stechlin\/#\/schema\/person\/3f0d93203df21c806dd63c76d9bb28bc\"},\"breadcrumb\":{\"@id\":\"https:\/\/www.naturparkmagazin.de\/stechlin\/projekt-naturschutztauchen-im-finale-des-natura-2000-awards\/#breadcrumb\"},\"inLanguage\":\"de\",\"potentialAction\":[{\"@type\":\"ReadAction\",\"target\":[\"https:\/\/www.naturparkmagazin.de\/stechlin\/projekt-naturschutztauchen-im-finale-des-natura-2000-awards\/\"]}]},{\"@type\":\"BreadcrumbList\",\"@id\":\"https:\/\/www.naturparkmagazin.de\/stechlin\/projekt-naturschutztauchen-im-finale-des-natura-2000-awards\/#breadcrumb\",\"itemListElement\":[{\"@type\":\"ListItem\",\"position\":1,\"name\":\"Home\",\"item\":\"https:\/\/www.naturparkmagazin.de\/stechlin\/\"},{\"@type\":\"ListItem\",\"position\":2,\"name\":\"Projekt Naturschutztauchen im Finale des NATURA 2000-Awards\"}]},{\"@type\":\"WebSite\",\"@id\":\"https:\/\/www.naturparkmagazin.de\/stechlin\/#website\",\"url\":\"https:\/\/www.naturparkmagazin.de\/stechlin\/\",\"name\":\"Naturpark Stechlin-Ruppiner Land\",\"description\":\"\",\"potentialAction\":[{\"@type\":\"SearchAction\",\"target\":{\"@type\":\"EntryPoint\",\"urlTemplate\":\"https:\/\/www.naturparkmagazin.de\/stechlin\/?s={search_term_string}\"},\"query-input\":\"required name=search_term_string\"}],\"inLanguage\":\"de\"},{\"@type\":\"Person\",\"@id\":\"https:\/\/www.naturparkmagazin.de\/stechlin\/#\/schema\/person\/3f0d93203df21c806dd63c76d9bb28bc\",\"name\":\"marioschrumpf\",\"url\":\"https:\/\/www.naturparkmagazin.de\/stechlin\/author\/marioschrumpf\/\"}]}<\/script>\n<!-- \/ Yoast SEO plugin. -->","yoast_head_json":{"title":"Projekt Naturschutztauchen im Finale des NATURA 2000-Awards - Naturpark Stechlin-Ruppiner Land","robots":{"index":"index","follow":"follow","max-snippet":"max-snippet:-1","max-image-preview":"max-image-preview:large","max-video-preview":"max-video-preview:-1"},"canonical":"https:\/\/www.naturparkmagazin.de\/stechlin\/projekt-naturschutztauchen-im-finale-des-natura-2000-awards\/","og_locale":"de_DE","og_type":"article","og_title":"Projekt Naturschutztauchen im Finale des NATURA 2000-Awards - Naturpark Stechlin-Ruppiner Land","og_description":"Seit nunmehr zw\u00f6lf Jahren existiert im Naturpark Stechlin-Ruppiner Land eine enge Kooperation zwischen Tauchsport-Verb\u00e4nden, dem NABU und der Naturparkverwaltung.","og_url":"https:\/\/www.naturparkmagazin.de\/stechlin\/projekt-naturschutztauchen-im-finale-des-natura-2000-awards\/","og_site_name":"Naturpark Stechlin-Ruppiner Land","article_published_time":"2020-11-10T13:58:59+00:00","article_modified_time":"2020-11-20T15:46:51+00:00","og_image":[{"width":200,"height":200,"url":"https:\/\/www.naturparkmagazin.de\/stechlin\/wp-content\/uploads\/sites\/38\/Dialog-am-Stechlinsee-2019-Foto-c-Michael-Feierabend.jpg","type":"image\/jpeg"}],"author":"marioschrumpf","twitter_misc":{"Verfasst von":"marioschrumpf","Gesch\u00e4tzte Lesezeit":"1\u00a0Minute"},"schema":{"@context":"https:\/\/schema.org","@graph":[{"@type":"WebPage","@id":"https:\/\/www.naturparkmagazin.de\/stechlin\/projekt-naturschutztauchen-im-finale-des-natura-2000-awards\/","url":"https:\/\/www.naturparkmagazin.de\/stechlin\/projekt-naturschutztauchen-im-finale-des-natura-2000-awards\/","name":"Projekt Naturschutztauchen im Finale des NATURA 2000-Awards - Naturpark Stechlin-Ruppiner Land","isPartOf":{"@id":"https:\/\/www.naturparkmagazin.de\/stechlin\/#website"},"datePublished":"2020-11-10T13:58:59+00:00","dateModified":"2020-11-20T15:46:51+00:00","author":{"@id":"https:\/\/www.naturparkmagazin.de\/stechlin\/#\/schema\/person\/3f0d93203df21c806dd63c76d9bb28bc"},"breadcrumb":{"@id":"https:\/\/www.naturparkmagazin.de\/stechlin\/projekt-naturschutztauchen-im-finale-des-natura-2000-awards\/#breadcrumb"},"inLanguage":"de","potentialAction":[{"@type":"ReadAction","target":["https:\/\/www.naturparkmagazin.de\/stechlin\/projekt-naturschutztauchen-im-finale-des-natura-2000-awards\/"]}]},{"@type":"BreadcrumbList","@id":"https:\/\/www.naturparkmagazin.de\/stechlin\/projekt-naturschutztauchen-im-finale-des-natura-2000-awards\/#breadcrumb","itemListElement":[{"@type":"ListItem","position":1,"name":"Home","item":"https:\/\/www.naturparkmagazin.de\/stechlin\/"},{"@type":"ListItem","position":2,"name":"Projekt Naturschutztauchen im Finale des NATURA 2000-Awards"}]},{"@type":"WebSite","@id":"https:\/\/www.naturparkmagazin.de\/stechlin\/#website","url":"https:\/\/www.naturparkmagazin.de\/stechlin\/","name":"Naturpark Stechlin-Ruppiner Land","description":"","potentialAction":[{"@type":"SearchAction","target":{"@type":"EntryPoint","urlTemplate":"https:\/\/www.naturparkmagazin.de\/stechlin\/?s={search_term_string}"},"query-input":"required name=search_term_string"}],"inLanguage":"de"},{"@type":"Person","@id":"https:\/\/www.naturparkmagazin.de\/stechlin\/#\/schema\/person\/3f0d93203df21c806dd63c76d9bb28bc","name":"marioschrumpf","url":"https:\/\/www.naturparkmagazin.de\/stechlin\/author\/marioschrumpf\/"}]}},"_links":{"self":[{"href":"https:\/\/www.naturparkmagazin.de\/stechlin\/wp-json\/wp\/v2\/posts\/9987"}],"collection":[{"href":"https:\/\/www.naturparkmagazin.de\/stechlin\/wp-json\/wp\/v2\/posts"}],"about":[{"href":"https:\/\/www.naturparkmagazin.de\/stechlin\/wp-json\/wp\/v2\/types\/post"}],"author":[{"embeddable":true,"href":"https:\/\/www.naturparkmagazin.de\/stechlin\/wp-json\/wp\/v2\/users\/39"}],"replies":[{"embeddable":true,"href":"https:\/\/www.naturparkmagazin.de\/stechlin\/wp-json\/wp\/v2\/comments?post=9987"}],"version-history":[{"count":2,"href":"https:\/\/www.naturparkmagazin.de\/stechlin\/wp-json\/wp\/v2\/posts\/9987\/revisions"}],"predecessor-version":[{"id":10023,"href":"https:\/\/www.naturparkmagazin.de\/stechlin\/wp-json\/wp\/v2\/posts\/9987\/revisions\/10023"}],"wp:featuredmedia":[{"embeddable":true,"href":"https:\/\/www.naturparkmagazin.de\/stechlin\/wp-json\/wp\/v2\/media\/8887"}],"wp:attachment":[{"href":"https:\/\/www.naturparkmagazin.de\/stechlin\/wp-json\/wp\/v2\/media?parent=9987"}],"wp:term":[{"taxonomy":"category","embeddable":true,"href":"https:\/\/www.naturparkmagazin.de\/stechlin\/wp-json\/wp\/v2\/categories?post=9987"},{"taxonomy":"post_tag","embeddable":true,"href":"https:\/\/www.naturparkmagazin.de\/stechlin\/wp-json\/wp\/v2\/tags?post=9987"}],"curies":[{"name":"wp","href":"https:\/\/api.w.org\/{rel}","templated":true}]}}